{"id":9155,"date":"2018-02-15T09:46:48","date_gmt":"2018-02-15T12:46:48","guid":{"rendered":"http:\/\/maderamen.com.ar\/todo-madera\/?p=9155"},"modified":"2018-02-12T15:14:00","modified_gmt":"2018-02-12T18:14:00","slug":"ecobuild-2018-londres","status":"publish","type":"post","link":"https:\/\/maderamen.com.ar\/todo-madera\/2018\/02\/15\/ecobuild-2018-londres\/","title":{"rendered":"Ecobuild 2018 Londres se llevar\u00e1 a cabo del 6 al 8 de marzo"},"content":{"rendered":"<p><strong>Ecobuild es una de las ferias de construcci\u00f3n m\u00e1s importantes de Europa, con m\u00e1s de 14 a\u00f1os de trayectoria, ha tenido siempre como objetivo el cambio y la innovaci\u00f3n. El evento se realiza en Londres, este a\u00f1o del 6 al 8 de marzo, y busca conectar e inspirar a toda la cadena de producci\u00f3n de la construcci\u00f3n. En 2016 recibi\u00f3\u00a0<span lang=\"es\">25.400 visitantes en total, de los cuales m\u00e1s de 10.000 buscaban soluciones o productos de madera.<\/span><\/strong><\/p>\n<hr \/>\n<p>Un viaje a Londres y entradas a Ecobuild 2018 fue lo que recibieron los <a href=\"\/\/maderamen.com.ar\/todo-madera\/2018\/01\/15\/proyecto-popa-isla-maciel\/\" target=\"_blank\" rel=\"noopener\">ganadores del premio de Arquitectura y Dise\u00f1o Urbano Sustentables<\/a> en la categor\u00eda \u201cArquitectura Nacional Sustentable\u201d.<\/p>\n<hr \/>\n<p>&nbsp;<\/p>\n<p><span lang=\"es\">Los organizadores explican en su sitio web que el evento est\u00e1 centrado en los visitantes: \u00abcreemos en escuchar y actuar seg\u00fan sus comentarios para ofrecer lo que desean y necesitan de un evento. Necesitamos que la industria nos ayude a configurar Ecobuild para asegurarnos de que sea la mejor experiencia posible; nuestro papel no es dictar, sino facilitar\u00bb. Con este fin, el evento 2018 estar\u00e1 dise\u00f1ado en torno a los usuarios y dar\u00e1 vida a las tem\u00e1ticas que los visitantes expresaron que son las m\u00e1s importantes para el futuro de la industria: la \u00faltima tecnolog\u00eda; el pensamiento m\u00e1s fresco; y los materiales m\u00e1s innovadores para presentar la vanguardia del sector de la construcci\u00f3n.<\/span><\/p>\n<p><span lang=\"es\"><a href=\"\/\/maderamen.com.ar\/todo-madera\/wp-content\/uploads\/sites\/3\/2018\/02\/ecobuild-timbertalks.jpg\"><img loading=\"lazy\" decoding=\"async\" class=\"alignnone wp-image-9160 size-large\" src=\"\/\/maderamen.com.ar\/todo-madera\/wp-content\/uploads\/sites\/3\/2018\/02\/ecobuild-timbertalks-1024x542.jpg\" alt=\"ecobuild-timbertalks-2017\" width=\"696\" height=\"368\" srcset=\"https:\/\/maderamen.com.ar\/todo-madera\/wp-content\/uploads\/sites\/3\/2018\/02\/ecobuild-timbertalks-1024x542.jpg 1024w, https:\/\/maderamen.com.ar\/todo-madera\/wp-content\/uploads\/sites\/3\/2018\/02\/ecobuild-timbertalks-300x159.jpg 300w, https:\/\/maderamen.com.ar\/todo-madera\/wp-content\/uploads\/sites\/3\/2018\/02\/ecobuild-timbertalks-768x406.jpg 768w, https:\/\/maderamen.com.ar\/todo-madera\/wp-content\/uploads\/sites\/3\/2018\/02\/ecobuild-timbertalks-696x368.jpg 696w, https:\/\/maderamen.com.ar\/todo-madera\/wp-content\/uploads\/sites\/3\/2018\/02\/ecobuild-timbertalks-1068x565.jpg 1068w, https:\/\/maderamen.com.ar\/todo-madera\/wp-content\/uploads\/sites\/3\/2018\/02\/ecobuild-timbertalks-794x420.jpg 794w, https:\/\/maderamen.com.ar\/todo-madera\/wp-content\/uploads\/sites\/3\/2018\/02\/ecobuild-timbertalks.jpg 1920w\" sizes=\"auto, (max-width: 696px) 100vw, 696px\" \/><\/a>A partir de este a\u00f1o, y en los a\u00f1os futuros, el foco se har\u00e1 en la calidad, no en la cantidad. Esto significa reunir a las marcas, compa\u00f1\u00edas, oradores y experiencias m\u00e1s innovadoras, emocionantes e inspiradoras. Brindando contenido valioso y estimulante y una oportunidad sin precedentes para compartir ideas, generar contactos y construir relaciones. Un formato nuevo que no se parece en nada a una feria comercial ordinaria. <\/span><\/p>\n<p><span lang=\"es\">La pieza central ser\u00e1 el programa integral de conferencias esponsoreado por las principales figuras de la industria rodeado de ocho \u00abdistritos del futuro de la construcci\u00f3n\u00bb. Cada uno explorar\u00e1 un aspecto diferente sobre la edificaci\u00f3n, incluyendo el rendimiento de los edificios, la infraestructura y la energ\u00eda.<\/span><\/p>\n<h2>Distrito de la madera (Timber)<\/h2>\n<p>El distrito Timber en ecobuild exhibir\u00e1 las \u00faltimas innovaciones, incluyendo estructuras de madera, revestimientos y m\u00e1s. Ser\u00e1 una plataforma para que compradores y proveedores espec\u00edficos se re\u00fanan y exploren las soluciones\u00a0 disponibles en madera dentro del mercado. La Asociaci\u00f3n de Madera Estructural, Wood for Good y TRADA (Asociaci\u00f3n para la investigaci\u00f3n y desarrollo de la Madera de Londres)\u00a0apoyar\u00e1n a este distrito y seleccionar\u00e1n los\u00a0seminarios enfocados en la madera para 2018.<\/p>\n<p><span style=\"color: #111111; font-family: Roboto, sans-serif; font-size: 27px;\">Conferencia Ecobuild<\/span><\/p>\n<div class=\"article__body\">\n<p>Pensada como pieza central del programa de capacitaciones, la conferencia Ecobuild colocar\u00e1 a la sostenibilidad como tema principal de la agenda. Brindar\u00e1 a la industria del medio ambiente la oportunidad de destacar, debatir y presentar problemas globales, ya sean inmediatos o futuros.<\/p>\n<p>Alrededor de la conferencia de Ecobuild estar\u00e1n los stands de las empresas cuidadosamente seleccionadas, que seg\u00fan los organizadores presentar\u00e1n la \u00abverdadera innovaci\u00f3n y demostrar\u00e1n las diferentes formas en que las disciplinas se acercan a la sostenibilidad dentro del sector de la construcci\u00f3n\u00bb.<\/p>\n<\/div>\n<p>M\u00e1s informaci\u00f3n en:\u00a0<a href=\"https:\/\/www.ecobuild.co.uk\/timber-district\" target=\"_blank\" rel=\"noopener\">www.ecobuild.co.uk\/timber-district<\/a><\/p>\n","protected":false},"excerpt":{"rendered":"<p>Ecobuild es una de las ferias de construcci\u00f3n m\u00e1s importantes de Europa, con m\u00e1s de 14 a\u00f1os de trayectoria, ha tenido siempre como objetivo el cambio y la innovaci\u00f3n. El evento se realiza en Londres, este a\u00f1o del 6 al 8 de marzo, y busca conectar e inspirar a toda la cadena de producci\u00f3n de [&hellip;]<\/p>\n","protected":false},"author":1,"featured_media":9156,"comment_status":"open","ping_status":"open","sticky":false,"template":"","format":"standard","meta":{"footnotes":""},"categories":[5,7],"tags":[],"class_list":{"0":"post-9155","1":"post","2":"type-post","3":"status-publish","4":"format-standard","5":"has-post-thumbnail","7":"category-agenda","8":"category-featured"},"yoast_head":"<!-- This site is optimized with the Yoast SEO plugin v27.4 - https:\/\/yoast.com\/product\/yoast-seo-wordpress\/ -->\n<title>Ecobuild 2018 Londres se llevar\u00e1 a cabo del 6 al 8 de marzo - Todo Madera<\/title>\n<meta name=\"description\" content=\"Ecobuild es una de las ferias de construcci\u00f3n m\u00e1s importantes de Europa, con m\u00e1s de 14 a\u00f1os de trayectoria, ha tenido siempre como objetivo el cambio y la innovaci\u00f3n. El evento se realiza en Londres y busca conectar e inspirar a toda la cadena de producci\u00f3n de la construcci\u00f3n.\" \/>\n<meta name=\"robots\" content=\"index, follow, max-snippet:-1, max-image-preview:large, max-video-preview:-1\" \/>\n<link rel=\"canonical\" href=\"https:\/\/maderamen.com.ar\/todo-madera\/2018\/02\/15\/ecobuild-2018-londres\/\" \/>\n<meta property=\"og:locale\" content=\"es_ES\" \/>\n<meta property=\"og:type\" content=\"article\" \/>\n<meta property=\"og:title\" content=\"Ecobuild 2018 Londres se llevar\u00e1 a cabo del 6 al 8 de marzo - Todo Madera\" \/>\n<meta property=\"og:description\" content=\"Ecobuild es una de las ferias de construcci\u00f3n m\u00e1s importantes de Europa, con m\u00e1s de 14 a\u00f1os de trayectoria, ha tenido siempre como objetivo el cambio y la innovaci\u00f3n. El evento se realiza en Londres y busca conectar e inspirar a toda la cadena de producci\u00f3n de la construcci\u00f3n.\" \/>\n<meta property=\"og:url\" content=\"https:\/\/maderamen.com.ar\/todo-madera\/2018\/02\/15\/ecobuild-2018-londres\/\" \/>\n<meta property=\"og:site_name\" content=\"Todo Madera\" \/>\n<meta property=\"article:publisher\" content=\"https:\/\/www.facebook.com\/Maderamen.Argentina\/\" \/>\n<meta property=\"article:published_time\" content=\"2018-02-15T12:46:48+00:00\" \/>\n<meta property=\"og:image\" content=\"https:\/\/maderamen.com.ar\/todo-madera\/wp-content\/uploads\/sites\/3\/2018\/01\/ecobuild.png\" \/>\n\t<meta property=\"og:image:width\" content=\"817\" \/>\n\t<meta property=\"og:image:height\" content=\"817\" \/>\n\t<meta property=\"og:image:type\" content=\"image\/png\" \/>\n<meta name=\"author\" content=\"Maderamen\" \/>\n<meta name=\"twitter:card\" content=\"summary_large_image\" \/>\n<meta name=\"twitter:creator\" content=\"@DesarrolloFores\" \/>\n<meta name=\"twitter:site\" content=\"@DesarrolloFores\" \/>\n<meta name=\"twitter:label1\" content=\"Escrito por\" \/>\n\t<meta name=\"twitter:data1\" content=\"Maderamen\" \/>\n\t<meta name=\"twitter:label2\" content=\"Tiempo de lectura\" \/>\n\t<meta name=\"twitter:data2\" content=\"3 minutos\" \/>\n<script type=\"application\/ld+json\" class=\"yoast-schema-graph\">{\"@context\":\"https:\\\/\\\/schema.org\",\"@graph\":[{\"@type\":\"Article\",\"@id\":\"https:\\\/\\\/maderamen.com.ar\\\/todo-madera\\\/2018\\\/02\\\/15\\\/ecobuild-2018-londres\\\/#article\",\"isPartOf\":{\"@id\":\"https:\\\/\\\/maderamen.com.ar\\\/todo-madera\\\/2018\\\/02\\\/15\\\/ecobuild-2018-londres\\\/\"},\"author\":{\"name\":\"Maderamen\",\"@id\":\"https:\\\/\\\/maderamen.com.ar\\\/todo-madera\\\/#\\\/schema\\\/person\\\/ad3cdc3df72c15861fdd096bee929343\"},\"headline\":\"Ecobuild 2018 Londres se llevar\u00e1 a cabo del 6 al 8 de marzo\",\"datePublished\":\"2018-02-15T12:46:48+00:00\",\"mainEntityOfPage\":{\"@id\":\"https:\\\/\\\/maderamen.com.ar\\\/todo-madera\\\/2018\\\/02\\\/15\\\/ecobuild-2018-londres\\\/\"},\"wordCount\":547,\"commentCount\":0,\"publisher\":{\"@id\":\"https:\\\/\\\/maderamen.com.ar\\\/todo-madera\\\/#organization\"},\"image\":{\"@id\":\"https:\\\/\\\/maderamen.com.ar\\\/todo-madera\\\/2018\\\/02\\\/15\\\/ecobuild-2018-londres\\\/#primaryimage\"},\"thumbnailUrl\":\"https:\\\/\\\/maderamen.com.ar\\\/todo-madera\\\/wp-content\\\/uploads\\\/sites\\\/3\\\/2018\\\/01\\\/ecobuild.png\",\"articleSection\":[\"Agenda\",\"Principal\"],\"inLanguage\":\"es\",\"potentialAction\":[{\"@type\":\"CommentAction\",\"name\":\"Comment\",\"target\":[\"https:\\\/\\\/maderamen.com.ar\\\/todo-madera\\\/2018\\\/02\\\/15\\\/ecobuild-2018-londres\\\/#respond\"]}]},{\"@type\":\"WebPage\",\"@id\":\"https:\\\/\\\/maderamen.com.ar\\\/todo-madera\\\/2018\\\/02\\\/15\\\/ecobuild-2018-londres\\\/\",\"url\":\"https:\\\/\\\/maderamen.com.ar\\\/todo-madera\\\/2018\\\/02\\\/15\\\/ecobuild-2018-londres\\\/\",\"name\":\"Ecobuild 2018 Londres se llevar\u00e1 a cabo del 6 al 8 de marzo - Todo Madera\",\"isPartOf\":{\"@id\":\"https:\\\/\\\/maderamen.com.ar\\\/todo-madera\\\/#website\"},\"primaryImageOfPage\":{\"@id\":\"https:\\\/\\\/maderamen.com.ar\\\/todo-madera\\\/2018\\\/02\\\/15\\\/ecobuild-2018-londres\\\/#primaryimage\"},\"image\":{\"@id\":\"https:\\\/\\\/maderamen.com.ar\\\/todo-madera\\\/2018\\\/02\\\/15\\\/ecobuild-2018-londres\\\/#primaryimage\"},\"thumbnailUrl\":\"https:\\\/\\\/maderamen.com.ar\\\/todo-madera\\\/wp-content\\\/uploads\\\/sites\\\/3\\\/2018\\\/01\\\/ecobuild.png\",\"datePublished\":\"2018-02-15T12:46:48+00:00\",\"description\":\"Ecobuild es una de las ferias de construcci\u00f3n m\u00e1s importantes de Europa, con m\u00e1s de 14 a\u00f1os de trayectoria, ha tenido siempre como objetivo el cambio y la innovaci\u00f3n. El evento se realiza en Londres y busca conectar e inspirar a toda la cadena de producci\u00f3n de la construcci\u00f3n.\",\"breadcrumb\":{\"@id\":\"https:\\\/\\\/maderamen.com.ar\\\/todo-madera\\\/2018\\\/02\\\/15\\\/ecobuild-2018-londres\\\/#breadcrumb\"},\"inLanguage\":\"es\",\"potentialAction\":[{\"@type\":\"ReadAction\",\"target\":[\"https:\\\/\\\/maderamen.com.ar\\\/todo-madera\\\/2018\\\/02\\\/15\\\/ecobuild-2018-londres\\\/\"]}]},{\"@type\":\"ImageObject\",\"inLanguage\":\"es\",\"@id\":\"https:\\\/\\\/maderamen.com.ar\\\/todo-madera\\\/2018\\\/02\\\/15\\\/ecobuild-2018-londres\\\/#primaryimage\",\"url\":\"https:\\\/\\\/maderamen.com.ar\\\/todo-madera\\\/wp-content\\\/uploads\\\/sites\\\/3\\\/2018\\\/01\\\/ecobuild.png\",\"contentUrl\":\"https:\\\/\\\/maderamen.com.ar\\\/todo-madera\\\/wp-content\\\/uploads\\\/sites\\\/3\\\/2018\\\/01\\\/ecobuild.png\",\"width\":817,\"height\":817,\"caption\":\"ecobuild 2018\"},{\"@type\":\"BreadcrumbList\",\"@id\":\"https:\\\/\\\/maderamen.com.ar\\\/todo-madera\\\/2018\\\/02\\\/15\\\/ecobuild-2018-londres\\\/#breadcrumb\",\"itemListElement\":[{\"@type\":\"ListItem\",\"position\":1,\"name\":\"Portada\",\"item\":\"https:\\\/\\\/maderamen.com.ar\\\/todo-madera\\\/\"},{\"@type\":\"ListItem\",\"position\":2,\"name\":\"Ecobuild 2018 Londres se llevar\u00e1 a cabo del 6 al 8 de marzo\"}]},{\"@type\":\"WebSite\",\"@id\":\"https:\\\/\\\/maderamen.com.ar\\\/todo-madera\\\/#website\",\"url\":\"https:\\\/\\\/maderamen.com.ar\\\/todo-madera\\\/\",\"name\":\"Todo Madera\",\"description\":\"Noticias sobre madera y construcci\u00f3n\",\"publisher\":{\"@id\":\"https:\\\/\\\/maderamen.com.ar\\\/todo-madera\\\/#organization\"},\"potentialAction\":[{\"@type\":\"SearchAction\",\"target\":{\"@type\":\"EntryPoint\",\"urlTemplate\":\"https:\\\/\\\/maderamen.com.ar\\\/todo-madera\\\/?s={search_term_string}\"},\"query-input\":{\"@type\":\"PropertyValueSpecification\",\"valueRequired\":true,\"valueName\":\"search_term_string\"}}],\"inLanguage\":\"es\"},{\"@type\":\"Organization\",\"@id\":\"https:\\\/\\\/maderamen.com.ar\\\/todo-madera\\\/#organization\",\"name\":\"Maderamen\",\"url\":\"https:\\\/\\\/maderamen.com.ar\\\/todo-madera\\\/\",\"logo\":{\"@type\":\"ImageObject\",\"inLanguage\":\"es\",\"@id\":\"https:\\\/\\\/maderamen.com.ar\\\/todo-madera\\\/#\\\/schema\\\/logo\\\/image\\\/\",\"url\":\"https:\\\/\\\/maderamen.com.ar\\\/todo-madera\\\/wp-content\\\/uploads\\\/sites\\\/3\\\/2017\\\/09\\\/logo-maderamen-s.png\",\"contentUrl\":\"https:\\\/\\\/maderamen.com.ar\\\/todo-madera\\\/wp-content\\\/uploads\\\/sites\\\/3\\\/2017\\\/09\\\/logo-maderamen-s.png\",\"width\":250,\"height\":246,\"caption\":\"Maderamen\"},\"image\":{\"@id\":\"https:\\\/\\\/maderamen.com.ar\\\/todo-madera\\\/#\\\/schema\\\/logo\\\/image\\\/\"},\"sameAs\":[\"https:\\\/\\\/www.facebook.com\\\/Maderamen.Argentina\\\/\",\"https:\\\/\\\/x.com\\\/DesarrolloFores\",\"https:\\\/\\\/www.youtube.com\\\/channel\\\/UCeYU2-_JRTYYpgHoyhTT2Fg\",\"https:\\\/\\\/www.instagram.com\\\/maderamen.ok\\\/\",\"https:\\\/\\\/www.linkedin.com\\\/company\\\/maderameneditorial\\\/\"]},{\"@type\":\"Person\",\"@id\":\"https:\\\/\\\/maderamen.com.ar\\\/todo-madera\\\/#\\\/schema\\\/person\\\/ad3cdc3df72c15861fdd096bee929343\",\"name\":\"Maderamen\",\"image\":{\"@type\":\"ImageObject\",\"inLanguage\":\"es\",\"@id\":\"https:\\\/\\\/secure.gravatar.com\\\/avatar\\\/af612dc5cc79b81354fdd5591e3c15e376793953a9585c1142faad6370a6f555?s=96&d=mm&r=g\",\"url\":\"https:\\\/\\\/secure.gravatar.com\\\/avatar\\\/af612dc5cc79b81354fdd5591e3c15e376793953a9585c1142faad6370a6f555?s=96&d=mm&r=g\",\"contentUrl\":\"https:\\\/\\\/secure.gravatar.com\\\/avatar\\\/af612dc5cc79b81354fdd5591e3c15e376793953a9585c1142faad6370a6f555?s=96&d=mm&r=g\",\"caption\":\"Maderamen\"},\"url\":\"https:\\\/\\\/maderamen.com.ar\\\/todo-madera\\\/author\\\/sachi\\\/\"}]}<\/script>\n<!-- \/ Yoast SEO plugin. -->","yoast_head_json":{"title":"Ecobuild 2018 Londres se llevar\u00e1 a cabo del 6 al 8 de marzo - Todo Madera","description":"Ecobuild es una de las ferias de construcci\u00f3n m\u00e1s importantes de Europa, con m\u00e1s de 14 a\u00f1os de trayectoria, ha tenido siempre como objetivo el cambio y la innovaci\u00f3n. El evento se realiza en Londres y busca conectar e inspirar a toda la cadena de producci\u00f3n de la construcci\u00f3n.","robots":{"index":"index","follow":"follow","max-snippet":"max-snippet:-1","max-image-preview":"max-image-preview:large","max-video-preview":"max-video-preview:-1"},"canonical":"https:\/\/maderamen.com.ar\/todo-madera\/2018\/02\/15\/ecobuild-2018-londres\/","og_locale":"es_ES","og_type":"article","og_title":"Ecobuild 2018 Londres se llevar\u00e1 a cabo del 6 al 8 de marzo - Todo Madera","og_description":"Ecobuild es una de las ferias de construcci\u00f3n m\u00e1s importantes de Europa, con m\u00e1s de 14 a\u00f1os de trayectoria, ha tenido siempre como objetivo el cambio y la innovaci\u00f3n. El evento se realiza en Londres y busca conectar e inspirar a toda la cadena de producci\u00f3n de la construcci\u00f3n.","og_url":"https:\/\/maderamen.com.ar\/todo-madera\/2018\/02\/15\/ecobuild-2018-londres\/","og_site_name":"Todo Madera","article_publisher":"https:\/\/www.facebook.com\/Maderamen.Argentina\/","article_published_time":"2018-02-15T12:46:48+00:00","og_image":[{"width":817,"height":817,"url":"https:\/\/maderamen.com.ar\/todo-madera\/wp-content\/uploads\/sites\/3\/2018\/01\/ecobuild.png","type":"image\/png"}],"author":"Maderamen","twitter_card":"summary_large_image","twitter_creator":"@DesarrolloFores","twitter_site":"@DesarrolloFores","twitter_misc":{"Escrito por":"Maderamen","Tiempo de lectura":"3 minutos"},"schema":{"@context":"https:\/\/schema.org","@graph":[{"@type":"Article","@id":"https:\/\/maderamen.com.ar\/todo-madera\/2018\/02\/15\/ecobuild-2018-londres\/#article","isPartOf":{"@id":"https:\/\/maderamen.com.ar\/todo-madera\/2018\/02\/15\/ecobuild-2018-londres\/"},"author":{"name":"Maderamen","@id":"https:\/\/maderamen.com.ar\/todo-madera\/#\/schema\/person\/ad3cdc3df72c15861fdd096bee929343"},"headline":"Ecobuild 2018 Londres se llevar\u00e1 a cabo del 6 al 8 de marzo","datePublished":"2018-02-15T12:46:48+00:00","mainEntityOfPage":{"@id":"https:\/\/maderamen.com.ar\/todo-madera\/2018\/02\/15\/ecobuild-2018-londres\/"},"wordCount":547,"commentCount":0,"publisher":{"@id":"https:\/\/maderamen.com.ar\/todo-madera\/#organization"},"image":{"@id":"https:\/\/maderamen.com.ar\/todo-madera\/2018\/02\/15\/ecobuild-2018-londres\/#primaryimage"},"thumbnailUrl":"https:\/\/maderamen.com.ar\/todo-madera\/wp-content\/uploads\/sites\/3\/2018\/01\/ecobuild.png","articleSection":["Agenda","Principal"],"inLanguage":"es","potentialAction":[{"@type":"CommentAction","name":"Comment","target":["https:\/\/maderamen.com.ar\/todo-madera\/2018\/02\/15\/ecobuild-2018-londres\/#respond"]}]},{"@type":"WebPage","@id":"https:\/\/maderamen.com.ar\/todo-madera\/2018\/02\/15\/ecobuild-2018-londres\/","url":"https:\/\/maderamen.com.ar\/todo-madera\/2018\/02\/15\/ecobuild-2018-londres\/","name":"Ecobuild 2018 Londres se llevar\u00e1 a cabo del 6 al 8 de marzo - Todo Madera","isPartOf":{"@id":"https:\/\/maderamen.com.ar\/todo-madera\/#website"},"primaryImageOfPage":{"@id":"https:\/\/maderamen.com.ar\/todo-madera\/2018\/02\/15\/ecobuild-2018-londres\/#primaryimage"},"image":{"@id":"https:\/\/maderamen.com.ar\/todo-madera\/2018\/02\/15\/ecobuild-2018-londres\/#primaryimage"},"thumbnailUrl":"https:\/\/maderamen.com.ar\/todo-madera\/wp-content\/uploads\/sites\/3\/2018\/01\/ecobuild.png","datePublished":"2018-02-15T12:46:48+00:00","description":"Ecobuild es una de las ferias de construcci\u00f3n m\u00e1s importantes de Europa, con m\u00e1s de 14 a\u00f1os de trayectoria, ha tenido siempre como objetivo el cambio y la innovaci\u00f3n. El evento se realiza en Londres y busca conectar e inspirar a toda la cadena de producci\u00f3n de la construcci\u00f3n.","breadcrumb":{"@id":"https:\/\/maderamen.com.ar\/todo-madera\/2018\/02\/15\/ecobuild-2018-londres\/#breadcrumb"},"inLanguage":"es","potentialAction":[{"@type":"ReadAction","target":["https:\/\/maderamen.com.ar\/todo-madera\/2018\/02\/15\/ecobuild-2018-londres\/"]}]},{"@type":"ImageObject","inLanguage":"es","@id":"https:\/\/maderamen.com.ar\/todo-madera\/2018\/02\/15\/ecobuild-2018-londres\/#primaryimage","url":"https:\/\/maderamen.com.ar\/todo-madera\/wp-content\/uploads\/sites\/3\/2018\/01\/ecobuild.png","contentUrl":"https:\/\/maderamen.com.ar\/todo-madera\/wp-content\/uploads\/sites\/3\/2018\/01\/ecobuild.png","width":817,"height":817,"caption":"ecobuild 2018"},{"@type":"BreadcrumbList","@id":"https:\/\/maderamen.com.ar\/todo-madera\/2018\/02\/15\/ecobuild-2018-londres\/#breadcrumb","itemListElement":[{"@type":"ListItem","position":1,"name":"Portada","item":"https:\/\/maderamen.com.ar\/todo-madera\/"},{"@type":"ListItem","position":2,"name":"Ecobuild 2018 Londres se llevar\u00e1 a cabo del 6 al 8 de marzo"}]},{"@type":"WebSite","@id":"https:\/\/maderamen.com.ar\/todo-madera\/#website","url":"https:\/\/maderamen.com.ar\/todo-madera\/","name":"Todo Madera","description":"Noticias sobre madera y construcci\u00f3n","publisher":{"@id":"https:\/\/maderamen.com.ar\/todo-madera\/#organization"},"potentialAction":[{"@type":"SearchAction","target":{"@type":"EntryPoint","urlTemplate":"https:\/\/maderamen.com.ar\/todo-madera\/?s={search_term_string}"},"query-input":{"@type":"PropertyValueSpecification","valueRequired":true,"valueName":"search_term_string"}}],"inLanguage":"es"},{"@type":"Organization","@id":"https:\/\/maderamen.com.ar\/todo-madera\/#organization","name":"Maderamen","url":"https:\/\/maderamen.com.ar\/todo-madera\/","logo":{"@type":"ImageObject","inLanguage":"es","@id":"https:\/\/maderamen.com.ar\/todo-madera\/#\/schema\/logo\/image\/","url":"https:\/\/maderamen.com.ar\/todo-madera\/wp-content\/uploads\/sites\/3\/2017\/09\/logo-maderamen-s.png","contentUrl":"https:\/\/maderamen.com.ar\/todo-madera\/wp-content\/uploads\/sites\/3\/2017\/09\/logo-maderamen-s.png","width":250,"height":246,"caption":"Maderamen"},"image":{"@id":"https:\/\/maderamen.com.ar\/todo-madera\/#\/schema\/logo\/image\/"},"sameAs":["https:\/\/www.facebook.com\/Maderamen.Argentina\/","https:\/\/x.com\/DesarrolloFores","https:\/\/www.youtube.com\/channel\/UCeYU2-_JRTYYpgHoyhTT2Fg","https:\/\/www.instagram.com\/maderamen.ok\/","https:\/\/www.linkedin.com\/company\/maderameneditorial\/"]},{"@type":"Person","@id":"https:\/\/maderamen.com.ar\/todo-madera\/#\/schema\/person\/ad3cdc3df72c15861fdd096bee929343","name":"Maderamen","image":{"@type":"ImageObject","inLanguage":"es","@id":"https:\/\/secure.gravatar.com\/avatar\/af612dc5cc79b81354fdd5591e3c15e376793953a9585c1142faad6370a6f555?s=96&d=mm&r=g","url":"https:\/\/secure.gravatar.com\/avatar\/af612dc5cc79b81354fdd5591e3c15e376793953a9585c1142faad6370a6f555?s=96&d=mm&r=g","contentUrl":"https:\/\/secure.gravatar.com\/avatar\/af612dc5cc79b81354fdd5591e3c15e376793953a9585c1142faad6370a6f555?s=96&d=mm&r=g","caption":"Maderamen"},"url":"https:\/\/maderamen.com.ar\/todo-madera\/author\/sachi\/"}]}},"_links":{"self":[{"href":"https:\/\/maderamen.com.ar\/todo-madera\/wp-json\/wp\/v2\/posts\/9155","targetHints":{"allow":["GET"]}}],"collection":[{"href":"https:\/\/maderamen.com.ar\/todo-madera\/wp-json\/wp\/v2\/posts"}],"about":[{"href":"https:\/\/maderamen.com.ar\/todo-madera\/wp-json\/wp\/v2\/types\/post"}],"author":[{"embeddable":true,"href":"https:\/\/maderamen.com.ar\/todo-madera\/wp-json\/wp\/v2\/users\/1"}],"replies":[{"embeddable":true,"href":"https:\/\/maderamen.com.ar\/todo-madera\/wp-json\/wp\/v2\/comments?post=9155"}],"version-history":[{"count":0,"href":"https:\/\/maderamen.com.ar\/todo-madera\/wp-json\/wp\/v2\/posts\/9155\/revisions"}],"wp:featuredmedia":[{"embeddable":true,"href":"https:\/\/maderamen.com.ar\/todo-madera\/wp-json\/wp\/v2\/media\/9156"}],"wp:attachment":[{"href":"https:\/\/maderamen.com.ar\/todo-madera\/wp-json\/wp\/v2\/media?parent=9155"}],"wp:term":[{"taxonomy":"category","embeddable":true,"href":"https:\/\/maderamen.com.ar\/todo-madera\/wp-json\/wp\/v2\/categories?post=9155"},{"taxonomy":"post_tag","embeddable":true,"href":"https:\/\/maderamen.com.ar\/todo-madera\/wp-json\/wp\/v2\/tags?post=9155"}],"curies":[{"name":"wp","href":"https:\/\/api.w.org\/{rel}","templated":true}]}}