{"id":8847,"date":"2017-12-12T10:01:39","date_gmt":"2017-12-12T13:01:39","guid":{"rendered":"http:\/\/maderamen.com.ar\/todo-madera\/?p=8847"},"modified":"2018-05-02T19:59:50","modified_gmt":"2018-05-02T22:59:50","slug":"aumenta-la-construccion-edificios-madera-altura-barcelona-espana","status":"publish","type":"post","link":"https:\/\/maderamen.com.ar\/todo-madera\/2017\/12\/12\/aumenta-la-construccion-edificios-madera-altura-barcelona-espana\/","title":{"rendered":"Aumenta la construcci\u00f3n de edificios con madera en altura en Barcelona, Espa\u00f1a"},"content":{"rendered":"<p><strong>La empresa catalana House Habitat, especializada en la construcci\u00f3n de viviendas eficientes energ\u00e9ticamente, ha notado un progresivo inter\u00e9s por la construcci\u00f3n de edificios con madera en altura en la ciudad de Barcelona desde 2014 a esta parte. La empresa sigue los criterios de la arquitectura bioclim\u00e1tica y utiliza materiales ecol\u00f3gicos. Los motivos son varios y de distinta \u00edndole, pero de fondo subyace la preocupaci\u00f3n por la sostenibilidad y los retos medioambientales que plantea el cambio clim\u00e1tico.<\/strong><\/p>\n<figure id=\"attachment_8850\" aria-describedby=\"caption-attachment-8850\" style=\"width: 283px\" class=\"wp-caption alignright\"><img loading=\"lazy\" decoding=\"async\" class=\"size-full wp-image-8850\" src=\"\/\/maderamen.com.ar\/todo-madera\/wp-content\/uploads\/sites\/3\/2017\/11\/logo-house-habitat.jpg\" alt=\"madera \" width=\"283\" height=\"143\" \/><figcaption id=\"caption-attachment-8850\" class=\"wp-caption-text\">logo House Habitat<\/figcaption><\/figure>\n<p>El proyecto m\u00e1s reciente es un edificio unifamiliar de tres pisos m\u00e1s planta baja con estructura de madera en altura en la localidad de El Prat de Llobregat, Barcelona. Y ya tienen numerosos proyectos agendados para el a\u00f1o entrante.<\/p>\n<p>House Habitat es una empresa especializada en construcci\u00f3n sostenible ubicada en Catalu\u00f1a, con delegaciones en Barcelona y Girona. Se especializa en la construcci\u00f3n de viviendas saludables y eficientes energ\u00e9ticamente, que siguen los criterios de la arquitectura bioclim\u00e1tica y en las que se utilizan materiales ecol\u00f3gicos. Adem\u00e1s, sus edificios poseen un consumo casi nulo (EECN) en calefacci\u00f3n y refrigeraci\u00f3n, lo cual proporciona a sus habitantes una alta calidad de vida y un sustancial ahorro econ\u00f3mico en las facturas de energ\u00eda.<\/p>\n<p>La constructora ha concluido recientemente un edificio unifamiliar de tres pisos, m\u00e1s planta baja con estructura de madera en altura. En este caso es una vivienda unifamiliar levantada en un solar entre medianeras ubicado en el centro de la localidad de El Prat de Llobregat, Barcelona.<\/p>\n<p>La casa, de 223 metros cuadrados, consta de tres habitaciones en la primera planta, un \u00e1rea\u00a0 totalmente di\u00e1fana en la segunda -donde se ubica la cocina office y el sal\u00f3n comedor- y un espacio bajo cubierta en el tercer piso con patio exterior, adem\u00e1s de garaje en la planta baja. La madera empleada en esta obra cuenta con la garant\u00eda del certificado CE y procede de bosques donde se realiza una gesti\u00f3n responsable avalada por PEFC. Los trabajos comenzaron en abril y finalizaron en noviembre de 2016, por lo que el plazo total de construcci\u00f3n ha sido de 7 meses.<\/p>\n<p>El dise\u00f1o, obra de los arquitectos Federico Pesl y Lucila P\u00e9rez-Elizalde, ha seguido las directrices de la arquitectura biopasiva, y est\u00e1 enfocado a lograr unos altos resultados de\u00a0 eficiencia energ\u00e9tica, utilizando materiales de calidad, naturales y ecol\u00f3gicos, que favorecen la salud y calidad de vida de sus habitantes. Miguel Vega, encargado de Comunicaci\u00f3n de House Habitat, explic\u00f3 a Todo Madera que para la construcci\u00f3n \u201cse utiliza madera de pino, y en el caso del edificio de El Prat proviene de bosques sostenibles en Austria\u201d. Tambi\u00e9n agreg\u00f3 que en cuanto al tiempo de construcci\u00f3n en el caso del edificio en El Prat fue de 7 meses, y que en general \u201cel plazo suele estar entre 6 y 9 meses, a diferencia de los entre 12 meses y 18 meses de la construcci\u00f3n tradicional\u201d.<br \/>\nPara los acabados de las fachadas principales se ha empleado mortero de silicato, sobre un sistema SATE con fibra de madera; mientras que las medianeras poseen tabiques pluviales. En los revestimientos interiores se han aplicado pinturas naturales con base mineral. Por su parte, las ventanas son de madera laminada con doble vidrio y control solar. Cabe a\u00f1adir que la instalaci\u00f3n el\u00e9ctrica es biocompatible con el prop\u00f3sito de evitar la contaminaci\u00f3n electromagn\u00e9tica.<\/p>\n<p>En cuanto a las instalaciones dirigidas a reducir el consumo energ\u00e9tico, y por tanto ahorrar en climatizaci\u00f3n, el edificio dispone de un sistema de renovaci\u00f3n de aire con recuperador de energ\u00eda de alta eficiencia, as\u00ed como radiadores de bajo impacto para calefacci\u00f3n, que se alimentan de un sistema h\u00edbrido de aerotermia.<\/p>\n<h4><strong>Tendencia a la construcci\u00f3n de madera en altura dentro los n\u00facleos urbanos<\/strong><\/h4>\n<p>Desde House Habitat constatan un notable incremento de la demanda de edificios de madera en altura en espacios entre medianeras en el centro de grandes n\u00facleos urbanos de la provincia de Barcelona.<\/p>\n<p>En junio de 2014, House Habitat afront\u00f3 su primer proyecto de estas caracter\u00edsticas en el Barrio de Gracia: una vivienda unifamiliar de cinco plantas con estructura de madera, el edificio m\u00e1s alto de este tipo en la ciudad condal. Desde entonces, la constructora est\u00e1 recibiendo sucesivos encargos similares.<\/p>\n<p>\u201cLos motivos son varios y de distinta \u00edndole. Pero de fondo subyace una preocupaci\u00f3n, tanto de usuarios como de prescriptores, por la sostenibilidad y los retos medioambientales que plantea el cambio clim\u00e1tico\u201d, se\u00f1ala Pere Linares, responsable de House Habitat. \u201cLuego hay otros factores como el menor consumo de\u00a0 energ\u00eda de este tipo de construcciones o su menor plazo de ejecuci\u00f3n, con el consiguiente ahorro econ\u00f3mico\u201d, a\u00f1ade.<\/p>\n<p>La madera renace as\u00ed como material de construcci\u00f3n con cualidades apreciadas por los consumidores concienciados con el medio ambiente: es renovable, reutilizable y reciclable, necesita poca energ\u00eda para su transformaci\u00f3n y es capaz de almacenar di\u00f3xido de carbono, que de esta manera se detrae de la atm\u00f3sfera. Adem\u00e1s, es un buen aislante t\u00e9rmico y ac\u00fastico.<\/p>\n<p>Por lo que se refiere a los profesionales de la edificaci\u00f3n como arquitectos, ingenieros o aparejadores, \u201cvaloran adem\u00e1s aspectos como el menor tiempo de ejecuci\u00f3n o la reducci\u00f3n de imprevistos \u2013es m\u00e1s f\u00e1cil de controlar todo el proceso-\u00a0 as\u00ed como de inconvenientes asociados a las obras como el ruido o el polvo\u201d.<\/p>\n<figure id=\"attachment_8851\" aria-describedby=\"caption-attachment-8851\" style=\"width: 1115px\" class=\"wp-caption alignnone\"><img loading=\"lazy\" decoding=\"async\" class=\"wp-image-8851 size-full\" src=\"\/\/maderamen.com.ar\/todo-madera\/wp-content\/uploads\/sites\/3\/2017\/11\/federico-pesl-arquitecto-estuido-amomicasa.jpg\" alt=\"construccion edificios madera \" width=\"1115\" height=\"1115\" srcset=\"https:\/\/maderamen.com.ar\/todo-madera\/wp-content\/uploads\/sites\/3\/2017\/11\/federico-pesl-arquitecto-estuido-amomicasa.jpg 1115w, https:\/\/maderamen.com.ar\/todo-madera\/wp-content\/uploads\/sites\/3\/2017\/11\/federico-pesl-arquitecto-estuido-amomicasa-150x150.jpg 150w, https:\/\/maderamen.com.ar\/todo-madera\/wp-content\/uploads\/sites\/3\/2017\/11\/federico-pesl-arquitecto-estuido-amomicasa-300x300.jpg 300w, https:\/\/maderamen.com.ar\/todo-madera\/wp-content\/uploads\/sites\/3\/2017\/11\/federico-pesl-arquitecto-estuido-amomicasa-768x768.jpg 768w, https:\/\/maderamen.com.ar\/todo-madera\/wp-content\/uploads\/sites\/3\/2017\/11\/federico-pesl-arquitecto-estuido-amomicasa-1024x1024.jpg 1024w, https:\/\/maderamen.com.ar\/todo-madera\/wp-content\/uploads\/sites\/3\/2017\/11\/federico-pesl-arquitecto-estuido-amomicasa-696x696.jpg 696w, https:\/\/maderamen.com.ar\/todo-madera\/wp-content\/uploads\/sites\/3\/2017\/11\/federico-pesl-arquitecto-estuido-amomicasa-1068x1068.jpg 1068w, https:\/\/maderamen.com.ar\/todo-madera\/wp-content\/uploads\/sites\/3\/2017\/11\/federico-pesl-arquitecto-estuido-amomicasa-420x420.jpg 420w\" sizes=\"auto, (max-width: 1115px) 100vw, 1115px\" \/><figcaption id=\"caption-attachment-8851\" class=\"wp-caption-text\">Federico Pesl es el arquitecto fundador de Amomicasa, y creador junto a Lucila P\u00e9rez-Elizalde de la vivienda con estructura de madera en altura de El Prat.<\/figcaption><\/figure>\n<p><strong>M\u00e1s proyectos de edificios en madera<\/strong><\/p>\n<p>House Habitat tiene otro proyecto de madera en altura que se encuentra en su \u00faltima fase, y con algunos matices diferentes. En este caso, se trata de un edificio plurifamiliar de cuatro plantas con estructura de madera que tendr\u00e1 el mismo n\u00famero de viviendas. Situado en el barrio barcelon\u00e9s de Sants, como particularidad se ha preservado la fachada existente, catalogada como Patrimonio Hist\u00f3rico.<\/p>\n<p>\u201cLas solicitudes de estudio para realizar edificios de este tipo nos siguen llegando. En este momento estamos analizando proyectos para levantar edificios con madera en altura en los n\u00facleos urbanos de localidades como Sitges, Vilanova i la Geltr\u00fa, Badalona, Terrassa, o Sabadell\u201d, concluye Pere Linares. Lo cual no hace m\u00e1s que seguir reafirmando el creciente inter\u00e9s que tiene Barcelona por las construcciones de madera en altura.<\/p>\n<p>Pesl, el arquitecto: \u201cLa construcci\u00f3n en madera entre medianeras ser\u00e1 la pr\u00f3xima revoluci\u00f3n de la edificaci\u00f3n\u201d<\/p>\n<p>Pesl adem\u00e1s agrega que \u201cdentro del sector, nuestros colegas corroboran que el auge de los edificios de madera es una realidad incuestionable\u201d.<\/p>\n<p><strong>Federico Pesl<\/strong> es el arquitecto fundador de\u00a0<a href=\"https:\/\/www.facebook.com\/arquitectura.en.fusta\/\">Amomicasa<\/a>, que firma, junto a Lucila P\u00e9rez-Elizalde, la vivienda con estructura de madera en altura de El Prat. Pesl, profesional especializado en este tipo de edificios,\u00a0<strong>aporta su visi\u00f3n sobre la construcci\u00f3n en<\/strong> <strong>madera<\/strong>\u00a0y el inter\u00e9s despertado en las ciudades de todo el mundo por la edificaci\u00f3n con este material natural y renovable.<\/p>\n<p>&#8211;\u00a0<strong>\u00bfQu\u00e9 es lo que aporta la madera a la construcci\u00f3n? \u00bfCu\u00e1les son sus principales ventajas?<\/strong><\/p>\n<p>&#8211; La principal ventaja de la construcci\u00f3n en madera es que re\u00fane los tres grandes pilares que fundamentan la construcci\u00f3n sostenible o \u201cverde\u201d:\u00a0<strong>Responsabilidad Ambiental, Eficiencia Energ\u00e9tica y Salud<\/strong>. Estos tres conceptos combinados nos permiten obtener beneficios que, seg\u00fan por donde se miren, pueden ser medioambientales, de bienestar personal, econ\u00f3micos o sociales. En todo caso, lo importante es saber que\u00a0<strong>no existe, todav\u00eda, un material que consiga condensar tantos beneficios<\/strong>\u00a0sin tener pr\u00e1cticamente ning\u00fan perjuicio. El atractivo est\u00e9tico de la madera es muy potente, pero por ser una caracter\u00edstica subjetiva, yo prefiero dejarlo siempre a un margen para defender el uso de la madera \u00fanicamente en t\u00e9rminos objetivos. En el plano constructivo,\u00a0<strong>el uso de la madera permite trabajar con un rigor que no es habitual en la obra tradicional.<\/strong>\u00a0Eso permite resolver detalles muy eficientes que redundan en \u00f3ptimas prestaciones de los edificios. La posibilidad de prefabricar componentes, la eliminaci\u00f3n de los tiempos de fraguado y la reducci\u00f3n de residuos, mejoran los plazos de obra de manera significativa. La\u00a0<strong>ligereza estructural tambi\u00e9n reduce el impacto ambiental<\/strong>\u00a0de las cimentaciones y movimientos de tierra, a la vez que agrega maniobrabilidad en los montajes y transportes.<\/p>\n<p><strong>&#8211; \u00bfA qu\u00e9 cree que se debe esta tendencia hacia la construcci\u00f3n con madera en altura en terrenos entre medianeras en los n\u00facleos urbanos?<\/strong><\/p>\n<p>&#8211; La introducci\u00f3n en Espa\u00f1a de la madera como material principal de construcci\u00f3n se ha venido produciendo esencialmente en proyectos de viviendas aisladas. Sin embargo, desde hace un tiempo estamos viendo c\u00f3mo la madera comienza a ocupar un nuevo espacio en el mercado. Se trata de la tan habitual\u00a0<strong>construcci\u00f3n entre medianeras<\/strong>, que representa casi la totalidad del urbanismo de nuestros cascos hist\u00f3ricos y gran parte de los ensanches de nuestras ciudades. Es evidente que dar una respuesta constructiva a esta situaci\u00f3n urbana es fundamental para el desarrollo de la industria de la construcci\u00f3n en madera en nuestro pa\u00eds. Para salir airosos, existen ciertos retos de dise\u00f1o y de ejecuci\u00f3n que debemos resolver de una manera impecable. Ser\u00eda una pena que por dise\u00f1os o ejecuciones deficientes se expanda una injusta mala fama del sector y como consecuencia se pierda una excelente oportunidad para\u00a0<strong>reducir las emisiones de CO2 asociadas a la construcci\u00f3n<\/strong>. Estoy convencido de que\u00a0<strong>la construcci\u00f3n en madera entre medianeras ser\u00e1 la pr\u00f3xima revoluci\u00f3n de la edificaci\u00f3n en Espa\u00f1a<\/strong>. El n\u00famero de plantas de estos edificios ir\u00e1 aumentando y, junto al desarrollo de otras tipolog\u00edas en altura, indicar\u00e1 el comienzo de la siguiente revoluci\u00f3n de la madera, que ser\u00e1 espectacular.<\/p>\n<p><strong>&#8211; \u00bfQu\u00e9 le hace ser tan optimista respecto al futuro de la construcci\u00f3n con madera en altura?<\/strong><\/p>\n<p>&#8211; El uso y el prestigio de la madera en la construcci\u00f3n est\u00e1n creciendo de manera exponencial en todo el mundo. Son los pa\u00edses europeos de cultura maderera hist\u00f3rica los que van marcando los nuevos hitos de la construcci\u00f3n de madera en altura: Noruega, Austria, Suecia, Finlandia, Reino Unido y Francia. En el nuevo mundo, Estados Unidos, Canad\u00e1 y Australia tambi\u00e9n se van sumando al nuevo reto. <strong>Estamos ante un punto de inflexi\u00f3n en la historia de la construcci\u00f3n<\/strong>; un momento tecnol\u00f3gico asimilable a la invenci\u00f3n del hormig\u00f3n armado. La construcci\u00f3n en madera generar\u00e1 un cambio de paradigma constructivo que ser\u00e1 capaz de adecuarse a las nuevas formas de organizaci\u00f3n econ\u00f3mica y pol\u00edtica que ya se est\u00e1n vislumbrando desde hace casi una d\u00e9cada. Gracias a la transformaci\u00f3n de la madera en productos derivados con tecnolog\u00eda incorporada, se han podido levantar en Europa edificios cada vez m\u00e1s altos.<\/p>\n<p><strong>&#8211; \u00bfQu\u00e9 pa\u00edses cree que liderar\u00e1n esta nueva tendencia?<\/strong><\/p>\n<p>&#8211; Tengo la sospecha de que ser\u00e1 Estados Unidos el nuevo motor de esta revoluci\u00f3n a\u00fan por llegar. Los grandes consorcios madereros americanos y canadienses est\u00e1n promoviendo de manera muy acertada el uso de lo que llaman \u201cMass Timber\u201d (CLT, NLT, DLT, SCT) para la promoci\u00f3n de viviendas en gran altura, edificios administrativos y de oficinas. Ya comienzan a verse proyectos de rascacielos de 50 plantas y un buen n\u00famero de investigaciones de universidades americanas que tratan sobre los l\u00edmites m\u00e1ximos de las prestaciones estructurales y contra\u00a0incendios de estos nuevos productos de madera. <strong>Ser\u00e1n definitivamente los norteamericanos quienes tengan la capacidad de expandir los nuevos rascacielos de madera por el mundo<\/strong>, como ya lo hicieran con la tecnolog\u00eda de sus tiempos, los arquitectos de la escuela de Chicago a finales del siglo XIX y los arquitectos europeos afincados en esa tierra a mediados del XX. Con todo el pragmatismo que les caracteriza,\u00a0<strong>demostrar\u00e1n que se puede construir con un material infinitamente renovable<\/strong>, que se podr\u00e1n habitar esos edificios con alt\u00edsimos niveles de confort, que gastar\u00e1n muy poca energ\u00eda para hacerlos funcionar y, adem\u00e1s, lo explicaran al mundo de manera clara y contundente. En Espa\u00f1a, un pa\u00eds de tradici\u00f3n arquitect\u00f3nica mineral, deberemos vencer nuestros prejuicios pero no tardaremos en adherirnos a la nueva sensatez constructiva de la madera.<\/p>\n<p>&nbsp;<\/p>\n","protected":false},"excerpt":{"rendered":"<p>La empresa catalana House Habitat, especializada en la construcci\u00f3n de viviendas eficientes energ\u00e9ticamente, ha notado un progresivo inter\u00e9s por la construcci\u00f3n de edificios con madera en altura en la ciudad de Barcelona desde 2014 a esta parte. La empresa sigue los criterios de la arquitectura bioclim\u00e1tica y utiliza materiales ecol\u00f3gicos. Los motivos son varios y [&hellip;]<\/p>\n","protected":false},"author":7,"featured_media":8852,"comment_status":"open","ping_status":"open","sticky":false,"template":"","format":"standard","meta":{"footnotes":""},"categories":[3],"tags":[],"class_list":{"0":"post-8847","1":"post","2":"type-post","3":"status-publish","4":"format-standard","5":"has-post-thumbnail","7":"category-noticias-y-actualidad"},"yoast_head":"<!-- This site is optimized with the Yoast SEO plugin v27.4 - https:\/\/yoast.com\/product\/yoast-seo-wordpress\/ -->\n<title>Aumenta la construcci\u00f3n de edificios con madera en altura en Barcelona<\/title>\n<meta name=\"description\" content=\"House Habitat, especializada en construcci\u00f3n de viviendas eficientes energ\u00e9ticamente, nota inter\u00e9s por construcci\u00f3n con madera en altura desde 2014\" \/>\n<meta name=\"robots\" content=\"index, follow, max-snippet:-1, max-image-preview:large, max-video-preview:-1\" \/>\n<link rel=\"canonical\" href=\"https:\/\/maderamen.com.ar\/todo-madera\/2017\/12\/12\/aumenta-la-construccion-edificios-madera-altura-barcelona-espana\/\" \/>\n<meta property=\"og:locale\" content=\"es_ES\" \/>\n<meta property=\"og:type\" content=\"article\" \/>\n<meta property=\"og:title\" content=\"Aumenta la construcci\u00f3n de edificios con madera en altura en Barcelona\" \/>\n<meta property=\"og:description\" content=\"House Habitat, especializada en construcci\u00f3n de viviendas eficientes energ\u00e9ticamente, nota inter\u00e9s por construcci\u00f3n con madera en altura desde 2014\" \/>\n<meta property=\"og:url\" content=\"https:\/\/maderamen.com.ar\/todo-madera\/2017\/12\/12\/aumenta-la-construccion-edificios-madera-altura-barcelona-espana\/\" \/>\n<meta property=\"og:site_name\" content=\"Todo Madera\" \/>\n<meta property=\"article:publisher\" content=\"https:\/\/www.facebook.com\/Maderamen.Argentina\/\" \/>\n<meta property=\"article:published_time\" content=\"2017-12-12T13:01:39+00:00\" \/>\n<meta property=\"article:modified_time\" content=\"2018-05-02T22:59:50+00:00\" \/>\n<meta property=\"og:image\" content=\"https:\/\/maderamen.com.ar\/todo-madera\/wp-content\/uploads\/sites\/3\/2017\/11\/interior.jpg\" \/>\n\t<meta property=\"og:image:width\" content=\"1181\" \/>\n\t<meta property=\"og:image:height\" content=\"781\" \/>\n\t<meta property=\"og:image:type\" content=\"image\/jpeg\" \/>\n<meta name=\"author\" content=\"Maderamen\" \/>\n<meta name=\"twitter:card\" content=\"summary_large_image\" \/>\n<meta name=\"twitter:creator\" content=\"@DesarrolloFores\" \/>\n<meta name=\"twitter:site\" content=\"@DesarrolloFores\" \/>\n<meta name=\"twitter:label1\" content=\"Escrito por\" \/>\n\t<meta name=\"twitter:data1\" content=\"Maderamen\" \/>\n\t<meta name=\"twitter:label2\" content=\"Tiempo de lectura\" \/>\n\t<meta name=\"twitter:data2\" content=\"11 minutos\" \/>\n<script type=\"application\/ld+json\" class=\"yoast-schema-graph\">{\"@context\":\"https:\\\/\\\/schema.org\",\"@graph\":[{\"@type\":\"Article\",\"@id\":\"https:\\\/\\\/maderamen.com.ar\\\/todo-madera\\\/2017\\\/12\\\/12\\\/aumenta-la-construccion-edificios-madera-altura-barcelona-espana\\\/#article\",\"isPartOf\":{\"@id\":\"https:\\\/\\\/maderamen.com.ar\\\/todo-madera\\\/2017\\\/12\\\/12\\\/aumenta-la-construccion-edificios-madera-altura-barcelona-espana\\\/\"},\"author\":{\"name\":\"Maderamen\",\"@id\":\"https:\\\/\\\/maderamen.com.ar\\\/todo-madera\\\/#\\\/schema\\\/person\\\/81237cb585ad2f10f2acafa58c3039be\"},\"headline\":\"Aumenta la construcci\u00f3n de edificios con madera en altura en Barcelona, Espa\u00f1a\",\"datePublished\":\"2017-12-12T13:01:39+00:00\",\"dateModified\":\"2018-05-02T22:59:50+00:00\",\"mainEntityOfPage\":{\"@id\":\"https:\\\/\\\/maderamen.com.ar\\\/todo-madera\\\/2017\\\/12\\\/12\\\/aumenta-la-construccion-edificios-madera-altura-barcelona-espana\\\/\"},\"wordCount\":2145,\"commentCount\":0,\"publisher\":{\"@id\":\"https:\\\/\\\/maderamen.com.ar\\\/todo-madera\\\/#organization\"},\"image\":{\"@id\":\"https:\\\/\\\/maderamen.com.ar\\\/todo-madera\\\/2017\\\/12\\\/12\\\/aumenta-la-construccion-edificios-madera-altura-barcelona-espana\\\/#primaryimage\"},\"thumbnailUrl\":\"https:\\\/\\\/maderamen.com.ar\\\/todo-madera\\\/wp-content\\\/uploads\\\/sites\\\/3\\\/2017\\\/11\\\/interior.jpg\",\"articleSection\":[\"Noticias\"],\"inLanguage\":\"es\",\"potentialAction\":[{\"@type\":\"CommentAction\",\"name\":\"Comment\",\"target\":[\"https:\\\/\\\/maderamen.com.ar\\\/todo-madera\\\/2017\\\/12\\\/12\\\/aumenta-la-construccion-edificios-madera-altura-barcelona-espana\\\/#respond\"]}]},{\"@type\":\"WebPage\",\"@id\":\"https:\\\/\\\/maderamen.com.ar\\\/todo-madera\\\/2017\\\/12\\\/12\\\/aumenta-la-construccion-edificios-madera-altura-barcelona-espana\\\/\",\"url\":\"https:\\\/\\\/maderamen.com.ar\\\/todo-madera\\\/2017\\\/12\\\/12\\\/aumenta-la-construccion-edificios-madera-altura-barcelona-espana\\\/\",\"name\":\"Aumenta la construcci\u00f3n de edificios con madera en altura en Barcelona\",\"isPartOf\":{\"@id\":\"https:\\\/\\\/maderamen.com.ar\\\/todo-madera\\\/#website\"},\"primaryImageOfPage\":{\"@id\":\"https:\\\/\\\/maderamen.com.ar\\\/todo-madera\\\/2017\\\/12\\\/12\\\/aumenta-la-construccion-edificios-madera-altura-barcelona-espana\\\/#primaryimage\"},\"image\":{\"@id\":\"https:\\\/\\\/maderamen.com.ar\\\/todo-madera\\\/2017\\\/12\\\/12\\\/aumenta-la-construccion-edificios-madera-altura-barcelona-espana\\\/#primaryimage\"},\"thumbnailUrl\":\"https:\\\/\\\/maderamen.com.ar\\\/todo-madera\\\/wp-content\\\/uploads\\\/sites\\\/3\\\/2017\\\/11\\\/interior.jpg\",\"datePublished\":\"2017-12-12T13:01:39+00:00\",\"dateModified\":\"2018-05-02T22:59:50+00:00\",\"description\":\"House Habitat, especializada en construcci\u00f3n de viviendas eficientes energ\u00e9ticamente, nota inter\u00e9s por construcci\u00f3n con madera en altura desde 2014\",\"breadcrumb\":{\"@id\":\"https:\\\/\\\/maderamen.com.ar\\\/todo-madera\\\/2017\\\/12\\\/12\\\/aumenta-la-construccion-edificios-madera-altura-barcelona-espana\\\/#breadcrumb\"},\"inLanguage\":\"es\",\"potentialAction\":[{\"@type\":\"ReadAction\",\"target\":[\"https:\\\/\\\/maderamen.com.ar\\\/todo-madera\\\/2017\\\/12\\\/12\\\/aumenta-la-construccion-edificios-madera-altura-barcelona-espana\\\/\"]}]},{\"@type\":\"ImageObject\",\"inLanguage\":\"es\",\"@id\":\"https:\\\/\\\/maderamen.com.ar\\\/todo-madera\\\/2017\\\/12\\\/12\\\/aumenta-la-construccion-edificios-madera-altura-barcelona-espana\\\/#primaryimage\",\"url\":\"https:\\\/\\\/maderamen.com.ar\\\/todo-madera\\\/wp-content\\\/uploads\\\/sites\\\/3\\\/2017\\\/11\\\/interior.jpg\",\"contentUrl\":\"https:\\\/\\\/maderamen.com.ar\\\/todo-madera\\\/wp-content\\\/uploads\\\/sites\\\/3\\\/2017\\\/11\\\/interior.jpg\",\"width\":1181,\"height\":781,\"caption\":\"Foto del interior de la vivienda construida en El Prat, Barcelona, por Federico Pesl y Lucila P\u00e9rez-Elizalde arquitectos\\\/ @Jason Keith.\"},{\"@type\":\"BreadcrumbList\",\"@id\":\"https:\\\/\\\/maderamen.com.ar\\\/todo-madera\\\/2017\\\/12\\\/12\\\/aumenta-la-construccion-edificios-madera-altura-barcelona-espana\\\/#breadcrumb\",\"itemListElement\":[{\"@type\":\"ListItem\",\"position\":1,\"name\":\"Portada\",\"item\":\"https:\\\/\\\/maderamen.com.ar\\\/todo-madera\\\/\"},{\"@type\":\"ListItem\",\"position\":2,\"name\":\"Aumenta la construcci\u00f3n de edificios con madera en altura en Barcelona, Espa\u00f1a\"}]},{\"@type\":\"WebSite\",\"@id\":\"https:\\\/\\\/maderamen.com.ar\\\/todo-madera\\\/#website\",\"url\":\"https:\\\/\\\/maderamen.com.ar\\\/todo-madera\\\/\",\"name\":\"Todo Madera\",\"description\":\"Noticias sobre madera y construcci\u00f3n\",\"publisher\":{\"@id\":\"https:\\\/\\\/maderamen.com.ar\\\/todo-madera\\\/#organization\"},\"potentialAction\":[{\"@type\":\"SearchAction\",\"target\":{\"@type\":\"EntryPoint\",\"urlTemplate\":\"https:\\\/\\\/maderamen.com.ar\\\/todo-madera\\\/?s={search_term_string}\"},\"query-input\":{\"@type\":\"PropertyValueSpecification\",\"valueRequired\":true,\"valueName\":\"search_term_string\"}}],\"inLanguage\":\"es\"},{\"@type\":\"Organization\",\"@id\":\"https:\\\/\\\/maderamen.com.ar\\\/todo-madera\\\/#organization\",\"name\":\"Maderamen\",\"url\":\"https:\\\/\\\/maderamen.com.ar\\\/todo-madera\\\/\",\"logo\":{\"@type\":\"ImageObject\",\"inLanguage\":\"es\",\"@id\":\"https:\\\/\\\/maderamen.com.ar\\\/todo-madera\\\/#\\\/schema\\\/logo\\\/image\\\/\",\"url\":\"https:\\\/\\\/maderamen.com.ar\\\/todo-madera\\\/wp-content\\\/uploads\\\/sites\\\/3\\\/2017\\\/09\\\/logo-maderamen-s.png\",\"contentUrl\":\"https:\\\/\\\/maderamen.com.ar\\\/todo-madera\\\/wp-content\\\/uploads\\\/sites\\\/3\\\/2017\\\/09\\\/logo-maderamen-s.png\",\"width\":250,\"height\":246,\"caption\":\"Maderamen\"},\"image\":{\"@id\":\"https:\\\/\\\/maderamen.com.ar\\\/todo-madera\\\/#\\\/schema\\\/logo\\\/image\\\/\"},\"sameAs\":[\"https:\\\/\\\/www.facebook.com\\\/Maderamen.Argentina\\\/\",\"https:\\\/\\\/x.com\\\/DesarrolloFores\",\"https:\\\/\\\/www.youtube.com\\\/channel\\\/UCeYU2-_JRTYYpgHoyhTT2Fg\",\"https:\\\/\\\/www.instagram.com\\\/maderamen.ok\\\/\",\"https:\\\/\\\/www.linkedin.com\\\/company\\\/maderameneditorial\\\/\"]},{\"@type\":\"Person\",\"@id\":\"https:\\\/\\\/maderamen.com.ar\\\/todo-madera\\\/#\\\/schema\\\/person\\\/81237cb585ad2f10f2acafa58c3039be\",\"name\":\"Maderamen\",\"image\":{\"@type\":\"ImageObject\",\"inLanguage\":\"es\",\"@id\":\"https:\\\/\\\/secure.gravatar.com\\\/avatar\\\/a1b1f0c9d2022e41abb183e86a64d5f6f0b4ded802929b19f98f6623f6c677c7?s=96&d=mm&r=g\",\"url\":\"https:\\\/\\\/secure.gravatar.com\\\/avatar\\\/a1b1f0c9d2022e41abb183e86a64d5f6f0b4ded802929b19f98f6623f6c677c7?s=96&d=mm&r=g\",\"contentUrl\":\"https:\\\/\\\/secure.gravatar.com\\\/avatar\\\/a1b1f0c9d2022e41abb183e86a64d5f6f0b4ded802929b19f98f6623f6c677c7?s=96&d=mm&r=g\",\"caption\":\"Maderamen\"},\"url\":\"https:\\\/\\\/maderamen.com.ar\\\/todo-madera\\\/author\\\/maderameneditor\\\/\"}]}<\/script>\n<!-- \/ Yoast SEO plugin. -->","yoast_head_json":{"title":"Aumenta la construcci\u00f3n de edificios con madera en altura en Barcelona","description":"House Habitat, especializada en construcci\u00f3n de viviendas eficientes energ\u00e9ticamente, nota inter\u00e9s por construcci\u00f3n con madera en altura desde 2014","robots":{"index":"index","follow":"follow","max-snippet":"max-snippet:-1","max-image-preview":"max-image-preview:large","max-video-preview":"max-video-preview:-1"},"canonical":"https:\/\/maderamen.com.ar\/todo-madera\/2017\/12\/12\/aumenta-la-construccion-edificios-madera-altura-barcelona-espana\/","og_locale":"es_ES","og_type":"article","og_title":"Aumenta la construcci\u00f3n de edificios con madera en altura en Barcelona","og_description":"House Habitat, especializada en construcci\u00f3n de viviendas eficientes energ\u00e9ticamente, nota inter\u00e9s por construcci\u00f3n con madera en altura desde 2014","og_url":"https:\/\/maderamen.com.ar\/todo-madera\/2017\/12\/12\/aumenta-la-construccion-edificios-madera-altura-barcelona-espana\/","og_site_name":"Todo Madera","article_publisher":"https:\/\/www.facebook.com\/Maderamen.Argentina\/","article_published_time":"2017-12-12T13:01:39+00:00","article_modified_time":"2018-05-02T22:59:50+00:00","og_image":[{"width":1181,"height":781,"url":"https:\/\/maderamen.com.ar\/todo-madera\/wp-content\/uploads\/sites\/3\/2017\/11\/interior.jpg","type":"image\/jpeg"}],"author":"Maderamen","twitter_card":"summary_large_image","twitter_creator":"@DesarrolloFores","twitter_site":"@DesarrolloFores","twitter_misc":{"Escrito por":"Maderamen","Tiempo de lectura":"11 minutos"},"schema":{"@context":"https:\/\/schema.org","@graph":[{"@type":"Article","@id":"https:\/\/maderamen.com.ar\/todo-madera\/2017\/12\/12\/aumenta-la-construccion-edificios-madera-altura-barcelona-espana\/#article","isPartOf":{"@id":"https:\/\/maderamen.com.ar\/todo-madera\/2017\/12\/12\/aumenta-la-construccion-edificios-madera-altura-barcelona-espana\/"},"author":{"name":"Maderamen","@id":"https:\/\/maderamen.com.ar\/todo-madera\/#\/schema\/person\/81237cb585ad2f10f2acafa58c3039be"},"headline":"Aumenta la construcci\u00f3n de edificios con madera en altura en Barcelona, Espa\u00f1a","datePublished":"2017-12-12T13:01:39+00:00","dateModified":"2018-05-02T22:59:50+00:00","mainEntityOfPage":{"@id":"https:\/\/maderamen.com.ar\/todo-madera\/2017\/12\/12\/aumenta-la-construccion-edificios-madera-altura-barcelona-espana\/"},"wordCount":2145,"commentCount":0,"publisher":{"@id":"https:\/\/maderamen.com.ar\/todo-madera\/#organization"},"image":{"@id":"https:\/\/maderamen.com.ar\/todo-madera\/2017\/12\/12\/aumenta-la-construccion-edificios-madera-altura-barcelona-espana\/#primaryimage"},"thumbnailUrl":"https:\/\/maderamen.com.ar\/todo-madera\/wp-content\/uploads\/sites\/3\/2017\/11\/interior.jpg","articleSection":["Noticias"],"inLanguage":"es","potentialAction":[{"@type":"CommentAction","name":"Comment","target":["https:\/\/maderamen.com.ar\/todo-madera\/2017\/12\/12\/aumenta-la-construccion-edificios-madera-altura-barcelona-espana\/#respond"]}]},{"@type":"WebPage","@id":"https:\/\/maderamen.com.ar\/todo-madera\/2017\/12\/12\/aumenta-la-construccion-edificios-madera-altura-barcelona-espana\/","url":"https:\/\/maderamen.com.ar\/todo-madera\/2017\/12\/12\/aumenta-la-construccion-edificios-madera-altura-barcelona-espana\/","name":"Aumenta la construcci\u00f3n de edificios con madera en altura en Barcelona","isPartOf":{"@id":"https:\/\/maderamen.com.ar\/todo-madera\/#website"},"primaryImageOfPage":{"@id":"https:\/\/maderamen.com.ar\/todo-madera\/2017\/12\/12\/aumenta-la-construccion-edificios-madera-altura-barcelona-espana\/#primaryimage"},"image":{"@id":"https:\/\/maderamen.com.ar\/todo-madera\/2017\/12\/12\/aumenta-la-construccion-edificios-madera-altura-barcelona-espana\/#primaryimage"},"thumbnailUrl":"https:\/\/maderamen.com.ar\/todo-madera\/wp-content\/uploads\/sites\/3\/2017\/11\/interior.jpg","datePublished":"2017-12-12T13:01:39+00:00","dateModified":"2018-05-02T22:59:50+00:00","description":"House Habitat, especializada en construcci\u00f3n de viviendas eficientes energ\u00e9ticamente, nota inter\u00e9s por construcci\u00f3n con madera en altura desde 2014","breadcrumb":{"@id":"https:\/\/maderamen.com.ar\/todo-madera\/2017\/12\/12\/aumenta-la-construccion-edificios-madera-altura-barcelona-espana\/#breadcrumb"},"inLanguage":"es","potentialAction":[{"@type":"ReadAction","target":["https:\/\/maderamen.com.ar\/todo-madera\/2017\/12\/12\/aumenta-la-construccion-edificios-madera-altura-barcelona-espana\/"]}]},{"@type":"ImageObject","inLanguage":"es","@id":"https:\/\/maderamen.com.ar\/todo-madera\/2017\/12\/12\/aumenta-la-construccion-edificios-madera-altura-barcelona-espana\/#primaryimage","url":"https:\/\/maderamen.com.ar\/todo-madera\/wp-content\/uploads\/sites\/3\/2017\/11\/interior.jpg","contentUrl":"https:\/\/maderamen.com.ar\/todo-madera\/wp-content\/uploads\/sites\/3\/2017\/11\/interior.jpg","width":1181,"height":781,"caption":"Foto del interior de la vivienda construida en El Prat, Barcelona, por Federico Pesl y Lucila P\u00e9rez-Elizalde arquitectos\/ @Jason Keith."},{"@type":"BreadcrumbList","@id":"https:\/\/maderamen.com.ar\/todo-madera\/2017\/12\/12\/aumenta-la-construccion-edificios-madera-altura-barcelona-espana\/#breadcrumb","itemListElement":[{"@type":"ListItem","position":1,"name":"Portada","item":"https:\/\/maderamen.com.ar\/todo-madera\/"},{"@type":"ListItem","position":2,"name":"Aumenta la construcci\u00f3n de edificios con madera en altura en Barcelona, Espa\u00f1a"}]},{"@type":"WebSite","@id":"https:\/\/maderamen.com.ar\/todo-madera\/#website","url":"https:\/\/maderamen.com.ar\/todo-madera\/","name":"Todo Madera","description":"Noticias sobre madera y construcci\u00f3n","publisher":{"@id":"https:\/\/maderamen.com.ar\/todo-madera\/#organization"},"potentialAction":[{"@type":"SearchAction","target":{"@type":"EntryPoint","urlTemplate":"https:\/\/maderamen.com.ar\/todo-madera\/?s={search_term_string}"},"query-input":{"@type":"PropertyValueSpecification","valueRequired":true,"valueName":"search_term_string"}}],"inLanguage":"es"},{"@type":"Organization","@id":"https:\/\/maderamen.com.ar\/todo-madera\/#organization","name":"Maderamen","url":"https:\/\/maderamen.com.ar\/todo-madera\/","logo":{"@type":"ImageObject","inLanguage":"es","@id":"https:\/\/maderamen.com.ar\/todo-madera\/#\/schema\/logo\/image\/","url":"https:\/\/maderamen.com.ar\/todo-madera\/wp-content\/uploads\/sites\/3\/2017\/09\/logo-maderamen-s.png","contentUrl":"https:\/\/maderamen.com.ar\/todo-madera\/wp-content\/uploads\/sites\/3\/2017\/09\/logo-maderamen-s.png","width":250,"height":246,"caption":"Maderamen"},"image":{"@id":"https:\/\/maderamen.com.ar\/todo-madera\/#\/schema\/logo\/image\/"},"sameAs":["https:\/\/www.facebook.com\/Maderamen.Argentina\/","https:\/\/x.com\/DesarrolloFores","https:\/\/www.youtube.com\/channel\/UCeYU2-_JRTYYpgHoyhTT2Fg","https:\/\/www.instagram.com\/maderamen.ok\/","https:\/\/www.linkedin.com\/company\/maderameneditorial\/"]},{"@type":"Person","@id":"https:\/\/maderamen.com.ar\/todo-madera\/#\/schema\/person\/81237cb585ad2f10f2acafa58c3039be","name":"Maderamen","image":{"@type":"ImageObject","inLanguage":"es","@id":"https:\/\/secure.gravatar.com\/avatar\/a1b1f0c9d2022e41abb183e86a64d5f6f0b4ded802929b19f98f6623f6c677c7?s=96&d=mm&r=g","url":"https:\/\/secure.gravatar.com\/avatar\/a1b1f0c9d2022e41abb183e86a64d5f6f0b4ded802929b19f98f6623f6c677c7?s=96&d=mm&r=g","contentUrl":"https:\/\/secure.gravatar.com\/avatar\/a1b1f0c9d2022e41abb183e86a64d5f6f0b4ded802929b19f98f6623f6c677c7?s=96&d=mm&r=g","caption":"Maderamen"},"url":"https:\/\/maderamen.com.ar\/todo-madera\/author\/maderameneditor\/"}]}},"_links":{"self":[{"href":"https:\/\/maderamen.com.ar\/todo-madera\/wp-json\/wp\/v2\/posts\/8847","targetHints":{"allow":["GET"]}}],"collection":[{"href":"https:\/\/maderamen.com.ar\/todo-madera\/wp-json\/wp\/v2\/posts"}],"about":[{"href":"https:\/\/maderamen.com.ar\/todo-madera\/wp-json\/wp\/v2\/types\/post"}],"author":[{"embeddable":true,"href":"https:\/\/maderamen.com.ar\/todo-madera\/wp-json\/wp\/v2\/users\/7"}],"replies":[{"embeddable":true,"href":"https:\/\/maderamen.com.ar\/todo-madera\/wp-json\/wp\/v2\/comments?post=8847"}],"version-history":[{"count":0,"href":"https:\/\/maderamen.com.ar\/todo-madera\/wp-json\/wp\/v2\/posts\/8847\/revisions"}],"wp:featuredmedia":[{"embeddable":true,"href":"https:\/\/maderamen.com.ar\/todo-madera\/wp-json\/wp\/v2\/media\/8852"}],"wp:attachment":[{"href":"https:\/\/maderamen.com.ar\/todo-madera\/wp-json\/wp\/v2\/media?parent=8847"}],"wp:term":[{"taxonomy":"category","embeddable":true,"href":"https:\/\/maderamen.com.ar\/todo-madera\/wp-json\/wp\/v2\/categories?post=8847"},{"taxonomy":"post_tag","embeddable":true,"href":"https:\/\/maderamen.com.ar\/todo-madera\/wp-json\/wp\/v2\/tags?post=8847"}],"curies":[{"name":"wp","href":"https:\/\/api.w.org\/{rel}","templated":true}]}}