{"id":6423,"date":"2012-06-21T00:00:00","date_gmt":"2012-06-21T00:00:00","guid":{"rendered":"http:\/\/maderamen.com.ar\/todo-madera\/2012\/06\/21\/avanza-el-censo-industrial-del-sector-maderero-en-corrientes\/"},"modified":"2012-06-21T00:00:00","modified_gmt":"2012-06-21T00:00:00","slug":"avanza-el-censo-industrial-del-sector-maderero-en-corrientes","status":"publish","type":"post","link":"https:\/\/maderamen.com.ar\/todo-madera\/2012\/06\/21\/avanza-el-censo-industrial-del-sector-maderero-en-corrientes\/","title":{"rendered":"Avanza el censo industrial del sector maderero en Corrientes"},"content":{"rendered":"<p>(Buenos Aires, 21 de junio de 2012). Las industrias relevadas comprenden a aserraderos m\u00f3viles y\/o fijos, secaderos, f\u00e1brica de tableros, impregnadoras, industria de envase de madera, carpinter\u00edas y art\u00edculos rurales, fabricas de mueble, seg\u00fan un informe detallado que envi\u00f3 a este medio el director ejecutivo Foresto Industrial (U.O.P) del Ministerio de Producci\u00f3n, Trabajo y Turismo de esa provincia, Francisco Torres Cayman. <\/p>\n<p>\u201cLas tareas de barrido de industrias transformadoras de madera, pertenecientes a la primera etapa del Censo Foresto Industrial 2012 avanzan seg\u00fan lo planificado, contando en cada \u00e1rea con un plantel de encuestadores con la disponibilidad de herramientas necesarias (GPS, mapas, formularios, folleter\u00eda, credenciales) e instrucciones claras para la realizaci\u00f3n de manera \u00f3ptima del relevamiento encomendado\u201d, inform\u00f3 el Ministerio de Producci\u00f3n de Corrientes. <\/p>\n<p>\u201cLa fecha de finalizaci\u00f3n del barrido se estima para el 11 de junio, momento en que se iniciar\u00e1, luego de un debido procesamiento de datos, el relevamiento censal. En esta etapa se recabar\u00e1 la informaci\u00f3n requerida del sector foresto industrial, cumpliendo la misma el car\u00e1cter de confidencialidad, y dirigida a planificar e implementar pol\u00edticas p\u00fablicas en beneficio de la actividad productiva y sus actores\u201d, explic\u00f3 el organismo provincial. <\/p>\n<p>Las industrias relevadas comprenden los siguientes rubros: aserraderos m\u00f3viles y\/o fijos, secaderos, f\u00e1brica de tableros, impregnadoras, industria de envase de madera, carpinter\u00edas y art\u00edculos rurales, fabricas de mueble, remanufacturas.<\/p>\n","protected":false},"excerpt":{"rendered":"<p>(Buenos Aires, 21 de junio de 2012). Las industrias relevadas comprenden a aserraderos m\u00f3viles y\/o fijos, secaderos, f\u00e1brica de tableros, impregnadoras, industria de envase de madera, carpinter\u00edas y art\u00edculos rurales, fabricas de mueble, seg\u00fan un informe detallado que envi\u00f3 a este medio el director ejecutivo Foresto Industrial (U.O.P) del Ministerio de Producci\u00f3n, Trabajo y Turismo [&hellip;]<\/p>\n","protected":false},"author":1,"featured_media":0,"comment_status":"open","ping_status":"open","sticky":false,"template":"","format":"standard","meta":{"footnotes":""},"categories":[3],"tags":[],"class_list":{"0":"post-6423","1":"post","2":"type-post","3":"status-publish","4":"format-standard","6":"category-noticias-y-actualidad"},"yoast_head":"<!-- This site is optimized with the Yoast SEO plugin v27.4 - https:\/\/yoast.com\/product\/yoast-seo-wordpress\/ -->\n<title>Avanza el censo industrial del sector maderero en Corrientes - Todo Madera<\/title>\n<meta name=\"robots\" content=\"index, follow, max-snippet:-1, max-image-preview:large, max-video-preview:-1\" \/>\n<link rel=\"canonical\" href=\"https:\/\/maderamen.com.ar\/todo-madera\/2012\/06\/21\/avanza-el-censo-industrial-del-sector-maderero-en-corrientes\/\" \/>\n<meta property=\"og:locale\" content=\"es_ES\" \/>\n<meta property=\"og:type\" content=\"article\" \/>\n<meta property=\"og:title\" content=\"Avanza el censo industrial del sector maderero en Corrientes - Todo Madera\" \/>\n<meta property=\"og:description\" content=\"(Buenos Aires, 21 de junio de 2012). Las industrias relevadas comprenden a aserraderos m\u00f3viles y\/o fijos, secaderos, f\u00e1brica de tableros, impregnadoras, industria de envase de madera, carpinter\u00edas y art\u00edculos rurales, fabricas de mueble, seg\u00fan un informe detallado que envi\u00f3 a este medio el director ejecutivo Foresto Industrial (U.O.P) del Ministerio de Producci\u00f3n, Trabajo y Turismo [&hellip;]\" \/>\n<meta property=\"og:url\" content=\"https:\/\/maderamen.com.ar\/todo-madera\/2012\/06\/21\/avanza-el-censo-industrial-del-sector-maderero-en-corrientes\/\" \/>\n<meta property=\"og:site_name\" content=\"Todo Madera\" \/>\n<meta property=\"article:publisher\" content=\"https:\/\/www.facebook.com\/Maderamen.Argentina\/\" \/>\n<meta property=\"article:published_time\" content=\"2012-06-21T00:00:00+00:00\" \/>\n<meta name=\"author\" content=\"Maderamen\" \/>\n<meta name=\"twitter:card\" content=\"summary_large_image\" \/>\n<meta name=\"twitter:creator\" content=\"@DesarrolloFores\" \/>\n<meta name=\"twitter:site\" content=\"@DesarrolloFores\" \/>\n<meta name=\"twitter:label1\" content=\"Escrito por\" \/>\n\t<meta name=\"twitter:data1\" content=\"Maderamen\" \/>\n\t<meta name=\"twitter:label2\" content=\"Tiempo de lectura\" \/>\n\t<meta name=\"twitter:data2\" content=\"1 minuto\" \/>\n<script type=\"application\/ld+json\" class=\"yoast-schema-graph\">{\"@context\":\"https:\\\/\\\/schema.org\",\"@graph\":[{\"@type\":\"Article\",\"@id\":\"https:\\\/\\\/maderamen.com.ar\\\/todo-madera\\\/2012\\\/06\\\/21\\\/avanza-el-censo-industrial-del-sector-maderero-en-corrientes\\\/#article\",\"isPartOf\":{\"@id\":\"https:\\\/\\\/maderamen.com.ar\\\/todo-madera\\\/2012\\\/06\\\/21\\\/avanza-el-censo-industrial-del-sector-maderero-en-corrientes\\\/\"},\"author\":{\"name\":\"Maderamen\",\"@id\":\"https:\\\/\\\/maderamen.com.ar\\\/todo-madera\\\/#\\\/schema\\\/person\\\/ad3cdc3df72c15861fdd096bee929343\"},\"headline\":\"Avanza el censo industrial del sector maderero en Corrientes\",\"datePublished\":\"2012-06-21T00:00:00+00:00\",\"mainEntityOfPage\":{\"@id\":\"https:\\\/\\\/maderamen.com.ar\\\/todo-madera\\\/2012\\\/06\\\/21\\\/avanza-el-censo-industrial-del-sector-maderero-en-corrientes\\\/\"},\"wordCount\":248,\"commentCount\":0,\"publisher\":{\"@id\":\"https:\\\/\\\/maderamen.com.ar\\\/todo-madera\\\/#organization\"},\"articleSection\":[\"Noticias\"],\"inLanguage\":\"es\",\"potentialAction\":[{\"@type\":\"CommentAction\",\"name\":\"Comment\",\"target\":[\"https:\\\/\\\/maderamen.com.ar\\\/todo-madera\\\/2012\\\/06\\\/21\\\/avanza-el-censo-industrial-del-sector-maderero-en-corrientes\\\/#respond\"]}]},{\"@type\":\"WebPage\",\"@id\":\"https:\\\/\\\/maderamen.com.ar\\\/todo-madera\\\/2012\\\/06\\\/21\\\/avanza-el-censo-industrial-del-sector-maderero-en-corrientes\\\/\",\"url\":\"https:\\\/\\\/maderamen.com.ar\\\/todo-madera\\\/2012\\\/06\\\/21\\\/avanza-el-censo-industrial-del-sector-maderero-en-corrientes\\\/\",\"name\":\"Avanza el censo industrial del sector maderero en Corrientes - Todo Madera\",\"isPartOf\":{\"@id\":\"https:\\\/\\\/maderamen.com.ar\\\/todo-madera\\\/#website\"},\"datePublished\":\"2012-06-21T00:00:00+00:00\",\"breadcrumb\":{\"@id\":\"https:\\\/\\\/maderamen.com.ar\\\/todo-madera\\\/2012\\\/06\\\/21\\\/avanza-el-censo-industrial-del-sector-maderero-en-corrientes\\\/#breadcrumb\"},\"inLanguage\":\"es\",\"potentialAction\":[{\"@type\":\"ReadAction\",\"target\":[\"https:\\\/\\\/maderamen.com.ar\\\/todo-madera\\\/2012\\\/06\\\/21\\\/avanza-el-censo-industrial-del-sector-maderero-en-corrientes\\\/\"]}]},{\"@type\":\"BreadcrumbList\",\"@id\":\"https:\\\/\\\/maderamen.com.ar\\\/todo-madera\\\/2012\\\/06\\\/21\\\/avanza-el-censo-industrial-del-sector-maderero-en-corrientes\\\/#breadcrumb\",\"itemListElement\":[{\"@type\":\"ListItem\",\"position\":1,\"name\":\"Portada\",\"item\":\"https:\\\/\\\/maderamen.com.ar\\\/todo-madera\\\/\"},{\"@type\":\"ListItem\",\"position\":2,\"name\":\"Avanza el censo industrial del sector maderero en Corrientes\"}]},{\"@type\":\"WebSite\",\"@id\":\"https:\\\/\\\/maderamen.com.ar\\\/todo-madera\\\/#website\",\"url\":\"https:\\\/\\\/maderamen.com.ar\\\/todo-madera\\\/\",\"name\":\"Todo Madera\",\"description\":\"Noticias sobre madera y construcci\u00f3n\",\"publisher\":{\"@id\":\"https:\\\/\\\/maderamen.com.ar\\\/todo-madera\\\/#organization\"},\"potentialAction\":[{\"@type\":\"SearchAction\",\"target\":{\"@type\":\"EntryPoint\",\"urlTemplate\":\"https:\\\/\\\/maderamen.com.ar\\\/todo-madera\\\/?s={search_term_string}\"},\"query-input\":{\"@type\":\"PropertyValueSpecification\",\"valueRequired\":true,\"valueName\":\"search_term_string\"}}],\"inLanguage\":\"es\"},{\"@type\":\"Organization\",\"@id\":\"https:\\\/\\\/maderamen.com.ar\\\/todo-madera\\\/#organization\",\"name\":\"Maderamen\",\"url\":\"https:\\\/\\\/maderamen.com.ar\\\/todo-madera\\\/\",\"logo\":{\"@type\":\"ImageObject\",\"inLanguage\":\"es\",\"@id\":\"https:\\\/\\\/maderamen.com.ar\\\/todo-madera\\\/#\\\/schema\\\/logo\\\/image\\\/\",\"url\":\"https:\\\/\\\/maderamen.com.ar\\\/todo-madera\\\/wp-content\\\/uploads\\\/sites\\\/3\\\/2017\\\/09\\\/logo-maderamen-s.png\",\"contentUrl\":\"https:\\\/\\\/maderamen.com.ar\\\/todo-madera\\\/wp-content\\\/uploads\\\/sites\\\/3\\\/2017\\\/09\\\/logo-maderamen-s.png\",\"width\":250,\"height\":246,\"caption\":\"Maderamen\"},\"image\":{\"@id\":\"https:\\\/\\\/maderamen.com.ar\\\/todo-madera\\\/#\\\/schema\\\/logo\\\/image\\\/\"},\"sameAs\":[\"https:\\\/\\\/www.facebook.com\\\/Maderamen.Argentina\\\/\",\"https:\\\/\\\/x.com\\\/DesarrolloFores\",\"https:\\\/\\\/www.youtube.com\\\/channel\\\/UCeYU2-_JRTYYpgHoyhTT2Fg\",\"https:\\\/\\\/www.instagram.com\\\/maderamen.ok\\\/\",\"https:\\\/\\\/www.linkedin.com\\\/company\\\/maderameneditorial\\\/\"]},{\"@type\":\"Person\",\"@id\":\"https:\\\/\\\/maderamen.com.ar\\\/todo-madera\\\/#\\\/schema\\\/person\\\/ad3cdc3df72c15861fdd096bee929343\",\"name\":\"Maderamen\",\"image\":{\"@type\":\"ImageObject\",\"inLanguage\":\"es\",\"@id\":\"https:\\\/\\\/secure.gravatar.com\\\/avatar\\\/af612dc5cc79b81354fdd5591e3c15e376793953a9585c1142faad6370a6f555?s=96&d=mm&r=g\",\"url\":\"https:\\\/\\\/secure.gravatar.com\\\/avatar\\\/af612dc5cc79b81354fdd5591e3c15e376793953a9585c1142faad6370a6f555?s=96&d=mm&r=g\",\"contentUrl\":\"https:\\\/\\\/secure.gravatar.com\\\/avatar\\\/af612dc5cc79b81354fdd5591e3c15e376793953a9585c1142faad6370a6f555?s=96&d=mm&r=g\",\"caption\":\"Maderamen\"},\"url\":\"https:\\\/\\\/maderamen.com.ar\\\/todo-madera\\\/author\\\/sachi\\\/\"}]}<\/script>\n<!-- \/ Yoast SEO plugin. -->","yoast_head_json":{"title":"Avanza el censo industrial del sector maderero en Corrientes - Todo Madera","robots":{"index":"index","follow":"follow","max-snippet":"max-snippet:-1","max-image-preview":"max-image-preview:large","max-video-preview":"max-video-preview:-1"},"canonical":"https:\/\/maderamen.com.ar\/todo-madera\/2012\/06\/21\/avanza-el-censo-industrial-del-sector-maderero-en-corrientes\/","og_locale":"es_ES","og_type":"article","og_title":"Avanza el censo industrial del sector maderero en Corrientes - Todo Madera","og_description":"(Buenos Aires, 21 de junio de 2012). Las industrias relevadas comprenden a aserraderos m\u00f3viles y\/o fijos, secaderos, f\u00e1brica de tableros, impregnadoras, industria de envase de madera, carpinter\u00edas y art\u00edculos rurales, fabricas de mueble, seg\u00fan un informe detallado que envi\u00f3 a este medio el director ejecutivo Foresto Industrial (U.O.P) del Ministerio de Producci\u00f3n, Trabajo y Turismo [&hellip;]","og_url":"https:\/\/maderamen.com.ar\/todo-madera\/2012\/06\/21\/avanza-el-censo-industrial-del-sector-maderero-en-corrientes\/","og_site_name":"Todo Madera","article_publisher":"https:\/\/www.facebook.com\/Maderamen.Argentina\/","article_published_time":"2012-06-21T00:00:00+00:00","author":"Maderamen","twitter_card":"summary_large_image","twitter_creator":"@DesarrolloFores","twitter_site":"@DesarrolloFores","twitter_misc":{"Escrito por":"Maderamen","Tiempo de lectura":"1 minuto"},"schema":{"@context":"https:\/\/schema.org","@graph":[{"@type":"Article","@id":"https:\/\/maderamen.com.ar\/todo-madera\/2012\/06\/21\/avanza-el-censo-industrial-del-sector-maderero-en-corrientes\/#article","isPartOf":{"@id":"https:\/\/maderamen.com.ar\/todo-madera\/2012\/06\/21\/avanza-el-censo-industrial-del-sector-maderero-en-corrientes\/"},"author":{"name":"Maderamen","@id":"https:\/\/maderamen.com.ar\/todo-madera\/#\/schema\/person\/ad3cdc3df72c15861fdd096bee929343"},"headline":"Avanza el censo industrial del sector maderero en Corrientes","datePublished":"2012-06-21T00:00:00+00:00","mainEntityOfPage":{"@id":"https:\/\/maderamen.com.ar\/todo-madera\/2012\/06\/21\/avanza-el-censo-industrial-del-sector-maderero-en-corrientes\/"},"wordCount":248,"commentCount":0,"publisher":{"@id":"https:\/\/maderamen.com.ar\/todo-madera\/#organization"},"articleSection":["Noticias"],"inLanguage":"es","potentialAction":[{"@type":"CommentAction","name":"Comment","target":["https:\/\/maderamen.com.ar\/todo-madera\/2012\/06\/21\/avanza-el-censo-industrial-del-sector-maderero-en-corrientes\/#respond"]}]},{"@type":"WebPage","@id":"https:\/\/maderamen.com.ar\/todo-madera\/2012\/06\/21\/avanza-el-censo-industrial-del-sector-maderero-en-corrientes\/","url":"https:\/\/maderamen.com.ar\/todo-madera\/2012\/06\/21\/avanza-el-censo-industrial-del-sector-maderero-en-corrientes\/","name":"Avanza el censo industrial del sector maderero en Corrientes - Todo Madera","isPartOf":{"@id":"https:\/\/maderamen.com.ar\/todo-madera\/#website"},"datePublished":"2012-06-21T00:00:00+00:00","breadcrumb":{"@id":"https:\/\/maderamen.com.ar\/todo-madera\/2012\/06\/21\/avanza-el-censo-industrial-del-sector-maderero-en-corrientes\/#breadcrumb"},"inLanguage":"es","potentialAction":[{"@type":"ReadAction","target":["https:\/\/maderamen.com.ar\/todo-madera\/2012\/06\/21\/avanza-el-censo-industrial-del-sector-maderero-en-corrientes\/"]}]},{"@type":"BreadcrumbList","@id":"https:\/\/maderamen.com.ar\/todo-madera\/2012\/06\/21\/avanza-el-censo-industrial-del-sector-maderero-en-corrientes\/#breadcrumb","itemListElement":[{"@type":"ListItem","position":1,"name":"Portada","item":"https:\/\/maderamen.com.ar\/todo-madera\/"},{"@type":"ListItem","position":2,"name":"Avanza el censo industrial del sector maderero en Corrientes"}]},{"@type":"WebSite","@id":"https:\/\/maderamen.com.ar\/todo-madera\/#website","url":"https:\/\/maderamen.com.ar\/todo-madera\/","name":"Todo Madera","description":"Noticias sobre madera y construcci\u00f3n","publisher":{"@id":"https:\/\/maderamen.com.ar\/todo-madera\/#organization"},"potentialAction":[{"@type":"SearchAction","target":{"@type":"EntryPoint","urlTemplate":"https:\/\/maderamen.com.ar\/todo-madera\/?s={search_term_string}"},"query-input":{"@type":"PropertyValueSpecification","valueRequired":true,"valueName":"search_term_string"}}],"inLanguage":"es"},{"@type":"Organization","@id":"https:\/\/maderamen.com.ar\/todo-madera\/#organization","name":"Maderamen","url":"https:\/\/maderamen.com.ar\/todo-madera\/","logo":{"@type":"ImageObject","inLanguage":"es","@id":"https:\/\/maderamen.com.ar\/todo-madera\/#\/schema\/logo\/image\/","url":"https:\/\/maderamen.com.ar\/todo-madera\/wp-content\/uploads\/sites\/3\/2017\/09\/logo-maderamen-s.png","contentUrl":"https:\/\/maderamen.com.ar\/todo-madera\/wp-content\/uploads\/sites\/3\/2017\/09\/logo-maderamen-s.png","width":250,"height":246,"caption":"Maderamen"},"image":{"@id":"https:\/\/maderamen.com.ar\/todo-madera\/#\/schema\/logo\/image\/"},"sameAs":["https:\/\/www.facebook.com\/Maderamen.Argentina\/","https:\/\/x.com\/DesarrolloFores","https:\/\/www.youtube.com\/channel\/UCeYU2-_JRTYYpgHoyhTT2Fg","https:\/\/www.instagram.com\/maderamen.ok\/","https:\/\/www.linkedin.com\/company\/maderameneditorial\/"]},{"@type":"Person","@id":"https:\/\/maderamen.com.ar\/todo-madera\/#\/schema\/person\/ad3cdc3df72c15861fdd096bee929343","name":"Maderamen","image":{"@type":"ImageObject","inLanguage":"es","@id":"https:\/\/secure.gravatar.com\/avatar\/af612dc5cc79b81354fdd5591e3c15e376793953a9585c1142faad6370a6f555?s=96&d=mm&r=g","url":"https:\/\/secure.gravatar.com\/avatar\/af612dc5cc79b81354fdd5591e3c15e376793953a9585c1142faad6370a6f555?s=96&d=mm&r=g","contentUrl":"https:\/\/secure.gravatar.com\/avatar\/af612dc5cc79b81354fdd5591e3c15e376793953a9585c1142faad6370a6f555?s=96&d=mm&r=g","caption":"Maderamen"},"url":"https:\/\/maderamen.com.ar\/todo-madera\/author\/sachi\/"}]}},"_links":{"self":[{"href":"https:\/\/maderamen.com.ar\/todo-madera\/wp-json\/wp\/v2\/posts\/6423","targetHints":{"allow":["GET"]}}],"collection":[{"href":"https:\/\/maderamen.com.ar\/todo-madera\/wp-json\/wp\/v2\/posts"}],"about":[{"href":"https:\/\/maderamen.com.ar\/todo-madera\/wp-json\/wp\/v2\/types\/post"}],"author":[{"embeddable":true,"href":"https:\/\/maderamen.com.ar\/todo-madera\/wp-json\/wp\/v2\/users\/1"}],"replies":[{"embeddable":true,"href":"https:\/\/maderamen.com.ar\/todo-madera\/wp-json\/wp\/v2\/comments?post=6423"}],"version-history":[{"count":0,"href":"https:\/\/maderamen.com.ar\/todo-madera\/wp-json\/wp\/v2\/posts\/6423\/revisions"}],"wp:attachment":[{"href":"https:\/\/maderamen.com.ar\/todo-madera\/wp-json\/wp\/v2\/media?parent=6423"}],"wp:term":[{"taxonomy":"category","embeddable":true,"href":"https:\/\/maderamen.com.ar\/todo-madera\/wp-json\/wp\/v2\/categories?post=6423"},{"taxonomy":"post_tag","embeddable":true,"href":"https:\/\/maderamen.com.ar\/todo-madera\/wp-json\/wp\/v2\/tags?post=6423"}],"curies":[{"name":"wp","href":"https:\/\/api.w.org\/{rel}","templated":true}]}}