{"id":6417,"date":"2012-05-30T00:00:00","date_gmt":"2012-05-30T00:00:00","guid":{"rendered":"http:\/\/maderamen.com.ar\/todo-madera\/2012\/05\/30\/inauguracion-oficial-de-batimat-2012-en-la-rural\/"},"modified":"2012-05-30T00:00:00","modified_gmt":"2012-05-30T00:00:00","slug":"inauguracion-oficial-de-batimat-2012-en-la-rural","status":"publish","type":"post","link":"https:\/\/maderamen.com.ar\/todo-madera\/2012\/05\/30\/inauguracion-oficial-de-batimat-2012-en-la-rural\/","title":{"rendered":"Inauguraci\u00f3n oficial de BATIMAT 2012 en La Rural"},"content":{"rendered":"<p>(Buenos Aires, 30 de mayo de 2012. Enviado especial a BATIMAT EXPOVIVIENDA 2012). &quot;Hoy la feria muestra la renovaci\u00f3n tecnol\u00f3gica y todo tipo de elementos afines a la construcci\u00f3n y la vivienda estructural\u201d, afirm\u00f3 Miguel Camps, presidente de la Asociaci\u00f3n de Empresarios de la Vivienda y Desarrollos Inmobiliarios. Fue en la inauguraci\u00f3n de la BATIMAT 2012, de la que particip\u00f3 una enviada especial de Todo Madera. Participaron del evento Daniel Cha\u00edn, ministro de Desarrollo Urbano del Gobierno de la Ciudad de Buenos Aires; Carlos Wagner, presidente de la C\u00e1mara Argentina de la Construcci\u00f3n; Eduardo Baldani, ministro de la Producci\u00f3n de Chubut; el mencionado Camps y funcionarios, empresarios, institutos y c\u00e1maras de la construcci\u00f3n.<\/p>\n<p>El discurso de apertura de la nueva edici\u00f3n de Batimat Expovivienda 2012 estuvo a cargo del presidente de la Asociaci\u00f3n de Empresarios de la Vivienda y Desarrollos Inmobiliarios, Miguel Camps: &quot;Hoy la feria muestra la renovaci\u00f3n tecnol\u00f3gica y todo tipo de elementos a fines a la construcci\u00f3n y la vivienda estructural\u201d <\/p>\n<p>\u201cEsto es muy alentador \u2013agreg\u00f3 Camps- porque hace muchos a\u00f1os venimos trabajando en el sector. Por otra parte, hay un equilibrio en la construcci\u00f3n en el pa\u00eds, mantiene una gran mano de obra ocupada. Ac\u00e1 vemos empresas con mucho trabajo&quot;, resalt\u00f3 el presidente de AEV. <\/p>\n<p>Participaron del acto inaugural de BATIMAT EXPOVIVIENDA Daniel Cha\u00edn, ministro de Desarrollo Urbano del Gobierno de la Ciudad de Buenos Aires; Carlos Wagner, presidente de la C\u00e1mara Argentina de la Construcci\u00f3n; Eduardo Baldani, ministro de la Producci\u00f3n de Chubut; el mencionado Camps y funcionarios, empresarios, institutos y c\u00e1maras de la construcci\u00f3n. <\/p>\n<p>A su turno, presidente de la C\u00e1mara Argentina de la Construcci\u00f3n, Carlos Wagner, consider\u00f3 que la industria est\u00e1 pasando un momento crucial para la construcci\u00f3n y es necesario continuar acompa\u00f1ando al sector para su crecimiento. <\/p>\n<p>Finalmente, con las palabras del ministro de Desarrollo Urbano del Gobierno de la Ciudad de Buenos Aires, Daniel Cha\u00edn, qued\u00f3 inaugurada la muestra: &quot;El gobierno que represento considera a la industria de la construcci\u00f3n un valioso instrumento del progreso, ya que constituye decisivamente a la calidad de vida de las personas, genera trabajo genuino y es multiplicador de la actividad econ\u00f3mica\u201d, concluy\u00f3. <\/p>\n<p>La nota completa, con todos los detalles de BATIMAT EXPOVIVIENDA 2012, se ver\u00e1 en la edici\u00f3n impresa de Todo Madera de julio. <\/p>\n<p>Fotos: Todo Madera.<\/p>\n","protected":false},"excerpt":{"rendered":"<p>(Buenos Aires, 30 de mayo de 2012. Enviado especial a BATIMAT EXPOVIVIENDA 2012). &quot;Hoy la feria muestra la renovaci\u00f3n tecnol\u00f3gica y todo tipo de elementos afines a la construcci\u00f3n y la vivienda estructural\u201d, afirm\u00f3 Miguel Camps, presidente de la Asociaci\u00f3n de Empresarios de la Vivienda y Desarrollos Inmobiliarios. Fue en la inauguraci\u00f3n de la BATIMAT [&hellip;]<\/p>\n","protected":false},"author":1,"featured_media":0,"comment_status":"open","ping_status":"open","sticky":false,"template":"","format":"standard","meta":{"footnotes":""},"categories":[3],"tags":[],"class_list":{"0":"post-6417","1":"post","2":"type-post","3":"status-publish","4":"format-standard","6":"category-noticias-y-actualidad"},"yoast_head":"<!-- This site is optimized with the Yoast SEO plugin v27.4 - https:\/\/yoast.com\/product\/yoast-seo-wordpress\/ -->\n<title>Inauguraci\u00f3n oficial de BATIMAT 2012 en La Rural - Todo Madera<\/title>\n<meta name=\"robots\" content=\"index, follow, max-snippet:-1, max-image-preview:large, max-video-preview:-1\" \/>\n<link rel=\"canonical\" href=\"https:\/\/maderamen.com.ar\/todo-madera\/2012\/05\/30\/inauguracion-oficial-de-batimat-2012-en-la-rural\/\" \/>\n<meta property=\"og:locale\" content=\"es_ES\" \/>\n<meta property=\"og:type\" content=\"article\" \/>\n<meta property=\"og:title\" content=\"Inauguraci\u00f3n oficial de BATIMAT 2012 en La Rural - Todo Madera\" \/>\n<meta property=\"og:description\" content=\"(Buenos Aires, 30 de mayo de 2012. Enviado especial a BATIMAT EXPOVIVIENDA 2012). &quot;Hoy la feria muestra la renovaci\u00f3n tecnol\u00f3gica y todo tipo de elementos afines a la construcci\u00f3n y la vivienda estructural\u201d, afirm\u00f3 Miguel Camps, presidente de la Asociaci\u00f3n de Empresarios de la Vivienda y Desarrollos Inmobiliarios. Fue en la inauguraci\u00f3n de la BATIMAT [&hellip;]\" \/>\n<meta property=\"og:url\" content=\"https:\/\/maderamen.com.ar\/todo-madera\/2012\/05\/30\/inauguracion-oficial-de-batimat-2012-en-la-rural\/\" \/>\n<meta property=\"og:site_name\" content=\"Todo Madera\" \/>\n<meta property=\"article:publisher\" content=\"https:\/\/www.facebook.com\/Maderamen.Argentina\/\" \/>\n<meta property=\"article:published_time\" content=\"2012-05-30T00:00:00+00:00\" \/>\n<meta name=\"author\" content=\"Maderamen\" \/>\n<meta name=\"twitter:card\" content=\"summary_large_image\" \/>\n<meta name=\"twitter:creator\" content=\"@DesarrolloFores\" \/>\n<meta name=\"twitter:site\" content=\"@DesarrolloFores\" \/>\n<meta name=\"twitter:label1\" content=\"Escrito por\" \/>\n\t<meta name=\"twitter:data1\" content=\"Maderamen\" \/>\n\t<meta name=\"twitter:label2\" content=\"Tiempo de lectura\" \/>\n\t<meta name=\"twitter:data2\" content=\"2 minutos\" \/>\n<script type=\"application\/ld+json\" class=\"yoast-schema-graph\">{\"@context\":\"https:\\\/\\\/schema.org\",\"@graph\":[{\"@type\":\"Article\",\"@id\":\"https:\\\/\\\/maderamen.com.ar\\\/todo-madera\\\/2012\\\/05\\\/30\\\/inauguracion-oficial-de-batimat-2012-en-la-rural\\\/#article\",\"isPartOf\":{\"@id\":\"https:\\\/\\\/maderamen.com.ar\\\/todo-madera\\\/2012\\\/05\\\/30\\\/inauguracion-oficial-de-batimat-2012-en-la-rural\\\/\"},\"author\":{\"name\":\"Maderamen\",\"@id\":\"https:\\\/\\\/maderamen.com.ar\\\/todo-madera\\\/#\\\/schema\\\/person\\\/ad3cdc3df72c15861fdd096bee929343\"},\"headline\":\"Inauguraci\u00f3n oficial de BATIMAT 2012 en La Rural\",\"datePublished\":\"2012-05-30T00:00:00+00:00\",\"mainEntityOfPage\":{\"@id\":\"https:\\\/\\\/maderamen.com.ar\\\/todo-madera\\\/2012\\\/05\\\/30\\\/inauguracion-oficial-de-batimat-2012-en-la-rural\\\/\"},\"wordCount\":421,\"commentCount\":0,\"publisher\":{\"@id\":\"https:\\\/\\\/maderamen.com.ar\\\/todo-madera\\\/#organization\"},\"articleSection\":[\"Noticias\"],\"inLanguage\":\"es\",\"potentialAction\":[{\"@type\":\"CommentAction\",\"name\":\"Comment\",\"target\":[\"https:\\\/\\\/maderamen.com.ar\\\/todo-madera\\\/2012\\\/05\\\/30\\\/inauguracion-oficial-de-batimat-2012-en-la-rural\\\/#respond\"]}]},{\"@type\":\"WebPage\",\"@id\":\"https:\\\/\\\/maderamen.com.ar\\\/todo-madera\\\/2012\\\/05\\\/30\\\/inauguracion-oficial-de-batimat-2012-en-la-rural\\\/\",\"url\":\"https:\\\/\\\/maderamen.com.ar\\\/todo-madera\\\/2012\\\/05\\\/30\\\/inauguracion-oficial-de-batimat-2012-en-la-rural\\\/\",\"name\":\"Inauguraci\u00f3n oficial de BATIMAT 2012 en La Rural - Todo Madera\",\"isPartOf\":{\"@id\":\"https:\\\/\\\/maderamen.com.ar\\\/todo-madera\\\/#website\"},\"datePublished\":\"2012-05-30T00:00:00+00:00\",\"breadcrumb\":{\"@id\":\"https:\\\/\\\/maderamen.com.ar\\\/todo-madera\\\/2012\\\/05\\\/30\\\/inauguracion-oficial-de-batimat-2012-en-la-rural\\\/#breadcrumb\"},\"inLanguage\":\"es\",\"potentialAction\":[{\"@type\":\"ReadAction\",\"target\":[\"https:\\\/\\\/maderamen.com.ar\\\/todo-madera\\\/2012\\\/05\\\/30\\\/inauguracion-oficial-de-batimat-2012-en-la-rural\\\/\"]}]},{\"@type\":\"BreadcrumbList\",\"@id\":\"https:\\\/\\\/maderamen.com.ar\\\/todo-madera\\\/2012\\\/05\\\/30\\\/inauguracion-oficial-de-batimat-2012-en-la-rural\\\/#breadcrumb\",\"itemListElement\":[{\"@type\":\"ListItem\",\"position\":1,\"name\":\"Portada\",\"item\":\"https:\\\/\\\/maderamen.com.ar\\\/todo-madera\\\/\"},{\"@type\":\"ListItem\",\"position\":2,\"name\":\"Inauguraci\u00f3n oficial de BATIMAT 2012 en La Rural\"}]},{\"@type\":\"WebSite\",\"@id\":\"https:\\\/\\\/maderamen.com.ar\\\/todo-madera\\\/#website\",\"url\":\"https:\\\/\\\/maderamen.com.ar\\\/todo-madera\\\/\",\"name\":\"Todo Madera\",\"description\":\"Noticias sobre madera y construcci\u00f3n\",\"publisher\":{\"@id\":\"https:\\\/\\\/maderamen.com.ar\\\/todo-madera\\\/#organization\"},\"potentialAction\":[{\"@type\":\"SearchAction\",\"target\":{\"@type\":\"EntryPoint\",\"urlTemplate\":\"https:\\\/\\\/maderamen.com.ar\\\/todo-madera\\\/?s={search_term_string}\"},\"query-input\":{\"@type\":\"PropertyValueSpecification\",\"valueRequired\":true,\"valueName\":\"search_term_string\"}}],\"inLanguage\":\"es\"},{\"@type\":\"Organization\",\"@id\":\"https:\\\/\\\/maderamen.com.ar\\\/todo-madera\\\/#organization\",\"name\":\"Maderamen\",\"url\":\"https:\\\/\\\/maderamen.com.ar\\\/todo-madera\\\/\",\"logo\":{\"@type\":\"ImageObject\",\"inLanguage\":\"es\",\"@id\":\"https:\\\/\\\/maderamen.com.ar\\\/todo-madera\\\/#\\\/schema\\\/logo\\\/image\\\/\",\"url\":\"https:\\\/\\\/maderamen.com.ar\\\/todo-madera\\\/wp-content\\\/uploads\\\/sites\\\/3\\\/2017\\\/09\\\/logo-maderamen-s.png\",\"contentUrl\":\"https:\\\/\\\/maderamen.com.ar\\\/todo-madera\\\/wp-content\\\/uploads\\\/sites\\\/3\\\/2017\\\/09\\\/logo-maderamen-s.png\",\"width\":250,\"height\":246,\"caption\":\"Maderamen\"},\"image\":{\"@id\":\"https:\\\/\\\/maderamen.com.ar\\\/todo-madera\\\/#\\\/schema\\\/logo\\\/image\\\/\"},\"sameAs\":[\"https:\\\/\\\/www.facebook.com\\\/Maderamen.Argentina\\\/\",\"https:\\\/\\\/x.com\\\/DesarrolloFores\",\"https:\\\/\\\/www.youtube.com\\\/channel\\\/UCeYU2-_JRTYYpgHoyhTT2Fg\",\"https:\\\/\\\/www.instagram.com\\\/maderamen.ok\\\/\",\"https:\\\/\\\/www.linkedin.com\\\/company\\\/maderameneditorial\\\/\"]},{\"@type\":\"Person\",\"@id\":\"https:\\\/\\\/maderamen.com.ar\\\/todo-madera\\\/#\\\/schema\\\/person\\\/ad3cdc3df72c15861fdd096bee929343\",\"name\":\"Maderamen\",\"image\":{\"@type\":\"ImageObject\",\"inLanguage\":\"es\",\"@id\":\"https:\\\/\\\/secure.gravatar.com\\\/avatar\\\/af612dc5cc79b81354fdd5591e3c15e376793953a9585c1142faad6370a6f555?s=96&d=mm&r=g\",\"url\":\"https:\\\/\\\/secure.gravatar.com\\\/avatar\\\/af612dc5cc79b81354fdd5591e3c15e376793953a9585c1142faad6370a6f555?s=96&d=mm&r=g\",\"contentUrl\":\"https:\\\/\\\/secure.gravatar.com\\\/avatar\\\/af612dc5cc79b81354fdd5591e3c15e376793953a9585c1142faad6370a6f555?s=96&d=mm&r=g\",\"caption\":\"Maderamen\"},\"url\":\"https:\\\/\\\/maderamen.com.ar\\\/todo-madera\\\/author\\\/sachi\\\/\"}]}<\/script>\n<!-- \/ Yoast SEO plugin. -->","yoast_head_json":{"title":"Inauguraci\u00f3n oficial de BATIMAT 2012 en La Rural - Todo Madera","robots":{"index":"index","follow":"follow","max-snippet":"max-snippet:-1","max-image-preview":"max-image-preview:large","max-video-preview":"max-video-preview:-1"},"canonical":"https:\/\/maderamen.com.ar\/todo-madera\/2012\/05\/30\/inauguracion-oficial-de-batimat-2012-en-la-rural\/","og_locale":"es_ES","og_type":"article","og_title":"Inauguraci\u00f3n oficial de BATIMAT 2012 en La Rural - Todo Madera","og_description":"(Buenos Aires, 30 de mayo de 2012. Enviado especial a BATIMAT EXPOVIVIENDA 2012). &quot;Hoy la feria muestra la renovaci\u00f3n tecnol\u00f3gica y todo tipo de elementos afines a la construcci\u00f3n y la vivienda estructural\u201d, afirm\u00f3 Miguel Camps, presidente de la Asociaci\u00f3n de Empresarios de la Vivienda y Desarrollos Inmobiliarios. Fue en la inauguraci\u00f3n de la BATIMAT [&hellip;]","og_url":"https:\/\/maderamen.com.ar\/todo-madera\/2012\/05\/30\/inauguracion-oficial-de-batimat-2012-en-la-rural\/","og_site_name":"Todo Madera","article_publisher":"https:\/\/www.facebook.com\/Maderamen.Argentina\/","article_published_time":"2012-05-30T00:00:00+00:00","author":"Maderamen","twitter_card":"summary_large_image","twitter_creator":"@DesarrolloFores","twitter_site":"@DesarrolloFores","twitter_misc":{"Escrito por":"Maderamen","Tiempo de lectura":"2 minutos"},"schema":{"@context":"https:\/\/schema.org","@graph":[{"@type":"Article","@id":"https:\/\/maderamen.com.ar\/todo-madera\/2012\/05\/30\/inauguracion-oficial-de-batimat-2012-en-la-rural\/#article","isPartOf":{"@id":"https:\/\/maderamen.com.ar\/todo-madera\/2012\/05\/30\/inauguracion-oficial-de-batimat-2012-en-la-rural\/"},"author":{"name":"Maderamen","@id":"https:\/\/maderamen.com.ar\/todo-madera\/#\/schema\/person\/ad3cdc3df72c15861fdd096bee929343"},"headline":"Inauguraci\u00f3n oficial de BATIMAT 2012 en La Rural","datePublished":"2012-05-30T00:00:00+00:00","mainEntityOfPage":{"@id":"https:\/\/maderamen.com.ar\/todo-madera\/2012\/05\/30\/inauguracion-oficial-de-batimat-2012-en-la-rural\/"},"wordCount":421,"commentCount":0,"publisher":{"@id":"https:\/\/maderamen.com.ar\/todo-madera\/#organization"},"articleSection":["Noticias"],"inLanguage":"es","potentialAction":[{"@type":"CommentAction","name":"Comment","target":["https:\/\/maderamen.com.ar\/todo-madera\/2012\/05\/30\/inauguracion-oficial-de-batimat-2012-en-la-rural\/#respond"]}]},{"@type":"WebPage","@id":"https:\/\/maderamen.com.ar\/todo-madera\/2012\/05\/30\/inauguracion-oficial-de-batimat-2012-en-la-rural\/","url":"https:\/\/maderamen.com.ar\/todo-madera\/2012\/05\/30\/inauguracion-oficial-de-batimat-2012-en-la-rural\/","name":"Inauguraci\u00f3n oficial de BATIMAT 2012 en La Rural - Todo Madera","isPartOf":{"@id":"https:\/\/maderamen.com.ar\/todo-madera\/#website"},"datePublished":"2012-05-30T00:00:00+00:00","breadcrumb":{"@id":"https:\/\/maderamen.com.ar\/todo-madera\/2012\/05\/30\/inauguracion-oficial-de-batimat-2012-en-la-rural\/#breadcrumb"},"inLanguage":"es","potentialAction":[{"@type":"ReadAction","target":["https:\/\/maderamen.com.ar\/todo-madera\/2012\/05\/30\/inauguracion-oficial-de-batimat-2012-en-la-rural\/"]}]},{"@type":"BreadcrumbList","@id":"https:\/\/maderamen.com.ar\/todo-madera\/2012\/05\/30\/inauguracion-oficial-de-batimat-2012-en-la-rural\/#breadcrumb","itemListElement":[{"@type":"ListItem","position":1,"name":"Portada","item":"https:\/\/maderamen.com.ar\/todo-madera\/"},{"@type":"ListItem","position":2,"name":"Inauguraci\u00f3n oficial de BATIMAT 2012 en La Rural"}]},{"@type":"WebSite","@id":"https:\/\/maderamen.com.ar\/todo-madera\/#website","url":"https:\/\/maderamen.com.ar\/todo-madera\/","name":"Todo Madera","description":"Noticias sobre madera y construcci\u00f3n","publisher":{"@id":"https:\/\/maderamen.com.ar\/todo-madera\/#organization"},"potentialAction":[{"@type":"SearchAction","target":{"@type":"EntryPoint","urlTemplate":"https:\/\/maderamen.com.ar\/todo-madera\/?s={search_term_string}"},"query-input":{"@type":"PropertyValueSpecification","valueRequired":true,"valueName":"search_term_string"}}],"inLanguage":"es"},{"@type":"Organization","@id":"https:\/\/maderamen.com.ar\/todo-madera\/#organization","name":"Maderamen","url":"https:\/\/maderamen.com.ar\/todo-madera\/","logo":{"@type":"ImageObject","inLanguage":"es","@id":"https:\/\/maderamen.com.ar\/todo-madera\/#\/schema\/logo\/image\/","url":"https:\/\/maderamen.com.ar\/todo-madera\/wp-content\/uploads\/sites\/3\/2017\/09\/logo-maderamen-s.png","contentUrl":"https:\/\/maderamen.com.ar\/todo-madera\/wp-content\/uploads\/sites\/3\/2017\/09\/logo-maderamen-s.png","width":250,"height":246,"caption":"Maderamen"},"image":{"@id":"https:\/\/maderamen.com.ar\/todo-madera\/#\/schema\/logo\/image\/"},"sameAs":["https:\/\/www.facebook.com\/Maderamen.Argentina\/","https:\/\/x.com\/DesarrolloFores","https:\/\/www.youtube.com\/channel\/UCeYU2-_JRTYYpgHoyhTT2Fg","https:\/\/www.instagram.com\/maderamen.ok\/","https:\/\/www.linkedin.com\/company\/maderameneditorial\/"]},{"@type":"Person","@id":"https:\/\/maderamen.com.ar\/todo-madera\/#\/schema\/person\/ad3cdc3df72c15861fdd096bee929343","name":"Maderamen","image":{"@type":"ImageObject","inLanguage":"es","@id":"https:\/\/secure.gravatar.com\/avatar\/af612dc5cc79b81354fdd5591e3c15e376793953a9585c1142faad6370a6f555?s=96&d=mm&r=g","url":"https:\/\/secure.gravatar.com\/avatar\/af612dc5cc79b81354fdd5591e3c15e376793953a9585c1142faad6370a6f555?s=96&d=mm&r=g","contentUrl":"https:\/\/secure.gravatar.com\/avatar\/af612dc5cc79b81354fdd5591e3c15e376793953a9585c1142faad6370a6f555?s=96&d=mm&r=g","caption":"Maderamen"},"url":"https:\/\/maderamen.com.ar\/todo-madera\/author\/sachi\/"}]}},"_links":{"self":[{"href":"https:\/\/maderamen.com.ar\/todo-madera\/wp-json\/wp\/v2\/posts\/6417","targetHints":{"allow":["GET"]}}],"collection":[{"href":"https:\/\/maderamen.com.ar\/todo-madera\/wp-json\/wp\/v2\/posts"}],"about":[{"href":"https:\/\/maderamen.com.ar\/todo-madera\/wp-json\/wp\/v2\/types\/post"}],"author":[{"embeddable":true,"href":"https:\/\/maderamen.com.ar\/todo-madera\/wp-json\/wp\/v2\/users\/1"}],"replies":[{"embeddable":true,"href":"https:\/\/maderamen.com.ar\/todo-madera\/wp-json\/wp\/v2\/comments?post=6417"}],"version-history":[{"count":0,"href":"https:\/\/maderamen.com.ar\/todo-madera\/wp-json\/wp\/v2\/posts\/6417\/revisions"}],"wp:attachment":[{"href":"https:\/\/maderamen.com.ar\/todo-madera\/wp-json\/wp\/v2\/media?parent=6417"}],"wp:term":[{"taxonomy":"category","embeddable":true,"href":"https:\/\/maderamen.com.ar\/todo-madera\/wp-json\/wp\/v2\/categories?post=6417"},{"taxonomy":"post_tag","embeddable":true,"href":"https:\/\/maderamen.com.ar\/todo-madera\/wp-json\/wp\/v2\/tags?post=6417"}],"curies":[{"name":"wp","href":"https:\/\/api.w.org\/{rel}","templated":true}]}}