{"id":6398,"date":"2012-07-03T00:00:00","date_gmt":"2012-07-03T00:00:00","guid":{"rendered":"http:\/\/maderamen.com.ar\/todo-madera\/2012\/07\/03\/equipar-2012-en-cordoba-desarrollistas-e-inmobiliarios-tendran-un-espacio-especial\/"},"modified":"2012-07-03T00:00:00","modified_gmt":"2012-07-03T00:00:00","slug":"equipar-2012-en-cordoba-desarrollistas-e-inmobiliarios-tendran-un-espacio-especial","status":"publish","type":"post","link":"https:\/\/maderamen.com.ar\/todo-madera\/2012\/07\/03\/equipar-2012-en-cordoba-desarrollistas-e-inmobiliarios-tendran-un-espacio-especial\/","title":{"rendered":"EQUIPAR 2012 en C\u00f3rdoba: desarrollistas e inmobiliarios tendr\u00e1n un espacio especial"},"content":{"rendered":"<p>(Buenos Aires, 3 de julio de 2012). El proyecto arquitect\u00f3nico y su impacto econ\u00f3mico-financiero tendr\u00e1n, para el futuro del desarrollismo y el equipamiento, un espacio \u00fanico en EQUIPAR 2012, Feria Argentina de Equipamiento y Obra, del 15 al 18 de agosto en Forja Parque Ferial de C\u00f3rdoba. Organizan las c\u00e1maras madereras de las ciudades cordobesas de C\u00f3rdoba, R\u00edo Cuarto y San Francisco, y de la santafesina Ca\u00f1ada de G\u00f3mez.<\/p>\n<p>EQUIPAR, que se realizar\u00e1 desde el 15 al 18 de agosto de 2012 en Forja Parque Ferial, es organizada por las c\u00e1maras de la Madera de C\u00f3rdoba, R\u00edo Cuarto, San Francisco y Ca\u00f1ada de G\u00f3mez, a las que se sumaron como co-organizadores, la C\u00e1mara Empresarial de Desarrollistas Urbanos C\u00f3rdoba (CEDUC) y la C\u00e1mara de Corredores Inmobiliarios de la Provincia de C\u00f3rdoba (CaCIC). <\/p>\n<p>Armon\u00eda, calidez y dise\u00f1o para el desarrollo inmobiliario estar\u00e1n en EQUIPAR, acompa\u00f1ados por empresas de todo el pa\u00eds, fabricantes de aberturas, carpinter\u00eda de obra, pisos, placares y vestidores, placas y aglomerados, revestimientos, techos de madera, muebles de cocina, oficina, ba\u00f1os, aserraderos, caba\u00f1as de troncos, casas de madera y que sumado a luminarias y alfombras, estar\u00e1n ofreciendo todo el equipamiento para el hogar que no est\u00e9 relacionado con la parte h\u00fameda de la construcci\u00f3n. <\/p>\n<p>Mart\u00edn Dahan, presidente de CaCIC, y Carlos Lascano Pizarro, director ejecutivo de CEDUC, reflexionaron sobre el futuro y direcci\u00f3n de la feria, coincidieron en que &quot;es una oportunidad \u00fanica para reunir a desarrollistas e inmobiliarios en un solo lugar, con la posibilidad de tomar contacto directo con las f\u00e1bricas de todo el pa\u00eds&quot;. <\/p>\n<p>Respecto a la nueva edici\u00f3n de la feria, Dahan explic\u00f3 que \u201cel perfil del desarrollismo en nuestra regi\u00f3n presenta inconvenientes para poder ofrecer la personalizaci\u00f3n de los productos, por lo que se dificulta la posibilidad de dar respuestas concretas a las necesidades de los clientes que desean detalles espec\u00edficos. Estamos convencidos que EQUIPAR se convertir\u00e1 en un espacio ideal para agregar valor a los desarrollos propios\u201d. <\/p>\n<p>Adem\u00e1s, se\u00f1al\u00f3 que es &quot;importante que esta feria sea exitosa y se realice con cierta periodicidad, ya que muchas veces nos pasa que vendemos un departamento o una casa pero no tenemos un lugar donde congregar a nuestros clientes amigos para que puedan mejorar su desarrollo y adem\u00e1s, bajar costos\u201d.  <\/p>\n<p>Dos mil once acab\u00f3 con 24.359 empresas constructoras en el pa\u00eds y un crecimiento interanual sectorial del 11 por ciento, sumado a que se termin\u00f3 rompiendo con la barrera de 11.000 millones de toneladas de cemento consumidos y m\u00e1s de un mill\u00f3n de metros cuadrados en permisos de edificaci\u00f3n s\u00f3lo en la ciudad de C\u00f3rdoba. <\/p>\n<p>Por su parte, Carlos Lascano Pizarro indic\u00f3 que \u201cel desarrollo urbano tendr\u00e1 un espacio \u00fanico\u201d, y ponder\u00f3 a EQUIPAR, al afirmar que va camino a convertirse en un punto de intercambio y transferencia importante para sus asociados, quienes encontrar\u00e1n, \u201ctodo lo que un desarrollo necesita reunido en un solo lugar\u201d agregando valor diferencial a cada emprendimiento. <\/p>\n<p>Adem\u00e1s, afirm\u00f3 que sus \u201cinvitados podr\u00e1n contactarse, no s\u00f3lo con las f\u00e1bricas, sino tambi\u00e9n con la alternativa de PyMEs que desarrollen productos espec\u00edficos para nuestro sector\u201d. <\/p>\n<p>Los interesados en visitar EQUIPAR 2011 pueden preacreditarse en www.feriaequipar.com.ar, para as\u00ed recibir la invitaci\u00f3n oficial sin cargo, la Tarjeta Equipar VIP (descuentos en hoteles, restaurantes, etc.) y, adem\u00e1s, participar de un sorteo de una Tablet. <\/p>\n<p>Imagen: Gentileza EQUIPAR 2012.<\/p>\n","protected":false},"excerpt":{"rendered":"<p>(Buenos Aires, 3 de julio de 2012). El proyecto arquitect\u00f3nico y su impacto econ\u00f3mico-financiero tendr\u00e1n, para el futuro del desarrollismo y el equipamiento, un espacio \u00fanico en EQUIPAR 2012, Feria Argentina de Equipamiento y Obra, del 15 al 18 de agosto en Forja Parque Ferial de C\u00f3rdoba. Organizan las c\u00e1maras madereras de las ciudades cordobesas [&hellip;]<\/p>\n","protected":false},"author":1,"featured_media":0,"comment_status":"open","ping_status":"open","sticky":false,"template":"","format":"standard","meta":{"footnotes":""},"categories":[3],"tags":[],"class_list":{"0":"post-6398","1":"post","2":"type-post","3":"status-publish","4":"format-standard","6":"category-noticias-y-actualidad"},"yoast_head":"<!-- This site is optimized with the Yoast SEO plugin v27.4 - https:\/\/yoast.com\/product\/yoast-seo-wordpress\/ -->\n<title>EQUIPAR 2012 en C\u00f3rdoba: desarrollistas e inmobiliarios tendr\u00e1n un espacio especial - Todo Madera<\/title>\n<meta name=\"robots\" content=\"index, follow, max-snippet:-1, max-image-preview:large, max-video-preview:-1\" \/>\n<link rel=\"canonical\" href=\"https:\/\/maderamen.com.ar\/todo-madera\/2012\/07\/03\/equipar-2012-en-cordoba-desarrollistas-e-inmobiliarios-tendran-un-espacio-especial\/\" \/>\n<meta property=\"og:locale\" content=\"es_ES\" \/>\n<meta property=\"og:type\" content=\"article\" \/>\n<meta property=\"og:title\" content=\"EQUIPAR 2012 en C\u00f3rdoba: desarrollistas e inmobiliarios tendr\u00e1n un espacio especial - Todo Madera\" \/>\n<meta property=\"og:description\" content=\"(Buenos Aires, 3 de julio de 2012). El proyecto arquitect\u00f3nico y su impacto econ\u00f3mico-financiero tendr\u00e1n, para el futuro del desarrollismo y el equipamiento, un espacio \u00fanico en EQUIPAR 2012, Feria Argentina de Equipamiento y Obra, del 15 al 18 de agosto en Forja Parque Ferial de C\u00f3rdoba. Organizan las c\u00e1maras madereras de las ciudades cordobesas [&hellip;]\" \/>\n<meta property=\"og:url\" content=\"https:\/\/maderamen.com.ar\/todo-madera\/2012\/07\/03\/equipar-2012-en-cordoba-desarrollistas-e-inmobiliarios-tendran-un-espacio-especial\/\" \/>\n<meta property=\"og:site_name\" content=\"Todo Madera\" \/>\n<meta property=\"article:publisher\" content=\"https:\/\/www.facebook.com\/Maderamen.Argentina\/\" \/>\n<meta property=\"article:published_time\" content=\"2012-07-03T00:00:00+00:00\" \/>\n<meta name=\"author\" content=\"Maderamen\" \/>\n<meta name=\"twitter:card\" content=\"summary_large_image\" \/>\n<meta name=\"twitter:creator\" content=\"@DesarrolloFores\" \/>\n<meta name=\"twitter:site\" content=\"@DesarrolloFores\" \/>\n<meta name=\"twitter:label1\" content=\"Escrito por\" \/>\n\t<meta name=\"twitter:data1\" content=\"Maderamen\" \/>\n\t<meta name=\"twitter:label2\" content=\"Tiempo de lectura\" \/>\n\t<meta name=\"twitter:data2\" content=\"3 minutos\" \/>\n<script type=\"application\/ld+json\" class=\"yoast-schema-graph\">{\"@context\":\"https:\\\/\\\/schema.org\",\"@graph\":[{\"@type\":\"Article\",\"@id\":\"https:\\\/\\\/maderamen.com.ar\\\/todo-madera\\\/2012\\\/07\\\/03\\\/equipar-2012-en-cordoba-desarrollistas-e-inmobiliarios-tendran-un-espacio-especial\\\/#article\",\"isPartOf\":{\"@id\":\"https:\\\/\\\/maderamen.com.ar\\\/todo-madera\\\/2012\\\/07\\\/03\\\/equipar-2012-en-cordoba-desarrollistas-e-inmobiliarios-tendran-un-espacio-especial\\\/\"},\"author\":{\"name\":\"Maderamen\",\"@id\":\"https:\\\/\\\/maderamen.com.ar\\\/todo-madera\\\/#\\\/schema\\\/person\\\/ad3cdc3df72c15861fdd096bee929343\"},\"headline\":\"EQUIPAR 2012 en C\u00f3rdoba: desarrollistas e inmobiliarios tendr\u00e1n un espacio especial\",\"datePublished\":\"2012-07-03T00:00:00+00:00\",\"mainEntityOfPage\":{\"@id\":\"https:\\\/\\\/maderamen.com.ar\\\/todo-madera\\\/2012\\\/07\\\/03\\\/equipar-2012-en-cordoba-desarrollistas-e-inmobiliarios-tendran-un-espacio-especial\\\/\"},\"wordCount\":610,\"commentCount\":0,\"publisher\":{\"@id\":\"https:\\\/\\\/maderamen.com.ar\\\/todo-madera\\\/#organization\"},\"articleSection\":[\"Noticias\"],\"inLanguage\":\"es\",\"potentialAction\":[{\"@type\":\"CommentAction\",\"name\":\"Comment\",\"target\":[\"https:\\\/\\\/maderamen.com.ar\\\/todo-madera\\\/2012\\\/07\\\/03\\\/equipar-2012-en-cordoba-desarrollistas-e-inmobiliarios-tendran-un-espacio-especial\\\/#respond\"]}]},{\"@type\":\"WebPage\",\"@id\":\"https:\\\/\\\/maderamen.com.ar\\\/todo-madera\\\/2012\\\/07\\\/03\\\/equipar-2012-en-cordoba-desarrollistas-e-inmobiliarios-tendran-un-espacio-especial\\\/\",\"url\":\"https:\\\/\\\/maderamen.com.ar\\\/todo-madera\\\/2012\\\/07\\\/03\\\/equipar-2012-en-cordoba-desarrollistas-e-inmobiliarios-tendran-un-espacio-especial\\\/\",\"name\":\"EQUIPAR 2012 en C\u00f3rdoba: desarrollistas e inmobiliarios tendr\u00e1n un espacio especial - Todo Madera\",\"isPartOf\":{\"@id\":\"https:\\\/\\\/maderamen.com.ar\\\/todo-madera\\\/#website\"},\"datePublished\":\"2012-07-03T00:00:00+00:00\",\"breadcrumb\":{\"@id\":\"https:\\\/\\\/maderamen.com.ar\\\/todo-madera\\\/2012\\\/07\\\/03\\\/equipar-2012-en-cordoba-desarrollistas-e-inmobiliarios-tendran-un-espacio-especial\\\/#breadcrumb\"},\"inLanguage\":\"es\",\"potentialAction\":[{\"@type\":\"ReadAction\",\"target\":[\"https:\\\/\\\/maderamen.com.ar\\\/todo-madera\\\/2012\\\/07\\\/03\\\/equipar-2012-en-cordoba-desarrollistas-e-inmobiliarios-tendran-un-espacio-especial\\\/\"]}]},{\"@type\":\"BreadcrumbList\",\"@id\":\"https:\\\/\\\/maderamen.com.ar\\\/todo-madera\\\/2012\\\/07\\\/03\\\/equipar-2012-en-cordoba-desarrollistas-e-inmobiliarios-tendran-un-espacio-especial\\\/#breadcrumb\",\"itemListElement\":[{\"@type\":\"ListItem\",\"position\":1,\"name\":\"Portada\",\"item\":\"https:\\\/\\\/maderamen.com.ar\\\/todo-madera\\\/\"},{\"@type\":\"ListItem\",\"position\":2,\"name\":\"EQUIPAR 2012 en C\u00f3rdoba: desarrollistas e inmobiliarios tendr\u00e1n un espacio especial\"}]},{\"@type\":\"WebSite\",\"@id\":\"https:\\\/\\\/maderamen.com.ar\\\/todo-madera\\\/#website\",\"url\":\"https:\\\/\\\/maderamen.com.ar\\\/todo-madera\\\/\",\"name\":\"Todo Madera\",\"description\":\"Noticias sobre madera y construcci\u00f3n\",\"publisher\":{\"@id\":\"https:\\\/\\\/maderamen.com.ar\\\/todo-madera\\\/#organization\"},\"potentialAction\":[{\"@type\":\"SearchAction\",\"target\":{\"@type\":\"EntryPoint\",\"urlTemplate\":\"https:\\\/\\\/maderamen.com.ar\\\/todo-madera\\\/?s={search_term_string}\"},\"query-input\":{\"@type\":\"PropertyValueSpecification\",\"valueRequired\":true,\"valueName\":\"search_term_string\"}}],\"inLanguage\":\"es\"},{\"@type\":\"Organization\",\"@id\":\"https:\\\/\\\/maderamen.com.ar\\\/todo-madera\\\/#organization\",\"name\":\"Maderamen\",\"url\":\"https:\\\/\\\/maderamen.com.ar\\\/todo-madera\\\/\",\"logo\":{\"@type\":\"ImageObject\",\"inLanguage\":\"es\",\"@id\":\"https:\\\/\\\/maderamen.com.ar\\\/todo-madera\\\/#\\\/schema\\\/logo\\\/image\\\/\",\"url\":\"https:\\\/\\\/maderamen.com.ar\\\/todo-madera\\\/wp-content\\\/uploads\\\/sites\\\/3\\\/2017\\\/09\\\/logo-maderamen-s.png\",\"contentUrl\":\"https:\\\/\\\/maderamen.com.ar\\\/todo-madera\\\/wp-content\\\/uploads\\\/sites\\\/3\\\/2017\\\/09\\\/logo-maderamen-s.png\",\"width\":250,\"height\":246,\"caption\":\"Maderamen\"},\"image\":{\"@id\":\"https:\\\/\\\/maderamen.com.ar\\\/todo-madera\\\/#\\\/schema\\\/logo\\\/image\\\/\"},\"sameAs\":[\"https:\\\/\\\/www.facebook.com\\\/Maderamen.Argentina\\\/\",\"https:\\\/\\\/x.com\\\/DesarrolloFores\",\"https:\\\/\\\/www.youtube.com\\\/channel\\\/UCeYU2-_JRTYYpgHoyhTT2Fg\",\"https:\\\/\\\/www.instagram.com\\\/maderamen.ok\\\/\",\"https:\\\/\\\/www.linkedin.com\\\/company\\\/maderameneditorial\\\/\"]},{\"@type\":\"Person\",\"@id\":\"https:\\\/\\\/maderamen.com.ar\\\/todo-madera\\\/#\\\/schema\\\/person\\\/ad3cdc3df72c15861fdd096bee929343\",\"name\":\"Maderamen\",\"image\":{\"@type\":\"ImageObject\",\"inLanguage\":\"es\",\"@id\":\"https:\\\/\\\/secure.gravatar.com\\\/avatar\\\/af612dc5cc79b81354fdd5591e3c15e376793953a9585c1142faad6370a6f555?s=96&d=mm&r=g\",\"url\":\"https:\\\/\\\/secure.gravatar.com\\\/avatar\\\/af612dc5cc79b81354fdd5591e3c15e376793953a9585c1142faad6370a6f555?s=96&d=mm&r=g\",\"contentUrl\":\"https:\\\/\\\/secure.gravatar.com\\\/avatar\\\/af612dc5cc79b81354fdd5591e3c15e376793953a9585c1142faad6370a6f555?s=96&d=mm&r=g\",\"caption\":\"Maderamen\"},\"url\":\"https:\\\/\\\/maderamen.com.ar\\\/todo-madera\\\/author\\\/sachi\\\/\"}]}<\/script>\n<!-- \/ Yoast SEO plugin. -->","yoast_head_json":{"title":"EQUIPAR 2012 en C\u00f3rdoba: desarrollistas e inmobiliarios tendr\u00e1n un espacio especial - Todo Madera","robots":{"index":"index","follow":"follow","max-snippet":"max-snippet:-1","max-image-preview":"max-image-preview:large","max-video-preview":"max-video-preview:-1"},"canonical":"https:\/\/maderamen.com.ar\/todo-madera\/2012\/07\/03\/equipar-2012-en-cordoba-desarrollistas-e-inmobiliarios-tendran-un-espacio-especial\/","og_locale":"es_ES","og_type":"article","og_title":"EQUIPAR 2012 en C\u00f3rdoba: desarrollistas e inmobiliarios tendr\u00e1n un espacio especial - Todo Madera","og_description":"(Buenos Aires, 3 de julio de 2012). El proyecto arquitect\u00f3nico y su impacto econ\u00f3mico-financiero tendr\u00e1n, para el futuro del desarrollismo y el equipamiento, un espacio \u00fanico en EQUIPAR 2012, Feria Argentina de Equipamiento y Obra, del 15 al 18 de agosto en Forja Parque Ferial de C\u00f3rdoba. Organizan las c\u00e1maras madereras de las ciudades cordobesas [&hellip;]","og_url":"https:\/\/maderamen.com.ar\/todo-madera\/2012\/07\/03\/equipar-2012-en-cordoba-desarrollistas-e-inmobiliarios-tendran-un-espacio-especial\/","og_site_name":"Todo Madera","article_publisher":"https:\/\/www.facebook.com\/Maderamen.Argentina\/","article_published_time":"2012-07-03T00:00:00+00:00","author":"Maderamen","twitter_card":"summary_large_image","twitter_creator":"@DesarrolloFores","twitter_site":"@DesarrolloFores","twitter_misc":{"Escrito por":"Maderamen","Tiempo de lectura":"3 minutos"},"schema":{"@context":"https:\/\/schema.org","@graph":[{"@type":"Article","@id":"https:\/\/maderamen.com.ar\/todo-madera\/2012\/07\/03\/equipar-2012-en-cordoba-desarrollistas-e-inmobiliarios-tendran-un-espacio-especial\/#article","isPartOf":{"@id":"https:\/\/maderamen.com.ar\/todo-madera\/2012\/07\/03\/equipar-2012-en-cordoba-desarrollistas-e-inmobiliarios-tendran-un-espacio-especial\/"},"author":{"name":"Maderamen","@id":"https:\/\/maderamen.com.ar\/todo-madera\/#\/schema\/person\/ad3cdc3df72c15861fdd096bee929343"},"headline":"EQUIPAR 2012 en C\u00f3rdoba: desarrollistas e inmobiliarios tendr\u00e1n un espacio especial","datePublished":"2012-07-03T00:00:00+00:00","mainEntityOfPage":{"@id":"https:\/\/maderamen.com.ar\/todo-madera\/2012\/07\/03\/equipar-2012-en-cordoba-desarrollistas-e-inmobiliarios-tendran-un-espacio-especial\/"},"wordCount":610,"commentCount":0,"publisher":{"@id":"https:\/\/maderamen.com.ar\/todo-madera\/#organization"},"articleSection":["Noticias"],"inLanguage":"es","potentialAction":[{"@type":"CommentAction","name":"Comment","target":["https:\/\/maderamen.com.ar\/todo-madera\/2012\/07\/03\/equipar-2012-en-cordoba-desarrollistas-e-inmobiliarios-tendran-un-espacio-especial\/#respond"]}]},{"@type":"WebPage","@id":"https:\/\/maderamen.com.ar\/todo-madera\/2012\/07\/03\/equipar-2012-en-cordoba-desarrollistas-e-inmobiliarios-tendran-un-espacio-especial\/","url":"https:\/\/maderamen.com.ar\/todo-madera\/2012\/07\/03\/equipar-2012-en-cordoba-desarrollistas-e-inmobiliarios-tendran-un-espacio-especial\/","name":"EQUIPAR 2012 en C\u00f3rdoba: desarrollistas e inmobiliarios tendr\u00e1n un espacio especial - Todo Madera","isPartOf":{"@id":"https:\/\/maderamen.com.ar\/todo-madera\/#website"},"datePublished":"2012-07-03T00:00:00+00:00","breadcrumb":{"@id":"https:\/\/maderamen.com.ar\/todo-madera\/2012\/07\/03\/equipar-2012-en-cordoba-desarrollistas-e-inmobiliarios-tendran-un-espacio-especial\/#breadcrumb"},"inLanguage":"es","potentialAction":[{"@type":"ReadAction","target":["https:\/\/maderamen.com.ar\/todo-madera\/2012\/07\/03\/equipar-2012-en-cordoba-desarrollistas-e-inmobiliarios-tendran-un-espacio-especial\/"]}]},{"@type":"BreadcrumbList","@id":"https:\/\/maderamen.com.ar\/todo-madera\/2012\/07\/03\/equipar-2012-en-cordoba-desarrollistas-e-inmobiliarios-tendran-un-espacio-especial\/#breadcrumb","itemListElement":[{"@type":"ListItem","position":1,"name":"Portada","item":"https:\/\/maderamen.com.ar\/todo-madera\/"},{"@type":"ListItem","position":2,"name":"EQUIPAR 2012 en C\u00f3rdoba: desarrollistas e inmobiliarios tendr\u00e1n un espacio especial"}]},{"@type":"WebSite","@id":"https:\/\/maderamen.com.ar\/todo-madera\/#website","url":"https:\/\/maderamen.com.ar\/todo-madera\/","name":"Todo Madera","description":"Noticias sobre madera y construcci\u00f3n","publisher":{"@id":"https:\/\/maderamen.com.ar\/todo-madera\/#organization"},"potentialAction":[{"@type":"SearchAction","target":{"@type":"EntryPoint","urlTemplate":"https:\/\/maderamen.com.ar\/todo-madera\/?s={search_term_string}"},"query-input":{"@type":"PropertyValueSpecification","valueRequired":true,"valueName":"search_term_string"}}],"inLanguage":"es"},{"@type":"Organization","@id":"https:\/\/maderamen.com.ar\/todo-madera\/#organization","name":"Maderamen","url":"https:\/\/maderamen.com.ar\/todo-madera\/","logo":{"@type":"ImageObject","inLanguage":"es","@id":"https:\/\/maderamen.com.ar\/todo-madera\/#\/schema\/logo\/image\/","url":"https:\/\/maderamen.com.ar\/todo-madera\/wp-content\/uploads\/sites\/3\/2017\/09\/logo-maderamen-s.png","contentUrl":"https:\/\/maderamen.com.ar\/todo-madera\/wp-content\/uploads\/sites\/3\/2017\/09\/logo-maderamen-s.png","width":250,"height":246,"caption":"Maderamen"},"image":{"@id":"https:\/\/maderamen.com.ar\/todo-madera\/#\/schema\/logo\/image\/"},"sameAs":["https:\/\/www.facebook.com\/Maderamen.Argentina\/","https:\/\/x.com\/DesarrolloFores","https:\/\/www.youtube.com\/channel\/UCeYU2-_JRTYYpgHoyhTT2Fg","https:\/\/www.instagram.com\/maderamen.ok\/","https:\/\/www.linkedin.com\/company\/maderameneditorial\/"]},{"@type":"Person","@id":"https:\/\/maderamen.com.ar\/todo-madera\/#\/schema\/person\/ad3cdc3df72c15861fdd096bee929343","name":"Maderamen","image":{"@type":"ImageObject","inLanguage":"es","@id":"https:\/\/secure.gravatar.com\/avatar\/af612dc5cc79b81354fdd5591e3c15e376793953a9585c1142faad6370a6f555?s=96&d=mm&r=g","url":"https:\/\/secure.gravatar.com\/avatar\/af612dc5cc79b81354fdd5591e3c15e376793953a9585c1142faad6370a6f555?s=96&d=mm&r=g","contentUrl":"https:\/\/secure.gravatar.com\/avatar\/af612dc5cc79b81354fdd5591e3c15e376793953a9585c1142faad6370a6f555?s=96&d=mm&r=g","caption":"Maderamen"},"url":"https:\/\/maderamen.com.ar\/todo-madera\/author\/sachi\/"}]}},"_links":{"self":[{"href":"https:\/\/maderamen.com.ar\/todo-madera\/wp-json\/wp\/v2\/posts\/6398","targetHints":{"allow":["GET"]}}],"collection":[{"href":"https:\/\/maderamen.com.ar\/todo-madera\/wp-json\/wp\/v2\/posts"}],"about":[{"href":"https:\/\/maderamen.com.ar\/todo-madera\/wp-json\/wp\/v2\/types\/post"}],"author":[{"embeddable":true,"href":"https:\/\/maderamen.com.ar\/todo-madera\/wp-json\/wp\/v2\/users\/1"}],"replies":[{"embeddable":true,"href":"https:\/\/maderamen.com.ar\/todo-madera\/wp-json\/wp\/v2\/comments?post=6398"}],"version-history":[{"count":0,"href":"https:\/\/maderamen.com.ar\/todo-madera\/wp-json\/wp\/v2\/posts\/6398\/revisions"}],"wp:attachment":[{"href":"https:\/\/maderamen.com.ar\/todo-madera\/wp-json\/wp\/v2\/media?parent=6398"}],"wp:term":[{"taxonomy":"category","embeddable":true,"href":"https:\/\/maderamen.com.ar\/todo-madera\/wp-json\/wp\/v2\/categories?post=6398"},{"taxonomy":"post_tag","embeddable":true,"href":"https:\/\/maderamen.com.ar\/todo-madera\/wp-json\/wp\/v2\/tags?post=6398"}],"curies":[{"name":"wp","href":"https:\/\/api.w.org\/{rel}","templated":true}]}}