{"id":6388,"date":"2011-10-31T00:00:00","date_gmt":"2011-10-31T00:00:00","guid":{"rendered":"http:\/\/maderamen.com.ar\/todo-madera\/2011\/10\/31\/biblioteca-nacional-de-arte-en-el-museo-victoria-de-londres\/"},"modified":"2011-10-31T00:00:00","modified_gmt":"2011-10-31T00:00:00","slug":"biblioteca-nacional-de-arte-en-el-museo-victoria-de-londres","status":"publish","type":"post","link":"https:\/\/maderamen.com.ar\/todo-madera\/2011\/10\/31\/biblioteca-nacional-de-arte-en-el-museo-victoria-de-londres\/","title":{"rendered":"Biblioteca Nacional de Arte en el Museo Victoria de Londres"},"content":{"rendered":"<p>(Buenos Aires, 31 de octubre de 2011). La Biblioteca Nacional de Arte en el Museo Victoria y Albert de Londres es una colecci\u00f3n de las principales referencias p\u00fablicas. Su fuerza radica en el alcance y la profundidad de sus existencias de material documental relativo a las artes pl\u00e1sticas y decorativas de muchos pa\u00edses y per\u00edodos. Es tambi\u00e9n el departamento de conservaci\u00f3n para el arte, la artesan\u00eda y el dise\u00f1o del libro. Es posible que el lector se pregunte para d\u00f3nde estoy rumbeando con esta algo pomposa presentaci\u00f3n, con la National Art Library.<\/p>\n<p>Razones existen. Cada vez m\u00e1s libros y objetos relacionados con los mismos. Inmenso el edificio tradicional de la biblioteca. Casi intocable para una ampliaci\u00f3n. Pero los edificios crecen por fuera, pero tambi\u00e9n por dentro. Una especie de \u201ctorre de libros\u201d en el ojo de una espectacular escalera del siglo XIX, pareci\u00f3 un camino. <\/p>\n<p>Lo particular del caso fue volver a encontrarnos con el arquitecto Sami Rintala, personaje en el sentido creativo del t\u00e9rmino. Puede que algunos lectores lo recuerden y si no fuera as\u00ed para esto est\u00e1 nuestra cada vez m\u00e1s nutrida biblioteca.  <\/p>\n<p>Rintala Eggertsson Architects <\/p>\n<p>Como el objeto del dise\u00f1o linda entre mueble e inmueble, nos acercamos a \u00e9l como si visit\u00e1ramos la National, desde el nivel peatonal. <\/p>\n<p>Entramos en el ojo de una escalera monumental, el inicio de una \u201ctorre\u201d, solo intuy\u00e9ndola. Podr\u00edamos imaginar una estanter\u00eda colocada en un sitio sin uso de una biblioteca que no cesa de crecer. <\/p>\n<p>Nos explica el arquitecto Sami Rintala: <\/p>\n<p>&#8211; La estructura en forma de torre de madera autoportante se sit\u00faa en la caja de escalera de la National Art Library, en una esquina del vest\u00edbulo, alineada con los pilares existentes; <\/p>\n<p>&#8211; Los visitantes son invitados a escoger una alternativa, un paseo a trav\u00e9s de la literatura en una escalera, siendo libres de tomar un libro irse a un sitio y leerlo en silencio en el n\u00facleo de la torre; <\/p>\n<p>El ingreso a la \u201ctorre\u201d con el detalle, dir\u00edamos ins\u00f3lito de una rampa para ingresar. Califico de \u201cins\u00f3lito\u201d, en tanto la torre es de hecho una escalera de madera encuadrada en estanter\u00edas de  <br \/>libros, con descansos que permiten la lectura de aquello que uno localiza en el recorrido. <\/p>\n<p>La \u201ctorre\u201d supera por muy poco la baranda del primer piso. Desde el primer piso hay una vista de la \u201ctorre\u201d donde, como describ\u00eda Sami, entre la estructura de la construcci\u00f3n s\u00f3lo se perciben los papeles de las hojas de los libros. <\/p>\n<p>La escalera, los descansos, las paredes de libros con la multicoloratura de sus cantos. Todo muy simple, todo dise\u00f1ado, la materialidad como protagonista. Madera y libros, parientes cercanos. La misma celulosa cumpliendo las m\u00faltiples funciones de la vida cotidiana. <\/p>\n<p>Fuente y fotos: maderadisegno, Revista Digital de Arquitectura en Madera (www.maderadisegno.com.ar). <\/p>\n<p>M\u00e1s informaci\u00f3n en Todo Madera impreso de noviembre (A\u00f1o XI, n\u00famero 65).<\/p>\n","protected":false},"excerpt":{"rendered":"<p>(Buenos Aires, 31 de octubre de 2011). La Biblioteca Nacional de Arte en el Museo Victoria y Albert de Londres es una colecci\u00f3n de las principales referencias p\u00fablicas. Su fuerza radica en el alcance y la profundidad de sus existencias de material documental relativo a las artes pl\u00e1sticas y decorativas de muchos pa\u00edses y per\u00edodos. [&hellip;]<\/p>\n","protected":false},"author":1,"featured_media":0,"comment_status":"open","ping_status":"open","sticky":false,"template":"","format":"standard","meta":{"footnotes":""},"categories":[2],"tags":[],"class_list":{"0":"post-6388","1":"post","2":"type-post","3":"status-publish","4":"format-standard","6":"category-informacion-tecnica"},"yoast_head":"<!-- This site is optimized with the Yoast SEO plugin v27.4 - https:\/\/yoast.com\/product\/yoast-seo-wordpress\/ -->\n<title>Biblioteca Nacional de Arte en el Museo Victoria de Londres - Todo Madera<\/title>\n<meta name=\"robots\" content=\"index, follow, max-snippet:-1, max-image-preview:large, max-video-preview:-1\" \/>\n<link rel=\"canonical\" href=\"https:\/\/maderamen.com.ar\/todo-madera\/2011\/10\/31\/biblioteca-nacional-de-arte-en-el-museo-victoria-de-londres\/\" \/>\n<meta property=\"og:locale\" content=\"es_ES\" \/>\n<meta property=\"og:type\" content=\"article\" \/>\n<meta property=\"og:title\" content=\"Biblioteca Nacional de Arte en el Museo Victoria de Londres - Todo Madera\" \/>\n<meta property=\"og:description\" content=\"(Buenos Aires, 31 de octubre de 2011). La Biblioteca Nacional de Arte en el Museo Victoria y Albert de Londres es una colecci\u00f3n de las principales referencias p\u00fablicas. Su fuerza radica en el alcance y la profundidad de sus existencias de material documental relativo a las artes pl\u00e1sticas y decorativas de muchos pa\u00edses y per\u00edodos. [&hellip;]\" \/>\n<meta property=\"og:url\" content=\"https:\/\/maderamen.com.ar\/todo-madera\/2011\/10\/31\/biblioteca-nacional-de-arte-en-el-museo-victoria-de-londres\/\" \/>\n<meta property=\"og:site_name\" content=\"Todo Madera\" \/>\n<meta property=\"article:publisher\" content=\"https:\/\/www.facebook.com\/Maderamen.Argentina\/\" \/>\n<meta property=\"article:published_time\" content=\"2011-10-31T00:00:00+00:00\" \/>\n<meta name=\"author\" content=\"Maderamen\" \/>\n<meta name=\"twitter:card\" content=\"summary_large_image\" \/>\n<meta name=\"twitter:creator\" content=\"@DesarrolloFores\" \/>\n<meta name=\"twitter:site\" content=\"@DesarrolloFores\" \/>\n<meta name=\"twitter:label1\" content=\"Escrito por\" \/>\n\t<meta name=\"twitter:data1\" content=\"Maderamen\" \/>\n\t<meta name=\"twitter:label2\" content=\"Tiempo de lectura\" \/>\n\t<meta name=\"twitter:data2\" content=\"3 minutos\" \/>\n<script type=\"application\/ld+json\" class=\"yoast-schema-graph\">{\"@context\":\"https:\\\/\\\/schema.org\",\"@graph\":[{\"@type\":\"Article\",\"@id\":\"https:\\\/\\\/maderamen.com.ar\\\/todo-madera\\\/2011\\\/10\\\/31\\\/biblioteca-nacional-de-arte-en-el-museo-victoria-de-londres\\\/#article\",\"isPartOf\":{\"@id\":\"https:\\\/\\\/maderamen.com.ar\\\/todo-madera\\\/2011\\\/10\\\/31\\\/biblioteca-nacional-de-arte-en-el-museo-victoria-de-londres\\\/\"},\"author\":{\"name\":\"Maderamen\",\"@id\":\"https:\\\/\\\/maderamen.com.ar\\\/todo-madera\\\/#\\\/schema\\\/person\\\/ad3cdc3df72c15861fdd096bee929343\"},\"headline\":\"Biblioteca Nacional de Arte en el Museo Victoria de Londres\",\"datePublished\":\"2011-10-31T00:00:00+00:00\",\"mainEntityOfPage\":{\"@id\":\"https:\\\/\\\/maderamen.com.ar\\\/todo-madera\\\/2011\\\/10\\\/31\\\/biblioteca-nacional-de-arte-en-el-museo-victoria-de-londres\\\/\"},\"wordCount\":521,\"commentCount\":0,\"publisher\":{\"@id\":\"https:\\\/\\\/maderamen.com.ar\\\/todo-madera\\\/#organization\"},\"articleSection\":[\"Informaci\u00f3n T\u00e9cnica\"],\"inLanguage\":\"es\",\"potentialAction\":[{\"@type\":\"CommentAction\",\"name\":\"Comment\",\"target\":[\"https:\\\/\\\/maderamen.com.ar\\\/todo-madera\\\/2011\\\/10\\\/31\\\/biblioteca-nacional-de-arte-en-el-museo-victoria-de-londres\\\/#respond\"]}]},{\"@type\":\"WebPage\",\"@id\":\"https:\\\/\\\/maderamen.com.ar\\\/todo-madera\\\/2011\\\/10\\\/31\\\/biblioteca-nacional-de-arte-en-el-museo-victoria-de-londres\\\/\",\"url\":\"https:\\\/\\\/maderamen.com.ar\\\/todo-madera\\\/2011\\\/10\\\/31\\\/biblioteca-nacional-de-arte-en-el-museo-victoria-de-londres\\\/\",\"name\":\"Biblioteca Nacional de Arte en el Museo Victoria de Londres - Todo Madera\",\"isPartOf\":{\"@id\":\"https:\\\/\\\/maderamen.com.ar\\\/todo-madera\\\/#website\"},\"datePublished\":\"2011-10-31T00:00:00+00:00\",\"breadcrumb\":{\"@id\":\"https:\\\/\\\/maderamen.com.ar\\\/todo-madera\\\/2011\\\/10\\\/31\\\/biblioteca-nacional-de-arte-en-el-museo-victoria-de-londres\\\/#breadcrumb\"},\"inLanguage\":\"es\",\"potentialAction\":[{\"@type\":\"ReadAction\",\"target\":[\"https:\\\/\\\/maderamen.com.ar\\\/todo-madera\\\/2011\\\/10\\\/31\\\/biblioteca-nacional-de-arte-en-el-museo-victoria-de-londres\\\/\"]}]},{\"@type\":\"BreadcrumbList\",\"@id\":\"https:\\\/\\\/maderamen.com.ar\\\/todo-madera\\\/2011\\\/10\\\/31\\\/biblioteca-nacional-de-arte-en-el-museo-victoria-de-londres\\\/#breadcrumb\",\"itemListElement\":[{\"@type\":\"ListItem\",\"position\":1,\"name\":\"Portada\",\"item\":\"https:\\\/\\\/maderamen.com.ar\\\/todo-madera\\\/\"},{\"@type\":\"ListItem\",\"position\":2,\"name\":\"Biblioteca Nacional de Arte en el Museo Victoria de Londres\"}]},{\"@type\":\"WebSite\",\"@id\":\"https:\\\/\\\/maderamen.com.ar\\\/todo-madera\\\/#website\",\"url\":\"https:\\\/\\\/maderamen.com.ar\\\/todo-madera\\\/\",\"name\":\"Todo Madera\",\"description\":\"Noticias sobre madera y construcci\u00f3n\",\"publisher\":{\"@id\":\"https:\\\/\\\/maderamen.com.ar\\\/todo-madera\\\/#organization\"},\"potentialAction\":[{\"@type\":\"SearchAction\",\"target\":{\"@type\":\"EntryPoint\",\"urlTemplate\":\"https:\\\/\\\/maderamen.com.ar\\\/todo-madera\\\/?s={search_term_string}\"},\"query-input\":{\"@type\":\"PropertyValueSpecification\",\"valueRequired\":true,\"valueName\":\"search_term_string\"}}],\"inLanguage\":\"es\"},{\"@type\":\"Organization\",\"@id\":\"https:\\\/\\\/maderamen.com.ar\\\/todo-madera\\\/#organization\",\"name\":\"Maderamen\",\"url\":\"https:\\\/\\\/maderamen.com.ar\\\/todo-madera\\\/\",\"logo\":{\"@type\":\"ImageObject\",\"inLanguage\":\"es\",\"@id\":\"https:\\\/\\\/maderamen.com.ar\\\/todo-madera\\\/#\\\/schema\\\/logo\\\/image\\\/\",\"url\":\"https:\\\/\\\/maderamen.com.ar\\\/todo-madera\\\/wp-content\\\/uploads\\\/sites\\\/3\\\/2017\\\/09\\\/logo-maderamen-s.png\",\"contentUrl\":\"https:\\\/\\\/maderamen.com.ar\\\/todo-madera\\\/wp-content\\\/uploads\\\/sites\\\/3\\\/2017\\\/09\\\/logo-maderamen-s.png\",\"width\":250,\"height\":246,\"caption\":\"Maderamen\"},\"image\":{\"@id\":\"https:\\\/\\\/maderamen.com.ar\\\/todo-madera\\\/#\\\/schema\\\/logo\\\/image\\\/\"},\"sameAs\":[\"https:\\\/\\\/www.facebook.com\\\/Maderamen.Argentina\\\/\",\"https:\\\/\\\/x.com\\\/DesarrolloFores\",\"https:\\\/\\\/www.youtube.com\\\/channel\\\/UCeYU2-_JRTYYpgHoyhTT2Fg\",\"https:\\\/\\\/www.instagram.com\\\/maderamen.ok\\\/\",\"https:\\\/\\\/www.linkedin.com\\\/company\\\/maderameneditorial\\\/\"]},{\"@type\":\"Person\",\"@id\":\"https:\\\/\\\/maderamen.com.ar\\\/todo-madera\\\/#\\\/schema\\\/person\\\/ad3cdc3df72c15861fdd096bee929343\",\"name\":\"Maderamen\",\"image\":{\"@type\":\"ImageObject\",\"inLanguage\":\"es\",\"@id\":\"https:\\\/\\\/secure.gravatar.com\\\/avatar\\\/af612dc5cc79b81354fdd5591e3c15e376793953a9585c1142faad6370a6f555?s=96&d=mm&r=g\",\"url\":\"https:\\\/\\\/secure.gravatar.com\\\/avatar\\\/af612dc5cc79b81354fdd5591e3c15e376793953a9585c1142faad6370a6f555?s=96&d=mm&r=g\",\"contentUrl\":\"https:\\\/\\\/secure.gravatar.com\\\/avatar\\\/af612dc5cc79b81354fdd5591e3c15e376793953a9585c1142faad6370a6f555?s=96&d=mm&r=g\",\"caption\":\"Maderamen\"},\"url\":\"https:\\\/\\\/maderamen.com.ar\\\/todo-madera\\\/author\\\/sachi\\\/\"}]}<\/script>\n<!-- \/ Yoast SEO plugin. -->","yoast_head_json":{"title":"Biblioteca Nacional de Arte en el Museo Victoria de Londres - Todo Madera","robots":{"index":"index","follow":"follow","max-snippet":"max-snippet:-1","max-image-preview":"max-image-preview:large","max-video-preview":"max-video-preview:-1"},"canonical":"https:\/\/maderamen.com.ar\/todo-madera\/2011\/10\/31\/biblioteca-nacional-de-arte-en-el-museo-victoria-de-londres\/","og_locale":"es_ES","og_type":"article","og_title":"Biblioteca Nacional de Arte en el Museo Victoria de Londres - Todo Madera","og_description":"(Buenos Aires, 31 de octubre de 2011). La Biblioteca Nacional de Arte en el Museo Victoria y Albert de Londres es una colecci\u00f3n de las principales referencias p\u00fablicas. Su fuerza radica en el alcance y la profundidad de sus existencias de material documental relativo a las artes pl\u00e1sticas y decorativas de muchos pa\u00edses y per\u00edodos. [&hellip;]","og_url":"https:\/\/maderamen.com.ar\/todo-madera\/2011\/10\/31\/biblioteca-nacional-de-arte-en-el-museo-victoria-de-londres\/","og_site_name":"Todo Madera","article_publisher":"https:\/\/www.facebook.com\/Maderamen.Argentina\/","article_published_time":"2011-10-31T00:00:00+00:00","author":"Maderamen","twitter_card":"summary_large_image","twitter_creator":"@DesarrolloFores","twitter_site":"@DesarrolloFores","twitter_misc":{"Escrito por":"Maderamen","Tiempo de lectura":"3 minutos"},"schema":{"@context":"https:\/\/schema.org","@graph":[{"@type":"Article","@id":"https:\/\/maderamen.com.ar\/todo-madera\/2011\/10\/31\/biblioteca-nacional-de-arte-en-el-museo-victoria-de-londres\/#article","isPartOf":{"@id":"https:\/\/maderamen.com.ar\/todo-madera\/2011\/10\/31\/biblioteca-nacional-de-arte-en-el-museo-victoria-de-londres\/"},"author":{"name":"Maderamen","@id":"https:\/\/maderamen.com.ar\/todo-madera\/#\/schema\/person\/ad3cdc3df72c15861fdd096bee929343"},"headline":"Biblioteca Nacional de Arte en el Museo Victoria de Londres","datePublished":"2011-10-31T00:00:00+00:00","mainEntityOfPage":{"@id":"https:\/\/maderamen.com.ar\/todo-madera\/2011\/10\/31\/biblioteca-nacional-de-arte-en-el-museo-victoria-de-londres\/"},"wordCount":521,"commentCount":0,"publisher":{"@id":"https:\/\/maderamen.com.ar\/todo-madera\/#organization"},"articleSection":["Informaci\u00f3n T\u00e9cnica"],"inLanguage":"es","potentialAction":[{"@type":"CommentAction","name":"Comment","target":["https:\/\/maderamen.com.ar\/todo-madera\/2011\/10\/31\/biblioteca-nacional-de-arte-en-el-museo-victoria-de-londres\/#respond"]}]},{"@type":"WebPage","@id":"https:\/\/maderamen.com.ar\/todo-madera\/2011\/10\/31\/biblioteca-nacional-de-arte-en-el-museo-victoria-de-londres\/","url":"https:\/\/maderamen.com.ar\/todo-madera\/2011\/10\/31\/biblioteca-nacional-de-arte-en-el-museo-victoria-de-londres\/","name":"Biblioteca Nacional de Arte en el Museo Victoria de Londres - Todo Madera","isPartOf":{"@id":"https:\/\/maderamen.com.ar\/todo-madera\/#website"},"datePublished":"2011-10-31T00:00:00+00:00","breadcrumb":{"@id":"https:\/\/maderamen.com.ar\/todo-madera\/2011\/10\/31\/biblioteca-nacional-de-arte-en-el-museo-victoria-de-londres\/#breadcrumb"},"inLanguage":"es","potentialAction":[{"@type":"ReadAction","target":["https:\/\/maderamen.com.ar\/todo-madera\/2011\/10\/31\/biblioteca-nacional-de-arte-en-el-museo-victoria-de-londres\/"]}]},{"@type":"BreadcrumbList","@id":"https:\/\/maderamen.com.ar\/todo-madera\/2011\/10\/31\/biblioteca-nacional-de-arte-en-el-museo-victoria-de-londres\/#breadcrumb","itemListElement":[{"@type":"ListItem","position":1,"name":"Portada","item":"https:\/\/maderamen.com.ar\/todo-madera\/"},{"@type":"ListItem","position":2,"name":"Biblioteca Nacional de Arte en el Museo Victoria de Londres"}]},{"@type":"WebSite","@id":"https:\/\/maderamen.com.ar\/todo-madera\/#website","url":"https:\/\/maderamen.com.ar\/todo-madera\/","name":"Todo Madera","description":"Noticias sobre madera y construcci\u00f3n","publisher":{"@id":"https:\/\/maderamen.com.ar\/todo-madera\/#organization"},"potentialAction":[{"@type":"SearchAction","target":{"@type":"EntryPoint","urlTemplate":"https:\/\/maderamen.com.ar\/todo-madera\/?s={search_term_string}"},"query-input":{"@type":"PropertyValueSpecification","valueRequired":true,"valueName":"search_term_string"}}],"inLanguage":"es"},{"@type":"Organization","@id":"https:\/\/maderamen.com.ar\/todo-madera\/#organization","name":"Maderamen","url":"https:\/\/maderamen.com.ar\/todo-madera\/","logo":{"@type":"ImageObject","inLanguage":"es","@id":"https:\/\/maderamen.com.ar\/todo-madera\/#\/schema\/logo\/image\/","url":"https:\/\/maderamen.com.ar\/todo-madera\/wp-content\/uploads\/sites\/3\/2017\/09\/logo-maderamen-s.png","contentUrl":"https:\/\/maderamen.com.ar\/todo-madera\/wp-content\/uploads\/sites\/3\/2017\/09\/logo-maderamen-s.png","width":250,"height":246,"caption":"Maderamen"},"image":{"@id":"https:\/\/maderamen.com.ar\/todo-madera\/#\/schema\/logo\/image\/"},"sameAs":["https:\/\/www.facebook.com\/Maderamen.Argentina\/","https:\/\/x.com\/DesarrolloFores","https:\/\/www.youtube.com\/channel\/UCeYU2-_JRTYYpgHoyhTT2Fg","https:\/\/www.instagram.com\/maderamen.ok\/","https:\/\/www.linkedin.com\/company\/maderameneditorial\/"]},{"@type":"Person","@id":"https:\/\/maderamen.com.ar\/todo-madera\/#\/schema\/person\/ad3cdc3df72c15861fdd096bee929343","name":"Maderamen","image":{"@type":"ImageObject","inLanguage":"es","@id":"https:\/\/secure.gravatar.com\/avatar\/af612dc5cc79b81354fdd5591e3c15e376793953a9585c1142faad6370a6f555?s=96&d=mm&r=g","url":"https:\/\/secure.gravatar.com\/avatar\/af612dc5cc79b81354fdd5591e3c15e376793953a9585c1142faad6370a6f555?s=96&d=mm&r=g","contentUrl":"https:\/\/secure.gravatar.com\/avatar\/af612dc5cc79b81354fdd5591e3c15e376793953a9585c1142faad6370a6f555?s=96&d=mm&r=g","caption":"Maderamen"},"url":"https:\/\/maderamen.com.ar\/todo-madera\/author\/sachi\/"}]}},"_links":{"self":[{"href":"https:\/\/maderamen.com.ar\/todo-madera\/wp-json\/wp\/v2\/posts\/6388","targetHints":{"allow":["GET"]}}],"collection":[{"href":"https:\/\/maderamen.com.ar\/todo-madera\/wp-json\/wp\/v2\/posts"}],"about":[{"href":"https:\/\/maderamen.com.ar\/todo-madera\/wp-json\/wp\/v2\/types\/post"}],"author":[{"embeddable":true,"href":"https:\/\/maderamen.com.ar\/todo-madera\/wp-json\/wp\/v2\/users\/1"}],"replies":[{"embeddable":true,"href":"https:\/\/maderamen.com.ar\/todo-madera\/wp-json\/wp\/v2\/comments?post=6388"}],"version-history":[{"count":0,"href":"https:\/\/maderamen.com.ar\/todo-madera\/wp-json\/wp\/v2\/posts\/6388\/revisions"}],"wp:attachment":[{"href":"https:\/\/maderamen.com.ar\/todo-madera\/wp-json\/wp\/v2\/media?parent=6388"}],"wp:term":[{"taxonomy":"category","embeddable":true,"href":"https:\/\/maderamen.com.ar\/todo-madera\/wp-json\/wp\/v2\/categories?post=6388"},{"taxonomy":"post_tag","embeddable":true,"href":"https:\/\/maderamen.com.ar\/todo-madera\/wp-json\/wp\/v2\/tags?post=6388"}],"curies":[{"name":"wp","href":"https:\/\/api.w.org\/{rel}","templated":true}]}}