{"id":6385,"date":"2011-11-01T00:00:00","date_gmt":"2011-11-01T00:00:00","guid":{"rendered":"http:\/\/maderamen.com.ar\/todo-madera\/2011\/11\/01\/casa-foa-2011-fue-un-gran-mercado-del-diseno-en-el-barrio-de-barracas\/"},"modified":"2011-11-01T00:00:00","modified_gmt":"2011-11-01T00:00:00","slug":"casa-foa-2011-fue-un-gran-mercado-del-diseno-en-el-barrio-de-barracas","status":"publish","type":"post","link":"https:\/\/maderamen.com.ar\/todo-madera\/2011\/11\/01\/casa-foa-2011-fue-un-gran-mercado-del-diseno-en-el-barrio-de-barracas\/","title":{"rendered":"Casa FOA 2011 fue un gran \u201cMercado del Dise\u00f1o\u201d en el barrio de Barracas"},"content":{"rendered":"<p>(Buenos Aires, 1 de noviembre de 2011). Con 52 espacios de arquitectura, dise\u00f1o interior, arte y paisajismo finaliz\u00f3 una nueva edici\u00f3n de la muestra anual de Casa FOA a beneficio de la Fundaci\u00f3n Oftalmol\u00f3gica Argentina Jorge Malbran, que se realiz\u00f3 del 9 de septiembre al 10 de octubre en el edificio del Centro Metropolitano de Dise\u00f1o (CMD), del barrio porte\u00f1o de Barracas. La muestra cont\u00f3 con m\u00e1s de 50 espacios de arquitectura, dise\u00f1o interior, arte y paisajismo, en la planta baja del edificio del Centro Metropolitano de Dise\u00f1o, ubicado en Algarrobo 1041. Todo Madera particip\u00f3 de una recorrida exclusiva para la prensa.<\/p>\n<p>Inspirado en un gran \u201cMercado del Dise\u00f1o\u201d, fue un espacio donde el color, la innovaci\u00f3n, la vanguardia y la exploraci\u00f3n fueron los protagonistas. <\/p>\n<p>Algunas de las novedades que present\u00f3 este a\u00f1o Casa FOA fueron un concurso de equipamiento urbano de asientos y papeleros, pasajes a modo de calles en donde los materiales como: madera, piedra, cart\u00f3n, ser\u00e1n el hilo conductor. A modo de revitalizar la zona sur de la ciudad de Buenos Aires, el CMD apunt\u00f3 representar la identidad del barrio. <\/p>\n<p>El edificio de m\u00e1s de 13.000 metros cuadrados transmiti\u00f3 una est\u00e9tica industrial, de mercado, que hoy es utilizado por dise\u00f1adores que recorren sus calles capacit\u00e1ndose y fortaleciendo la cadena de valor de la industria del dise\u00f1o. <\/p>\n<p>Recorrido <\/p>\n<p>El recorrido por los espacios de interiorismo inici\u00f3 con tem\u00e1ticas \u201cTrabajo y Vivo\u201d y se continu\u00f3 con una propuesta de \u201cTrabajo y Descanso\u201d. Un loft tecnol\u00f3gico de vanguardia donde se ambient\u00f3 un sector de dise\u00f1o italiano, un home-office, algunos lofts y novedosos laboratorios de dise\u00f1o gourmet, textil, entre otros.  <\/p>\n<p>El espacio \u201cMovimientos infinitos\u201d, del artista pl\u00e1stico Juan Abba, const\u00f3 de un mural de 30 d\u00edas de elaboraci\u00f3n presentado en la inauguraci\u00f3n de Casa FOA 2011. De paso por \u201cPiso payaso\u201d, estaba el espacio \u201cMetamorfosis\u201d, de la artista pl\u00e1stica Desiree De Ridder y el estudio de paisajismo Van Heden &#038; Bassi. Los tres pilares que conforman el espacio son la iluminaci\u00f3n, el material vegetal y la obra art\u00edstica. M\u00e1s adelante, el \u201cEstudio de un joven creativo\u201d, de las arquitectas In\u00e9s Bonete y Teresa Castagnino. La tendencia es ecl\u00e9ctica entre futurismo y Arte; tecnolog\u00eda y humanismo; sensibilidad y continuidad en la expresi\u00f3n del dise\u00f1o. <\/p>\n<p>Al salir de ese loft y pasando por el espacio 7 y 8 (\u201cLiving Bath\u201d, de las arquitectas Roxana Saban y Adriana Grin, y \u201cOficina de un ejecutivo 2.0\u201d, del decorador de interiores Walter Russo), se abr\u00eda paso el espacio 9 \u201cEstudio de una dise\u00f1adora\u201d, de Judith Babour (ver foto chica). Se bas\u00f3 en generar un espacio confortable, moderno y pr\u00e1ctico, con un dise\u00f1o de car\u00e1cter lineal en el cual los interiores se unificaron a trav\u00e9s de la combinaci\u00f3n de diferentes materiales y texturas que marcaban solidez y sobriedad. <\/p>\n<p>Cont\u00f3 con una gama de colores que acompa\u00f1aron el dise\u00f1o como los gris\u00e1ceos, amarillos, y \u00f3xidos. Brindaron liviandad e hicieron del espacio de trabajo un lugar vital y flexible. La pared principal se pens\u00f3 como un gran mueble-biblioteca lineal, realizado en melamina vis\u00f3n con fondo ceniza (Masisa) combinada con laca poliuret\u00e1nica color brasa dorada (de Alba), que recorr\u00eda el estudio de lado a lado y organizaba a la vez los diferentes espacios y puestos de trabajo. <\/p>\n<p>A la vuelta se ubic\u00f3 el espacio 11 de las dise\u00f1adoras Stella Lluch, Claudia Mascarenhas y Alexia Baralia, quienes fueron premiadas con la Beca Casa FOA, destinada a decoradores, arquitectos e interioristas que participan por primera vez. Las dise\u00f1adoras presentaron el proyecto \u201cEspacio en Movimiento\u201d para ambientar \u201cTienda-Biblioteca\u201d (ver foto grande), que permanecer\u00e1 en el CMD como huella de Casa FOA y se vender\u00e1n productos. <\/p>\n<p>\u201cTienda-Biblioteca\u201d es un espacio en el que conviven el dinamismo y la quietud, a trav\u00e9s del fluir necesario para crear, y la calma para disfrutar de un buen libro. Al igual que en el predio original, se despliega un juego de convivencia entre la calidez de los materiales nobles como la madera y la atm\u00f3sfera di\u00e1fana generada por la utilizaci\u00f3n de elementos contempor\u00e1neos y livianos.  <\/p>\n<p>Fotos: Gentileza Casa FOA. <\/p>\n<p>M\u00e1s informaci\u00f3n en Todo Madera impreso de noviembre (A\u00f1o XI, n\u00famero 65).<\/p>\n","protected":false},"excerpt":{"rendered":"<p>(Buenos Aires, 1 de noviembre de 2011). Con 52 espacios de arquitectura, dise\u00f1o interior, arte y paisajismo finaliz\u00f3 una nueva edici\u00f3n de la muestra anual de Casa FOA a beneficio de la Fundaci\u00f3n Oftalmol\u00f3gica Argentina Jorge Malbran, que se realiz\u00f3 del 9 de septiembre al 10 de octubre en el edificio del Centro Metropolitano de [&hellip;]<\/p>\n","protected":false},"author":1,"featured_media":0,"comment_status":"open","ping_status":"open","sticky":false,"template":"","format":"standard","meta":{"footnotes":""},"categories":[3],"tags":[],"class_list":{"0":"post-6385","1":"post","2":"type-post","3":"status-publish","4":"format-standard","6":"category-noticias-y-actualidad"},"yoast_head":"<!-- This site is optimized with the Yoast SEO plugin v27.4 - https:\/\/yoast.com\/product\/yoast-seo-wordpress\/ -->\n<title>Casa FOA 2011 fue un gran \u201cMercado del Dise\u00f1o\u201d en el barrio de Barracas - Todo Madera<\/title>\n<meta name=\"robots\" content=\"index, follow, max-snippet:-1, max-image-preview:large, max-video-preview:-1\" \/>\n<link rel=\"canonical\" href=\"https:\/\/maderamen.com.ar\/todo-madera\/2011\/11\/01\/casa-foa-2011-fue-un-gran-mercado-del-diseno-en-el-barrio-de-barracas\/\" \/>\n<meta property=\"og:locale\" content=\"es_ES\" \/>\n<meta property=\"og:type\" content=\"article\" \/>\n<meta property=\"og:title\" content=\"Casa FOA 2011 fue un gran \u201cMercado del Dise\u00f1o\u201d en el barrio de Barracas - Todo Madera\" \/>\n<meta property=\"og:description\" content=\"(Buenos Aires, 1 de noviembre de 2011). Con 52 espacios de arquitectura, dise\u00f1o interior, arte y paisajismo finaliz\u00f3 una nueva edici\u00f3n de la muestra anual de Casa FOA a beneficio de la Fundaci\u00f3n Oftalmol\u00f3gica Argentina Jorge Malbran, que se realiz\u00f3 del 9 de septiembre al 10 de octubre en el edificio del Centro Metropolitano de [&hellip;]\" \/>\n<meta property=\"og:url\" content=\"https:\/\/maderamen.com.ar\/todo-madera\/2011\/11\/01\/casa-foa-2011-fue-un-gran-mercado-del-diseno-en-el-barrio-de-barracas\/\" \/>\n<meta property=\"og:site_name\" content=\"Todo Madera\" \/>\n<meta property=\"article:publisher\" content=\"https:\/\/www.facebook.com\/Maderamen.Argentina\/\" \/>\n<meta property=\"article:published_time\" content=\"2011-11-01T00:00:00+00:00\" \/>\n<meta name=\"author\" content=\"Maderamen\" \/>\n<meta name=\"twitter:card\" content=\"summary_large_image\" \/>\n<meta name=\"twitter:creator\" content=\"@DesarrolloFores\" \/>\n<meta name=\"twitter:site\" content=\"@DesarrolloFores\" \/>\n<meta name=\"twitter:label1\" content=\"Escrito por\" \/>\n\t<meta name=\"twitter:data1\" content=\"Maderamen\" \/>\n\t<meta name=\"twitter:label2\" content=\"Tiempo de lectura\" \/>\n\t<meta name=\"twitter:data2\" content=\"4 minutos\" \/>\n<script type=\"application\/ld+json\" class=\"yoast-schema-graph\">{\"@context\":\"https:\\\/\\\/schema.org\",\"@graph\":[{\"@type\":\"Article\",\"@id\":\"https:\\\/\\\/maderamen.com.ar\\\/todo-madera\\\/2011\\\/11\\\/01\\\/casa-foa-2011-fue-un-gran-mercado-del-diseno-en-el-barrio-de-barracas\\\/#article\",\"isPartOf\":{\"@id\":\"https:\\\/\\\/maderamen.com.ar\\\/todo-madera\\\/2011\\\/11\\\/01\\\/casa-foa-2011-fue-un-gran-mercado-del-diseno-en-el-barrio-de-barracas\\\/\"},\"author\":{\"name\":\"Maderamen\",\"@id\":\"https:\\\/\\\/maderamen.com.ar\\\/todo-madera\\\/#\\\/schema\\\/person\\\/ad3cdc3df72c15861fdd096bee929343\"},\"headline\":\"Casa FOA 2011 fue un gran \u201cMercado del Dise\u00f1o\u201d en el barrio de Barracas\",\"datePublished\":\"2011-11-01T00:00:00+00:00\",\"mainEntityOfPage\":{\"@id\":\"https:\\\/\\\/maderamen.com.ar\\\/todo-madera\\\/2011\\\/11\\\/01\\\/casa-foa-2011-fue-un-gran-mercado-del-diseno-en-el-barrio-de-barracas\\\/\"},\"wordCount\":742,\"commentCount\":0,\"publisher\":{\"@id\":\"https:\\\/\\\/maderamen.com.ar\\\/todo-madera\\\/#organization\"},\"articleSection\":[\"Noticias\"],\"inLanguage\":\"es\",\"potentialAction\":[{\"@type\":\"CommentAction\",\"name\":\"Comment\",\"target\":[\"https:\\\/\\\/maderamen.com.ar\\\/todo-madera\\\/2011\\\/11\\\/01\\\/casa-foa-2011-fue-un-gran-mercado-del-diseno-en-el-barrio-de-barracas\\\/#respond\"]}]},{\"@type\":\"WebPage\",\"@id\":\"https:\\\/\\\/maderamen.com.ar\\\/todo-madera\\\/2011\\\/11\\\/01\\\/casa-foa-2011-fue-un-gran-mercado-del-diseno-en-el-barrio-de-barracas\\\/\",\"url\":\"https:\\\/\\\/maderamen.com.ar\\\/todo-madera\\\/2011\\\/11\\\/01\\\/casa-foa-2011-fue-un-gran-mercado-del-diseno-en-el-barrio-de-barracas\\\/\",\"name\":\"Casa FOA 2011 fue un gran \u201cMercado del Dise\u00f1o\u201d en el barrio de Barracas - Todo Madera\",\"isPartOf\":{\"@id\":\"https:\\\/\\\/maderamen.com.ar\\\/todo-madera\\\/#website\"},\"datePublished\":\"2011-11-01T00:00:00+00:00\",\"breadcrumb\":{\"@id\":\"https:\\\/\\\/maderamen.com.ar\\\/todo-madera\\\/2011\\\/11\\\/01\\\/casa-foa-2011-fue-un-gran-mercado-del-diseno-en-el-barrio-de-barracas\\\/#breadcrumb\"},\"inLanguage\":\"es\",\"potentialAction\":[{\"@type\":\"ReadAction\",\"target\":[\"https:\\\/\\\/maderamen.com.ar\\\/todo-madera\\\/2011\\\/11\\\/01\\\/casa-foa-2011-fue-un-gran-mercado-del-diseno-en-el-barrio-de-barracas\\\/\"]}]},{\"@type\":\"BreadcrumbList\",\"@id\":\"https:\\\/\\\/maderamen.com.ar\\\/todo-madera\\\/2011\\\/11\\\/01\\\/casa-foa-2011-fue-un-gran-mercado-del-diseno-en-el-barrio-de-barracas\\\/#breadcrumb\",\"itemListElement\":[{\"@type\":\"ListItem\",\"position\":1,\"name\":\"Portada\",\"item\":\"https:\\\/\\\/maderamen.com.ar\\\/todo-madera\\\/\"},{\"@type\":\"ListItem\",\"position\":2,\"name\":\"Casa FOA 2011 fue un gran \u201cMercado del Dise\u00f1o\u201d en el barrio de Barracas\"}]},{\"@type\":\"WebSite\",\"@id\":\"https:\\\/\\\/maderamen.com.ar\\\/todo-madera\\\/#website\",\"url\":\"https:\\\/\\\/maderamen.com.ar\\\/todo-madera\\\/\",\"name\":\"Todo Madera\",\"description\":\"Noticias sobre madera y construcci\u00f3n\",\"publisher\":{\"@id\":\"https:\\\/\\\/maderamen.com.ar\\\/todo-madera\\\/#organization\"},\"potentialAction\":[{\"@type\":\"SearchAction\",\"target\":{\"@type\":\"EntryPoint\",\"urlTemplate\":\"https:\\\/\\\/maderamen.com.ar\\\/todo-madera\\\/?s={search_term_string}\"},\"query-input\":{\"@type\":\"PropertyValueSpecification\",\"valueRequired\":true,\"valueName\":\"search_term_string\"}}],\"inLanguage\":\"es\"},{\"@type\":\"Organization\",\"@id\":\"https:\\\/\\\/maderamen.com.ar\\\/todo-madera\\\/#organization\",\"name\":\"Maderamen\",\"url\":\"https:\\\/\\\/maderamen.com.ar\\\/todo-madera\\\/\",\"logo\":{\"@type\":\"ImageObject\",\"inLanguage\":\"es\",\"@id\":\"https:\\\/\\\/maderamen.com.ar\\\/todo-madera\\\/#\\\/schema\\\/logo\\\/image\\\/\",\"url\":\"https:\\\/\\\/maderamen.com.ar\\\/todo-madera\\\/wp-content\\\/uploads\\\/sites\\\/3\\\/2017\\\/09\\\/logo-maderamen-s.png\",\"contentUrl\":\"https:\\\/\\\/maderamen.com.ar\\\/todo-madera\\\/wp-content\\\/uploads\\\/sites\\\/3\\\/2017\\\/09\\\/logo-maderamen-s.png\",\"width\":250,\"height\":246,\"caption\":\"Maderamen\"},\"image\":{\"@id\":\"https:\\\/\\\/maderamen.com.ar\\\/todo-madera\\\/#\\\/schema\\\/logo\\\/image\\\/\"},\"sameAs\":[\"https:\\\/\\\/www.facebook.com\\\/Maderamen.Argentina\\\/\",\"https:\\\/\\\/x.com\\\/DesarrolloFores\",\"https:\\\/\\\/www.youtube.com\\\/channel\\\/UCeYU2-_JRTYYpgHoyhTT2Fg\",\"https:\\\/\\\/www.instagram.com\\\/maderamen.ok\\\/\",\"https:\\\/\\\/www.linkedin.com\\\/company\\\/maderameneditorial\\\/\"]},{\"@type\":\"Person\",\"@id\":\"https:\\\/\\\/maderamen.com.ar\\\/todo-madera\\\/#\\\/schema\\\/person\\\/ad3cdc3df72c15861fdd096bee929343\",\"name\":\"Maderamen\",\"image\":{\"@type\":\"ImageObject\",\"inLanguage\":\"es\",\"@id\":\"https:\\\/\\\/secure.gravatar.com\\\/avatar\\\/af612dc5cc79b81354fdd5591e3c15e376793953a9585c1142faad6370a6f555?s=96&d=mm&r=g\",\"url\":\"https:\\\/\\\/secure.gravatar.com\\\/avatar\\\/af612dc5cc79b81354fdd5591e3c15e376793953a9585c1142faad6370a6f555?s=96&d=mm&r=g\",\"contentUrl\":\"https:\\\/\\\/secure.gravatar.com\\\/avatar\\\/af612dc5cc79b81354fdd5591e3c15e376793953a9585c1142faad6370a6f555?s=96&d=mm&r=g\",\"caption\":\"Maderamen\"},\"url\":\"https:\\\/\\\/maderamen.com.ar\\\/todo-madera\\\/author\\\/sachi\\\/\"}]}<\/script>\n<!-- \/ Yoast SEO plugin. -->","yoast_head_json":{"title":"Casa FOA 2011 fue un gran \u201cMercado del Dise\u00f1o\u201d en el barrio de Barracas - Todo Madera","robots":{"index":"index","follow":"follow","max-snippet":"max-snippet:-1","max-image-preview":"max-image-preview:large","max-video-preview":"max-video-preview:-1"},"canonical":"https:\/\/maderamen.com.ar\/todo-madera\/2011\/11\/01\/casa-foa-2011-fue-un-gran-mercado-del-diseno-en-el-barrio-de-barracas\/","og_locale":"es_ES","og_type":"article","og_title":"Casa FOA 2011 fue un gran \u201cMercado del Dise\u00f1o\u201d en el barrio de Barracas - Todo Madera","og_description":"(Buenos Aires, 1 de noviembre de 2011). Con 52 espacios de arquitectura, dise\u00f1o interior, arte y paisajismo finaliz\u00f3 una nueva edici\u00f3n de la muestra anual de Casa FOA a beneficio de la Fundaci\u00f3n Oftalmol\u00f3gica Argentina Jorge Malbran, que se realiz\u00f3 del 9 de septiembre al 10 de octubre en el edificio del Centro Metropolitano de [&hellip;]","og_url":"https:\/\/maderamen.com.ar\/todo-madera\/2011\/11\/01\/casa-foa-2011-fue-un-gran-mercado-del-diseno-en-el-barrio-de-barracas\/","og_site_name":"Todo Madera","article_publisher":"https:\/\/www.facebook.com\/Maderamen.Argentina\/","article_published_time":"2011-11-01T00:00:00+00:00","author":"Maderamen","twitter_card":"summary_large_image","twitter_creator":"@DesarrolloFores","twitter_site":"@DesarrolloFores","twitter_misc":{"Escrito por":"Maderamen","Tiempo de lectura":"4 minutos"},"schema":{"@context":"https:\/\/schema.org","@graph":[{"@type":"Article","@id":"https:\/\/maderamen.com.ar\/todo-madera\/2011\/11\/01\/casa-foa-2011-fue-un-gran-mercado-del-diseno-en-el-barrio-de-barracas\/#article","isPartOf":{"@id":"https:\/\/maderamen.com.ar\/todo-madera\/2011\/11\/01\/casa-foa-2011-fue-un-gran-mercado-del-diseno-en-el-barrio-de-barracas\/"},"author":{"name":"Maderamen","@id":"https:\/\/maderamen.com.ar\/todo-madera\/#\/schema\/person\/ad3cdc3df72c15861fdd096bee929343"},"headline":"Casa FOA 2011 fue un gran \u201cMercado del Dise\u00f1o\u201d en el barrio de Barracas","datePublished":"2011-11-01T00:00:00+00:00","mainEntityOfPage":{"@id":"https:\/\/maderamen.com.ar\/todo-madera\/2011\/11\/01\/casa-foa-2011-fue-un-gran-mercado-del-diseno-en-el-barrio-de-barracas\/"},"wordCount":742,"commentCount":0,"publisher":{"@id":"https:\/\/maderamen.com.ar\/todo-madera\/#organization"},"articleSection":["Noticias"],"inLanguage":"es","potentialAction":[{"@type":"CommentAction","name":"Comment","target":["https:\/\/maderamen.com.ar\/todo-madera\/2011\/11\/01\/casa-foa-2011-fue-un-gran-mercado-del-diseno-en-el-barrio-de-barracas\/#respond"]}]},{"@type":"WebPage","@id":"https:\/\/maderamen.com.ar\/todo-madera\/2011\/11\/01\/casa-foa-2011-fue-un-gran-mercado-del-diseno-en-el-barrio-de-barracas\/","url":"https:\/\/maderamen.com.ar\/todo-madera\/2011\/11\/01\/casa-foa-2011-fue-un-gran-mercado-del-diseno-en-el-barrio-de-barracas\/","name":"Casa FOA 2011 fue un gran \u201cMercado del Dise\u00f1o\u201d en el barrio de Barracas - Todo Madera","isPartOf":{"@id":"https:\/\/maderamen.com.ar\/todo-madera\/#website"},"datePublished":"2011-11-01T00:00:00+00:00","breadcrumb":{"@id":"https:\/\/maderamen.com.ar\/todo-madera\/2011\/11\/01\/casa-foa-2011-fue-un-gran-mercado-del-diseno-en-el-barrio-de-barracas\/#breadcrumb"},"inLanguage":"es","potentialAction":[{"@type":"ReadAction","target":["https:\/\/maderamen.com.ar\/todo-madera\/2011\/11\/01\/casa-foa-2011-fue-un-gran-mercado-del-diseno-en-el-barrio-de-barracas\/"]}]},{"@type":"BreadcrumbList","@id":"https:\/\/maderamen.com.ar\/todo-madera\/2011\/11\/01\/casa-foa-2011-fue-un-gran-mercado-del-diseno-en-el-barrio-de-barracas\/#breadcrumb","itemListElement":[{"@type":"ListItem","position":1,"name":"Portada","item":"https:\/\/maderamen.com.ar\/todo-madera\/"},{"@type":"ListItem","position":2,"name":"Casa FOA 2011 fue un gran \u201cMercado del Dise\u00f1o\u201d en el barrio de Barracas"}]},{"@type":"WebSite","@id":"https:\/\/maderamen.com.ar\/todo-madera\/#website","url":"https:\/\/maderamen.com.ar\/todo-madera\/","name":"Todo Madera","description":"Noticias sobre madera y construcci\u00f3n","publisher":{"@id":"https:\/\/maderamen.com.ar\/todo-madera\/#organization"},"potentialAction":[{"@type":"SearchAction","target":{"@type":"EntryPoint","urlTemplate":"https:\/\/maderamen.com.ar\/todo-madera\/?s={search_term_string}"},"query-input":{"@type":"PropertyValueSpecification","valueRequired":true,"valueName":"search_term_string"}}],"inLanguage":"es"},{"@type":"Organization","@id":"https:\/\/maderamen.com.ar\/todo-madera\/#organization","name":"Maderamen","url":"https:\/\/maderamen.com.ar\/todo-madera\/","logo":{"@type":"ImageObject","inLanguage":"es","@id":"https:\/\/maderamen.com.ar\/todo-madera\/#\/schema\/logo\/image\/","url":"https:\/\/maderamen.com.ar\/todo-madera\/wp-content\/uploads\/sites\/3\/2017\/09\/logo-maderamen-s.png","contentUrl":"https:\/\/maderamen.com.ar\/todo-madera\/wp-content\/uploads\/sites\/3\/2017\/09\/logo-maderamen-s.png","width":250,"height":246,"caption":"Maderamen"},"image":{"@id":"https:\/\/maderamen.com.ar\/todo-madera\/#\/schema\/logo\/image\/"},"sameAs":["https:\/\/www.facebook.com\/Maderamen.Argentina\/","https:\/\/x.com\/DesarrolloFores","https:\/\/www.youtube.com\/channel\/UCeYU2-_JRTYYpgHoyhTT2Fg","https:\/\/www.instagram.com\/maderamen.ok\/","https:\/\/www.linkedin.com\/company\/maderameneditorial\/"]},{"@type":"Person","@id":"https:\/\/maderamen.com.ar\/todo-madera\/#\/schema\/person\/ad3cdc3df72c15861fdd096bee929343","name":"Maderamen","image":{"@type":"ImageObject","inLanguage":"es","@id":"https:\/\/secure.gravatar.com\/avatar\/af612dc5cc79b81354fdd5591e3c15e376793953a9585c1142faad6370a6f555?s=96&d=mm&r=g","url":"https:\/\/secure.gravatar.com\/avatar\/af612dc5cc79b81354fdd5591e3c15e376793953a9585c1142faad6370a6f555?s=96&d=mm&r=g","contentUrl":"https:\/\/secure.gravatar.com\/avatar\/af612dc5cc79b81354fdd5591e3c15e376793953a9585c1142faad6370a6f555?s=96&d=mm&r=g","caption":"Maderamen"},"url":"https:\/\/maderamen.com.ar\/todo-madera\/author\/sachi\/"}]}},"_links":{"self":[{"href":"https:\/\/maderamen.com.ar\/todo-madera\/wp-json\/wp\/v2\/posts\/6385","targetHints":{"allow":["GET"]}}],"collection":[{"href":"https:\/\/maderamen.com.ar\/todo-madera\/wp-json\/wp\/v2\/posts"}],"about":[{"href":"https:\/\/maderamen.com.ar\/todo-madera\/wp-json\/wp\/v2\/types\/post"}],"author":[{"embeddable":true,"href":"https:\/\/maderamen.com.ar\/todo-madera\/wp-json\/wp\/v2\/users\/1"}],"replies":[{"embeddable":true,"href":"https:\/\/maderamen.com.ar\/todo-madera\/wp-json\/wp\/v2\/comments?post=6385"}],"version-history":[{"count":0,"href":"https:\/\/maderamen.com.ar\/todo-madera\/wp-json\/wp\/v2\/posts\/6385\/revisions"}],"wp:attachment":[{"href":"https:\/\/maderamen.com.ar\/todo-madera\/wp-json\/wp\/v2\/media?parent=6385"}],"wp:term":[{"taxonomy":"category","embeddable":true,"href":"https:\/\/maderamen.com.ar\/todo-madera\/wp-json\/wp\/v2\/categories?post=6385"},{"taxonomy":"post_tag","embeddable":true,"href":"https:\/\/maderamen.com.ar\/todo-madera\/wp-json\/wp\/v2\/tags?post=6385"}],"curies":[{"name":"wp","href":"https:\/\/api.w.org\/{rel}","templated":true}]}}