{"id":6384,"date":"2011-10-18T00:00:00","date_gmt":"2011-10-18T00:00:00","guid":{"rendered":"http:\/\/maderamen.com.ar\/todo-madera\/2011\/10\/18\/dos-charlas-sobre-construccion-en-madera-en-las-xxv-jornadas-entre-rios-este-jueves\/"},"modified":"2011-10-18T00:00:00","modified_gmt":"2011-10-18T00:00:00","slug":"dos-charlas-sobre-construccion-en-madera-en-las-xxv-jornadas-entre-rios-este-jueves","status":"publish","type":"post","link":"https:\/\/maderamen.com.ar\/todo-madera\/2011\/10\/18\/dos-charlas-sobre-construccion-en-madera-en-las-xxv-jornadas-entre-rios-este-jueves\/","title":{"rendered":"Dos charlas sobre construcci\u00f3n en madera en las XXV Jornadas Entre R\u00edos, este jueves"},"content":{"rendered":"<p>(Buenos Aires, 18 de octubre de 2011). Las XXV Jornadas Forestales de Entre R\u00edos, tradicional espacio de encuentro para el sector foresto industrial argentino y rioplatense, se desarrollar\u00e1n el jueves 20 y el viernes 21 de octubre en Concordia. El jueves habr\u00e1 dos disertaciones sobre construcci\u00f3n en madera, a cargo del arquitecto Jorge Barroso (Maderadisegno Arquitectura) y del ingeniero Mart\u00edn S\u00e1nchez Acosta, investigador de INTA Concordia.<\/p>\n<p>Como todos los a\u00f1os desde 1986 \u2013excepto en 2009, cuando Argentina organiz\u00f3 por segunda vez en su historia el Congreso Forestal Mundial- Concordia ser\u00e1 sede de las Jornadas Forestales de Entre R\u00edos. No se suspenden por lluvia. <\/p>\n<p>Se desarrollar\u00e1n en las Estaci\u00f3n Experimental INTA Concordia, ubicada en Ruta Prov. N\u00ba 22 (M) y v\u00edas del ferrocarril, Estaci\u00f3n Yuquer\u00ed, Concordia, Entre R\u00edos. El jueves 20 de octubre habr\u00e1 disertaciones desde las 8:30 sobre producci\u00f3n, industria; desarrollo forestal y ambiente; gesti\u00f3n econ\u00f3mica y pol\u00edtica. El viernes 21 por la ma\u00f1ana ser\u00e1 la recorrida a campo. <\/p>\n<p>Organizan la Estaci\u00f3n Experimental INTA Concordia  y la Asociaci\u00f3n de Ingenieros Agr\u00f3nomos del Nordeste de Entre R\u00edos (AIANER).  <\/p>\n<p>Como parte del Panel Industria, el jueves luego del almuerzo est\u00e1 previsto el siguiente programa: <\/p>\n<p>&#8211; 14:00\u201314:40: \u201cConstrucci\u00f3n de viviendas en madera\u201d. Arq. Jorge Barroso, Universidad de Mor\u00f3n-Estudio Maderadisegno, Buenos Aires; <\/p>\n<p>&#8211; 14:40-15:00: \u201cConstrucci\u00f3n de vivienda canadiense de inter\u00e9s social en madera de eucalipto\u201d. Ing. Ftal. Mart\u00edn S\u00e1nchez Acosta, INTA Concordia; <\/p>\n<p>&#8211; 15:00\u201315:15: Preguntas <\/p>\n<p>Informes: EEA INTA Concordia al (54-345) 4290000 o cmastrandrea@correo.inta.gov.ar o www.inta.gov.ar\/concordia; AIANER al (54- 345) 4221563 o aianer@aianer.com.ar o <br \/>www.aianer.com.ar <\/p>\n<p>Foto: Archivo Todo Madera.<\/p>\n","protected":false},"excerpt":{"rendered":"<p>(Buenos Aires, 18 de octubre de 2011). Las XXV Jornadas Forestales de Entre R\u00edos, tradicional espacio de encuentro para el sector foresto industrial argentino y rioplatense, se desarrollar\u00e1n el jueves 20 y el viernes 21 de octubre en Concordia. El jueves habr\u00e1 dos disertaciones sobre construcci\u00f3n en madera, a cargo del arquitecto Jorge Barroso (Maderadisegno [&hellip;]<\/p>\n","protected":false},"author":1,"featured_media":0,"comment_status":"open","ping_status":"open","sticky":false,"template":"","format":"standard","meta":{"footnotes":""},"categories":[3],"tags":[],"class_list":{"0":"post-6384","1":"post","2":"type-post","3":"status-publish","4":"format-standard","6":"category-noticias-y-actualidad"},"yoast_head":"<!-- This site is optimized with the Yoast SEO plugin v27.4 - https:\/\/yoast.com\/product\/yoast-seo-wordpress\/ -->\n<title>Dos charlas sobre construcci\u00f3n en madera en las XXV Jornadas Entre R\u00edos, este jueves - Todo Madera<\/title>\n<meta name=\"robots\" content=\"index, follow, max-snippet:-1, max-image-preview:large, max-video-preview:-1\" \/>\n<link rel=\"canonical\" href=\"https:\/\/maderamen.com.ar\/todo-madera\/2011\/10\/18\/dos-charlas-sobre-construccion-en-madera-en-las-xxv-jornadas-entre-rios-este-jueves\/\" \/>\n<meta property=\"og:locale\" content=\"es_ES\" \/>\n<meta property=\"og:type\" content=\"article\" \/>\n<meta property=\"og:title\" content=\"Dos charlas sobre construcci\u00f3n en madera en las XXV Jornadas Entre R\u00edos, este jueves - Todo Madera\" \/>\n<meta property=\"og:description\" content=\"(Buenos Aires, 18 de octubre de 2011). Las XXV Jornadas Forestales de Entre R\u00edos, tradicional espacio de encuentro para el sector foresto industrial argentino y rioplatense, se desarrollar\u00e1n el jueves 20 y el viernes 21 de octubre en Concordia. El jueves habr\u00e1 dos disertaciones sobre construcci\u00f3n en madera, a cargo del arquitecto Jorge Barroso (Maderadisegno [&hellip;]\" \/>\n<meta property=\"og:url\" content=\"https:\/\/maderamen.com.ar\/todo-madera\/2011\/10\/18\/dos-charlas-sobre-construccion-en-madera-en-las-xxv-jornadas-entre-rios-este-jueves\/\" \/>\n<meta property=\"og:site_name\" content=\"Todo Madera\" \/>\n<meta property=\"article:publisher\" content=\"https:\/\/www.facebook.com\/Maderamen.Argentina\/\" \/>\n<meta property=\"article:published_time\" content=\"2011-10-18T00:00:00+00:00\" \/>\n<meta name=\"author\" content=\"Maderamen\" \/>\n<meta name=\"twitter:card\" content=\"summary_large_image\" \/>\n<meta name=\"twitter:creator\" content=\"@DesarrolloFores\" \/>\n<meta name=\"twitter:site\" content=\"@DesarrolloFores\" \/>\n<meta name=\"twitter:label1\" content=\"Escrito por\" \/>\n\t<meta name=\"twitter:data1\" content=\"Maderamen\" \/>\n\t<meta name=\"twitter:label2\" content=\"Tiempo de lectura\" \/>\n\t<meta name=\"twitter:data2\" content=\"1 minuto\" \/>\n<script type=\"application\/ld+json\" class=\"yoast-schema-graph\">{\"@context\":\"https:\\\/\\\/schema.org\",\"@graph\":[{\"@type\":\"Article\",\"@id\":\"https:\\\/\\\/maderamen.com.ar\\\/todo-madera\\\/2011\\\/10\\\/18\\\/dos-charlas-sobre-construccion-en-madera-en-las-xxv-jornadas-entre-rios-este-jueves\\\/#article\",\"isPartOf\":{\"@id\":\"https:\\\/\\\/maderamen.com.ar\\\/todo-madera\\\/2011\\\/10\\\/18\\\/dos-charlas-sobre-construccion-en-madera-en-las-xxv-jornadas-entre-rios-este-jueves\\\/\"},\"author\":{\"name\":\"Maderamen\",\"@id\":\"https:\\\/\\\/maderamen.com.ar\\\/todo-madera\\\/#\\\/schema\\\/person\\\/ad3cdc3df72c15861fdd096bee929343\"},\"headline\":\"Dos charlas sobre construcci\u00f3n en madera en las XXV Jornadas Entre R\u00edos, este jueves\",\"datePublished\":\"2011-10-18T00:00:00+00:00\",\"mainEntityOfPage\":{\"@id\":\"https:\\\/\\\/maderamen.com.ar\\\/todo-madera\\\/2011\\\/10\\\/18\\\/dos-charlas-sobre-construccion-en-madera-en-las-xxv-jornadas-entre-rios-este-jueves\\\/\"},\"wordCount\":297,\"commentCount\":0,\"publisher\":{\"@id\":\"https:\\\/\\\/maderamen.com.ar\\\/todo-madera\\\/#organization\"},\"articleSection\":[\"Noticias\"],\"inLanguage\":\"es\",\"potentialAction\":[{\"@type\":\"CommentAction\",\"name\":\"Comment\",\"target\":[\"https:\\\/\\\/maderamen.com.ar\\\/todo-madera\\\/2011\\\/10\\\/18\\\/dos-charlas-sobre-construccion-en-madera-en-las-xxv-jornadas-entre-rios-este-jueves\\\/#respond\"]}]},{\"@type\":\"WebPage\",\"@id\":\"https:\\\/\\\/maderamen.com.ar\\\/todo-madera\\\/2011\\\/10\\\/18\\\/dos-charlas-sobre-construccion-en-madera-en-las-xxv-jornadas-entre-rios-este-jueves\\\/\",\"url\":\"https:\\\/\\\/maderamen.com.ar\\\/todo-madera\\\/2011\\\/10\\\/18\\\/dos-charlas-sobre-construccion-en-madera-en-las-xxv-jornadas-entre-rios-este-jueves\\\/\",\"name\":\"Dos charlas sobre construcci\u00f3n en madera en las XXV Jornadas Entre R\u00edos, este jueves - Todo Madera\",\"isPartOf\":{\"@id\":\"https:\\\/\\\/maderamen.com.ar\\\/todo-madera\\\/#website\"},\"datePublished\":\"2011-10-18T00:00:00+00:00\",\"breadcrumb\":{\"@id\":\"https:\\\/\\\/maderamen.com.ar\\\/todo-madera\\\/2011\\\/10\\\/18\\\/dos-charlas-sobre-construccion-en-madera-en-las-xxv-jornadas-entre-rios-este-jueves\\\/#breadcrumb\"},\"inLanguage\":\"es\",\"potentialAction\":[{\"@type\":\"ReadAction\",\"target\":[\"https:\\\/\\\/maderamen.com.ar\\\/todo-madera\\\/2011\\\/10\\\/18\\\/dos-charlas-sobre-construccion-en-madera-en-las-xxv-jornadas-entre-rios-este-jueves\\\/\"]}]},{\"@type\":\"BreadcrumbList\",\"@id\":\"https:\\\/\\\/maderamen.com.ar\\\/todo-madera\\\/2011\\\/10\\\/18\\\/dos-charlas-sobre-construccion-en-madera-en-las-xxv-jornadas-entre-rios-este-jueves\\\/#breadcrumb\",\"itemListElement\":[{\"@type\":\"ListItem\",\"position\":1,\"name\":\"Portada\",\"item\":\"https:\\\/\\\/maderamen.com.ar\\\/todo-madera\\\/\"},{\"@type\":\"ListItem\",\"position\":2,\"name\":\"Dos charlas sobre construcci\u00f3n en madera en las XXV Jornadas Entre R\u00edos, este jueves\"}]},{\"@type\":\"WebSite\",\"@id\":\"https:\\\/\\\/maderamen.com.ar\\\/todo-madera\\\/#website\",\"url\":\"https:\\\/\\\/maderamen.com.ar\\\/todo-madera\\\/\",\"name\":\"Todo Madera\",\"description\":\"Noticias sobre madera y construcci\u00f3n\",\"publisher\":{\"@id\":\"https:\\\/\\\/maderamen.com.ar\\\/todo-madera\\\/#organization\"},\"potentialAction\":[{\"@type\":\"SearchAction\",\"target\":{\"@type\":\"EntryPoint\",\"urlTemplate\":\"https:\\\/\\\/maderamen.com.ar\\\/todo-madera\\\/?s={search_term_string}\"},\"query-input\":{\"@type\":\"PropertyValueSpecification\",\"valueRequired\":true,\"valueName\":\"search_term_string\"}}],\"inLanguage\":\"es\"},{\"@type\":\"Organization\",\"@id\":\"https:\\\/\\\/maderamen.com.ar\\\/todo-madera\\\/#organization\",\"name\":\"Maderamen\",\"url\":\"https:\\\/\\\/maderamen.com.ar\\\/todo-madera\\\/\",\"logo\":{\"@type\":\"ImageObject\",\"inLanguage\":\"es\",\"@id\":\"https:\\\/\\\/maderamen.com.ar\\\/todo-madera\\\/#\\\/schema\\\/logo\\\/image\\\/\",\"url\":\"https:\\\/\\\/maderamen.com.ar\\\/todo-madera\\\/wp-content\\\/uploads\\\/sites\\\/3\\\/2017\\\/09\\\/logo-maderamen-s.png\",\"contentUrl\":\"https:\\\/\\\/maderamen.com.ar\\\/todo-madera\\\/wp-content\\\/uploads\\\/sites\\\/3\\\/2017\\\/09\\\/logo-maderamen-s.png\",\"width\":250,\"height\":246,\"caption\":\"Maderamen\"},\"image\":{\"@id\":\"https:\\\/\\\/maderamen.com.ar\\\/todo-madera\\\/#\\\/schema\\\/logo\\\/image\\\/\"},\"sameAs\":[\"https:\\\/\\\/www.facebook.com\\\/Maderamen.Argentina\\\/\",\"https:\\\/\\\/x.com\\\/DesarrolloFores\",\"https:\\\/\\\/www.youtube.com\\\/channel\\\/UCeYU2-_JRTYYpgHoyhTT2Fg\",\"https:\\\/\\\/www.instagram.com\\\/maderamen.ok\\\/\",\"https:\\\/\\\/www.linkedin.com\\\/company\\\/maderameneditorial\\\/\"]},{\"@type\":\"Person\",\"@id\":\"https:\\\/\\\/maderamen.com.ar\\\/todo-madera\\\/#\\\/schema\\\/person\\\/ad3cdc3df72c15861fdd096bee929343\",\"name\":\"Maderamen\",\"image\":{\"@type\":\"ImageObject\",\"inLanguage\":\"es\",\"@id\":\"https:\\\/\\\/secure.gravatar.com\\\/avatar\\\/af612dc5cc79b81354fdd5591e3c15e376793953a9585c1142faad6370a6f555?s=96&d=mm&r=g\",\"url\":\"https:\\\/\\\/secure.gravatar.com\\\/avatar\\\/af612dc5cc79b81354fdd5591e3c15e376793953a9585c1142faad6370a6f555?s=96&d=mm&r=g\",\"contentUrl\":\"https:\\\/\\\/secure.gravatar.com\\\/avatar\\\/af612dc5cc79b81354fdd5591e3c15e376793953a9585c1142faad6370a6f555?s=96&d=mm&r=g\",\"caption\":\"Maderamen\"},\"url\":\"https:\\\/\\\/maderamen.com.ar\\\/todo-madera\\\/author\\\/sachi\\\/\"}]}<\/script>\n<!-- \/ Yoast SEO plugin. -->","yoast_head_json":{"title":"Dos charlas sobre construcci\u00f3n en madera en las XXV Jornadas Entre R\u00edos, este jueves - Todo Madera","robots":{"index":"index","follow":"follow","max-snippet":"max-snippet:-1","max-image-preview":"max-image-preview:large","max-video-preview":"max-video-preview:-1"},"canonical":"https:\/\/maderamen.com.ar\/todo-madera\/2011\/10\/18\/dos-charlas-sobre-construccion-en-madera-en-las-xxv-jornadas-entre-rios-este-jueves\/","og_locale":"es_ES","og_type":"article","og_title":"Dos charlas sobre construcci\u00f3n en madera en las XXV Jornadas Entre R\u00edos, este jueves - Todo Madera","og_description":"(Buenos Aires, 18 de octubre de 2011). Las XXV Jornadas Forestales de Entre R\u00edos, tradicional espacio de encuentro para el sector foresto industrial argentino y rioplatense, se desarrollar\u00e1n el jueves 20 y el viernes 21 de octubre en Concordia. El jueves habr\u00e1 dos disertaciones sobre construcci\u00f3n en madera, a cargo del arquitecto Jorge Barroso (Maderadisegno [&hellip;]","og_url":"https:\/\/maderamen.com.ar\/todo-madera\/2011\/10\/18\/dos-charlas-sobre-construccion-en-madera-en-las-xxv-jornadas-entre-rios-este-jueves\/","og_site_name":"Todo Madera","article_publisher":"https:\/\/www.facebook.com\/Maderamen.Argentina\/","article_published_time":"2011-10-18T00:00:00+00:00","author":"Maderamen","twitter_card":"summary_large_image","twitter_creator":"@DesarrolloFores","twitter_site":"@DesarrolloFores","twitter_misc":{"Escrito por":"Maderamen","Tiempo de lectura":"1 minuto"},"schema":{"@context":"https:\/\/schema.org","@graph":[{"@type":"Article","@id":"https:\/\/maderamen.com.ar\/todo-madera\/2011\/10\/18\/dos-charlas-sobre-construccion-en-madera-en-las-xxv-jornadas-entre-rios-este-jueves\/#article","isPartOf":{"@id":"https:\/\/maderamen.com.ar\/todo-madera\/2011\/10\/18\/dos-charlas-sobre-construccion-en-madera-en-las-xxv-jornadas-entre-rios-este-jueves\/"},"author":{"name":"Maderamen","@id":"https:\/\/maderamen.com.ar\/todo-madera\/#\/schema\/person\/ad3cdc3df72c15861fdd096bee929343"},"headline":"Dos charlas sobre construcci\u00f3n en madera en las XXV Jornadas Entre R\u00edos, este jueves","datePublished":"2011-10-18T00:00:00+00:00","mainEntityOfPage":{"@id":"https:\/\/maderamen.com.ar\/todo-madera\/2011\/10\/18\/dos-charlas-sobre-construccion-en-madera-en-las-xxv-jornadas-entre-rios-este-jueves\/"},"wordCount":297,"commentCount":0,"publisher":{"@id":"https:\/\/maderamen.com.ar\/todo-madera\/#organization"},"articleSection":["Noticias"],"inLanguage":"es","potentialAction":[{"@type":"CommentAction","name":"Comment","target":["https:\/\/maderamen.com.ar\/todo-madera\/2011\/10\/18\/dos-charlas-sobre-construccion-en-madera-en-las-xxv-jornadas-entre-rios-este-jueves\/#respond"]}]},{"@type":"WebPage","@id":"https:\/\/maderamen.com.ar\/todo-madera\/2011\/10\/18\/dos-charlas-sobre-construccion-en-madera-en-las-xxv-jornadas-entre-rios-este-jueves\/","url":"https:\/\/maderamen.com.ar\/todo-madera\/2011\/10\/18\/dos-charlas-sobre-construccion-en-madera-en-las-xxv-jornadas-entre-rios-este-jueves\/","name":"Dos charlas sobre construcci\u00f3n en madera en las XXV Jornadas Entre R\u00edos, este jueves - Todo Madera","isPartOf":{"@id":"https:\/\/maderamen.com.ar\/todo-madera\/#website"},"datePublished":"2011-10-18T00:00:00+00:00","breadcrumb":{"@id":"https:\/\/maderamen.com.ar\/todo-madera\/2011\/10\/18\/dos-charlas-sobre-construccion-en-madera-en-las-xxv-jornadas-entre-rios-este-jueves\/#breadcrumb"},"inLanguage":"es","potentialAction":[{"@type":"ReadAction","target":["https:\/\/maderamen.com.ar\/todo-madera\/2011\/10\/18\/dos-charlas-sobre-construccion-en-madera-en-las-xxv-jornadas-entre-rios-este-jueves\/"]}]},{"@type":"BreadcrumbList","@id":"https:\/\/maderamen.com.ar\/todo-madera\/2011\/10\/18\/dos-charlas-sobre-construccion-en-madera-en-las-xxv-jornadas-entre-rios-este-jueves\/#breadcrumb","itemListElement":[{"@type":"ListItem","position":1,"name":"Portada","item":"https:\/\/maderamen.com.ar\/todo-madera\/"},{"@type":"ListItem","position":2,"name":"Dos charlas sobre construcci\u00f3n en madera en las XXV Jornadas Entre R\u00edos, este jueves"}]},{"@type":"WebSite","@id":"https:\/\/maderamen.com.ar\/todo-madera\/#website","url":"https:\/\/maderamen.com.ar\/todo-madera\/","name":"Todo Madera","description":"Noticias sobre madera y construcci\u00f3n","publisher":{"@id":"https:\/\/maderamen.com.ar\/todo-madera\/#organization"},"potentialAction":[{"@type":"SearchAction","target":{"@type":"EntryPoint","urlTemplate":"https:\/\/maderamen.com.ar\/todo-madera\/?s={search_term_string}"},"query-input":{"@type":"PropertyValueSpecification","valueRequired":true,"valueName":"search_term_string"}}],"inLanguage":"es"},{"@type":"Organization","@id":"https:\/\/maderamen.com.ar\/todo-madera\/#organization","name":"Maderamen","url":"https:\/\/maderamen.com.ar\/todo-madera\/","logo":{"@type":"ImageObject","inLanguage":"es","@id":"https:\/\/maderamen.com.ar\/todo-madera\/#\/schema\/logo\/image\/","url":"https:\/\/maderamen.com.ar\/todo-madera\/wp-content\/uploads\/sites\/3\/2017\/09\/logo-maderamen-s.png","contentUrl":"https:\/\/maderamen.com.ar\/todo-madera\/wp-content\/uploads\/sites\/3\/2017\/09\/logo-maderamen-s.png","width":250,"height":246,"caption":"Maderamen"},"image":{"@id":"https:\/\/maderamen.com.ar\/todo-madera\/#\/schema\/logo\/image\/"},"sameAs":["https:\/\/www.facebook.com\/Maderamen.Argentina\/","https:\/\/x.com\/DesarrolloFores","https:\/\/www.youtube.com\/channel\/UCeYU2-_JRTYYpgHoyhTT2Fg","https:\/\/www.instagram.com\/maderamen.ok\/","https:\/\/www.linkedin.com\/company\/maderameneditorial\/"]},{"@type":"Person","@id":"https:\/\/maderamen.com.ar\/todo-madera\/#\/schema\/person\/ad3cdc3df72c15861fdd096bee929343","name":"Maderamen","image":{"@type":"ImageObject","inLanguage":"es","@id":"https:\/\/secure.gravatar.com\/avatar\/af612dc5cc79b81354fdd5591e3c15e376793953a9585c1142faad6370a6f555?s=96&d=mm&r=g","url":"https:\/\/secure.gravatar.com\/avatar\/af612dc5cc79b81354fdd5591e3c15e376793953a9585c1142faad6370a6f555?s=96&d=mm&r=g","contentUrl":"https:\/\/secure.gravatar.com\/avatar\/af612dc5cc79b81354fdd5591e3c15e376793953a9585c1142faad6370a6f555?s=96&d=mm&r=g","caption":"Maderamen"},"url":"https:\/\/maderamen.com.ar\/todo-madera\/author\/sachi\/"}]}},"_links":{"self":[{"href":"https:\/\/maderamen.com.ar\/todo-madera\/wp-json\/wp\/v2\/posts\/6384","targetHints":{"allow":["GET"]}}],"collection":[{"href":"https:\/\/maderamen.com.ar\/todo-madera\/wp-json\/wp\/v2\/posts"}],"about":[{"href":"https:\/\/maderamen.com.ar\/todo-madera\/wp-json\/wp\/v2\/types\/post"}],"author":[{"embeddable":true,"href":"https:\/\/maderamen.com.ar\/todo-madera\/wp-json\/wp\/v2\/users\/1"}],"replies":[{"embeddable":true,"href":"https:\/\/maderamen.com.ar\/todo-madera\/wp-json\/wp\/v2\/comments?post=6384"}],"version-history":[{"count":0,"href":"https:\/\/maderamen.com.ar\/todo-madera\/wp-json\/wp\/v2\/posts\/6384\/revisions"}],"wp:attachment":[{"href":"https:\/\/maderamen.com.ar\/todo-madera\/wp-json\/wp\/v2\/media?parent=6384"}],"wp:term":[{"taxonomy":"category","embeddable":true,"href":"https:\/\/maderamen.com.ar\/todo-madera\/wp-json\/wp\/v2\/categories?post=6384"},{"taxonomy":"post_tag","embeddable":true,"href":"https:\/\/maderamen.com.ar\/todo-madera\/wp-json\/wp\/v2\/tags?post=6384"}],"curies":[{"name":"wp","href":"https:\/\/api.w.org\/{rel}","templated":true}]}}