{"id":6377,"date":"2011-10-31T00:00:00","date_gmt":"2011-10-31T00:00:00","guid":{"rendered":"http:\/\/maderamen.com.ar\/todo-madera\/2011\/10\/31\/replica-del-centro-george-pompidou-en-metz-francia\/"},"modified":"2011-10-31T00:00:00","modified_gmt":"2011-10-31T00:00:00","slug":"replica-del-centro-george-pompidou-en-metz-francia","status":"publish","type":"post","link":"https:\/\/maderamen.com.ar\/todo-madera\/2011\/10\/31\/replica-del-centro-george-pompidou-en-metz-francia\/","title":{"rendered":"R\u00e9plica del Centro George Pompidou en Metz, Francia"},"content":{"rendered":"<p>(Buenos Aires, 26 de septiembre de 2011). El Centro Georges Pompidou, en Par\u00eds, es el nombre com\u00fanmente empleado para designar al Centro Nacional de Arte y Cultura Georges Pompidou, dise\u00f1ado por el arquitectos Renzo Piano y Richard Rogers. Es de uno de los monumentos m\u00e1s visitados de Francia: seis millones de visitas al a\u00f1o. Su  estructura modular es b\u00e1sicamente una gran cubierta ondulada realizada en madera. El Pompidou-Metz, situado en esta localidad francesa que es puerta de entrada a Luxemburgo, Alemania y B\u00e9lgica, podr\u00e1 apoyarse en el Centro Pompidou de Par\u00eds y en su colecci\u00f3n de arte moderno y contempor\u00e1neo considerada la m\u00e1s importante de Europa. Galer\u00eda de Im\u00e1genes.<\/p>\n<p>El Centro Pompidou ha tenido \u201ccr\u00eda\u201d, como por otra parte est\u00e1 de moda en otros celebres museos. Y el nacimiento ha sido en la ciudad de Metz. En esa ciudad del nordeste del pa\u00eds, que aspira a convertirse en un punto neur\u00e1lgico del arte contempor\u00e1neo europeo: el Centro Pompidou-Metz, la primera gran instituci\u00f3n cultural francesa descentralizada, fue inaugurado por el actual presidente de Francia, Nicolas Sarkozy. <\/p>\n<p>El Pompidou-Metz, situado en esta localidad francesa que es puerta de entrada a Luxemburgo, Alemania y B\u00e9lgica, podr\u00e1 apoyarse en el Centro Pompidou de Par\u00eds y en su colecci\u00f3n de arte moderno y contempor\u00e1neo considerada la m\u00e1s importante de Europa. <\/p>\n<p>La exposici\u00f3n inaugural Chefs- d\u00bbouvre, reflexi\u00f3n singular sobre el concepto de las obras maestras, estrena el asombroso edificio creado por los arquitectos Shigeru Ban y Jean de Gastines, que es en s\u00ed uno de los grandes alicientes que Metz ofrece a partir de ahora al p\u00fablico. Oportunidades que le brinda la espectacular construcci\u00f3n, de planta hexagonal y cuyo tejado ondulado de madera sostiene una membrana textil transl\u00facida que a\u00fana belleza y eficacia.  <\/p>\n<p>Un concurso de proyectos <\/p>\n<p>En 2003, Shigeru Ban, Jean-de-de Gastines y Felipe Gumuchdjian ganan un concurso internacional para dise\u00f1ar el Centro Pompidou en Metz, Francia. El complejo cultural de 12.000 metros cuadrados incluye 6.000 metros cuadrados de superficie de exposici\u00f3n bajo el mismo techo. Tres cajas rectangulares, en voladizo partes de la casa de la colecci\u00f3n permanente del Centro Pompidou en un ambiente climatizado. <\/p>\n<p>Ning\u00fan aspecto de la materialidad del edificio debe hacer olvidar que el mismo se fundamenta en el \u201cdise\u00f1o de su funci\u00f3n\u201d, es decir, un Centro de la Cultura en sus m\u00e1s variadas formas de expresi\u00f3n, donde la experimentaci\u00f3n es un continuo, y el soporte es la sociedad que aprecia y valora estos esfuerzos. <\/p>\n<p>El Centro Pompidou-Metz pretende ser una experiencia \u00fanica, un lugar para los visitantes a participar con la creaci\u00f3n art\u00edstica en todas sus formas. As\u00ed queda presentado como una vasta estructura modular en torno a una torre central que se eleva 77 metros sobre el suelo, un gui\u00f1o al Centro Pompidou. <\/p>\n<p>La estructura del techo hexagonal, que se hace eco el piso de la planta de la galer\u00eda. Otras \u00e1reas, tales como el Foro, la terraza del restaurante y el jard\u00edn ofrecen nuevas oportunidades para exhibir las obras. <\/p>\n<p>La vasta estructura modular es b\u00e1sicamente una gran cubierta ondulada, realizada totalmente en Madera, dentro de la cual se cobijan, interceptan y emergen otros cuerpos, que parecen perforarla. <\/p>\n<p>En los sistemas modernos de CNC, de extremo a extremo el dise\u00f1o de componentes es altamente automatizado utilizando programas de CAD \/ CAM. Mas all\u00e1 de actuar como un medio de potenciar el proceso de representaci\u00f3n de los dise\u00f1adores, el \u201cmundo digital\u201d, adquiere corporeidad cuando da las \u00f3rdenes de \u201chacer\u201d a las \u201cmanos robotizadas\u201d, que alcanzan respuestas inimaginables con los limitantes de siempre de la historia de la arquitectura. Ni siquiera pretendo expresar que potencian, ni \u201cbelleza\u201d, ni funcionamiento de la planta, solo que alcanzan otros l\u00edmites en la expresi\u00f3n formal. <\/p>\n<p>Una terraza de suave pendiente proporciona un enlace directo peatonal a la estaci\u00f3n de tren. Con claros y jardines, tiene las mismas dimensiones que la plaza enfrente del Centro Pompidou. El jard\u00edn de dos hect\u00e1reas est\u00e1 plantado con cerezos en flor, y sus pliegues verdes permiten recoger el agua de lluvia desde el techo y terraza. <\/p>\n<p>Tambi\u00e9n hay numerosos senderos para los visitantes a hacer su camino alrededor y a trav\u00e9s del parque. En cambio, el jard\u00edn sur es un \u00e1rea privada. Se trata de un espacio de paisajismo mineral que puede ser utilizado como una terraza en verano, y otra zona densamente arbolada. Al arquitecto le tom\u00f3 diez meses para preparar y cuatro meses para instalar la malla de madera, que comprende 18 kil\u00f3metros de la madera laminada en vigas, una t\u00e9cnica inventada hace 100 a\u00f1os. <\/p>\n<p>El 95 por ciento de las maderas del techo est\u00e1n hechos de pino austriaco o suizo, el resto son de hayas y alerces. Cada viga fue mecanizado CNC de proporciones \u00fanicas. Esto permiti\u00f3 realizar tanto la producci\u00f3n de las curvas de multi-direccional, como las perforaciones para el montaje final (nodo puntos, pernos y abrazaderas). La construcci\u00f3n de la estructura del techo de madera fue realizada por la empresa alemana Holzbau Amann. Los arquitectos Shigeru Ban y Jean de Gastines eligieron la madera porque es un material inagotable y f\u00e1cilmente reciclable.  <\/p>\n<p>La arquitectura del Centro Pompidou-Metz cumple con la calidad ambiental y criterios de desarrollo sostenible, y como tal, es coherente con el programa de renovaci\u00f3n urbana que se llev\u00f3 a cabo en el distrito de la ciudad. La estructura del techo fue montado \u201ctejiendo\u201d seis vigas en forma de hex\u00e1gono, un concepto innovador, de referencia en el mundo de la construcci\u00f3n 5.020 metros cuadrados de superficie de exposici\u00f3n, con 3 galer\u00edas de 11.50 metros cuadrados cada una.  <\/p>\n<p>\u201cHab\u00edamos imaginado (dicen los autores) una arquitectura que tradujera la apertura al abrazo de las culturas, en una relaci\u00f3n inmediata y sensorial con el entorno&quot;. En el interior el ambiente general es claro, con su cubierta en madera clara, sus muros y estructuras pintadas en blanco, y sus solados en hormig\u00f3n de superficie gris perlado. <\/p>\n<p>La cubierta, el tratamiento de la relaci\u00f3n interior \u2013 exterior y las tres galer\u00edas de exposici\u00f3n son el resultado del partido tomado para una arquitectura renovadora. La arquitectura del Centro Pompidou-Metz, presenta especificidades poco comunes. Los vol\u00famenes remarcables de su nave, la diversidad de lugares de exposici\u00f3n, que alternan entre grandes superficies libres y espacios intimistas, son propicios a la inventiva y a la sorpresa del visitante. <\/p>\n<p>Nunca &quot;congelados&quot;, los espacios de exposici\u00f3n pueden ser modulados para permitir las lecturas originales del arte moderno y contempor\u00e1neo. Tal vez esta imagen sea una buena s\u00edntesis de lo dimensional, cuando nos refer\u00edamos a los 77 metros en la flecha, a una cubierta de m\u00e1s de 5000 metros cuadrados. El tejido de las maderas con \u201csuaves\u201d empalmes met\u00e1licos no corta la imagen de la continuidad del tejido. Forma y m\u00e1s que nada forma constituyendo una estructura. Claro est\u00e1 la madera como el material m\u00e1s apto para ello. Nace como tejido y se expresa como tejido. <\/p>\n<p>La estructura de tela del techo, se inspira en las caracter\u00edsticas t\u00e9cnicas de los sombreros chinos y puentes. Las haza\u00f1as de dise\u00f1o principalmente pasiva para producir una construcci\u00f3n energ\u00e9ticamente eficiente. El gran techo voladizo protege las fachadas de la intemperie en el invierno y da sombra en verano. La madera como tantas otras veces en grandes edificios. <\/p>\n<p>Fuente y fotos: maderadisegno, revista digital de arquitectura en madera (www.maderadisegno.com.ar)<\/p>\n","protected":false},"excerpt":{"rendered":"<p>(Buenos Aires, 26 de septiembre de 2011). El Centro Georges Pompidou, en Par\u00eds, es el nombre com\u00fanmente empleado para designar al Centro Nacional de Arte y Cultura Georges Pompidou, dise\u00f1ado por el arquitectos Renzo Piano y Richard Rogers. Es de uno de los monumentos m\u00e1s visitados de Francia: seis millones de visitas al a\u00f1o. Su [&hellip;]<\/p>\n","protected":false},"author":1,"featured_media":3166,"comment_status":"open","ping_status":"open","sticky":false,"template":"","format":"standard","meta":{"footnotes":""},"categories":[2],"tags":[],"class_list":{"0":"post-6377","1":"post","2":"type-post","3":"status-publish","4":"format-standard","5":"has-post-thumbnail","7":"category-informacion-tecnica"},"yoast_head":"<!-- This site is optimized with the Yoast SEO plugin v27.4 - https:\/\/yoast.com\/product\/yoast-seo-wordpress\/ -->\n<title>R\u00e9plica del Centro George Pompidou en Metz, Francia - Todo Madera<\/title>\n<meta name=\"robots\" content=\"index, follow, max-snippet:-1, max-image-preview:large, max-video-preview:-1\" \/>\n<link rel=\"canonical\" href=\"https:\/\/maderamen.com.ar\/todo-madera\/2011\/10\/31\/replica-del-centro-george-pompidou-en-metz-francia\/\" \/>\n<meta property=\"og:locale\" content=\"es_ES\" \/>\n<meta property=\"og:type\" content=\"article\" \/>\n<meta property=\"og:title\" content=\"R\u00e9plica del Centro George Pompidou en Metz, Francia - Todo Madera\" \/>\n<meta property=\"og:description\" content=\"(Buenos Aires, 26 de septiembre de 2011). El Centro Georges Pompidou, en Par\u00eds, es el nombre com\u00fanmente empleado para designar al Centro Nacional de Arte y Cultura Georges Pompidou, dise\u00f1ado por el arquitectos Renzo Piano y Richard Rogers. Es de uno de los monumentos m\u00e1s visitados de Francia: seis millones de visitas al a\u00f1o. Su [&hellip;]\" \/>\n<meta property=\"og:url\" content=\"https:\/\/maderamen.com.ar\/todo-madera\/2011\/10\/31\/replica-del-centro-george-pompidou-en-metz-francia\/\" \/>\n<meta property=\"og:site_name\" content=\"Todo Madera\" \/>\n<meta property=\"article:publisher\" content=\"https:\/\/www.facebook.com\/Maderamen.Argentina\/\" \/>\n<meta property=\"article:published_time\" content=\"2011-10-31T00:00:00+00:00\" \/>\n<meta property=\"og:image\" content=\"https:\/\/maderamen.com.ar\/todo-madera\/wp-content\/uploads\/sites\/3\/2017\/01\/03472126092011_Maderadis2260911.jpg\" \/>\n\t<meta property=\"og:image:width\" content=\"280\" \/>\n\t<meta property=\"og:image:height\" content=\"346\" \/>\n\t<meta property=\"og:image:type\" content=\"image\/jpeg\" \/>\n<meta name=\"author\" content=\"Maderamen\" \/>\n<meta name=\"twitter:card\" content=\"summary_large_image\" \/>\n<meta name=\"twitter:creator\" content=\"@DesarrolloFores\" \/>\n<meta name=\"twitter:site\" content=\"@DesarrolloFores\" \/>\n<meta name=\"twitter:label1\" content=\"Escrito por\" \/>\n\t<meta name=\"twitter:data1\" content=\"Maderamen\" \/>\n\t<meta name=\"twitter:label2\" content=\"Tiempo de lectura\" \/>\n\t<meta name=\"twitter:data2\" content=\"6 minutos\" \/>\n<script type=\"application\/ld+json\" class=\"yoast-schema-graph\">{\"@context\":\"https:\\\/\\\/schema.org\",\"@graph\":[{\"@type\":\"Article\",\"@id\":\"https:\\\/\\\/maderamen.com.ar\\\/todo-madera\\\/2011\\\/10\\\/31\\\/replica-del-centro-george-pompidou-en-metz-francia\\\/#article\",\"isPartOf\":{\"@id\":\"https:\\\/\\\/maderamen.com.ar\\\/todo-madera\\\/2011\\\/10\\\/31\\\/replica-del-centro-george-pompidou-en-metz-francia\\\/\"},\"author\":{\"name\":\"Maderamen\",\"@id\":\"https:\\\/\\\/maderamen.com.ar\\\/todo-madera\\\/#\\\/schema\\\/person\\\/ad3cdc3df72c15861fdd096bee929343\"},\"headline\":\"R\u00e9plica del Centro George Pompidou en Metz, Francia\",\"datePublished\":\"2011-10-31T00:00:00+00:00\",\"mainEntityOfPage\":{\"@id\":\"https:\\\/\\\/maderamen.com.ar\\\/todo-madera\\\/2011\\\/10\\\/31\\\/replica-del-centro-george-pompidou-en-metz-francia\\\/\"},\"wordCount\":1288,\"commentCount\":0,\"publisher\":{\"@id\":\"https:\\\/\\\/maderamen.com.ar\\\/todo-madera\\\/#organization\"},\"image\":{\"@id\":\"https:\\\/\\\/maderamen.com.ar\\\/todo-madera\\\/2011\\\/10\\\/31\\\/replica-del-centro-george-pompidou-en-metz-francia\\\/#primaryimage\"},\"thumbnailUrl\":\"https:\\\/\\\/maderamen.com.ar\\\/todo-madera\\\/wp-content\\\/uploads\\\/sites\\\/3\\\/2017\\\/01\\\/03472126092011_Maderadis2260911.jpg\",\"articleSection\":[\"Informaci\u00f3n T\u00e9cnica\"],\"inLanguage\":\"es\",\"potentialAction\":[{\"@type\":\"CommentAction\",\"name\":\"Comment\",\"target\":[\"https:\\\/\\\/maderamen.com.ar\\\/todo-madera\\\/2011\\\/10\\\/31\\\/replica-del-centro-george-pompidou-en-metz-francia\\\/#respond\"]}]},{\"@type\":\"WebPage\",\"@id\":\"https:\\\/\\\/maderamen.com.ar\\\/todo-madera\\\/2011\\\/10\\\/31\\\/replica-del-centro-george-pompidou-en-metz-francia\\\/\",\"url\":\"https:\\\/\\\/maderamen.com.ar\\\/todo-madera\\\/2011\\\/10\\\/31\\\/replica-del-centro-george-pompidou-en-metz-francia\\\/\",\"name\":\"R\u00e9plica del Centro George Pompidou en Metz, Francia - Todo Madera\",\"isPartOf\":{\"@id\":\"https:\\\/\\\/maderamen.com.ar\\\/todo-madera\\\/#website\"},\"primaryImageOfPage\":{\"@id\":\"https:\\\/\\\/maderamen.com.ar\\\/todo-madera\\\/2011\\\/10\\\/31\\\/replica-del-centro-george-pompidou-en-metz-francia\\\/#primaryimage\"},\"image\":{\"@id\":\"https:\\\/\\\/maderamen.com.ar\\\/todo-madera\\\/2011\\\/10\\\/31\\\/replica-del-centro-george-pompidou-en-metz-francia\\\/#primaryimage\"},\"thumbnailUrl\":\"https:\\\/\\\/maderamen.com.ar\\\/todo-madera\\\/wp-content\\\/uploads\\\/sites\\\/3\\\/2017\\\/01\\\/03472126092011_Maderadis2260911.jpg\",\"datePublished\":\"2011-10-31T00:00:00+00:00\",\"breadcrumb\":{\"@id\":\"https:\\\/\\\/maderamen.com.ar\\\/todo-madera\\\/2011\\\/10\\\/31\\\/replica-del-centro-george-pompidou-en-metz-francia\\\/#breadcrumb\"},\"inLanguage\":\"es\",\"potentialAction\":[{\"@type\":\"ReadAction\",\"target\":[\"https:\\\/\\\/maderamen.com.ar\\\/todo-madera\\\/2011\\\/10\\\/31\\\/replica-del-centro-george-pompidou-en-metz-francia\\\/\"]}]},{\"@type\":\"ImageObject\",\"inLanguage\":\"es\",\"@id\":\"https:\\\/\\\/maderamen.com.ar\\\/todo-madera\\\/2011\\\/10\\\/31\\\/replica-del-centro-george-pompidou-en-metz-francia\\\/#primaryimage\",\"url\":\"https:\\\/\\\/maderamen.com.ar\\\/todo-madera\\\/wp-content\\\/uploads\\\/sites\\\/3\\\/2017\\\/01\\\/03472126092011_Maderadis2260911.jpg\",\"contentUrl\":\"https:\\\/\\\/maderamen.com.ar\\\/todo-madera\\\/wp-content\\\/uploads\\\/sites\\\/3\\\/2017\\\/01\\\/03472126092011_Maderadis2260911.jpg\",\"width\":280,\"height\":346},{\"@type\":\"BreadcrumbList\",\"@id\":\"https:\\\/\\\/maderamen.com.ar\\\/todo-madera\\\/2011\\\/10\\\/31\\\/replica-del-centro-george-pompidou-en-metz-francia\\\/#breadcrumb\",\"itemListElement\":[{\"@type\":\"ListItem\",\"position\":1,\"name\":\"Portada\",\"item\":\"https:\\\/\\\/maderamen.com.ar\\\/todo-madera\\\/\"},{\"@type\":\"ListItem\",\"position\":2,\"name\":\"R\u00e9plica del Centro George Pompidou en Metz, Francia\"}]},{\"@type\":\"WebSite\",\"@id\":\"https:\\\/\\\/maderamen.com.ar\\\/todo-madera\\\/#website\",\"url\":\"https:\\\/\\\/maderamen.com.ar\\\/todo-madera\\\/\",\"name\":\"Todo Madera\",\"description\":\"Noticias sobre madera y construcci\u00f3n\",\"publisher\":{\"@id\":\"https:\\\/\\\/maderamen.com.ar\\\/todo-madera\\\/#organization\"},\"potentialAction\":[{\"@type\":\"SearchAction\",\"target\":{\"@type\":\"EntryPoint\",\"urlTemplate\":\"https:\\\/\\\/maderamen.com.ar\\\/todo-madera\\\/?s={search_term_string}\"},\"query-input\":{\"@type\":\"PropertyValueSpecification\",\"valueRequired\":true,\"valueName\":\"search_term_string\"}}],\"inLanguage\":\"es\"},{\"@type\":\"Organization\",\"@id\":\"https:\\\/\\\/maderamen.com.ar\\\/todo-madera\\\/#organization\",\"name\":\"Maderamen\",\"url\":\"https:\\\/\\\/maderamen.com.ar\\\/todo-madera\\\/\",\"logo\":{\"@type\":\"ImageObject\",\"inLanguage\":\"es\",\"@id\":\"https:\\\/\\\/maderamen.com.ar\\\/todo-madera\\\/#\\\/schema\\\/logo\\\/image\\\/\",\"url\":\"https:\\\/\\\/maderamen.com.ar\\\/todo-madera\\\/wp-content\\\/uploads\\\/sites\\\/3\\\/2017\\\/09\\\/logo-maderamen-s.png\",\"contentUrl\":\"https:\\\/\\\/maderamen.com.ar\\\/todo-madera\\\/wp-content\\\/uploads\\\/sites\\\/3\\\/2017\\\/09\\\/logo-maderamen-s.png\",\"width\":250,\"height\":246,\"caption\":\"Maderamen\"},\"image\":{\"@id\":\"https:\\\/\\\/maderamen.com.ar\\\/todo-madera\\\/#\\\/schema\\\/logo\\\/image\\\/\"},\"sameAs\":[\"https:\\\/\\\/www.facebook.com\\\/Maderamen.Argentina\\\/\",\"https:\\\/\\\/x.com\\\/DesarrolloFores\",\"https:\\\/\\\/www.youtube.com\\\/channel\\\/UCeYU2-_JRTYYpgHoyhTT2Fg\",\"https:\\\/\\\/www.instagram.com\\\/maderamen.ok\\\/\",\"https:\\\/\\\/www.linkedin.com\\\/company\\\/maderameneditorial\\\/\"]},{\"@type\":\"Person\",\"@id\":\"https:\\\/\\\/maderamen.com.ar\\\/todo-madera\\\/#\\\/schema\\\/person\\\/ad3cdc3df72c15861fdd096bee929343\",\"name\":\"Maderamen\",\"image\":{\"@type\":\"ImageObject\",\"inLanguage\":\"es\",\"@id\":\"https:\\\/\\\/secure.gravatar.com\\\/avatar\\\/af612dc5cc79b81354fdd5591e3c15e376793953a9585c1142faad6370a6f555?s=96&d=mm&r=g\",\"url\":\"https:\\\/\\\/secure.gravatar.com\\\/avatar\\\/af612dc5cc79b81354fdd5591e3c15e376793953a9585c1142faad6370a6f555?s=96&d=mm&r=g\",\"contentUrl\":\"https:\\\/\\\/secure.gravatar.com\\\/avatar\\\/af612dc5cc79b81354fdd5591e3c15e376793953a9585c1142faad6370a6f555?s=96&d=mm&r=g\",\"caption\":\"Maderamen\"},\"url\":\"https:\\\/\\\/maderamen.com.ar\\\/todo-madera\\\/author\\\/sachi\\\/\"}]}<\/script>\n<!-- \/ Yoast SEO plugin. -->","yoast_head_json":{"title":"R\u00e9plica del Centro George Pompidou en Metz, Francia - Todo Madera","robots":{"index":"index","follow":"follow","max-snippet":"max-snippet:-1","max-image-preview":"max-image-preview:large","max-video-preview":"max-video-preview:-1"},"canonical":"https:\/\/maderamen.com.ar\/todo-madera\/2011\/10\/31\/replica-del-centro-george-pompidou-en-metz-francia\/","og_locale":"es_ES","og_type":"article","og_title":"R\u00e9plica del Centro George Pompidou en Metz, Francia - Todo Madera","og_description":"(Buenos Aires, 26 de septiembre de 2011). El Centro Georges Pompidou, en Par\u00eds, es el nombre com\u00fanmente empleado para designar al Centro Nacional de Arte y Cultura Georges Pompidou, dise\u00f1ado por el arquitectos Renzo Piano y Richard Rogers. Es de uno de los monumentos m\u00e1s visitados de Francia: seis millones de visitas al a\u00f1o. Su [&hellip;]","og_url":"https:\/\/maderamen.com.ar\/todo-madera\/2011\/10\/31\/replica-del-centro-george-pompidou-en-metz-francia\/","og_site_name":"Todo Madera","article_publisher":"https:\/\/www.facebook.com\/Maderamen.Argentina\/","article_published_time":"2011-10-31T00:00:00+00:00","og_image":[{"width":280,"height":346,"url":"https:\/\/maderamen.com.ar\/todo-madera\/wp-content\/uploads\/sites\/3\/2017\/01\/03472126092011_Maderadis2260911.jpg","type":"image\/jpeg"}],"author":"Maderamen","twitter_card":"summary_large_image","twitter_creator":"@DesarrolloFores","twitter_site":"@DesarrolloFores","twitter_misc":{"Escrito por":"Maderamen","Tiempo de lectura":"6 minutos"},"schema":{"@context":"https:\/\/schema.org","@graph":[{"@type":"Article","@id":"https:\/\/maderamen.com.ar\/todo-madera\/2011\/10\/31\/replica-del-centro-george-pompidou-en-metz-francia\/#article","isPartOf":{"@id":"https:\/\/maderamen.com.ar\/todo-madera\/2011\/10\/31\/replica-del-centro-george-pompidou-en-metz-francia\/"},"author":{"name":"Maderamen","@id":"https:\/\/maderamen.com.ar\/todo-madera\/#\/schema\/person\/ad3cdc3df72c15861fdd096bee929343"},"headline":"R\u00e9plica del Centro George Pompidou en Metz, Francia","datePublished":"2011-10-31T00:00:00+00:00","mainEntityOfPage":{"@id":"https:\/\/maderamen.com.ar\/todo-madera\/2011\/10\/31\/replica-del-centro-george-pompidou-en-metz-francia\/"},"wordCount":1288,"commentCount":0,"publisher":{"@id":"https:\/\/maderamen.com.ar\/todo-madera\/#organization"},"image":{"@id":"https:\/\/maderamen.com.ar\/todo-madera\/2011\/10\/31\/replica-del-centro-george-pompidou-en-metz-francia\/#primaryimage"},"thumbnailUrl":"https:\/\/maderamen.com.ar\/todo-madera\/wp-content\/uploads\/sites\/3\/2017\/01\/03472126092011_Maderadis2260911.jpg","articleSection":["Informaci\u00f3n T\u00e9cnica"],"inLanguage":"es","potentialAction":[{"@type":"CommentAction","name":"Comment","target":["https:\/\/maderamen.com.ar\/todo-madera\/2011\/10\/31\/replica-del-centro-george-pompidou-en-metz-francia\/#respond"]}]},{"@type":"WebPage","@id":"https:\/\/maderamen.com.ar\/todo-madera\/2011\/10\/31\/replica-del-centro-george-pompidou-en-metz-francia\/","url":"https:\/\/maderamen.com.ar\/todo-madera\/2011\/10\/31\/replica-del-centro-george-pompidou-en-metz-francia\/","name":"R\u00e9plica del Centro George Pompidou en Metz, Francia - Todo Madera","isPartOf":{"@id":"https:\/\/maderamen.com.ar\/todo-madera\/#website"},"primaryImageOfPage":{"@id":"https:\/\/maderamen.com.ar\/todo-madera\/2011\/10\/31\/replica-del-centro-george-pompidou-en-metz-francia\/#primaryimage"},"image":{"@id":"https:\/\/maderamen.com.ar\/todo-madera\/2011\/10\/31\/replica-del-centro-george-pompidou-en-metz-francia\/#primaryimage"},"thumbnailUrl":"https:\/\/maderamen.com.ar\/todo-madera\/wp-content\/uploads\/sites\/3\/2017\/01\/03472126092011_Maderadis2260911.jpg","datePublished":"2011-10-31T00:00:00+00:00","breadcrumb":{"@id":"https:\/\/maderamen.com.ar\/todo-madera\/2011\/10\/31\/replica-del-centro-george-pompidou-en-metz-francia\/#breadcrumb"},"inLanguage":"es","potentialAction":[{"@type":"ReadAction","target":["https:\/\/maderamen.com.ar\/todo-madera\/2011\/10\/31\/replica-del-centro-george-pompidou-en-metz-francia\/"]}]},{"@type":"ImageObject","inLanguage":"es","@id":"https:\/\/maderamen.com.ar\/todo-madera\/2011\/10\/31\/replica-del-centro-george-pompidou-en-metz-francia\/#primaryimage","url":"https:\/\/maderamen.com.ar\/todo-madera\/wp-content\/uploads\/sites\/3\/2017\/01\/03472126092011_Maderadis2260911.jpg","contentUrl":"https:\/\/maderamen.com.ar\/todo-madera\/wp-content\/uploads\/sites\/3\/2017\/01\/03472126092011_Maderadis2260911.jpg","width":280,"height":346},{"@type":"BreadcrumbList","@id":"https:\/\/maderamen.com.ar\/todo-madera\/2011\/10\/31\/replica-del-centro-george-pompidou-en-metz-francia\/#breadcrumb","itemListElement":[{"@type":"ListItem","position":1,"name":"Portada","item":"https:\/\/maderamen.com.ar\/todo-madera\/"},{"@type":"ListItem","position":2,"name":"R\u00e9plica del Centro George Pompidou en Metz, Francia"}]},{"@type":"WebSite","@id":"https:\/\/maderamen.com.ar\/todo-madera\/#website","url":"https:\/\/maderamen.com.ar\/todo-madera\/","name":"Todo Madera","description":"Noticias sobre madera y construcci\u00f3n","publisher":{"@id":"https:\/\/maderamen.com.ar\/todo-madera\/#organization"},"potentialAction":[{"@type":"SearchAction","target":{"@type":"EntryPoint","urlTemplate":"https:\/\/maderamen.com.ar\/todo-madera\/?s={search_term_string}"},"query-input":{"@type":"PropertyValueSpecification","valueRequired":true,"valueName":"search_term_string"}}],"inLanguage":"es"},{"@type":"Organization","@id":"https:\/\/maderamen.com.ar\/todo-madera\/#organization","name":"Maderamen","url":"https:\/\/maderamen.com.ar\/todo-madera\/","logo":{"@type":"ImageObject","inLanguage":"es","@id":"https:\/\/maderamen.com.ar\/todo-madera\/#\/schema\/logo\/image\/","url":"https:\/\/maderamen.com.ar\/todo-madera\/wp-content\/uploads\/sites\/3\/2017\/09\/logo-maderamen-s.png","contentUrl":"https:\/\/maderamen.com.ar\/todo-madera\/wp-content\/uploads\/sites\/3\/2017\/09\/logo-maderamen-s.png","width":250,"height":246,"caption":"Maderamen"},"image":{"@id":"https:\/\/maderamen.com.ar\/todo-madera\/#\/schema\/logo\/image\/"},"sameAs":["https:\/\/www.facebook.com\/Maderamen.Argentina\/","https:\/\/x.com\/DesarrolloFores","https:\/\/www.youtube.com\/channel\/UCeYU2-_JRTYYpgHoyhTT2Fg","https:\/\/www.instagram.com\/maderamen.ok\/","https:\/\/www.linkedin.com\/company\/maderameneditorial\/"]},{"@type":"Person","@id":"https:\/\/maderamen.com.ar\/todo-madera\/#\/schema\/person\/ad3cdc3df72c15861fdd096bee929343","name":"Maderamen","image":{"@type":"ImageObject","inLanguage":"es","@id":"https:\/\/secure.gravatar.com\/avatar\/af612dc5cc79b81354fdd5591e3c15e376793953a9585c1142faad6370a6f555?s=96&d=mm&r=g","url":"https:\/\/secure.gravatar.com\/avatar\/af612dc5cc79b81354fdd5591e3c15e376793953a9585c1142faad6370a6f555?s=96&d=mm&r=g","contentUrl":"https:\/\/secure.gravatar.com\/avatar\/af612dc5cc79b81354fdd5591e3c15e376793953a9585c1142faad6370a6f555?s=96&d=mm&r=g","caption":"Maderamen"},"url":"https:\/\/maderamen.com.ar\/todo-madera\/author\/sachi\/"}]}},"_links":{"self":[{"href":"https:\/\/maderamen.com.ar\/todo-madera\/wp-json\/wp\/v2\/posts\/6377","targetHints":{"allow":["GET"]}}],"collection":[{"href":"https:\/\/maderamen.com.ar\/todo-madera\/wp-json\/wp\/v2\/posts"}],"about":[{"href":"https:\/\/maderamen.com.ar\/todo-madera\/wp-json\/wp\/v2\/types\/post"}],"author":[{"embeddable":true,"href":"https:\/\/maderamen.com.ar\/todo-madera\/wp-json\/wp\/v2\/users\/1"}],"replies":[{"embeddable":true,"href":"https:\/\/maderamen.com.ar\/todo-madera\/wp-json\/wp\/v2\/comments?post=6377"}],"version-history":[{"count":0,"href":"https:\/\/maderamen.com.ar\/todo-madera\/wp-json\/wp\/v2\/posts\/6377\/revisions"}],"wp:featuredmedia":[{"embeddable":true,"href":"https:\/\/maderamen.com.ar\/todo-madera\/wp-json\/wp\/v2\/media\/3166"}],"wp:attachment":[{"href":"https:\/\/maderamen.com.ar\/todo-madera\/wp-json\/wp\/v2\/media?parent=6377"}],"wp:term":[{"taxonomy":"category","embeddable":true,"href":"https:\/\/maderamen.com.ar\/todo-madera\/wp-json\/wp\/v2\/categories?post=6377"},{"taxonomy":"post_tag","embeddable":true,"href":"https:\/\/maderamen.com.ar\/todo-madera\/wp-json\/wp\/v2\/tags?post=6377"}],"curies":[{"name":"wp","href":"https:\/\/api.w.org\/{rel}","templated":true}]}}