{"id":12805,"date":"2023-07-18T11:53:44","date_gmt":"2023-07-18T14:53:44","guid":{"rendered":"https:\/\/maderamen.com.ar\/todo-madera\/?p=12805"},"modified":"2023-07-18T11:53:46","modified_gmt":"2023-07-18T14:53:46","slug":"alba-casa-foa-cordoba-colores-con-efectos","status":"publish","type":"post","link":"https:\/\/maderamen.com.ar\/todo-madera\/2023\/07\/18\/alba-casa-foa-cordoba-colores-con-efectos\/","title":{"rendered":"Colores con efectos especiales sorprendieron  en Casa FOA C\u00f3rdoba"},"content":{"rendered":"\n<p><strong>Alba:<\/strong> <strong>Casa FOA C\u00f3rdoba 2023 fue una iniciativa conjunta de FOA y el Grupo Edisur y se desarroll\u00f3 del 7 de abril al 7 de mayo en el Edificio Corporativo Manantiales. Alba le dio color a la tradicional muestra de arquitectura y dise\u00f1o que, por primera vez, desembarc\u00f3 fuera de la ciudad de Buenos Aires.<\/strong><\/p>\n\n\n\n<p>Casa FOA, con la primera exposici\u00f3n en la provincia\nde C\u00f3rdoba, inici\u00f3 una nueva etapa en sus treinta y ocho a\u00f1os de exposiciones,\ninformaron los organizadores.<\/p>\n\n\n\n<p>Casa FOA C\u00f3rdoba 2023 se llev\u00f3 a cabo del 7 de\nabril al 7 de mayo en el Edificio Corporativo Manantiales, emplazado en un\nterreno de 7.247 metros cuadrados y de 6.138 metros cuadrados de superficie\ncubierta.<\/p>\n\n\n\n<p>Se encuentra ubicado en la urbanizaci\u00f3n\nManantiales, sobre la Costanera Sur del Parque La Ca\u00f1ada. <\/p>\n\n\n\n<p>Los dise\u00f1adores intervinieron 1.500 metros\ncuadrados en 36 espacios y propuestas de dise\u00f1o.<\/p>\n\n\n\n<p>Bajo el concepto FLUIR \u2013 Espacio y Paisaje, la\nexposici\u00f3n ofreci\u00f3 una mirada reflexiva sobre c\u00f3mo se integran el paisaje, la\narquitectura y el espacio interior. <\/p>\n\n\n\n<p>A su vez, las propuestas de los dise\u00f1adores buscaron\nplantear las diferentes maneras en que el dise\u00f1o reprodujo las l\u00f3gicas de la\nnaturaleza para crear espacios m\u00e1s org\u00e1nicos y sanos para sus habitantes. <\/p>\n\n\n\n<h3 class=\"wp-block-heading\"><strong>Presencia\nde Alba<\/strong><\/h3>\n\n\n\n<p>Alba\nfue nuevamente, y de manera\nininterrumpida desde su primera edici\u00f3n, el color de Casa FOA. <\/p>\n\n\n\n<p>Por primera vez la muestra se realiza en el interior del\npa\u00eds, en la provincia de C\u00f3rdoba. Y una nueva tendencia se apodera de las\nparedes de los espacios de esta edici\u00f3n: Colores con efectos especiales. <\/p>\n\n\n\n<p>Todos los\ncolores tendencia ahora tambi\u00e9n vienen con terminaciones que estimulan los\nsentidos de la mano de la nueva l\u00ednea Design. <\/p>\n\n\n\n<p>Se trata de una familia de\nproductos para paredes interiores, que redobla la apuesta no solo ofreciendo\nterminaciones de alto nivel decorativo (Mate, Satinado y Toque de Luz), sino\nadem\u00e1s efectos especiales que imitan algunos de los materiales m\u00e1s elegidos en\narquitectura y dise\u00f1o: cemento alisado y m\u00e1rmol. <\/p>\n\n\n\n<p>Tambi\u00e9n se suman Velvet y\nNuage, dos propuestas que contienen en su f\u00f3rmula micro-perlas, componente que\ncrea matices perfectos y generan una luz suave particular aportando en el\nprimer caso una propuesta \u201caterciopelada\u201d y en el segundo s\u00edmil nube.<\/p>\n\n\n\n<p>As\u00ed vemos como las\nterminaciones y los efectos especiales se adue\u00f1an de los espacios, son\ntendencia, crean lugares que invitan a permanecer, que refugian y contienen,\nque provocan sensaciones positivas y despiertan los sentidos que fluyen en cada\npropuesta.<\/p>\n\n\n\n<p>\u201cEstamos muy felices de\ntrabajar junto a talentosos profesionales de C\u00f3rdoba en esta gran edici\u00f3n de\nCasa FOA. Y ver c\u00f3mo se apoderan de nuestros tonos y efectos para crear\nespacios \u00fanicos, llenos de personalidad y con un toque distintivo\u201d, coment\u00f3 la\nArq. Virginia Dom\u00ednguez, Especialista en Color de Alba Pinturas para Akzonobel\nArgentina.&nbsp;<\/p>\n\n\n\n<p>Adem\u00e1s, en este marco tambi\u00e9n se celebran 20 a\u00f1os de la campa\u00f1a global \u201cColor del a\u00f1o\u201d a partir de la cual se busca entregar a las personas y a los profesionales de arquitectura y dise\u00f1o del mundo, la inspiraci\u00f3n y la informaci\u00f3n necesarias para facilitar y mejorar la elecci\u00f3n de los tonos, tanto para entornos residenciales como comerciales.\u00a0\u00a0<\/p>\n\n\n\n<figure class=\"wp-block-image\"><img loading=\"lazy\" decoding=\"async\" width=\"918\" height=\"1400\" src=\"https:\/\/maderamen.com.ar\/todo-madera\/wp-content\/uploads\/sites\/3\/2023\/07\/alba1.jpg\" alt=\"Alba Casa FOA C\u00f3rdoba\" class=\"wp-image-12807\" \/><figcaption>Efecto Especial Cemento alisado y Velvet, aplicado en cocina y comedor.<\/figcaption><\/figure>\n\n\n\n<h3 class=\"wp-block-heading\"><strong>Silencio\nde Invierno, color del a\u00f1o\u202f<\/strong>&nbsp;<\/h3>\n\n\n\n<p>Silencio de Invierno<sup>TM<\/sup>\nes un color positivo y que, al conectarnos con la naturaleza, hace m\u00e1s acogedor\nnuestro hogar, ayud\u00e1ndonos a sentirnos mejor. <\/p>\n\n\n\n<p>Est\u00e1\ninspirado en los tonos c\u00e1lidos de las flores secas y los campos que nos dan una\nsensaci\u00f3n de permanencia.&nbsp;<\/p>\n\n\n\n<h3 class=\"wp-block-heading\"><strong>Cuatro\npaletas&nbsp;<\/strong>&nbsp;<\/h3>\n\n\n\n<p>La primera est\u00e1 centrada en la salud\nmental y la necesidad de conectarse con la naturaleza, que protege el bienestar\nindividual. <\/p>\n\n\n\n<p>Por eso, su paleta, compuesta de\ncolores acogedores, consigue ambientes relajantes gracias a sus tonos inspirados en jardines, praderas, y\nbosques, creando una conexi\u00f3n instant\u00e1nea con la naturaleza.&nbsp;<\/p>\n\n\n\n<p>La segunda tendencia se basa en\nel pensamiento colectivo, en la cooperaci\u00f3n, que deriva en el surgimiento de la paleta de\ncolores optimistas, inspirados\nen la luminosidad natural y la biodiversidad de valles, campos y prados, los\ncolores optimistas traen una sensaci\u00f3n de vitalidad. <\/p>\n\n\n\n<p>Esta\npropuesta desborda energ\u00eda, positividad y alegr\u00eda, adem\u00e1s de aportar armon\u00eda y\nfelicidad en cada espacio.<\/p>\n\n\n\n<p>La tercera tiene como eje principal la bio-inspiraci\u00f3n\ny destaca la importancia de aprender de la naturaleza para estimular la\ncreatividad, encontramos soluciones inteligentes y sostenibles para ayudarnos a\nconstruir hogares c\u00f3modos, viables y hermosos para el futuro. <\/p>\n\n\n\n<p>Aqu\u00ed aparecen\nlas materias primas de la naturaleza, estos colores crudos se sienten c\u00e1lidos y\ns\u00f3lidos en cualquier sitio donde se apliquen.<\/p>\n\n\n\n<p>Por \u00faltimo, la cuarta tendencia\napunta a los ciclos de la vida y el valor de sintonizarse con los ritmos de la\nnaturaleza con el fin de alcanzar un balance y equilibrio, dej\u00e1ndonos llevar\npor las idas y vueltas. <\/p>\n\n\n\n<p>El resultado es una paleta de colores\nserenos, suaves y costeros, que ayudan a sentir calma y equilibrio.&nbsp;&nbsp;<\/p>\n\n\n\n<h3 class=\"wp-block-heading\"><strong>Acerca de Alba<\/strong><\/h3>\n\n\n\n<p>Alba es la\nmarca l\u00edder de pinturas para hogar y obra del grupo AkzoNobel. <\/p>\n\n\n\n<p>Con m\u00e1s de\n90 a\u00f1os de trayectoria en el pa\u00eds, Alba se ha consolidado como la marca de\nmayor reconocimiento por parte de la comunidad y una de las m\u00e1s recomendadas al\nmomento de hablar de pintura. <\/p>\n\n\n\n<p>Cuenta con\nuna planta industrial ubicada en la localidad de Gar\u00edn con una capacidad\nproductiva mensual de 5.000.000 de litros de l\u00e1tex y sint\u00e9ticos. <\/p>\n\n\n\n<p>El extremo cuidado puesto en esta tarea hizo que Alba fuera tambi\u00e9n la primera f\u00e1brica de pinturas de la Argentina en certificar el sistema de gesti\u00f3n de calidad mediante Normas ISO 9001, logro que alcanz\u00f3 en 1994.<\/p>\n\n\n\n<p><strong><a href=\"https:\/\/maderamen.com.ar\/todo-madera\/2022\/12\/19\/espacio-no-15-de-casa-foa-fue-ocupado-por-cafeteria\/\" target=\"_blank\" rel=\"noreferrer noopener\" aria-label=\"Leer: Espacio en Casa FOA, N\u00ba 15, fue ocupado por \u201cCafeter\u00eda\u201d (abre en una nueva pesta\u00f1a)\">Leer: Espacio en Casa FOA, N\u00ba 15, fue ocupado por \u201cCafeter\u00eda\u201d<\/a><\/strong><\/p>\n\n\n\n<p>Fuente y fotos: <a href=\"https:\/\/www.alba.com.ar\/\" target=\"_blank\" rel=\"noreferrer noopener\" aria-label=\"Alba (abre en una nueva pesta\u00f1a)\">Alba<\/a>.<\/p>\n","protected":false},"excerpt":{"rendered":"<p>Alba: Casa FOA C\u00f3rdoba 2023 fue una iniciativa conjunta de FOA y el Grupo Edisur y se desarroll\u00f3 del 7 de abril al 7 de mayo en el Edificio Corporativo Manantiales. Alba le dio color a la tradicional muestra de arquitectura y dise\u00f1o que, por primera vez, desembarc\u00f3 fuera de la ciudad de Buenos Aires. [&hellip;]<\/p>\n","protected":false},"author":6,"featured_media":12806,"comment_status":"open","ping_status":"open","sticky":false,"template":"","format":"standard","meta":{"footnotes":""},"categories":[3,7],"tags":[],"class_list":{"0":"post-12805","1":"post","2":"type-post","3":"status-publish","4":"format-standard","5":"has-post-thumbnail","7":"category-noticias-y-actualidad","8":"category-featured"},"yoast_head":"<!-- This site is optimized with the Yoast SEO plugin v27.4 - https:\/\/yoast.com\/product\/yoast-seo-wordpress\/ -->\n<title>Colores con efectos especiales sorprendieron en Casa FOA C\u00f3rdoba<\/title>\n<meta name=\"description\" content=\"Alba Casa FOA C\u00f3rdoba: una nueva tendencia se apodera de las paredes de los espacios de esta edici\u00f3n: Colores con efectos especiales.\" \/>\n<meta name=\"robots\" content=\"index, follow, max-snippet:-1, max-image-preview:large, max-video-preview:-1\" \/>\n<link rel=\"canonical\" href=\"https:\/\/maderamen.com.ar\/todo-madera\/2023\/07\/18\/alba-casa-foa-cordoba-colores-con-efectos\/\" \/>\n<meta property=\"og:locale\" content=\"es_ES\" \/>\n<meta property=\"og:type\" content=\"article\" \/>\n<meta property=\"og:title\" content=\"Colores con efectos especiales sorprendieron en Casa FOA C\u00f3rdoba\" \/>\n<meta property=\"og:description\" content=\"Alba Casa FOA C\u00f3rdoba: una nueva tendencia se apodera de las paredes de los espacios de esta edici\u00f3n: Colores con efectos especiales.\" \/>\n<meta property=\"og:url\" content=\"https:\/\/maderamen.com.ar\/todo-madera\/2023\/07\/18\/alba-casa-foa-cordoba-colores-con-efectos\/\" \/>\n<meta property=\"og:site_name\" content=\"Todo Madera\" \/>\n<meta property=\"article:publisher\" content=\"https:\/\/www.facebook.com\/Maderamen.Argentina\/\" \/>\n<meta property=\"article:published_time\" content=\"2023-07-18T14:53:44+00:00\" \/>\n<meta property=\"article:modified_time\" content=\"2023-07-18T14:53:46+00:00\" \/>\n<meta property=\"og:image\" content=\"https:\/\/maderamen.com.ar\/todo-madera\/wp-content\/uploads\/sites\/3\/2023\/07\/alba2.jpg\" \/>\n\t<meta property=\"og:image:width\" content=\"1400\" \/>\n\t<meta property=\"og:image:height\" content=\"918\" \/>\n\t<meta property=\"og:image:type\" content=\"image\/jpeg\" \/>\n<meta name=\"author\" content=\"Maderamen\" \/>\n<meta name=\"twitter:card\" content=\"summary_large_image\" \/>\n<meta name=\"twitter:creator\" content=\"@DesarrolloFores\" \/>\n<meta name=\"twitter:site\" content=\"@DesarrolloFores\" \/>\n<meta name=\"twitter:label1\" content=\"Escrito por\" \/>\n\t<meta name=\"twitter:data1\" content=\"Maderamen\" \/>\n\t<meta name=\"twitter:label2\" content=\"Tiempo de lectura\" \/>\n\t<meta name=\"twitter:data2\" content=\"5 minutos\" \/>\n<script type=\"application\/ld+json\" class=\"yoast-schema-graph\">{\"@context\":\"https:\\\/\\\/schema.org\",\"@graph\":[{\"@type\":\"Article\",\"@id\":\"https:\\\/\\\/maderamen.com.ar\\\/todo-madera\\\/2023\\\/07\\\/18\\\/alba-casa-foa-cordoba-colores-con-efectos\\\/#article\",\"isPartOf\":{\"@id\":\"https:\\\/\\\/maderamen.com.ar\\\/todo-madera\\\/2023\\\/07\\\/18\\\/alba-casa-foa-cordoba-colores-con-efectos\\\/\"},\"author\":{\"name\":\"Maderamen\",\"@id\":\"https:\\\/\\\/maderamen.com.ar\\\/todo-madera\\\/#\\\/schema\\\/person\\\/c05f216a5663a04adfc7d62d87295459\"},\"headline\":\"Colores con efectos especiales sorprendieron en Casa FOA C\u00f3rdoba\",\"datePublished\":\"2023-07-18T14:53:44+00:00\",\"dateModified\":\"2023-07-18T14:53:46+00:00\",\"mainEntityOfPage\":{\"@id\":\"https:\\\/\\\/maderamen.com.ar\\\/todo-madera\\\/2023\\\/07\\\/18\\\/alba-casa-foa-cordoba-colores-con-efectos\\\/\"},\"wordCount\":1012,\"commentCount\":0,\"publisher\":{\"@id\":\"https:\\\/\\\/maderamen.com.ar\\\/todo-madera\\\/#organization\"},\"image\":{\"@id\":\"https:\\\/\\\/maderamen.com.ar\\\/todo-madera\\\/2023\\\/07\\\/18\\\/alba-casa-foa-cordoba-colores-con-efectos\\\/#primaryimage\"},\"thumbnailUrl\":\"https:\\\/\\\/maderamen.com.ar\\\/todo-madera\\\/wp-content\\\/uploads\\\/sites\\\/3\\\/2023\\\/07\\\/alba2.jpg\",\"articleSection\":[\"Noticias\",\"Principal\"],\"inLanguage\":\"es\",\"potentialAction\":[{\"@type\":\"CommentAction\",\"name\":\"Comment\",\"target\":[\"https:\\\/\\\/maderamen.com.ar\\\/todo-madera\\\/2023\\\/07\\\/18\\\/alba-casa-foa-cordoba-colores-con-efectos\\\/#respond\"]}]},{\"@type\":\"WebPage\",\"@id\":\"https:\\\/\\\/maderamen.com.ar\\\/todo-madera\\\/2023\\\/07\\\/18\\\/alba-casa-foa-cordoba-colores-con-efectos\\\/\",\"url\":\"https:\\\/\\\/maderamen.com.ar\\\/todo-madera\\\/2023\\\/07\\\/18\\\/alba-casa-foa-cordoba-colores-con-efectos\\\/\",\"name\":\"Colores con efectos especiales sorprendieron en Casa FOA C\u00f3rdoba\",\"isPartOf\":{\"@id\":\"https:\\\/\\\/maderamen.com.ar\\\/todo-madera\\\/#website\"},\"primaryImageOfPage\":{\"@id\":\"https:\\\/\\\/maderamen.com.ar\\\/todo-madera\\\/2023\\\/07\\\/18\\\/alba-casa-foa-cordoba-colores-con-efectos\\\/#primaryimage\"},\"image\":{\"@id\":\"https:\\\/\\\/maderamen.com.ar\\\/todo-madera\\\/2023\\\/07\\\/18\\\/alba-casa-foa-cordoba-colores-con-efectos\\\/#primaryimage\"},\"thumbnailUrl\":\"https:\\\/\\\/maderamen.com.ar\\\/todo-madera\\\/wp-content\\\/uploads\\\/sites\\\/3\\\/2023\\\/07\\\/alba2.jpg\",\"datePublished\":\"2023-07-18T14:53:44+00:00\",\"dateModified\":\"2023-07-18T14:53:46+00:00\",\"description\":\"Alba Casa FOA C\u00f3rdoba: una nueva tendencia se apodera de las paredes de los espacios de esta edici\u00f3n: Colores con efectos especiales.\",\"breadcrumb\":{\"@id\":\"https:\\\/\\\/maderamen.com.ar\\\/todo-madera\\\/2023\\\/07\\\/18\\\/alba-casa-foa-cordoba-colores-con-efectos\\\/#breadcrumb\"},\"inLanguage\":\"es\",\"potentialAction\":[{\"@type\":\"ReadAction\",\"target\":[\"https:\\\/\\\/maderamen.com.ar\\\/todo-madera\\\/2023\\\/07\\\/18\\\/alba-casa-foa-cordoba-colores-con-efectos\\\/\"]}]},{\"@type\":\"ImageObject\",\"inLanguage\":\"es\",\"@id\":\"https:\\\/\\\/maderamen.com.ar\\\/todo-madera\\\/2023\\\/07\\\/18\\\/alba-casa-foa-cordoba-colores-con-efectos\\\/#primaryimage\",\"url\":\"https:\\\/\\\/maderamen.com.ar\\\/todo-madera\\\/wp-content\\\/uploads\\\/sites\\\/3\\\/2023\\\/07\\\/alba2.jpg\",\"contentUrl\":\"https:\\\/\\\/maderamen.com.ar\\\/todo-madera\\\/wp-content\\\/uploads\\\/sites\\\/3\\\/2023\\\/07\\\/alba2.jpg\",\"width\":1400,\"height\":918,\"caption\":\"Alba Casa FOA C\u00f3rdoba\"},{\"@type\":\"BreadcrumbList\",\"@id\":\"https:\\\/\\\/maderamen.com.ar\\\/todo-madera\\\/2023\\\/07\\\/18\\\/alba-casa-foa-cordoba-colores-con-efectos\\\/#breadcrumb\",\"itemListElement\":[{\"@type\":\"ListItem\",\"position\":1,\"name\":\"Portada\",\"item\":\"https:\\\/\\\/maderamen.com.ar\\\/todo-madera\\\/\"},{\"@type\":\"ListItem\",\"position\":2,\"name\":\"Colores con efectos especiales sorprendieron en Casa FOA C\u00f3rdoba\"}]},{\"@type\":\"WebSite\",\"@id\":\"https:\\\/\\\/maderamen.com.ar\\\/todo-madera\\\/#website\",\"url\":\"https:\\\/\\\/maderamen.com.ar\\\/todo-madera\\\/\",\"name\":\"Todo Madera\",\"description\":\"Noticias sobre madera y construcci\u00f3n\",\"publisher\":{\"@id\":\"https:\\\/\\\/maderamen.com.ar\\\/todo-madera\\\/#organization\"},\"potentialAction\":[{\"@type\":\"SearchAction\",\"target\":{\"@type\":\"EntryPoint\",\"urlTemplate\":\"https:\\\/\\\/maderamen.com.ar\\\/todo-madera\\\/?s={search_term_string}\"},\"query-input\":{\"@type\":\"PropertyValueSpecification\",\"valueRequired\":true,\"valueName\":\"search_term_string\"}}],\"inLanguage\":\"es\"},{\"@type\":\"Organization\",\"@id\":\"https:\\\/\\\/maderamen.com.ar\\\/todo-madera\\\/#organization\",\"name\":\"Maderamen\",\"url\":\"https:\\\/\\\/maderamen.com.ar\\\/todo-madera\\\/\",\"logo\":{\"@type\":\"ImageObject\",\"inLanguage\":\"es\",\"@id\":\"https:\\\/\\\/maderamen.com.ar\\\/todo-madera\\\/#\\\/schema\\\/logo\\\/image\\\/\",\"url\":\"https:\\\/\\\/maderamen.com.ar\\\/todo-madera\\\/wp-content\\\/uploads\\\/sites\\\/3\\\/2017\\\/09\\\/logo-maderamen-s.png\",\"contentUrl\":\"https:\\\/\\\/maderamen.com.ar\\\/todo-madera\\\/wp-content\\\/uploads\\\/sites\\\/3\\\/2017\\\/09\\\/logo-maderamen-s.png\",\"width\":250,\"height\":246,\"caption\":\"Maderamen\"},\"image\":{\"@id\":\"https:\\\/\\\/maderamen.com.ar\\\/todo-madera\\\/#\\\/schema\\\/logo\\\/image\\\/\"},\"sameAs\":[\"https:\\\/\\\/www.facebook.com\\\/Maderamen.Argentina\\\/\",\"https:\\\/\\\/x.com\\\/DesarrolloFores\",\"https:\\\/\\\/www.youtube.com\\\/channel\\\/UCeYU2-_JRTYYpgHoyhTT2Fg\",\"https:\\\/\\\/www.instagram.com\\\/maderamen.ok\\\/\",\"https:\\\/\\\/www.linkedin.com\\\/company\\\/maderameneditorial\\\/\"]},{\"@type\":\"Person\",\"@id\":\"https:\\\/\\\/maderamen.com.ar\\\/todo-madera\\\/#\\\/schema\\\/person\\\/c05f216a5663a04adfc7d62d87295459\",\"name\":\"Maderamen\",\"image\":{\"@type\":\"ImageObject\",\"inLanguage\":\"es\",\"@id\":\"https:\\\/\\\/secure.gravatar.com\\\/avatar\\\/6ff28763266ad14d7e42092eb3998ef25a67b8fd98e7000d6029e8a2e785dc10?s=96&d=mm&r=g\",\"url\":\"https:\\\/\\\/secure.gravatar.com\\\/avatar\\\/6ff28763266ad14d7e42092eb3998ef25a67b8fd98e7000d6029e8a2e785dc10?s=96&d=mm&r=g\",\"contentUrl\":\"https:\\\/\\\/secure.gravatar.com\\\/avatar\\\/6ff28763266ad14d7e42092eb3998ef25a67b8fd98e7000d6029e8a2e785dc10?s=96&d=mm&r=g\",\"caption\":\"Maderamen\"},\"url\":\"https:\\\/\\\/maderamen.com.ar\\\/todo-madera\\\/author\\\/maderamenadmin\\\/\"}]}<\/script>\n<!-- \/ Yoast SEO plugin. -->","yoast_head_json":{"title":"Colores con efectos especiales sorprendieron en Casa FOA C\u00f3rdoba","description":"Alba Casa FOA C\u00f3rdoba: una nueva tendencia se apodera de las paredes de los espacios de esta edici\u00f3n: Colores con efectos especiales.","robots":{"index":"index","follow":"follow","max-snippet":"max-snippet:-1","max-image-preview":"max-image-preview:large","max-video-preview":"max-video-preview:-1"},"canonical":"https:\/\/maderamen.com.ar\/todo-madera\/2023\/07\/18\/alba-casa-foa-cordoba-colores-con-efectos\/","og_locale":"es_ES","og_type":"article","og_title":"Colores con efectos especiales sorprendieron en Casa FOA C\u00f3rdoba","og_description":"Alba Casa FOA C\u00f3rdoba: una nueva tendencia se apodera de las paredes de los espacios de esta edici\u00f3n: Colores con efectos especiales.","og_url":"https:\/\/maderamen.com.ar\/todo-madera\/2023\/07\/18\/alba-casa-foa-cordoba-colores-con-efectos\/","og_site_name":"Todo Madera","article_publisher":"https:\/\/www.facebook.com\/Maderamen.Argentina\/","article_published_time":"2023-07-18T14:53:44+00:00","article_modified_time":"2023-07-18T14:53:46+00:00","og_image":[{"width":1400,"height":918,"url":"https:\/\/maderamen.com.ar\/todo-madera\/wp-content\/uploads\/sites\/3\/2023\/07\/alba2.jpg","type":"image\/jpeg"}],"author":"Maderamen","twitter_card":"summary_large_image","twitter_creator":"@DesarrolloFores","twitter_site":"@DesarrolloFores","twitter_misc":{"Escrito por":"Maderamen","Tiempo de lectura":"5 minutos"},"schema":{"@context":"https:\/\/schema.org","@graph":[{"@type":"Article","@id":"https:\/\/maderamen.com.ar\/todo-madera\/2023\/07\/18\/alba-casa-foa-cordoba-colores-con-efectos\/#article","isPartOf":{"@id":"https:\/\/maderamen.com.ar\/todo-madera\/2023\/07\/18\/alba-casa-foa-cordoba-colores-con-efectos\/"},"author":{"name":"Maderamen","@id":"https:\/\/maderamen.com.ar\/todo-madera\/#\/schema\/person\/c05f216a5663a04adfc7d62d87295459"},"headline":"Colores con efectos especiales sorprendieron en Casa FOA C\u00f3rdoba","datePublished":"2023-07-18T14:53:44+00:00","dateModified":"2023-07-18T14:53:46+00:00","mainEntityOfPage":{"@id":"https:\/\/maderamen.com.ar\/todo-madera\/2023\/07\/18\/alba-casa-foa-cordoba-colores-con-efectos\/"},"wordCount":1012,"commentCount":0,"publisher":{"@id":"https:\/\/maderamen.com.ar\/todo-madera\/#organization"},"image":{"@id":"https:\/\/maderamen.com.ar\/todo-madera\/2023\/07\/18\/alba-casa-foa-cordoba-colores-con-efectos\/#primaryimage"},"thumbnailUrl":"https:\/\/maderamen.com.ar\/todo-madera\/wp-content\/uploads\/sites\/3\/2023\/07\/alba2.jpg","articleSection":["Noticias","Principal"],"inLanguage":"es","potentialAction":[{"@type":"CommentAction","name":"Comment","target":["https:\/\/maderamen.com.ar\/todo-madera\/2023\/07\/18\/alba-casa-foa-cordoba-colores-con-efectos\/#respond"]}]},{"@type":"WebPage","@id":"https:\/\/maderamen.com.ar\/todo-madera\/2023\/07\/18\/alba-casa-foa-cordoba-colores-con-efectos\/","url":"https:\/\/maderamen.com.ar\/todo-madera\/2023\/07\/18\/alba-casa-foa-cordoba-colores-con-efectos\/","name":"Colores con efectos especiales sorprendieron en Casa FOA C\u00f3rdoba","isPartOf":{"@id":"https:\/\/maderamen.com.ar\/todo-madera\/#website"},"primaryImageOfPage":{"@id":"https:\/\/maderamen.com.ar\/todo-madera\/2023\/07\/18\/alba-casa-foa-cordoba-colores-con-efectos\/#primaryimage"},"image":{"@id":"https:\/\/maderamen.com.ar\/todo-madera\/2023\/07\/18\/alba-casa-foa-cordoba-colores-con-efectos\/#primaryimage"},"thumbnailUrl":"https:\/\/maderamen.com.ar\/todo-madera\/wp-content\/uploads\/sites\/3\/2023\/07\/alba2.jpg","datePublished":"2023-07-18T14:53:44+00:00","dateModified":"2023-07-18T14:53:46+00:00","description":"Alba Casa FOA C\u00f3rdoba: una nueva tendencia se apodera de las paredes de los espacios de esta edici\u00f3n: Colores con efectos especiales.","breadcrumb":{"@id":"https:\/\/maderamen.com.ar\/todo-madera\/2023\/07\/18\/alba-casa-foa-cordoba-colores-con-efectos\/#breadcrumb"},"inLanguage":"es","potentialAction":[{"@type":"ReadAction","target":["https:\/\/maderamen.com.ar\/todo-madera\/2023\/07\/18\/alba-casa-foa-cordoba-colores-con-efectos\/"]}]},{"@type":"ImageObject","inLanguage":"es","@id":"https:\/\/maderamen.com.ar\/todo-madera\/2023\/07\/18\/alba-casa-foa-cordoba-colores-con-efectos\/#primaryimage","url":"https:\/\/maderamen.com.ar\/todo-madera\/wp-content\/uploads\/sites\/3\/2023\/07\/alba2.jpg","contentUrl":"https:\/\/maderamen.com.ar\/todo-madera\/wp-content\/uploads\/sites\/3\/2023\/07\/alba2.jpg","width":1400,"height":918,"caption":"Alba Casa FOA C\u00f3rdoba"},{"@type":"BreadcrumbList","@id":"https:\/\/maderamen.com.ar\/todo-madera\/2023\/07\/18\/alba-casa-foa-cordoba-colores-con-efectos\/#breadcrumb","itemListElement":[{"@type":"ListItem","position":1,"name":"Portada","item":"https:\/\/maderamen.com.ar\/todo-madera\/"},{"@type":"ListItem","position":2,"name":"Colores con efectos especiales sorprendieron en Casa FOA C\u00f3rdoba"}]},{"@type":"WebSite","@id":"https:\/\/maderamen.com.ar\/todo-madera\/#website","url":"https:\/\/maderamen.com.ar\/todo-madera\/","name":"Todo Madera","description":"Noticias sobre madera y construcci\u00f3n","publisher":{"@id":"https:\/\/maderamen.com.ar\/todo-madera\/#organization"},"potentialAction":[{"@type":"SearchAction","target":{"@type":"EntryPoint","urlTemplate":"https:\/\/maderamen.com.ar\/todo-madera\/?s={search_term_string}"},"query-input":{"@type":"PropertyValueSpecification","valueRequired":true,"valueName":"search_term_string"}}],"inLanguage":"es"},{"@type":"Organization","@id":"https:\/\/maderamen.com.ar\/todo-madera\/#organization","name":"Maderamen","url":"https:\/\/maderamen.com.ar\/todo-madera\/","logo":{"@type":"ImageObject","inLanguage":"es","@id":"https:\/\/maderamen.com.ar\/todo-madera\/#\/schema\/logo\/image\/","url":"https:\/\/maderamen.com.ar\/todo-madera\/wp-content\/uploads\/sites\/3\/2017\/09\/logo-maderamen-s.png","contentUrl":"https:\/\/maderamen.com.ar\/todo-madera\/wp-content\/uploads\/sites\/3\/2017\/09\/logo-maderamen-s.png","width":250,"height":246,"caption":"Maderamen"},"image":{"@id":"https:\/\/maderamen.com.ar\/todo-madera\/#\/schema\/logo\/image\/"},"sameAs":["https:\/\/www.facebook.com\/Maderamen.Argentina\/","https:\/\/x.com\/DesarrolloFores","https:\/\/www.youtube.com\/channel\/UCeYU2-_JRTYYpgHoyhTT2Fg","https:\/\/www.instagram.com\/maderamen.ok\/","https:\/\/www.linkedin.com\/company\/maderameneditorial\/"]},{"@type":"Person","@id":"https:\/\/maderamen.com.ar\/todo-madera\/#\/schema\/person\/c05f216a5663a04adfc7d62d87295459","name":"Maderamen","image":{"@type":"ImageObject","inLanguage":"es","@id":"https:\/\/secure.gravatar.com\/avatar\/6ff28763266ad14d7e42092eb3998ef25a67b8fd98e7000d6029e8a2e785dc10?s=96&d=mm&r=g","url":"https:\/\/secure.gravatar.com\/avatar\/6ff28763266ad14d7e42092eb3998ef25a67b8fd98e7000d6029e8a2e785dc10?s=96&d=mm&r=g","contentUrl":"https:\/\/secure.gravatar.com\/avatar\/6ff28763266ad14d7e42092eb3998ef25a67b8fd98e7000d6029e8a2e785dc10?s=96&d=mm&r=g","caption":"Maderamen"},"url":"https:\/\/maderamen.com.ar\/todo-madera\/author\/maderamenadmin\/"}]}},"_links":{"self":[{"href":"https:\/\/maderamen.com.ar\/todo-madera\/wp-json\/wp\/v2\/posts\/12805","targetHints":{"allow":["GET"]}}],"collection":[{"href":"https:\/\/maderamen.com.ar\/todo-madera\/wp-json\/wp\/v2\/posts"}],"about":[{"href":"https:\/\/maderamen.com.ar\/todo-madera\/wp-json\/wp\/v2\/types\/post"}],"author":[{"embeddable":true,"href":"https:\/\/maderamen.com.ar\/todo-madera\/wp-json\/wp\/v2\/users\/6"}],"replies":[{"embeddable":true,"href":"https:\/\/maderamen.com.ar\/todo-madera\/wp-json\/wp\/v2\/comments?post=12805"}],"version-history":[{"count":0,"href":"https:\/\/maderamen.com.ar\/todo-madera\/wp-json\/wp\/v2\/posts\/12805\/revisions"}],"wp:featuredmedia":[{"embeddable":true,"href":"https:\/\/maderamen.com.ar\/todo-madera\/wp-json\/wp\/v2\/media\/12806"}],"wp:attachment":[{"href":"https:\/\/maderamen.com.ar\/todo-madera\/wp-json\/wp\/v2\/media?parent=12805"}],"wp:term":[{"taxonomy":"category","embeddable":true,"href":"https:\/\/maderamen.com.ar\/todo-madera\/wp-json\/wp\/v2\/categories?post=12805"},{"taxonomy":"post_tag","embeddable":true,"href":"https:\/\/maderamen.com.ar\/todo-madera\/wp-json\/wp\/v2\/tags?post=12805"}],"curies":[{"name":"wp","href":"https:\/\/api.w.org\/{rel}","templated":true}]}}