{"id":10219,"date":"2019-04-15T08:00:28","date_gmt":"2019-04-15T11:00:28","guid":{"rendered":"https:\/\/maderamen.com.ar\/todo-madera\/?p=10219"},"modified":"2019-04-05T17:37:19","modified_gmt":"2019-04-05T20:37:19","slug":"curso-diseno-de-casas-de-madera-mayo-en-cema","status":"publish","type":"post","link":"https:\/\/maderamen.com.ar\/todo-madera\/2019\/04\/15\/curso-diseno-de-casas-de-madera-mayo-en-cema\/","title":{"rendered":"Curso gratuito \u201cDise\u00f1o de casas de madera\u201d, 6, 8 y 13 de mayo en CEMA"},"content":{"rendered":"<p><strong>El arquitecto Vicente Mazzitelli dictar\u00e1 el curso te\u00f3rico-pr\u00e1ctico \u201cDise\u00f1o de casas de madera\u201d en la sede de la C\u00e1mara de Empresarios Madereros y Afines (CEMA) el 6, 8 y 13 de mayo. Informes: <a href=\"mailto:info@cema.com.ar\" target=\"_blank\" rel=\"noopener\">info@cema.com.ar<\/a> o llamando al (011) 4957-1111<\/strong><\/p>\n<p>La Federaci\u00f3n Argentina de la Industria Maderera y Afines, FAIMA y la Direcci\u00f3n General de Programas y Proyectos Sectoriales y Especiales, a trav\u00e9s de la Secretar\u00eda de Agroindustria mediante el convenio firmado para capacitaci\u00f3n; organizan nuevamente en 2019, a trav\u00e9s de CEMA, cursos que se dictar\u00e1n mensualmente en forma tem\u00e1tica durante el primer semestre del 2019.<\/p>\n<p><img loading=\"lazy\" decoding=\"async\" class=\"aligncenter wp-image-10223 size-full\" src=\"https:\/\/maderamen.com.ar\/todo-madera\/wp-content\/uploads\/sites\/3\/2019\/04\/cemacursocasas-2-05-04-19.jpg\" alt=\"curso dise\u00f1o casas de madera cema\" width=\"1400\" height=\"700\" \/><\/p>\n<p>El curso \u201cDise\u00f1o de <a href=\"https:\/\/maderamen.com.ar\/todo-madera\/2018\/05\/16\/abuelo-sixto-casas-madera-sistema-canadiense\/\" target=\"_blank\" rel=\"noopener\">casas de madera<\/a>\u201d es totalmente gratuito y abierto a toda la comunidad, informaron fuentes de la C\u00e1mara. La modalidad ser\u00e1 presencial.<\/p>\n<p>Est\u00e1 dirigido a personas mayores de 17 a\u00f1os, con o sin pr\u00e1ctica en carpinter\u00eda, que deseen adquirir los conocimientos b\u00e1sicos para construir partes y piezas y el montaje de viviendas en madera.<\/p>\n<p>Al finalizar el curso, CEMA emitir\u00e1 certificado de asistencia.<\/p>\n<p><img loading=\"lazy\" decoding=\"async\" class=\"aligncenter size-full wp-image-10224\" src=\"https:\/\/maderamen.com.ar\/todo-madera\/wp-content\/uploads\/sites\/3\/2019\/04\/cemacursocasas-3-05-04-19.jpg\" alt=\"curso dise\u00f1o casas de madera cema\" width=\"1400\" height=\"700\" \/><\/p>\n<h4>Ficha del evento<\/h4>\n<p>&#8211; Dise\u00f1o casas de madera, Te\u00f3rico-Pr\u00e1ctico<\/p>\n<p>&#8211; Dictado por el Arq. Vicente Mazzitelli<\/p>\n<p>&#8211; Tres d\u00edas (lunes 6, mi\u00e9rcoles 8 y lunes 13 de mayo). Total: 12 horas<\/p>\n<p>&#8211; Horario: 14 a 18 en CEMA, Maza 578 &#8211; Piso 1, CABA<\/p>\n<p>Confirmar asistencia antes del 2 de mayo por cupos limitados.<\/p>\n<p>M\u00e1s informaci\u00f3n: <a href=\"mailto:info@cema.com.ar\" target=\"_blank\" rel=\"noopener\">info@cema.com.ar<\/a> o llamando al (011) 4957-1111<\/p>\n","protected":false},"excerpt":{"rendered":"<p>El arquitecto Vicente Mazzitelli dictar\u00e1 el curso te\u00f3rico-pr\u00e1ctico \u201cDise\u00f1o de casas de madera\u201d en la sede de la C\u00e1mara de Empresarios Madereros y Afines (CEMA) el 6, 8 y 13 de mayo. Informes: info@cema.com.ar o llamando al (011) 4957-1111 La Federaci\u00f3n Argentina de la Industria Maderera y Afines, FAIMA y la Direcci\u00f3n General de Programas [&hellip;]<\/p>\n","protected":false},"author":6,"featured_media":10220,"comment_status":"open","ping_status":"open","sticky":false,"template":"","format":"standard","meta":{"footnotes":""},"categories":[3,7],"tags":[],"class_list":{"0":"post-10219","1":"post","2":"type-post","3":"status-publish","4":"format-standard","5":"has-post-thumbnail","7":"category-noticias-y-actualidad","8":"category-featured"},"yoast_head":"<!-- This site is optimized with the Yoast SEO plugin v27.4 - https:\/\/yoast.com\/product\/yoast-seo-wordpress\/ -->\n<title>Curso gratuito \u201cDise\u00f1o de casas de madera\u201d, 6, 8 y 13 de mayo en CEMA<\/title>\n<meta name=\"description\" content=\"El arquitecto Vicente Mazzitelli dictar\u00e1 el curso te\u00f3rico-pr\u00e1ctico \u201cDise\u00f1o de casas de madera\u201d en la sede de CEMA el 6, 8 y 13 de mayo.\" \/>\n<meta name=\"robots\" content=\"index, follow, max-snippet:-1, max-image-preview:large, max-video-preview:-1\" \/>\n<link rel=\"canonical\" href=\"https:\/\/maderamen.com.ar\/todo-madera\/2019\/04\/15\/curso-diseno-de-casas-de-madera-mayo-en-cema\/\" \/>\n<meta property=\"og:locale\" content=\"es_ES\" \/>\n<meta property=\"og:type\" content=\"article\" \/>\n<meta property=\"og:title\" content=\"Curso gratuito \u201cDise\u00f1o de casas de madera\u201d, 6, 8 y 13 de mayo en CEMA\" \/>\n<meta property=\"og:description\" content=\"El arquitecto Vicente Mazzitelli dictar\u00e1 el curso te\u00f3rico-pr\u00e1ctico \u201cDise\u00f1o de casas de madera\u201d en la sede de CEMA el 6, 8 y 13 de mayo.\" \/>\n<meta property=\"og:url\" content=\"https:\/\/maderamen.com.ar\/todo-madera\/2019\/04\/15\/curso-diseno-de-casas-de-madera-mayo-en-cema\/\" \/>\n<meta property=\"og:site_name\" content=\"Todo Madera\" \/>\n<meta property=\"article:publisher\" content=\"https:\/\/www.facebook.com\/Maderamen.Argentina\/\" \/>\n<meta property=\"article:published_time\" content=\"2019-04-15T11:00:28+00:00\" \/>\n<meta property=\"og:image\" content=\"https:\/\/maderamen.com.ar\/todo-madera\/wp-content\/uploads\/sites\/3\/2019\/04\/cemacursocasas05-04-19.jpg\" \/>\n\t<meta property=\"og:image:width\" content=\"1400\" \/>\n\t<meta property=\"og:image:height\" content=\"700\" \/>\n\t<meta property=\"og:image:type\" content=\"image\/jpeg\" \/>\n<meta name=\"author\" content=\"Maderamen\" \/>\n<meta name=\"twitter:card\" content=\"summary_large_image\" \/>\n<meta name=\"twitter:creator\" content=\"@DesarrolloFores\" \/>\n<meta name=\"twitter:site\" content=\"@DesarrolloFores\" \/>\n<meta name=\"twitter:label1\" content=\"Escrito por\" \/>\n\t<meta name=\"twitter:data1\" content=\"Maderamen\" \/>\n\t<meta name=\"twitter:label2\" content=\"Tiempo de lectura\" \/>\n\t<meta name=\"twitter:data2\" content=\"1 minuto\" \/>\n<script type=\"application\/ld+json\" class=\"yoast-schema-graph\">{\"@context\":\"https:\\\/\\\/schema.org\",\"@graph\":[{\"@type\":\"Article\",\"@id\":\"https:\\\/\\\/maderamen.com.ar\\\/todo-madera\\\/2019\\\/04\\\/15\\\/curso-diseno-de-casas-de-madera-mayo-en-cema\\\/#article\",\"isPartOf\":{\"@id\":\"https:\\\/\\\/maderamen.com.ar\\\/todo-madera\\\/2019\\\/04\\\/15\\\/curso-diseno-de-casas-de-madera-mayo-en-cema\\\/\"},\"author\":{\"name\":\"Maderamen\",\"@id\":\"https:\\\/\\\/maderamen.com.ar\\\/todo-madera\\\/#\\\/schema\\\/person\\\/c05f216a5663a04adfc7d62d87295459\"},\"headline\":\"Curso gratuito \u201cDise\u00f1o de casas de madera\u201d, 6, 8 y 13 de mayo en CEMA\",\"datePublished\":\"2019-04-15T11:00:28+00:00\",\"mainEntityOfPage\":{\"@id\":\"https:\\\/\\\/maderamen.com.ar\\\/todo-madera\\\/2019\\\/04\\\/15\\\/curso-diseno-de-casas-de-madera-mayo-en-cema\\\/\"},\"wordCount\":250,\"commentCount\":0,\"publisher\":{\"@id\":\"https:\\\/\\\/maderamen.com.ar\\\/todo-madera\\\/#organization\"},\"image\":{\"@id\":\"https:\\\/\\\/maderamen.com.ar\\\/todo-madera\\\/2019\\\/04\\\/15\\\/curso-diseno-de-casas-de-madera-mayo-en-cema\\\/#primaryimage\"},\"thumbnailUrl\":\"https:\\\/\\\/maderamen.com.ar\\\/todo-madera\\\/wp-content\\\/uploads\\\/sites\\\/3\\\/2019\\\/04\\\/cemacursocasas05-04-19.jpg\",\"articleSection\":[\"Noticias\",\"Principal\"],\"inLanguage\":\"es\",\"potentialAction\":[{\"@type\":\"CommentAction\",\"name\":\"Comment\",\"target\":[\"https:\\\/\\\/maderamen.com.ar\\\/todo-madera\\\/2019\\\/04\\\/15\\\/curso-diseno-de-casas-de-madera-mayo-en-cema\\\/#respond\"]}]},{\"@type\":\"WebPage\",\"@id\":\"https:\\\/\\\/maderamen.com.ar\\\/todo-madera\\\/2019\\\/04\\\/15\\\/curso-diseno-de-casas-de-madera-mayo-en-cema\\\/\",\"url\":\"https:\\\/\\\/maderamen.com.ar\\\/todo-madera\\\/2019\\\/04\\\/15\\\/curso-diseno-de-casas-de-madera-mayo-en-cema\\\/\",\"name\":\"Curso gratuito \u201cDise\u00f1o de casas de madera\u201d, 6, 8 y 13 de mayo en CEMA\",\"isPartOf\":{\"@id\":\"https:\\\/\\\/maderamen.com.ar\\\/todo-madera\\\/#website\"},\"primaryImageOfPage\":{\"@id\":\"https:\\\/\\\/maderamen.com.ar\\\/todo-madera\\\/2019\\\/04\\\/15\\\/curso-diseno-de-casas-de-madera-mayo-en-cema\\\/#primaryimage\"},\"image\":{\"@id\":\"https:\\\/\\\/maderamen.com.ar\\\/todo-madera\\\/2019\\\/04\\\/15\\\/curso-diseno-de-casas-de-madera-mayo-en-cema\\\/#primaryimage\"},\"thumbnailUrl\":\"https:\\\/\\\/maderamen.com.ar\\\/todo-madera\\\/wp-content\\\/uploads\\\/sites\\\/3\\\/2019\\\/04\\\/cemacursocasas05-04-19.jpg\",\"datePublished\":\"2019-04-15T11:00:28+00:00\",\"description\":\"El arquitecto Vicente Mazzitelli dictar\u00e1 el curso te\u00f3rico-pr\u00e1ctico \u201cDise\u00f1o de casas de madera\u201d en la sede de CEMA el 6, 8 y 13 de mayo.\",\"breadcrumb\":{\"@id\":\"https:\\\/\\\/maderamen.com.ar\\\/todo-madera\\\/2019\\\/04\\\/15\\\/curso-diseno-de-casas-de-madera-mayo-en-cema\\\/#breadcrumb\"},\"inLanguage\":\"es\",\"potentialAction\":[{\"@type\":\"ReadAction\",\"target\":[\"https:\\\/\\\/maderamen.com.ar\\\/todo-madera\\\/2019\\\/04\\\/15\\\/curso-diseno-de-casas-de-madera-mayo-en-cema\\\/\"]}]},{\"@type\":\"ImageObject\",\"inLanguage\":\"es\",\"@id\":\"https:\\\/\\\/maderamen.com.ar\\\/todo-madera\\\/2019\\\/04\\\/15\\\/curso-diseno-de-casas-de-madera-mayo-en-cema\\\/#primaryimage\",\"url\":\"https:\\\/\\\/maderamen.com.ar\\\/todo-madera\\\/wp-content\\\/uploads\\\/sites\\\/3\\\/2019\\\/04\\\/cemacursocasas05-04-19.jpg\",\"contentUrl\":\"https:\\\/\\\/maderamen.com.ar\\\/todo-madera\\\/wp-content\\\/uploads\\\/sites\\\/3\\\/2019\\\/04\\\/cemacursocasas05-04-19.jpg\",\"width\":1400,\"height\":700,\"caption\":\"curso dise\u00f1o de casas de madera cema\"},{\"@type\":\"BreadcrumbList\",\"@id\":\"https:\\\/\\\/maderamen.com.ar\\\/todo-madera\\\/2019\\\/04\\\/15\\\/curso-diseno-de-casas-de-madera-mayo-en-cema\\\/#breadcrumb\",\"itemListElement\":[{\"@type\":\"ListItem\",\"position\":1,\"name\":\"Portada\",\"item\":\"https:\\\/\\\/maderamen.com.ar\\\/todo-madera\\\/\"},{\"@type\":\"ListItem\",\"position\":2,\"name\":\"Curso gratuito \u201cDise\u00f1o de casas de madera\u201d, 6, 8 y 13 de mayo en CEMA\"}]},{\"@type\":\"WebSite\",\"@id\":\"https:\\\/\\\/maderamen.com.ar\\\/todo-madera\\\/#website\",\"url\":\"https:\\\/\\\/maderamen.com.ar\\\/todo-madera\\\/\",\"name\":\"Todo Madera\",\"description\":\"Noticias sobre madera y construcci\u00f3n\",\"publisher\":{\"@id\":\"https:\\\/\\\/maderamen.com.ar\\\/todo-madera\\\/#organization\"},\"potentialAction\":[{\"@type\":\"SearchAction\",\"target\":{\"@type\":\"EntryPoint\",\"urlTemplate\":\"https:\\\/\\\/maderamen.com.ar\\\/todo-madera\\\/?s={search_term_string}\"},\"query-input\":{\"@type\":\"PropertyValueSpecification\",\"valueRequired\":true,\"valueName\":\"search_term_string\"}}],\"inLanguage\":\"es\"},{\"@type\":\"Organization\",\"@id\":\"https:\\\/\\\/maderamen.com.ar\\\/todo-madera\\\/#organization\",\"name\":\"Maderamen\",\"url\":\"https:\\\/\\\/maderamen.com.ar\\\/todo-madera\\\/\",\"logo\":{\"@type\":\"ImageObject\",\"inLanguage\":\"es\",\"@id\":\"https:\\\/\\\/maderamen.com.ar\\\/todo-madera\\\/#\\\/schema\\\/logo\\\/image\\\/\",\"url\":\"https:\\\/\\\/maderamen.com.ar\\\/todo-madera\\\/wp-content\\\/uploads\\\/sites\\\/3\\\/2017\\\/09\\\/logo-maderamen-s.png\",\"contentUrl\":\"https:\\\/\\\/maderamen.com.ar\\\/todo-madera\\\/wp-content\\\/uploads\\\/sites\\\/3\\\/2017\\\/09\\\/logo-maderamen-s.png\",\"width\":250,\"height\":246,\"caption\":\"Maderamen\"},\"image\":{\"@id\":\"https:\\\/\\\/maderamen.com.ar\\\/todo-madera\\\/#\\\/schema\\\/logo\\\/image\\\/\"},\"sameAs\":[\"https:\\\/\\\/www.facebook.com\\\/Maderamen.Argentina\\\/\",\"https:\\\/\\\/x.com\\\/DesarrolloFores\",\"https:\\\/\\\/www.youtube.com\\\/channel\\\/UCeYU2-_JRTYYpgHoyhTT2Fg\",\"https:\\\/\\\/www.instagram.com\\\/maderamen.ok\\\/\",\"https:\\\/\\\/www.linkedin.com\\\/company\\\/maderameneditorial\\\/\"]},{\"@type\":\"Person\",\"@id\":\"https:\\\/\\\/maderamen.com.ar\\\/todo-madera\\\/#\\\/schema\\\/person\\\/c05f216a5663a04adfc7d62d87295459\",\"name\":\"Maderamen\",\"image\":{\"@type\":\"ImageObject\",\"inLanguage\":\"es\",\"@id\":\"https:\\\/\\\/secure.gravatar.com\\\/avatar\\\/6ff28763266ad14d7e42092eb3998ef25a67b8fd98e7000d6029e8a2e785dc10?s=96&d=mm&r=g\",\"url\":\"https:\\\/\\\/secure.gravatar.com\\\/avatar\\\/6ff28763266ad14d7e42092eb3998ef25a67b8fd98e7000d6029e8a2e785dc10?s=96&d=mm&r=g\",\"contentUrl\":\"https:\\\/\\\/secure.gravatar.com\\\/avatar\\\/6ff28763266ad14d7e42092eb3998ef25a67b8fd98e7000d6029e8a2e785dc10?s=96&d=mm&r=g\",\"caption\":\"Maderamen\"},\"url\":\"https:\\\/\\\/maderamen.com.ar\\\/todo-madera\\\/author\\\/maderamenadmin\\\/\"}]}<\/script>\n<!-- \/ Yoast SEO plugin. -->","yoast_head_json":{"title":"Curso gratuito \u201cDise\u00f1o de casas de madera\u201d, 6, 8 y 13 de mayo en CEMA","description":"El arquitecto Vicente Mazzitelli dictar\u00e1 el curso te\u00f3rico-pr\u00e1ctico \u201cDise\u00f1o de casas de madera\u201d en la sede de CEMA el 6, 8 y 13 de mayo.","robots":{"index":"index","follow":"follow","max-snippet":"max-snippet:-1","max-image-preview":"max-image-preview:large","max-video-preview":"max-video-preview:-1"},"canonical":"https:\/\/maderamen.com.ar\/todo-madera\/2019\/04\/15\/curso-diseno-de-casas-de-madera-mayo-en-cema\/","og_locale":"es_ES","og_type":"article","og_title":"Curso gratuito \u201cDise\u00f1o de casas de madera\u201d, 6, 8 y 13 de mayo en CEMA","og_description":"El arquitecto Vicente Mazzitelli dictar\u00e1 el curso te\u00f3rico-pr\u00e1ctico \u201cDise\u00f1o de casas de madera\u201d en la sede de CEMA el 6, 8 y 13 de mayo.","og_url":"https:\/\/maderamen.com.ar\/todo-madera\/2019\/04\/15\/curso-diseno-de-casas-de-madera-mayo-en-cema\/","og_site_name":"Todo Madera","article_publisher":"https:\/\/www.facebook.com\/Maderamen.Argentina\/","article_published_time":"2019-04-15T11:00:28+00:00","og_image":[{"width":1400,"height":700,"url":"https:\/\/maderamen.com.ar\/todo-madera\/wp-content\/uploads\/sites\/3\/2019\/04\/cemacursocasas05-04-19.jpg","type":"image\/jpeg"}],"author":"Maderamen","twitter_card":"summary_large_image","twitter_creator":"@DesarrolloFores","twitter_site":"@DesarrolloFores","twitter_misc":{"Escrito por":"Maderamen","Tiempo de lectura":"1 minuto"},"schema":{"@context":"https:\/\/schema.org","@graph":[{"@type":"Article","@id":"https:\/\/maderamen.com.ar\/todo-madera\/2019\/04\/15\/curso-diseno-de-casas-de-madera-mayo-en-cema\/#article","isPartOf":{"@id":"https:\/\/maderamen.com.ar\/todo-madera\/2019\/04\/15\/curso-diseno-de-casas-de-madera-mayo-en-cema\/"},"author":{"name":"Maderamen","@id":"https:\/\/maderamen.com.ar\/todo-madera\/#\/schema\/person\/c05f216a5663a04adfc7d62d87295459"},"headline":"Curso gratuito \u201cDise\u00f1o de casas de madera\u201d, 6, 8 y 13 de mayo en CEMA","datePublished":"2019-04-15T11:00:28+00:00","mainEntityOfPage":{"@id":"https:\/\/maderamen.com.ar\/todo-madera\/2019\/04\/15\/curso-diseno-de-casas-de-madera-mayo-en-cema\/"},"wordCount":250,"commentCount":0,"publisher":{"@id":"https:\/\/maderamen.com.ar\/todo-madera\/#organization"},"image":{"@id":"https:\/\/maderamen.com.ar\/todo-madera\/2019\/04\/15\/curso-diseno-de-casas-de-madera-mayo-en-cema\/#primaryimage"},"thumbnailUrl":"https:\/\/maderamen.com.ar\/todo-madera\/wp-content\/uploads\/sites\/3\/2019\/04\/cemacursocasas05-04-19.jpg","articleSection":["Noticias","Principal"],"inLanguage":"es","potentialAction":[{"@type":"CommentAction","name":"Comment","target":["https:\/\/maderamen.com.ar\/todo-madera\/2019\/04\/15\/curso-diseno-de-casas-de-madera-mayo-en-cema\/#respond"]}]},{"@type":"WebPage","@id":"https:\/\/maderamen.com.ar\/todo-madera\/2019\/04\/15\/curso-diseno-de-casas-de-madera-mayo-en-cema\/","url":"https:\/\/maderamen.com.ar\/todo-madera\/2019\/04\/15\/curso-diseno-de-casas-de-madera-mayo-en-cema\/","name":"Curso gratuito \u201cDise\u00f1o de casas de madera\u201d, 6, 8 y 13 de mayo en CEMA","isPartOf":{"@id":"https:\/\/maderamen.com.ar\/todo-madera\/#website"},"primaryImageOfPage":{"@id":"https:\/\/maderamen.com.ar\/todo-madera\/2019\/04\/15\/curso-diseno-de-casas-de-madera-mayo-en-cema\/#primaryimage"},"image":{"@id":"https:\/\/maderamen.com.ar\/todo-madera\/2019\/04\/15\/curso-diseno-de-casas-de-madera-mayo-en-cema\/#primaryimage"},"thumbnailUrl":"https:\/\/maderamen.com.ar\/todo-madera\/wp-content\/uploads\/sites\/3\/2019\/04\/cemacursocasas05-04-19.jpg","datePublished":"2019-04-15T11:00:28+00:00","description":"El arquitecto Vicente Mazzitelli dictar\u00e1 el curso te\u00f3rico-pr\u00e1ctico \u201cDise\u00f1o de casas de madera\u201d en la sede de CEMA el 6, 8 y 13 de mayo.","breadcrumb":{"@id":"https:\/\/maderamen.com.ar\/todo-madera\/2019\/04\/15\/curso-diseno-de-casas-de-madera-mayo-en-cema\/#breadcrumb"},"inLanguage":"es","potentialAction":[{"@type":"ReadAction","target":["https:\/\/maderamen.com.ar\/todo-madera\/2019\/04\/15\/curso-diseno-de-casas-de-madera-mayo-en-cema\/"]}]},{"@type":"ImageObject","inLanguage":"es","@id":"https:\/\/maderamen.com.ar\/todo-madera\/2019\/04\/15\/curso-diseno-de-casas-de-madera-mayo-en-cema\/#primaryimage","url":"https:\/\/maderamen.com.ar\/todo-madera\/wp-content\/uploads\/sites\/3\/2019\/04\/cemacursocasas05-04-19.jpg","contentUrl":"https:\/\/maderamen.com.ar\/todo-madera\/wp-content\/uploads\/sites\/3\/2019\/04\/cemacursocasas05-04-19.jpg","width":1400,"height":700,"caption":"curso dise\u00f1o de casas de madera cema"},{"@type":"BreadcrumbList","@id":"https:\/\/maderamen.com.ar\/todo-madera\/2019\/04\/15\/curso-diseno-de-casas-de-madera-mayo-en-cema\/#breadcrumb","itemListElement":[{"@type":"ListItem","position":1,"name":"Portada","item":"https:\/\/maderamen.com.ar\/todo-madera\/"},{"@type":"ListItem","position":2,"name":"Curso gratuito \u201cDise\u00f1o de casas de madera\u201d, 6, 8 y 13 de mayo en CEMA"}]},{"@type":"WebSite","@id":"https:\/\/maderamen.com.ar\/todo-madera\/#website","url":"https:\/\/maderamen.com.ar\/todo-madera\/","name":"Todo Madera","description":"Noticias sobre madera y construcci\u00f3n","publisher":{"@id":"https:\/\/maderamen.com.ar\/todo-madera\/#organization"},"potentialAction":[{"@type":"SearchAction","target":{"@type":"EntryPoint","urlTemplate":"https:\/\/maderamen.com.ar\/todo-madera\/?s={search_term_string}"},"query-input":{"@type":"PropertyValueSpecification","valueRequired":true,"valueName":"search_term_string"}}],"inLanguage":"es"},{"@type":"Organization","@id":"https:\/\/maderamen.com.ar\/todo-madera\/#organization","name":"Maderamen","url":"https:\/\/maderamen.com.ar\/todo-madera\/","logo":{"@type":"ImageObject","inLanguage":"es","@id":"https:\/\/maderamen.com.ar\/todo-madera\/#\/schema\/logo\/image\/","url":"https:\/\/maderamen.com.ar\/todo-madera\/wp-content\/uploads\/sites\/3\/2017\/09\/logo-maderamen-s.png","contentUrl":"https:\/\/maderamen.com.ar\/todo-madera\/wp-content\/uploads\/sites\/3\/2017\/09\/logo-maderamen-s.png","width":250,"height":246,"caption":"Maderamen"},"image":{"@id":"https:\/\/maderamen.com.ar\/todo-madera\/#\/schema\/logo\/image\/"},"sameAs":["https:\/\/www.facebook.com\/Maderamen.Argentina\/","https:\/\/x.com\/DesarrolloFores","https:\/\/www.youtube.com\/channel\/UCeYU2-_JRTYYpgHoyhTT2Fg","https:\/\/www.instagram.com\/maderamen.ok\/","https:\/\/www.linkedin.com\/company\/maderameneditorial\/"]},{"@type":"Person","@id":"https:\/\/maderamen.com.ar\/todo-madera\/#\/schema\/person\/c05f216a5663a04adfc7d62d87295459","name":"Maderamen","image":{"@type":"ImageObject","inLanguage":"es","@id":"https:\/\/secure.gravatar.com\/avatar\/6ff28763266ad14d7e42092eb3998ef25a67b8fd98e7000d6029e8a2e785dc10?s=96&d=mm&r=g","url":"https:\/\/secure.gravatar.com\/avatar\/6ff28763266ad14d7e42092eb3998ef25a67b8fd98e7000d6029e8a2e785dc10?s=96&d=mm&r=g","contentUrl":"https:\/\/secure.gravatar.com\/avatar\/6ff28763266ad14d7e42092eb3998ef25a67b8fd98e7000d6029e8a2e785dc10?s=96&d=mm&r=g","caption":"Maderamen"},"url":"https:\/\/maderamen.com.ar\/todo-madera\/author\/maderamenadmin\/"}]}},"_links":{"self":[{"href":"https:\/\/maderamen.com.ar\/todo-madera\/wp-json\/wp\/v2\/posts\/10219","targetHints":{"allow":["GET"]}}],"collection":[{"href":"https:\/\/maderamen.com.ar\/todo-madera\/wp-json\/wp\/v2\/posts"}],"about":[{"href":"https:\/\/maderamen.com.ar\/todo-madera\/wp-json\/wp\/v2\/types\/post"}],"author":[{"embeddable":true,"href":"https:\/\/maderamen.com.ar\/todo-madera\/wp-json\/wp\/v2\/users\/6"}],"replies":[{"embeddable":true,"href":"https:\/\/maderamen.com.ar\/todo-madera\/wp-json\/wp\/v2\/comments?post=10219"}],"version-history":[{"count":0,"href":"https:\/\/maderamen.com.ar\/todo-madera\/wp-json\/wp\/v2\/posts\/10219\/revisions"}],"wp:featuredmedia":[{"embeddable":true,"href":"https:\/\/maderamen.com.ar\/todo-madera\/wp-json\/wp\/v2\/media\/10220"}],"wp:attachment":[{"href":"https:\/\/maderamen.com.ar\/todo-madera\/wp-json\/wp\/v2\/media?parent=10219"}],"wp:term":[{"taxonomy":"category","embeddable":true,"href":"https:\/\/maderamen.com.ar\/todo-madera\/wp-json\/wp\/v2\/categories?post=10219"},{"taxonomy":"post_tag","embeddable":true,"href":"https:\/\/maderamen.com.ar\/todo-madera\/wp-json\/wp\/v2\/tags?post=10219"}],"curies":[{"name":"wp","href":"https:\/\/api.w.org\/{rel}","templated":true}]}}