{"id":7836,"date":"2010-09-09T00:00:00","date_gmt":"2010-09-09T00:00:00","guid":{"rendered":"http:\/\/maderamen.com.ar\/dyf-muebles\/2010\/09\/09\/inauguracion-oficial-de-expomueble-2010-que-va-hasta-el-sabado-en-la-rural\/"},"modified":"2010-09-09T00:00:00","modified_gmt":"2010-09-09T00:00:00","slug":"inauguracion-oficial-de-expomueble-2010-que-va-hasta-el-sabado-en-la-rural","status":"publish","type":"post","link":"https:\/\/maderamen.com.ar\/dyf-muebles\/2010\/09\/09\/inauguracion-oficial-de-expomueble-2010-que-va-hasta-el-sabado-en-la-rural\/","title":{"rendered":"Inauguraci\u00f3n oficial de EXPOMUEBLE 2010, que va hasta el s\u00e1bado en La Rural"},"content":{"rendered":"<p>(Buenos Aires, 9 de septiembre de 2010). EXPOMUEBLE 2010, 29\u00ba Sal\u00f3n del Mueble de Buenos Aires, tuvo su inauguraci\u00f3n oficial el mi\u00e9rcoles, apenas pasadas las 18, ante unas 80 personas en el hall de entrada del Pabell\u00f3n Verde de la Rural. En la imagen, Mirta D\u00edaz -Subsecretaria de la Industria de la Naci\u00f3n-, Santiago Cafiero \u2013subsecretario de Industria bonaerense- y Pedro Reyna \u2013presidente de FAIMA-. Visite el stand de D&#038;F Muebles.<\/p>\n<p>La inauguraci\u00f3n oficial de EXPOMUEBLE 2010 se realiz\u00f3 el mi\u00e9rcoles con un acto en el que participaron actores del sector y la subsecretaria de la Industria de la Naci\u00f3n, Mirta D\u00edaz, y el subsecretario de Industria, Comercio y Miner\u00eda de la provincia de Buenos Aires, Santiago Cafiero. <\/p>\n<p>Las primeras palabras de bienvenida las dio el presidente de CEMA, Gabriel Campins, y luego present\u00f3 su discurso el vicepresidente de CAFYDMA y presidente de FAIMA, Pedro Reyna. <\/p>\n<p>Al t\u00e9rmino de los discursos se entregaron los diplomas del Concurso Empresas con Estrategia de Dise\u00f1o, a cargo del Plan Nacional de Dise\u00f1o, a los cuatro dise\u00f1adores galardonados: Juan Mar\u00eda Serrano, Federico Bugada, Facundo Spataro y Hern\u00e1n Fretto. <\/p>\n<p>El concurso tiene como objetivo instalar al dise\u00f1o como un instrumento muy importante para conseguir competitividad y tener una actitud innovadora y no imitadora de parte de las empresas. Mientras que las dos empresas ganadoras resultaron Michael Thonet y CN Decoraciones.  <\/p>\n<p>Adem\u00e1s, estuvieron en la inauguraci\u00f3n de la feria Juan Debandi, director bonaerense de Promoci\u00f3n de la Competitividad, la Innovaci\u00f3n y los Servicios; Luis Otasso, Director Provincial de Promoci\u00f3n de la Competitividad de la provincia Buenos Aires; Lucas Chedrese, coordinador de Distritos Productivos bonaerense; Carlos Luna, subsecretario de Industria y Comercio de la Municipalidad de San Mart\u00edn, y Eduardo Fern\u00e1ndez, subsecretario de la Municipalidad de Tigre. <\/p>\n<p>Tambi\u00e9n, asistieron autoridades de diferentes organismos nacionales, como Diego Nelli, director Ejecutivo de Export\u00b4Ar; Pablo Elverdin, director Ejecutivo de ProArgentina; Enrique Avogadro, director General del Centro Metropolitano de Dise\u00f1o; Mariana Massigoge, coordinadora \u00c1rea de Gesti\u00f3n del Centro Metropolitano de Dise\u00f1o; Beatriz Sauret y Carolina Gueredian, coordinadoras del Plan Nacional de Dise\u00f1o, y Jorge G\u00f6ttert, presidente de ASORA. <\/p>\n<p>Con m\u00e1s de 50 stands, EXPOMUEBLE 2010 tiene entre los expositores a: Almohadones Tokame; Amalio Russo; Archivos Activos; Art Muebles de Estilo; ASORA; Arte K Thais; Borner; Boulevard Furniture; Casa Guti\u00e9rrez; Cepeda; CMB, CN Decoraci\u00f3n; Colchones Roller; Cuqui Desing; D&#038;F Muebles, DIB Alfombras; Domles Amoblamientos, El Arte Muebles; Encope, Equipamientos la Rosa; Fadem; Galeria Braqu\u00e9; Gicovate; Gowa\u00b4s; Gu\u00eda Deco; Ivop\u00e9; Krume Cadyk Estilos; La Boticaria; Laurentia; Living Design; Ma-deco; Mader Vent; Mira Pampa; Mobel Art, Noray Decoraciones; Parches; Perlmutter Weg; Perotti Decoraciones, Piero; Polisher; Springwall; Tochemet Dise\u00f1o; Tokame; Tomluc, Veta Noble Jard\u00edn y Vivero Tigre, entre otros.  <\/p>\n<p>Foto: Gentileza Prensa EXPOMUEBLE 2010.<\/p>\n","protected":false},"excerpt":{"rendered":"<p>(Buenos Aires, 9 de septiembre de 2010). EXPOMUEBLE 2010, 29\u00ba Sal\u00f3n del Mueble de Buenos Aires, tuvo su inauguraci\u00f3n oficial el mi\u00e9rcoles, apenas pasadas las 18, ante unas 80 personas en el hall de entrada del Pabell\u00f3n Verde de la Rural. En la imagen, Mirta D\u00edaz -Subsecretaria de la Industria de la Naci\u00f3n-, Santiago Cafiero [&hellip;]<\/p>\n","protected":false},"author":1,"featured_media":0,"comment_status":"open","ping_status":"open","sticky":false,"template":"","format":"standard","meta":{"footnotes":""},"categories":[6],"tags":[],"class_list":{"0":"post-7836","1":"post","2":"type-post","3":"status-publish","4":"format-standard","6":"category-ferias-y-congresos"},"yoast_head":"<!-- This site is optimized with the Yoast SEO plugin v27.4 - https:\/\/yoast.com\/product\/yoast-seo-wordpress\/ -->\n<title>Inauguraci\u00f3n oficial de EXPOMUEBLE 2010, que va hasta el s\u00e1bado en La Rural - D&amp;F Muebles<\/title>\n<meta name=\"robots\" content=\"index, follow, max-snippet:-1, max-image-preview:large, max-video-preview:-1\" \/>\n<link rel=\"canonical\" href=\"https:\/\/maderamen.com.ar\/dyf-muebles\/2010\/09\/09\/inauguracion-oficial-de-expomueble-2010-que-va-hasta-el-sabado-en-la-rural\/\" \/>\n<meta property=\"og:locale\" content=\"es_ES\" \/>\n<meta property=\"og:type\" content=\"article\" \/>\n<meta property=\"og:title\" content=\"Inauguraci\u00f3n oficial de EXPOMUEBLE 2010, que va hasta el s\u00e1bado en La Rural - D&amp;F Muebles\" \/>\n<meta property=\"og:description\" content=\"(Buenos Aires, 9 de septiembre de 2010). EXPOMUEBLE 2010, 29\u00ba Sal\u00f3n del Mueble de Buenos Aires, tuvo su inauguraci\u00f3n oficial el mi\u00e9rcoles, apenas pasadas las 18, ante unas 80 personas en el hall de entrada del Pabell\u00f3n Verde de la Rural. En la imagen, Mirta D\u00edaz -Subsecretaria de la Industria de la Naci\u00f3n-, Santiago Cafiero [&hellip;]\" \/>\n<meta property=\"og:url\" content=\"https:\/\/maderamen.com.ar\/dyf-muebles\/2010\/09\/09\/inauguracion-oficial-de-expomueble-2010-que-va-hasta-el-sabado-en-la-rural\/\" \/>\n<meta property=\"og:site_name\" content=\"D&amp;F Muebles\" \/>\n<meta property=\"article:publisher\" content=\"https:\/\/www.facebook.com\/Maderamen.Argentina\/\" \/>\n<meta property=\"article:published_time\" content=\"2010-09-09T00:00:00+00:00\" \/>\n<meta name=\"author\" content=\"Maderamen\" \/>\n<meta name=\"twitter:card\" content=\"summary_large_image\" \/>\n<meta name=\"twitter:creator\" content=\"@DesarrolloFores\" \/>\n<meta name=\"twitter:site\" content=\"@DesarrolloFores\" \/>\n<meta name=\"twitter:label1\" content=\"Escrito por\" \/>\n\t<meta name=\"twitter:data1\" content=\"Maderamen\" \/>\n\t<meta name=\"twitter:label2\" content=\"Tiempo de lectura\" \/>\n\t<meta name=\"twitter:data2\" content=\"2 minutos\" \/>\n<script type=\"application\/ld+json\" class=\"yoast-schema-graph\">{\"@context\":\"https:\\\/\\\/schema.org\",\"@graph\":[{\"@type\":\"Article\",\"@id\":\"https:\\\/\\\/maderamen.com.ar\\\/dyf-muebles\\\/2010\\\/09\\\/09\\\/inauguracion-oficial-de-expomueble-2010-que-va-hasta-el-sabado-en-la-rural\\\/#article\",\"isPartOf\":{\"@id\":\"https:\\\/\\\/maderamen.com.ar\\\/dyf-muebles\\\/2010\\\/09\\\/09\\\/inauguracion-oficial-de-expomueble-2010-que-va-hasta-el-sabado-en-la-rural\\\/\"},\"author\":{\"name\":\"Maderamen\",\"@id\":\"https:\\\/\\\/maderamen.com.ar\\\/dyf-muebles\\\/#\\\/schema\\\/person\\\/ad3cdc3df72c15861fdd096bee929343\"},\"headline\":\"Inauguraci\u00f3n oficial de EXPOMUEBLE 2010, que va hasta el s\u00e1bado en La Rural\",\"datePublished\":\"2010-09-09T00:00:00+00:00\",\"mainEntityOfPage\":{\"@id\":\"https:\\\/\\\/maderamen.com.ar\\\/dyf-muebles\\\/2010\\\/09\\\/09\\\/inauguracion-oficial-de-expomueble-2010-que-va-hasta-el-sabado-en-la-rural\\\/\"},\"wordCount\":494,\"commentCount\":0,\"publisher\":{\"@id\":\"https:\\\/\\\/maderamen.com.ar\\\/dyf-muebles\\\/#organization\"},\"articleSection\":[\"Ferias y Congresos\"],\"inLanguage\":\"es\",\"potentialAction\":[{\"@type\":\"CommentAction\",\"name\":\"Comment\",\"target\":[\"https:\\\/\\\/maderamen.com.ar\\\/dyf-muebles\\\/2010\\\/09\\\/09\\\/inauguracion-oficial-de-expomueble-2010-que-va-hasta-el-sabado-en-la-rural\\\/#respond\"]}]},{\"@type\":\"WebPage\",\"@id\":\"https:\\\/\\\/maderamen.com.ar\\\/dyf-muebles\\\/2010\\\/09\\\/09\\\/inauguracion-oficial-de-expomueble-2010-que-va-hasta-el-sabado-en-la-rural\\\/\",\"url\":\"https:\\\/\\\/maderamen.com.ar\\\/dyf-muebles\\\/2010\\\/09\\\/09\\\/inauguracion-oficial-de-expomueble-2010-que-va-hasta-el-sabado-en-la-rural\\\/\",\"name\":\"Inauguraci\u00f3n oficial de EXPOMUEBLE 2010, que va hasta el s\u00e1bado en La Rural - D&amp;F Muebles\",\"isPartOf\":{\"@id\":\"https:\\\/\\\/maderamen.com.ar\\\/dyf-muebles\\\/#website\"},\"datePublished\":\"2010-09-09T00:00:00+00:00\",\"breadcrumb\":{\"@id\":\"https:\\\/\\\/maderamen.com.ar\\\/dyf-muebles\\\/2010\\\/09\\\/09\\\/inauguracion-oficial-de-expomueble-2010-que-va-hasta-el-sabado-en-la-rural\\\/#breadcrumb\"},\"inLanguage\":\"es\",\"potentialAction\":[{\"@type\":\"ReadAction\",\"target\":[\"https:\\\/\\\/maderamen.com.ar\\\/dyf-muebles\\\/2010\\\/09\\\/09\\\/inauguracion-oficial-de-expomueble-2010-que-va-hasta-el-sabado-en-la-rural\\\/\"]}]},{\"@type\":\"BreadcrumbList\",\"@id\":\"https:\\\/\\\/maderamen.com.ar\\\/dyf-muebles\\\/2010\\\/09\\\/09\\\/inauguracion-oficial-de-expomueble-2010-que-va-hasta-el-sabado-en-la-rural\\\/#breadcrumb\",\"itemListElement\":[{\"@type\":\"ListItem\",\"position\":1,\"name\":\"Portada\",\"item\":\"https:\\\/\\\/maderamen.com.ar\\\/dyf-muebles\\\/\"},{\"@type\":\"ListItem\",\"position\":2,\"name\":\"Inauguraci\u00f3n oficial de EXPOMUEBLE 2010, que va hasta el s\u00e1bado en La Rural\"}]},{\"@type\":\"WebSite\",\"@id\":\"https:\\\/\\\/maderamen.com.ar\\\/dyf-muebles\\\/#website\",\"url\":\"https:\\\/\\\/maderamen.com.ar\\\/dyf-muebles\\\/\",\"name\":\"D&F Muebles\",\"description\":\"Noticias sobre Dise\u00f1o y Fabricaci\u00f3n de muebles en madera\",\"publisher\":{\"@id\":\"https:\\\/\\\/maderamen.com.ar\\\/dyf-muebles\\\/#organization\"},\"potentialAction\":[{\"@type\":\"SearchAction\",\"target\":{\"@type\":\"EntryPoint\",\"urlTemplate\":\"https:\\\/\\\/maderamen.com.ar\\\/dyf-muebles\\\/?s={search_term_string}\"},\"query-input\":{\"@type\":\"PropertyValueSpecification\",\"valueRequired\":true,\"valueName\":\"search_term_string\"}}],\"inLanguage\":\"es\"},{\"@type\":\"Organization\",\"@id\":\"https:\\\/\\\/maderamen.com.ar\\\/dyf-muebles\\\/#organization\",\"name\":\"Maderamen\",\"url\":\"https:\\\/\\\/maderamen.com.ar\\\/dyf-muebles\\\/\",\"logo\":{\"@type\":\"ImageObject\",\"inLanguage\":\"es\",\"@id\":\"https:\\\/\\\/maderamen.com.ar\\\/dyf-muebles\\\/#\\\/schema\\\/logo\\\/image\\\/\",\"url\":\"https:\\\/\\\/maderamen.com.ar\\\/dyf-muebles\\\/wp-content\\\/uploads\\\/sites\\\/4\\\/2017\\\/09\\\/logo-maderamen-s.png\",\"contentUrl\":\"https:\\\/\\\/maderamen.com.ar\\\/dyf-muebles\\\/wp-content\\\/uploads\\\/sites\\\/4\\\/2017\\\/09\\\/logo-maderamen-s.png\",\"width\":250,\"height\":246,\"caption\":\"Maderamen\"},\"image\":{\"@id\":\"https:\\\/\\\/maderamen.com.ar\\\/dyf-muebles\\\/#\\\/schema\\\/logo\\\/image\\\/\"},\"sameAs\":[\"https:\\\/\\\/www.facebook.com\\\/Maderamen.Argentina\\\/\",\"https:\\\/\\\/x.com\\\/DesarrolloFores\",\"https:\\\/\\\/www.youtube.com\\\/channel\\\/UCeYU2-_JRTYYpgHoyhTT2Fg\",\"https:\\\/\\\/www.instagram.com\\\/maderamen.ok\\\/\",\"https:\\\/\\\/www.linkedin.com\\\/company\\\/maderameneditorial\\\/\"]},{\"@type\":\"Person\",\"@id\":\"https:\\\/\\\/maderamen.com.ar\\\/dyf-muebles\\\/#\\\/schema\\\/person\\\/ad3cdc3df72c15861fdd096bee929343\",\"name\":\"Maderamen\",\"image\":{\"@type\":\"ImageObject\",\"inLanguage\":\"es\",\"@id\":\"https:\\\/\\\/secure.gravatar.com\\\/avatar\\\/af612dc5cc79b81354fdd5591e3c15e376793953a9585c1142faad6370a6f555?s=96&d=mm&r=g\",\"url\":\"https:\\\/\\\/secure.gravatar.com\\\/avatar\\\/af612dc5cc79b81354fdd5591e3c15e376793953a9585c1142faad6370a6f555?s=96&d=mm&r=g\",\"contentUrl\":\"https:\\\/\\\/secure.gravatar.com\\\/avatar\\\/af612dc5cc79b81354fdd5591e3c15e376793953a9585c1142faad6370a6f555?s=96&d=mm&r=g\",\"caption\":\"Maderamen\"},\"url\":\"https:\\\/\\\/maderamen.com.ar\\\/dyf-muebles\\\/author\\\/sachi\\\/\"}]}<\/script>\n<!-- \/ Yoast SEO plugin. -->","yoast_head_json":{"title":"Inauguraci\u00f3n oficial de EXPOMUEBLE 2010, que va hasta el s\u00e1bado en La Rural - D&amp;F Muebles","robots":{"index":"index","follow":"follow","max-snippet":"max-snippet:-1","max-image-preview":"max-image-preview:large","max-video-preview":"max-video-preview:-1"},"canonical":"https:\/\/maderamen.com.ar\/dyf-muebles\/2010\/09\/09\/inauguracion-oficial-de-expomueble-2010-que-va-hasta-el-sabado-en-la-rural\/","og_locale":"es_ES","og_type":"article","og_title":"Inauguraci\u00f3n oficial de EXPOMUEBLE 2010, que va hasta el s\u00e1bado en La Rural - D&amp;F Muebles","og_description":"(Buenos Aires, 9 de septiembre de 2010). EXPOMUEBLE 2010, 29\u00ba Sal\u00f3n del Mueble de Buenos Aires, tuvo su inauguraci\u00f3n oficial el mi\u00e9rcoles, apenas pasadas las 18, ante unas 80 personas en el hall de entrada del Pabell\u00f3n Verde de la Rural. En la imagen, Mirta D\u00edaz -Subsecretaria de la Industria de la Naci\u00f3n-, Santiago Cafiero [&hellip;]","og_url":"https:\/\/maderamen.com.ar\/dyf-muebles\/2010\/09\/09\/inauguracion-oficial-de-expomueble-2010-que-va-hasta-el-sabado-en-la-rural\/","og_site_name":"D&amp;F Muebles","article_publisher":"https:\/\/www.facebook.com\/Maderamen.Argentina\/","article_published_time":"2010-09-09T00:00:00+00:00","author":"Maderamen","twitter_card":"summary_large_image","twitter_creator":"@DesarrolloFores","twitter_site":"@DesarrolloFores","twitter_misc":{"Escrito por":"Maderamen","Tiempo de lectura":"2 minutos"},"schema":{"@context":"https:\/\/schema.org","@graph":[{"@type":"Article","@id":"https:\/\/maderamen.com.ar\/dyf-muebles\/2010\/09\/09\/inauguracion-oficial-de-expomueble-2010-que-va-hasta-el-sabado-en-la-rural\/#article","isPartOf":{"@id":"https:\/\/maderamen.com.ar\/dyf-muebles\/2010\/09\/09\/inauguracion-oficial-de-expomueble-2010-que-va-hasta-el-sabado-en-la-rural\/"},"author":{"name":"Maderamen","@id":"https:\/\/maderamen.com.ar\/dyf-muebles\/#\/schema\/person\/ad3cdc3df72c15861fdd096bee929343"},"headline":"Inauguraci\u00f3n oficial de EXPOMUEBLE 2010, que va hasta el s\u00e1bado en La Rural","datePublished":"2010-09-09T00:00:00+00:00","mainEntityOfPage":{"@id":"https:\/\/maderamen.com.ar\/dyf-muebles\/2010\/09\/09\/inauguracion-oficial-de-expomueble-2010-que-va-hasta-el-sabado-en-la-rural\/"},"wordCount":494,"commentCount":0,"publisher":{"@id":"https:\/\/maderamen.com.ar\/dyf-muebles\/#organization"},"articleSection":["Ferias y Congresos"],"inLanguage":"es","potentialAction":[{"@type":"CommentAction","name":"Comment","target":["https:\/\/maderamen.com.ar\/dyf-muebles\/2010\/09\/09\/inauguracion-oficial-de-expomueble-2010-que-va-hasta-el-sabado-en-la-rural\/#respond"]}]},{"@type":"WebPage","@id":"https:\/\/maderamen.com.ar\/dyf-muebles\/2010\/09\/09\/inauguracion-oficial-de-expomueble-2010-que-va-hasta-el-sabado-en-la-rural\/","url":"https:\/\/maderamen.com.ar\/dyf-muebles\/2010\/09\/09\/inauguracion-oficial-de-expomueble-2010-que-va-hasta-el-sabado-en-la-rural\/","name":"Inauguraci\u00f3n oficial de EXPOMUEBLE 2010, que va hasta el s\u00e1bado en La Rural - D&amp;F Muebles","isPartOf":{"@id":"https:\/\/maderamen.com.ar\/dyf-muebles\/#website"},"datePublished":"2010-09-09T00:00:00+00:00","breadcrumb":{"@id":"https:\/\/maderamen.com.ar\/dyf-muebles\/2010\/09\/09\/inauguracion-oficial-de-expomueble-2010-que-va-hasta-el-sabado-en-la-rural\/#breadcrumb"},"inLanguage":"es","potentialAction":[{"@type":"ReadAction","target":["https:\/\/maderamen.com.ar\/dyf-muebles\/2010\/09\/09\/inauguracion-oficial-de-expomueble-2010-que-va-hasta-el-sabado-en-la-rural\/"]}]},{"@type":"BreadcrumbList","@id":"https:\/\/maderamen.com.ar\/dyf-muebles\/2010\/09\/09\/inauguracion-oficial-de-expomueble-2010-que-va-hasta-el-sabado-en-la-rural\/#breadcrumb","itemListElement":[{"@type":"ListItem","position":1,"name":"Portada","item":"https:\/\/maderamen.com.ar\/dyf-muebles\/"},{"@type":"ListItem","position":2,"name":"Inauguraci\u00f3n oficial de EXPOMUEBLE 2010, que va hasta el s\u00e1bado en La Rural"}]},{"@type":"WebSite","@id":"https:\/\/maderamen.com.ar\/dyf-muebles\/#website","url":"https:\/\/maderamen.com.ar\/dyf-muebles\/","name":"D&F Muebles","description":"Noticias sobre Dise\u00f1o y Fabricaci\u00f3n de muebles en madera","publisher":{"@id":"https:\/\/maderamen.com.ar\/dyf-muebles\/#organization"},"potentialAction":[{"@type":"SearchAction","target":{"@type":"EntryPoint","urlTemplate":"https:\/\/maderamen.com.ar\/dyf-muebles\/?s={search_term_string}"},"query-input":{"@type":"PropertyValueSpecification","valueRequired":true,"valueName":"search_term_string"}}],"inLanguage":"es"},{"@type":"Organization","@id":"https:\/\/maderamen.com.ar\/dyf-muebles\/#organization","name":"Maderamen","url":"https:\/\/maderamen.com.ar\/dyf-muebles\/","logo":{"@type":"ImageObject","inLanguage":"es","@id":"https:\/\/maderamen.com.ar\/dyf-muebles\/#\/schema\/logo\/image\/","url":"https:\/\/maderamen.com.ar\/dyf-muebles\/wp-content\/uploads\/sites\/4\/2017\/09\/logo-maderamen-s.png","contentUrl":"https:\/\/maderamen.com.ar\/dyf-muebles\/wp-content\/uploads\/sites\/4\/2017\/09\/logo-maderamen-s.png","width":250,"height":246,"caption":"Maderamen"},"image":{"@id":"https:\/\/maderamen.com.ar\/dyf-muebles\/#\/schema\/logo\/image\/"},"sameAs":["https:\/\/www.facebook.com\/Maderamen.Argentina\/","https:\/\/x.com\/DesarrolloFores","https:\/\/www.youtube.com\/channel\/UCeYU2-_JRTYYpgHoyhTT2Fg","https:\/\/www.instagram.com\/maderamen.ok\/","https:\/\/www.linkedin.com\/company\/maderameneditorial\/"]},{"@type":"Person","@id":"https:\/\/maderamen.com.ar\/dyf-muebles\/#\/schema\/person\/ad3cdc3df72c15861fdd096bee929343","name":"Maderamen","image":{"@type":"ImageObject","inLanguage":"es","@id":"https:\/\/secure.gravatar.com\/avatar\/af612dc5cc79b81354fdd5591e3c15e376793953a9585c1142faad6370a6f555?s=96&d=mm&r=g","url":"https:\/\/secure.gravatar.com\/avatar\/af612dc5cc79b81354fdd5591e3c15e376793953a9585c1142faad6370a6f555?s=96&d=mm&r=g","contentUrl":"https:\/\/secure.gravatar.com\/avatar\/af612dc5cc79b81354fdd5591e3c15e376793953a9585c1142faad6370a6f555?s=96&d=mm&r=g","caption":"Maderamen"},"url":"https:\/\/maderamen.com.ar\/dyf-muebles\/author\/sachi\/"}]}},"_links":{"self":[{"href":"https:\/\/maderamen.com.ar\/dyf-muebles\/wp-json\/wp\/v2\/posts\/7836","targetHints":{"allow":["GET"]}}],"collection":[{"href":"https:\/\/maderamen.com.ar\/dyf-muebles\/wp-json\/wp\/v2\/posts"}],"about":[{"href":"https:\/\/maderamen.com.ar\/dyf-muebles\/wp-json\/wp\/v2\/types\/post"}],"author":[{"embeddable":true,"href":"https:\/\/maderamen.com.ar\/dyf-muebles\/wp-json\/wp\/v2\/users\/1"}],"replies":[{"embeddable":true,"href":"https:\/\/maderamen.com.ar\/dyf-muebles\/wp-json\/wp\/v2\/comments?post=7836"}],"version-history":[{"count":0,"href":"https:\/\/maderamen.com.ar\/dyf-muebles\/wp-json\/wp\/v2\/posts\/7836\/revisions"}],"wp:attachment":[{"href":"https:\/\/maderamen.com.ar\/dyf-muebles\/wp-json\/wp\/v2\/media?parent=7836"}],"wp:term":[{"taxonomy":"category","embeddable":true,"href":"https:\/\/maderamen.com.ar\/dyf-muebles\/wp-json\/wp\/v2\/categories?post=7836"},{"taxonomy":"post_tag","embeddable":true,"href":"https:\/\/maderamen.com.ar\/dyf-muebles\/wp-json\/wp\/v2\/tags?post=7836"}],"curies":[{"name":"wp","href":"https:\/\/api.w.org\/{rel}","templated":true}]}}