{"id":7831,"date":"2010-08-30T00:00:00","date_gmt":"2010-08-30T00:00:00","guid":{"rendered":"http:\/\/maderamen.com.ar\/dyf-muebles\/2010\/08\/30\/fedema-2010-tuvo-su-lanzamiento-oficial-en-capital-federal\/"},"modified":"2010-08-30T00:00:00","modified_gmt":"2010-08-30T00:00:00","slug":"fedema-2010-tuvo-su-lanzamiento-oficial-en-capital-federal","status":"publish","type":"post","link":"https:\/\/maderamen.com.ar\/dyf-muebles\/2010\/08\/30\/fedema-2010-tuvo-su-lanzamiento-oficial-en-capital-federal\/","title":{"rendered":"FEDEMA 2010 tuvo su lanzamiento oficial en Capital Federal"},"content":{"rendered":"<p>(Buenos Aires, 30 de agosto de 2010). El evento se realiz\u00f3 el 26 de agosto en el Hotel Panamericano de la Capital Federal. Asistieron Horacio Rouna, secretario PyME de la Naci\u00f3n, Julio Ar\u00e1oz, subsecretario de Desarrollo Econ\u00f3mico de Formosa, y Ra\u00fal Barberis, subsecretario de Programaci\u00f3n de Formosa, entre otros. La 4\u00ba edici\u00f3n de FEDEMA se desarrollar\u00e1 en Formosa del 6 al 10 de octubre. Galer\u00eda de Im\u00e1genes.<\/p>\n<p>La cuarta edici\u00f3n de la Feria Internacional del Mueble y la Madera, FEDEMA 2010, tuvo su lanzamiento oficial el jueves 26 de agosto en el Hotel Panamericano del microcentro de la Capital Federal.  <\/p>\n<p>Unas 80 personas participaron del evento al que asistieron autoridades nacionales y provinciales. Participaron Horacio Rouna -secretario de la Peque\u00f1a y Medina Empresa y Desarrollo Regional de la Naci\u00f3n-, Julio Ar\u00e1oz \u2013subsecretario de Desarrollo Econ\u00f3mico de Formosa-, Ra\u00fal Barberis -subsecretario de Programaci\u00f3n y Coordinaci\u00f3n de Formosa- y Guillermo Ar\u00e9valo, gerente general de la Agencia de Desarrollo Empresarial (ADE) de la provincia. <\/p>\n<p>Horacio Rouna, secretario PyMEyDR, fue el primer orador: \u201cQuisiera destacar el lugar donde se va a realizar el evento. Formosa es una provincia joven. Soy testigo del esfuerzo que est\u00e1 haciendo el gobierno provincial para avanzar y una muestra es el trabajo que est\u00e1 haciendo con la Agencia de Desarrollo y con el Ministerio de la Producci\u00f3n\u201d, se\u00f1al\u00f3. <\/p>\n<p>\u201cEventos como \u00e9ste, que va a desarrollar su cuarta edici\u00f3n, muestran que se trata de una pol\u00edtica de Estado para desarrollar las riquezas naturales que tiene esa provincia, y adem\u00e1s con un alcance regional y nacional\u201d, agreg\u00f3 el secretario. <\/p>\n<p>\u201cY tambi\u00e9n quisiera destacar que este esfuerzo que est\u00e1 haciendo la provincia de Formosa tiene como otro punto de inter\u00e9s el que muchas de esas empresas que van a tener la posibilidad de exponer en FEDEMA son PyMEs. Y eso significa que son empresas demandan en promedio mucho m\u00e1s trabajo que las empresas m\u00e1s grandes, que agregan m\u00e1s valor por tonelada m\u00e1s que las empresas m\u00e1s grandes. Y por lo tanto son un eslab\u00f3n central del aparato productivo. Les deseo que tengan una muy buena feria. Gracias a todos\u201d, finaliz\u00f3 Rouna. <\/p>\n<p>Luego habl\u00f3 Ra\u00fal Barberis -subsecretario de Programaci\u00f3n y Coordinaci\u00f3n de Formosa-, m\u00e1s tarde lo hizo Julio Ar\u00e1oz, subsecretario de Desarrollo Econ\u00f3mico provincial, y el cierre fue para Guillermo Ar\u00e9valo, gerente general de la Agencia de Desarrollo Empresarial (ADE) de Formosa. <\/p>\n<p>\u201cQuiero referirme a dos o tres aspectos que tienen que ver con los desaf\u00edos que plantea esta nueva edici\u00f3n de FEDEMA. Nosotros tenemos que estar atentos a las demandas de quienes han participado en la feria y as\u00ed desde el comit\u00e9 ejecutivo hemos tratado de dar respuestas\u201d, dijo Ar\u00e1oz. <\/p>\n<p>\u201cSin dudas que, en lo que hace particularmente a esta industria, las maderas nobles representan una fuerte competencia con otro tipo de materias primas, que no son precisamente el macizo, que es lo que caracteriza a las especies de nuestro parque natural. Es un desaf\u00edo incorporar importantes componentes de dise\u00f1o, desarrollar nuevas herramientas comerciales, incorporar nuevas tecnolog\u00edas y, sin dudas, poner el foco central en el principal factor cr\u00edtico que es relevante para la competitividad: la gente. Por eso en FEDEMA hemos reservado un espacio especial para los tecn\u00f3logos, para nuestros dise\u00f1adores y un espacio especial para el debate\u201d, agreg\u00f3 el subsecretario. <\/p>\n<p>\u201cCreemos que van a ser unos de los aspectos centrales de la feria: discutir en esta Argentina y en nuestra regi\u00f3n qu\u00e9 perfil le vamos a dar a nuestras PyMEs, qu\u00e9 perfil le vamos a dar a la tecnolog\u00eda que debemos incorporar para atender a los nuevos desaf\u00edos y qu\u00e9 estrategias vamos a tener que construir entre todos para que eso sea posible. Los esperamos a todos en FEDEMA 2010. Much\u00edsimas gracias\u201d, cerr\u00f3 Ar\u00e1oz. <\/p>\n<p>Guillermo Ar\u00e9valo, por su parte, afirm\u00f3: \u201cSolamente quiero agradecer la presencia de los funcionarios nacionales, autoridades del Consejo Federal de Inversiones y a los empresarios presentes. Quiero ratificar lo dicho por las autoridades provinciales de que Formosa y la Feria son espacios que nosotros proponemos como lugares genuinos para la generaci\u00f3n de negocios. Muchas gracias\u201d. <\/p>\n<p>La 4\u00ba Edici\u00f3n de la Feria Internacional del Mueble y la Madera \u201cFEDEMA 2010\u201d, que se realizar\u00e1 en el predio Vuelta Fermosa del 6 al 10 de octubre, es organizada por la provincia de Formosa y la Agencia de Desarrollo Empresarial (ADE). <\/p>\n<p>Participaron en FEDEMA 2008, tanto en la exposici\u00f3n como en las Rondas de Negocios, un total de 295 empresas provenientes de las provincias de Buenos Aires, C\u00f3rdoba, Chaco, Corrientes, Entre R\u00edos, Misiones, Neuqu\u00e9n, Salta, Santa Fe, Santiago del Estero; y de los estados de Brasil, Paraguay, Estados Unidos, Espa\u00f1a, Uruguay y Sud\u00e1frica. <\/p>\n<p>Al igual que en las ediciones anteriores, FEDEMA 2010 contar\u00e1 con seminarios y conferencias centrados en los ejes tem\u00e1ticos: Bosque Nativo, Buenas Pr\u00e1cticas en la Fabricaci\u00f3n de Muebles, Maderas para la Construcci\u00f3n, Comercializaci\u00f3n y Dise\u00f1o de Muebles. Los seminarios est\u00e1n dirigidos a fabricantes de muebles, carpinteros, dise\u00f1adores y profesionales de la construcci\u00f3n. <\/p>\n<p>La Ronda Internacional de negocios de FEDEMA 2010 contar\u00e1 con operadores internacionales de M\u00e9xico, Italia, Brasil, Chile, Paraguay y Uruguay. Ya confirm\u00f3 su presencia en la exposici\u00f3n la empresa italiana \u201cEffe Uffici\u201d, destacada con la fabricaci\u00f3n propia de l\u00edneas exclusivas, dando prioridad al control de calidad de cada uno de sus productos. Asimismo, la empresa holandesa \u201cAsiades\u201d, que realiza muebles de interior con estilo en Indonesia y China, pero que cuenta con su oficina creativa en Holanda, tambi\u00e9n estar\u00e1 en la feria. <\/p>\n<p>Fotos: D&#038;F Muebles.<\/p>\n","protected":false},"excerpt":{"rendered":"<p>(Buenos Aires, 30 de agosto de 2010). El evento se realiz\u00f3 el 26 de agosto en el Hotel Panamericano de la Capital Federal. Asistieron Horacio Rouna, secretario PyME de la Naci\u00f3n, Julio Ar\u00e1oz, subsecretario de Desarrollo Econ\u00f3mico de Formosa, y Ra\u00fal Barberis, subsecretario de Programaci\u00f3n de Formosa, entre otros. La 4\u00ba edici\u00f3n de FEDEMA se [&hellip;]<\/p>\n","protected":false},"author":1,"featured_media":1513,"comment_status":"open","ping_status":"open","sticky":false,"template":"","format":"standard","meta":{"footnotes":""},"categories":[6],"tags":[],"class_list":{"0":"post-7831","1":"post","2":"type-post","3":"status-publish","4":"format-standard","5":"has-post-thumbnail","7":"category-ferias-y-congresos"},"yoast_head":"<!-- This site is optimized with the Yoast SEO plugin v27.4 - https:\/\/yoast.com\/product\/yoast-seo-wordpress\/ -->\n<title>FEDEMA 2010 tuvo su lanzamiento oficial en Capital Federal - D&amp;F Muebles<\/title>\n<meta name=\"robots\" content=\"index, follow, max-snippet:-1, max-image-preview:large, max-video-preview:-1\" \/>\n<link rel=\"canonical\" href=\"https:\/\/maderamen.com.ar\/dyf-muebles\/2010\/08\/30\/fedema-2010-tuvo-su-lanzamiento-oficial-en-capital-federal\/\" \/>\n<meta property=\"og:locale\" content=\"es_ES\" \/>\n<meta property=\"og:type\" content=\"article\" \/>\n<meta property=\"og:title\" content=\"FEDEMA 2010 tuvo su lanzamiento oficial en Capital Federal - D&amp;F Muebles\" \/>\n<meta property=\"og:description\" content=\"(Buenos Aires, 30 de agosto de 2010). El evento se realiz\u00f3 el 26 de agosto en el Hotel Panamericano de la Capital Federal. Asistieron Horacio Rouna, secretario PyME de la Naci\u00f3n, Julio Ar\u00e1oz, subsecretario de Desarrollo Econ\u00f3mico de Formosa, y Ra\u00fal Barberis, subsecretario de Programaci\u00f3n de Formosa, entre otros. La 4\u00ba edici\u00f3n de FEDEMA se [&hellip;]\" \/>\n<meta property=\"og:url\" content=\"https:\/\/maderamen.com.ar\/dyf-muebles\/2010\/08\/30\/fedema-2010-tuvo-su-lanzamiento-oficial-en-capital-federal\/\" \/>\n<meta property=\"og:site_name\" content=\"D&amp;F Muebles\" \/>\n<meta property=\"article:publisher\" content=\"https:\/\/www.facebook.com\/Maderamen.Argentina\/\" \/>\n<meta property=\"article:published_time\" content=\"2010-08-30T00:00:00+00:00\" \/>\n<meta property=\"og:image\" content=\"https:\/\/maderamen.com.ar\/dyf-muebles\/wp-content\/uploads\/sites\/4\/2017\/01\/02110230082010_FedemaLanz2300810.jpg\" \/>\n\t<meta property=\"og:image:width\" content=\"320\" \/>\n\t<meta property=\"og:image:height\" content=\"246\" \/>\n\t<meta property=\"og:image:type\" content=\"image\/jpeg\" \/>\n<meta name=\"author\" content=\"Maderamen\" \/>\n<meta name=\"twitter:card\" content=\"summary_large_image\" \/>\n<meta name=\"twitter:creator\" content=\"@DesarrolloFores\" \/>\n<meta name=\"twitter:site\" content=\"@DesarrolloFores\" \/>\n<meta name=\"twitter:label1\" content=\"Escrito por\" \/>\n\t<meta name=\"twitter:data1\" content=\"Maderamen\" \/>\n\t<meta name=\"twitter:label2\" content=\"Tiempo de lectura\" \/>\n\t<meta name=\"twitter:data2\" content=\"5 minutos\" \/>\n<script type=\"application\/ld+json\" class=\"yoast-schema-graph\">{\"@context\":\"https:\\\/\\\/schema.org\",\"@graph\":[{\"@type\":\"Article\",\"@id\":\"https:\\\/\\\/maderamen.com.ar\\\/dyf-muebles\\\/2010\\\/08\\\/30\\\/fedema-2010-tuvo-su-lanzamiento-oficial-en-capital-federal\\\/#article\",\"isPartOf\":{\"@id\":\"https:\\\/\\\/maderamen.com.ar\\\/dyf-muebles\\\/2010\\\/08\\\/30\\\/fedema-2010-tuvo-su-lanzamiento-oficial-en-capital-federal\\\/\"},\"author\":{\"name\":\"Maderamen\",\"@id\":\"https:\\\/\\\/maderamen.com.ar\\\/dyf-muebles\\\/#\\\/schema\\\/person\\\/ad3cdc3df72c15861fdd096bee929343\"},\"headline\":\"FEDEMA 2010 tuvo su lanzamiento oficial en Capital Federal\",\"datePublished\":\"2010-08-30T00:00:00+00:00\",\"mainEntityOfPage\":{\"@id\":\"https:\\\/\\\/maderamen.com.ar\\\/dyf-muebles\\\/2010\\\/08\\\/30\\\/fedema-2010-tuvo-su-lanzamiento-oficial-en-capital-federal\\\/\"},\"wordCount\":965,\"commentCount\":0,\"publisher\":{\"@id\":\"https:\\\/\\\/maderamen.com.ar\\\/dyf-muebles\\\/#organization\"},\"image\":{\"@id\":\"https:\\\/\\\/maderamen.com.ar\\\/dyf-muebles\\\/2010\\\/08\\\/30\\\/fedema-2010-tuvo-su-lanzamiento-oficial-en-capital-federal\\\/#primaryimage\"},\"thumbnailUrl\":\"https:\\\/\\\/maderamen.com.ar\\\/dyf-muebles\\\/wp-content\\\/uploads\\\/sites\\\/4\\\/2017\\\/01\\\/02110230082010_FedemaLanz2300810.jpg\",\"articleSection\":[\"Ferias y Congresos\"],\"inLanguage\":\"es\",\"potentialAction\":[{\"@type\":\"CommentAction\",\"name\":\"Comment\",\"target\":[\"https:\\\/\\\/maderamen.com.ar\\\/dyf-muebles\\\/2010\\\/08\\\/30\\\/fedema-2010-tuvo-su-lanzamiento-oficial-en-capital-federal\\\/#respond\"]}]},{\"@type\":\"WebPage\",\"@id\":\"https:\\\/\\\/maderamen.com.ar\\\/dyf-muebles\\\/2010\\\/08\\\/30\\\/fedema-2010-tuvo-su-lanzamiento-oficial-en-capital-federal\\\/\",\"url\":\"https:\\\/\\\/maderamen.com.ar\\\/dyf-muebles\\\/2010\\\/08\\\/30\\\/fedema-2010-tuvo-su-lanzamiento-oficial-en-capital-federal\\\/\",\"name\":\"FEDEMA 2010 tuvo su lanzamiento oficial en Capital Federal - D&amp;F Muebles\",\"isPartOf\":{\"@id\":\"https:\\\/\\\/maderamen.com.ar\\\/dyf-muebles\\\/#website\"},\"primaryImageOfPage\":{\"@id\":\"https:\\\/\\\/maderamen.com.ar\\\/dyf-muebles\\\/2010\\\/08\\\/30\\\/fedema-2010-tuvo-su-lanzamiento-oficial-en-capital-federal\\\/#primaryimage\"},\"image\":{\"@id\":\"https:\\\/\\\/maderamen.com.ar\\\/dyf-muebles\\\/2010\\\/08\\\/30\\\/fedema-2010-tuvo-su-lanzamiento-oficial-en-capital-federal\\\/#primaryimage\"},\"thumbnailUrl\":\"https:\\\/\\\/maderamen.com.ar\\\/dyf-muebles\\\/wp-content\\\/uploads\\\/sites\\\/4\\\/2017\\\/01\\\/02110230082010_FedemaLanz2300810.jpg\",\"datePublished\":\"2010-08-30T00:00:00+00:00\",\"breadcrumb\":{\"@id\":\"https:\\\/\\\/maderamen.com.ar\\\/dyf-muebles\\\/2010\\\/08\\\/30\\\/fedema-2010-tuvo-su-lanzamiento-oficial-en-capital-federal\\\/#breadcrumb\"},\"inLanguage\":\"es\",\"potentialAction\":[{\"@type\":\"ReadAction\",\"target\":[\"https:\\\/\\\/maderamen.com.ar\\\/dyf-muebles\\\/2010\\\/08\\\/30\\\/fedema-2010-tuvo-su-lanzamiento-oficial-en-capital-federal\\\/\"]}]},{\"@type\":\"ImageObject\",\"inLanguage\":\"es\",\"@id\":\"https:\\\/\\\/maderamen.com.ar\\\/dyf-muebles\\\/2010\\\/08\\\/30\\\/fedema-2010-tuvo-su-lanzamiento-oficial-en-capital-federal\\\/#primaryimage\",\"url\":\"https:\\\/\\\/maderamen.com.ar\\\/dyf-muebles\\\/wp-content\\\/uploads\\\/sites\\\/4\\\/2017\\\/01\\\/02110230082010_FedemaLanz2300810.jpg\",\"contentUrl\":\"https:\\\/\\\/maderamen.com.ar\\\/dyf-muebles\\\/wp-content\\\/uploads\\\/sites\\\/4\\\/2017\\\/01\\\/02110230082010_FedemaLanz2300810.jpg\",\"width\":320,\"height\":246},{\"@type\":\"BreadcrumbList\",\"@id\":\"https:\\\/\\\/maderamen.com.ar\\\/dyf-muebles\\\/2010\\\/08\\\/30\\\/fedema-2010-tuvo-su-lanzamiento-oficial-en-capital-federal\\\/#breadcrumb\",\"itemListElement\":[{\"@type\":\"ListItem\",\"position\":1,\"name\":\"Portada\",\"item\":\"https:\\\/\\\/maderamen.com.ar\\\/dyf-muebles\\\/\"},{\"@type\":\"ListItem\",\"position\":2,\"name\":\"FEDEMA 2010 tuvo su lanzamiento oficial en Capital Federal\"}]},{\"@type\":\"WebSite\",\"@id\":\"https:\\\/\\\/maderamen.com.ar\\\/dyf-muebles\\\/#website\",\"url\":\"https:\\\/\\\/maderamen.com.ar\\\/dyf-muebles\\\/\",\"name\":\"D&F Muebles\",\"description\":\"Noticias sobre Dise\u00f1o y Fabricaci\u00f3n de muebles en madera\",\"publisher\":{\"@id\":\"https:\\\/\\\/maderamen.com.ar\\\/dyf-muebles\\\/#organization\"},\"potentialAction\":[{\"@type\":\"SearchAction\",\"target\":{\"@type\":\"EntryPoint\",\"urlTemplate\":\"https:\\\/\\\/maderamen.com.ar\\\/dyf-muebles\\\/?s={search_term_string}\"},\"query-input\":{\"@type\":\"PropertyValueSpecification\",\"valueRequired\":true,\"valueName\":\"search_term_string\"}}],\"inLanguage\":\"es\"},{\"@type\":\"Organization\",\"@id\":\"https:\\\/\\\/maderamen.com.ar\\\/dyf-muebles\\\/#organization\",\"name\":\"Maderamen\",\"url\":\"https:\\\/\\\/maderamen.com.ar\\\/dyf-muebles\\\/\",\"logo\":{\"@type\":\"ImageObject\",\"inLanguage\":\"es\",\"@id\":\"https:\\\/\\\/maderamen.com.ar\\\/dyf-muebles\\\/#\\\/schema\\\/logo\\\/image\\\/\",\"url\":\"https:\\\/\\\/maderamen.com.ar\\\/dyf-muebles\\\/wp-content\\\/uploads\\\/sites\\\/4\\\/2017\\\/09\\\/logo-maderamen-s.png\",\"contentUrl\":\"https:\\\/\\\/maderamen.com.ar\\\/dyf-muebles\\\/wp-content\\\/uploads\\\/sites\\\/4\\\/2017\\\/09\\\/logo-maderamen-s.png\",\"width\":250,\"height\":246,\"caption\":\"Maderamen\"},\"image\":{\"@id\":\"https:\\\/\\\/maderamen.com.ar\\\/dyf-muebles\\\/#\\\/schema\\\/logo\\\/image\\\/\"},\"sameAs\":[\"https:\\\/\\\/www.facebook.com\\\/Maderamen.Argentina\\\/\",\"https:\\\/\\\/x.com\\\/DesarrolloFores\",\"https:\\\/\\\/www.youtube.com\\\/channel\\\/UCeYU2-_JRTYYpgHoyhTT2Fg\",\"https:\\\/\\\/www.instagram.com\\\/maderamen.ok\\\/\",\"https:\\\/\\\/www.linkedin.com\\\/company\\\/maderameneditorial\\\/\"]},{\"@type\":\"Person\",\"@id\":\"https:\\\/\\\/maderamen.com.ar\\\/dyf-muebles\\\/#\\\/schema\\\/person\\\/ad3cdc3df72c15861fdd096bee929343\",\"name\":\"Maderamen\",\"image\":{\"@type\":\"ImageObject\",\"inLanguage\":\"es\",\"@id\":\"https:\\\/\\\/secure.gravatar.com\\\/avatar\\\/af612dc5cc79b81354fdd5591e3c15e376793953a9585c1142faad6370a6f555?s=96&d=mm&r=g\",\"url\":\"https:\\\/\\\/secure.gravatar.com\\\/avatar\\\/af612dc5cc79b81354fdd5591e3c15e376793953a9585c1142faad6370a6f555?s=96&d=mm&r=g\",\"contentUrl\":\"https:\\\/\\\/secure.gravatar.com\\\/avatar\\\/af612dc5cc79b81354fdd5591e3c15e376793953a9585c1142faad6370a6f555?s=96&d=mm&r=g\",\"caption\":\"Maderamen\"},\"url\":\"https:\\\/\\\/maderamen.com.ar\\\/dyf-muebles\\\/author\\\/sachi\\\/\"}]}<\/script>\n<!-- \/ Yoast SEO plugin. -->","yoast_head_json":{"title":"FEDEMA 2010 tuvo su lanzamiento oficial en Capital Federal - D&amp;F Muebles","robots":{"index":"index","follow":"follow","max-snippet":"max-snippet:-1","max-image-preview":"max-image-preview:large","max-video-preview":"max-video-preview:-1"},"canonical":"https:\/\/maderamen.com.ar\/dyf-muebles\/2010\/08\/30\/fedema-2010-tuvo-su-lanzamiento-oficial-en-capital-federal\/","og_locale":"es_ES","og_type":"article","og_title":"FEDEMA 2010 tuvo su lanzamiento oficial en Capital Federal - D&amp;F Muebles","og_description":"(Buenos Aires, 30 de agosto de 2010). El evento se realiz\u00f3 el 26 de agosto en el Hotel Panamericano de la Capital Federal. Asistieron Horacio Rouna, secretario PyME de la Naci\u00f3n, Julio Ar\u00e1oz, subsecretario de Desarrollo Econ\u00f3mico de Formosa, y Ra\u00fal Barberis, subsecretario de Programaci\u00f3n de Formosa, entre otros. La 4\u00ba edici\u00f3n de FEDEMA se [&hellip;]","og_url":"https:\/\/maderamen.com.ar\/dyf-muebles\/2010\/08\/30\/fedema-2010-tuvo-su-lanzamiento-oficial-en-capital-federal\/","og_site_name":"D&amp;F Muebles","article_publisher":"https:\/\/www.facebook.com\/Maderamen.Argentina\/","article_published_time":"2010-08-30T00:00:00+00:00","og_image":[{"width":320,"height":246,"url":"https:\/\/maderamen.com.ar\/dyf-muebles\/wp-content\/uploads\/sites\/4\/2017\/01\/02110230082010_FedemaLanz2300810.jpg","type":"image\/jpeg"}],"author":"Maderamen","twitter_card":"summary_large_image","twitter_creator":"@DesarrolloFores","twitter_site":"@DesarrolloFores","twitter_misc":{"Escrito por":"Maderamen","Tiempo de lectura":"5 minutos"},"schema":{"@context":"https:\/\/schema.org","@graph":[{"@type":"Article","@id":"https:\/\/maderamen.com.ar\/dyf-muebles\/2010\/08\/30\/fedema-2010-tuvo-su-lanzamiento-oficial-en-capital-federal\/#article","isPartOf":{"@id":"https:\/\/maderamen.com.ar\/dyf-muebles\/2010\/08\/30\/fedema-2010-tuvo-su-lanzamiento-oficial-en-capital-federal\/"},"author":{"name":"Maderamen","@id":"https:\/\/maderamen.com.ar\/dyf-muebles\/#\/schema\/person\/ad3cdc3df72c15861fdd096bee929343"},"headline":"FEDEMA 2010 tuvo su lanzamiento oficial en Capital Federal","datePublished":"2010-08-30T00:00:00+00:00","mainEntityOfPage":{"@id":"https:\/\/maderamen.com.ar\/dyf-muebles\/2010\/08\/30\/fedema-2010-tuvo-su-lanzamiento-oficial-en-capital-federal\/"},"wordCount":965,"commentCount":0,"publisher":{"@id":"https:\/\/maderamen.com.ar\/dyf-muebles\/#organization"},"image":{"@id":"https:\/\/maderamen.com.ar\/dyf-muebles\/2010\/08\/30\/fedema-2010-tuvo-su-lanzamiento-oficial-en-capital-federal\/#primaryimage"},"thumbnailUrl":"https:\/\/maderamen.com.ar\/dyf-muebles\/wp-content\/uploads\/sites\/4\/2017\/01\/02110230082010_FedemaLanz2300810.jpg","articleSection":["Ferias y Congresos"],"inLanguage":"es","potentialAction":[{"@type":"CommentAction","name":"Comment","target":["https:\/\/maderamen.com.ar\/dyf-muebles\/2010\/08\/30\/fedema-2010-tuvo-su-lanzamiento-oficial-en-capital-federal\/#respond"]}]},{"@type":"WebPage","@id":"https:\/\/maderamen.com.ar\/dyf-muebles\/2010\/08\/30\/fedema-2010-tuvo-su-lanzamiento-oficial-en-capital-federal\/","url":"https:\/\/maderamen.com.ar\/dyf-muebles\/2010\/08\/30\/fedema-2010-tuvo-su-lanzamiento-oficial-en-capital-federal\/","name":"FEDEMA 2010 tuvo su lanzamiento oficial en Capital Federal - D&amp;F Muebles","isPartOf":{"@id":"https:\/\/maderamen.com.ar\/dyf-muebles\/#website"},"primaryImageOfPage":{"@id":"https:\/\/maderamen.com.ar\/dyf-muebles\/2010\/08\/30\/fedema-2010-tuvo-su-lanzamiento-oficial-en-capital-federal\/#primaryimage"},"image":{"@id":"https:\/\/maderamen.com.ar\/dyf-muebles\/2010\/08\/30\/fedema-2010-tuvo-su-lanzamiento-oficial-en-capital-federal\/#primaryimage"},"thumbnailUrl":"https:\/\/maderamen.com.ar\/dyf-muebles\/wp-content\/uploads\/sites\/4\/2017\/01\/02110230082010_FedemaLanz2300810.jpg","datePublished":"2010-08-30T00:00:00+00:00","breadcrumb":{"@id":"https:\/\/maderamen.com.ar\/dyf-muebles\/2010\/08\/30\/fedema-2010-tuvo-su-lanzamiento-oficial-en-capital-federal\/#breadcrumb"},"inLanguage":"es","potentialAction":[{"@type":"ReadAction","target":["https:\/\/maderamen.com.ar\/dyf-muebles\/2010\/08\/30\/fedema-2010-tuvo-su-lanzamiento-oficial-en-capital-federal\/"]}]},{"@type":"ImageObject","inLanguage":"es","@id":"https:\/\/maderamen.com.ar\/dyf-muebles\/2010\/08\/30\/fedema-2010-tuvo-su-lanzamiento-oficial-en-capital-federal\/#primaryimage","url":"https:\/\/maderamen.com.ar\/dyf-muebles\/wp-content\/uploads\/sites\/4\/2017\/01\/02110230082010_FedemaLanz2300810.jpg","contentUrl":"https:\/\/maderamen.com.ar\/dyf-muebles\/wp-content\/uploads\/sites\/4\/2017\/01\/02110230082010_FedemaLanz2300810.jpg","width":320,"height":246},{"@type":"BreadcrumbList","@id":"https:\/\/maderamen.com.ar\/dyf-muebles\/2010\/08\/30\/fedema-2010-tuvo-su-lanzamiento-oficial-en-capital-federal\/#breadcrumb","itemListElement":[{"@type":"ListItem","position":1,"name":"Portada","item":"https:\/\/maderamen.com.ar\/dyf-muebles\/"},{"@type":"ListItem","position":2,"name":"FEDEMA 2010 tuvo su lanzamiento oficial en Capital Federal"}]},{"@type":"WebSite","@id":"https:\/\/maderamen.com.ar\/dyf-muebles\/#website","url":"https:\/\/maderamen.com.ar\/dyf-muebles\/","name":"D&F Muebles","description":"Noticias sobre Dise\u00f1o y Fabricaci\u00f3n de muebles en madera","publisher":{"@id":"https:\/\/maderamen.com.ar\/dyf-muebles\/#organization"},"potentialAction":[{"@type":"SearchAction","target":{"@type":"EntryPoint","urlTemplate":"https:\/\/maderamen.com.ar\/dyf-muebles\/?s={search_term_string}"},"query-input":{"@type":"PropertyValueSpecification","valueRequired":true,"valueName":"search_term_string"}}],"inLanguage":"es"},{"@type":"Organization","@id":"https:\/\/maderamen.com.ar\/dyf-muebles\/#organization","name":"Maderamen","url":"https:\/\/maderamen.com.ar\/dyf-muebles\/","logo":{"@type":"ImageObject","inLanguage":"es","@id":"https:\/\/maderamen.com.ar\/dyf-muebles\/#\/schema\/logo\/image\/","url":"https:\/\/maderamen.com.ar\/dyf-muebles\/wp-content\/uploads\/sites\/4\/2017\/09\/logo-maderamen-s.png","contentUrl":"https:\/\/maderamen.com.ar\/dyf-muebles\/wp-content\/uploads\/sites\/4\/2017\/09\/logo-maderamen-s.png","width":250,"height":246,"caption":"Maderamen"},"image":{"@id":"https:\/\/maderamen.com.ar\/dyf-muebles\/#\/schema\/logo\/image\/"},"sameAs":["https:\/\/www.facebook.com\/Maderamen.Argentina\/","https:\/\/x.com\/DesarrolloFores","https:\/\/www.youtube.com\/channel\/UCeYU2-_JRTYYpgHoyhTT2Fg","https:\/\/www.instagram.com\/maderamen.ok\/","https:\/\/www.linkedin.com\/company\/maderameneditorial\/"]},{"@type":"Person","@id":"https:\/\/maderamen.com.ar\/dyf-muebles\/#\/schema\/person\/ad3cdc3df72c15861fdd096bee929343","name":"Maderamen","image":{"@type":"ImageObject","inLanguage":"es","@id":"https:\/\/secure.gravatar.com\/avatar\/af612dc5cc79b81354fdd5591e3c15e376793953a9585c1142faad6370a6f555?s=96&d=mm&r=g","url":"https:\/\/secure.gravatar.com\/avatar\/af612dc5cc79b81354fdd5591e3c15e376793953a9585c1142faad6370a6f555?s=96&d=mm&r=g","contentUrl":"https:\/\/secure.gravatar.com\/avatar\/af612dc5cc79b81354fdd5591e3c15e376793953a9585c1142faad6370a6f555?s=96&d=mm&r=g","caption":"Maderamen"},"url":"https:\/\/maderamen.com.ar\/dyf-muebles\/author\/sachi\/"}]}},"_links":{"self":[{"href":"https:\/\/maderamen.com.ar\/dyf-muebles\/wp-json\/wp\/v2\/posts\/7831","targetHints":{"allow":["GET"]}}],"collection":[{"href":"https:\/\/maderamen.com.ar\/dyf-muebles\/wp-json\/wp\/v2\/posts"}],"about":[{"href":"https:\/\/maderamen.com.ar\/dyf-muebles\/wp-json\/wp\/v2\/types\/post"}],"author":[{"embeddable":true,"href":"https:\/\/maderamen.com.ar\/dyf-muebles\/wp-json\/wp\/v2\/users\/1"}],"replies":[{"embeddable":true,"href":"https:\/\/maderamen.com.ar\/dyf-muebles\/wp-json\/wp\/v2\/comments?post=7831"}],"version-history":[{"count":0,"href":"https:\/\/maderamen.com.ar\/dyf-muebles\/wp-json\/wp\/v2\/posts\/7831\/revisions"}],"wp:featuredmedia":[{"embeddable":true,"href":"https:\/\/maderamen.com.ar\/dyf-muebles\/wp-json\/wp\/v2\/media\/1513"}],"wp:attachment":[{"href":"https:\/\/maderamen.com.ar\/dyf-muebles\/wp-json\/wp\/v2\/media?parent=7831"}],"wp:term":[{"taxonomy":"category","embeddable":true,"href":"https:\/\/maderamen.com.ar\/dyf-muebles\/wp-json\/wp\/v2\/categories?post=7831"},{"taxonomy":"post_tag","embeddable":true,"href":"https:\/\/maderamen.com.ar\/dyf-muebles\/wp-json\/wp\/v2\/tags?post=7831"}],"curies":[{"name":"wp","href":"https:\/\/api.w.org\/{rel}","templated":true}]}}