{"id":16938,"date":"2026-04-29T18:10:42","date_gmt":"2026-04-29T21:10:42","guid":{"rendered":"https:\/\/maderamen.com.ar\/dyf-muebles\/?p=16938"},"modified":"2026-04-29T18:10:42","modified_gmt":"2026-04-29T21:10:42","slug":"salon-del-mueble-de-milan-2026-plataforma-de-innovacion","status":"publish","type":"post","link":"https:\/\/maderamen.com.ar\/dyf-muebles\/2026\/04\/29\/salon-del-mueble-de-milan-2026-plataforma-de-innovacion\/","title":{"rendered":"Sal\u00f3n del Mueble de Mil\u00e1n 2026, la plataforma de innovaci\u00f3n"},"content":{"rendered":"\n<p><strong>Sal\u00f3n del Mueble innovaci\u00f3n<\/strong>: <strong>Los avances del sector del mueble siguen siendo la fuerza impulsora detr\u00e1s de la Semana del Dise\u00f1o. Mostrando el ingenio incorporado a los productos, y los estilos que adornar\u00e1n nuestros espacios. Fuente: Sal\u00f3n del Mueble de Mil\u00e1n, texto escrito por Giulia Zappa.<\/strong><\/p>\n\n\n\n<p>Quiz\u00e1s el momento m\u00e1s esperado de cada edici\u00f3n del Salone es cuando los nuevos productos engendrados entre los muros de las empresas finalmente ven la luz del d\u00eda.<\/p>\n\n\n\n<p>Los muebles, despu\u00e9s de todo, siguen siendo la verdadera estrella del espect\u00e1culo. Echar un vistazo a las principales vistas previas no solo nos permite descubrir el lenguaje, la t\u00e9cnica y la innovaci\u00f3n detr\u00e1s de cada proyecto, sino tambi\u00e9n tomar el pulso del ecosistema, comprender c\u00f3mo est\u00e1 evolucionando el estilo y comprender los temas clave que se ejecutan a trav\u00e9s de la producci\u00f3n.<\/p>\n\n\n\n<p>Entonces, \u00bfqu\u00e9 nos dice nuestro vagabundeo por los pabellones Rho? Caminando por los diversos pabellones, los tipos cl\u00e1sicos de muebles parecen haber sido revisados con una audacia deliberada pero controlada.<\/p>\n\n\n\n<p>Combinar opciones fuertes con gestos discretos y medidos es una de las innovaciones claras en el sector tapizado.<\/p>\n\n\n\n<h2 class=\"wp-block-heading\"><strong>Nuevos modelos<\/strong><\/h2>\n\n\n\n<p>Entre los nuevos modelos en exhibici\u00f3n, las formas hacen sentir su presencia mientras evitan el hiperdecorativismo: son precisamente los detalles calibrados, m\u00e1s bien, los que definen la desviaci\u00f3n de la norma.<\/p>\n\n\n\n<p>En la colecci\u00f3n Crease dise\u00f1ada por Faye Toogood para Meritalia, la l\u00ednea roja del perfil sirve para acentuar las l\u00edneas gr\u00e1ficas del sof\u00e1.<\/p>\n\n\n\n<p>Una mirada m\u00e1s cercana revela otra particularidad: inspirado en un su\u00e9ter usado hacia atr\u00e1s, el dise\u00f1ador brit\u00e1nico ha dejado las costuras visibles, revelando la construcci\u00f3n de la tapicer\u00eda alrededor de la estructura.<\/p>\n\n\n\n<p>El sof\u00e1 Luis de la marca portuguesa Casa de Capricornio, lanzado en 2025 por Paula Amorim y haciendo su primera aparici\u00f3n en el Salone del Mobile.Milano, encarna una idea contempor\u00e1nea del lujo lento portugu\u00e9s, jugando con el car\u00e1cter gr\u00e1fico del asiento y el respaldo de una manera llamativa pero esencial.<\/p>\n\n\n\n<p>En el caso de Meera tambi\u00e9n, el nuevo sistema de sof\u00e1s dise\u00f1ado por Piero Lissoni para Living Divani, la geometr\u00eda sigue siendo esencial, al tiempo que gana dinamismo a trav\u00e9s del efecto volum\u00e9trico creado por la inclinaci\u00f3n entre los planos del asiento y el respaldo, sirviendo para enfatizar su presencia sin crear pesadez, y asegurando que la comodidad juega un papel esencial.<\/p>\n\n\n\n<p>Anywhere for Edra de Francesco Binfar\u00e9 reafirma el enfoque deconstruido que ha definido la visi\u00f3n de la empresa toscana a lo largo de los a\u00f1os: ir m\u00e1s all\u00e1 de la rigidez de la forma para abrazar la comodidad y el drama contempor\u00e1neo.<\/p>\n\n\n\n<p>Los siete m\u00f3dulos que componen el sof\u00e1 son independientes y se pueden disponer seg\u00fan se desee, mientras que los grandes cojines traseros se adaptan al movimiento, permitiendo reconfigurar la profundidad del asiento.<\/p>\n\n\n\n<figure class=\"wp-block-image size-large\"><img loading=\"lazy\" decoding=\"async\" width=\"1024\" height=\"531\" src=\"https:\/\/maderamen.com.ar\/dyf-muebles\/wp-content\/uploads\/sites\/4\/2026\/04\/salone-arper-1024x531.jpg\" alt=\"Sal\u00f3n del Mueble innovaci\u00f3n\" class=\"wp-image-16940\" srcset=\"https:\/\/maderamen.com.ar\/dyf-muebles\/wp-content\/uploads\/sites\/4\/2026\/04\/salone-arper-1024x531.jpg 1024w, https:\/\/maderamen.com.ar\/dyf-muebles\/wp-content\/uploads\/sites\/4\/2026\/04\/salone-arper-300x156.jpg 300w, https:\/\/maderamen.com.ar\/dyf-muebles\/wp-content\/uploads\/sites\/4\/2026\/04\/salone-arper-768x398.jpg 768w, https:\/\/maderamen.com.ar\/dyf-muebles\/wp-content\/uploads\/sites\/4\/2026\/04\/salone-arper-810x420.jpg 810w, https:\/\/maderamen.com.ar\/dyf-muebles\/wp-content\/uploads\/sites\/4\/2026\/04\/salone-arper-696x361.jpg 696w, https:\/\/maderamen.com.ar\/dyf-muebles\/wp-content\/uploads\/sites\/4\/2026\/04\/salone-arper-1068x554.jpg 1068w, https:\/\/maderamen.com.ar\/dyf-muebles\/wp-content\/uploads\/sites\/4\/2026\/04\/salone-arper.jpg 1400w\" sizes=\"auto, (max-width: 1024px) 100vw, 1024px\" \/><figcaption class=\"wp-element-caption\">Arper.<\/figcaption><\/figure>\n\n\n\n<p>Las curvas suaves y el asiento acogedor son el sello distintivo de las \u00faltimas ofertas de MaxDivani. El asiento, el perfil y las piernas del sof\u00e1 Clizia evocan constantemente la misma sensaci\u00f3n de suavidad, mientras que el reposabrazos se abre ligeramente como para extender una invitaci\u00f3n a sentarse.<\/p>\n\n\n\n<p>Algunos de los expositores del Salone, y de ninguna manera est\u00e1n solos, se han dirigido a cat\u00e1logos hist\u00f3ricos y los han revitalizado con un nuevo disfraz, como es el caso de Visionnaire y su sill\u00f3n Bachi, un dise\u00f1o de los a\u00f1os sesenta de Vittorio Vero, ahora revisado y reeditado por La Conca.<\/p>\n\n\n\n<p>La interacci\u00f3n ic\u00f3nica entre los m\u00f3dulos de asiento y respaldo plegados permanece sin cambios, por supuesto, mientras que los materiales se han actualizado para subrayar su personalidad, un equilibrio de escultura e informal, a\u00fan m\u00e1s marcado.<\/p>\n\n\n\n<h2 class=\"wp-block-heading\"><strong>Asientos<\/strong><\/h2>\n\n\n\n<p>En el campo de los asientos, otro indicador clave de las \u00faltimas tendencias en la feria, la aparente ligereza y simplicidad de las l\u00edneas se combinan con un enfoque en el potencial de los materiales.<\/p>\n\n\n\n<p>La silla Nuy de Marco Acerbis para El.Al desencadena un di\u00e1logo entre la tapicer\u00eda de color del asiento y la ceniza del marco, que se distingue por el llamativo contraste entre las patas delanteras inclinadas y las patas traseras paralelas.<\/p>\n\n\n\n<p>Entre las \u00faltimas ofertas de Potocco, el Stadium by Favaretto&amp;Partners reinterpreta el dise\u00f1o del asiento del cubo al enfatizar el respaldo, que adquiere una forma el\u00edptica alargada para evocar el gesto de un abrazo metaf\u00f3rico, mientras que el marco de madera de ceniza s\u00f3lida gana dinamismo a trav\u00e9s de una interacci\u00f3n de curvas y l\u00edneas rectas.<\/p>\n\n\n\n<p>Dealto, que hace del lema Metal is our Nature su principio rector, ha elegido reinterpretar la cl\u00e1sica silla Chiavarina en una vena contempor\u00e1nea.<\/p>\n\n\n\n<p>Dise\u00f1ado por Francesco Rota, el director de arte de la compa\u00f1\u00eda, Ultralight hace de la ligereza su sello distintivo, como fue el caso de Superleggera de Gio Ponti, la reinterpretaci\u00f3n por excelencia de las sillas tradicionales de Liguria.<\/p>\n\n\n\n<p>Se redujo a lo esencial, el marco consiste en un tubo de acero de solo 14 mm de di\u00e1metro, lo que resulta en un peso que, como su nombre indica, se registra a solo 3,4 kg.<\/p>\n\n\n\n<figure class=\"wp-block-image size-large\"><img loading=\"lazy\" decoding=\"async\" width=\"1024\" height=\"754\" src=\"https:\/\/maderamen.com.ar\/dyf-muebles\/wp-content\/uploads\/sites\/4\/2026\/04\/salone-casa-de-capricornio-1024x754.jpg\" alt=\"Sal\u00f3n del Mueble innovaci\u00f3n\" class=\"wp-image-16941\" srcset=\"https:\/\/maderamen.com.ar\/dyf-muebles\/wp-content\/uploads\/sites\/4\/2026\/04\/salone-casa-de-capricornio-1024x754.jpg 1024w, https:\/\/maderamen.com.ar\/dyf-muebles\/wp-content\/uploads\/sites\/4\/2026\/04\/salone-casa-de-capricornio-300x221.jpg 300w, https:\/\/maderamen.com.ar\/dyf-muebles\/wp-content\/uploads\/sites\/4\/2026\/04\/salone-casa-de-capricornio-768x566.jpg 768w, https:\/\/maderamen.com.ar\/dyf-muebles\/wp-content\/uploads\/sites\/4\/2026\/04\/salone-casa-de-capricornio-570x420.jpg 570w, https:\/\/maderamen.com.ar\/dyf-muebles\/wp-content\/uploads\/sites\/4\/2026\/04\/salone-casa-de-capricornio-80x60.jpg 80w, https:\/\/maderamen.com.ar\/dyf-muebles\/wp-content\/uploads\/sites\/4\/2026\/04\/salone-casa-de-capricornio-696x513.jpg 696w, https:\/\/maderamen.com.ar\/dyf-muebles\/wp-content\/uploads\/sites\/4\/2026\/04\/salone-casa-de-capricornio-1068x787.jpg 1068w, https:\/\/maderamen.com.ar\/dyf-muebles\/wp-content\/uploads\/sites\/4\/2026\/04\/salone-casa-de-capricornio.jpg 1400w\" sizes=\"auto, (max-width: 1024px) 100vw, 1024px\" \/><figcaption class=\"wp-element-caption\">Casa de Capricornio.<\/figcaption><\/figure>\n\n\n\n<p>Incluso el asiento de tela, distinguido por un tejido original en forma, mantiene la misma compacidad, combinando el rigor con la riqueza visual. Por el contrario, Savoia, el nuevo dise\u00f1o de Edward Barber &amp; Jay Osgerby para Kartell, aprovecha el aluminio fundido a presi\u00f3n. La estructura se distingue por las l\u00edneas limpias de su perfil, que se extiende a la perfecci\u00f3n desde la base hasta los reposabrazos, combinando .<\/p>\n\n\n\n<p>El metal, un material que en los \u00faltimos temores parece haber adquirido nuevos poderes de expresi\u00f3n, tambi\u00e9n est\u00e1 regresando a las soluciones de almacenamiento. Con Parioli, un dise\u00f1o creado por Lodovico Acerbis en 1971, Acerbis reafirma un concepto de mobiliario que convierte una visi\u00f3n arquitect\u00f3nica en una soluci\u00f3n elegante pero altamente pr\u00e1ctica.<\/p>\n\n\n\n<p>En el aparador, presentado aqu\u00ed en la versi\u00f3n cuadrada de cuatro m\u00f3dulos, la interacci\u00f3n entre los paneles de acero cepillado y el marco ligeramente empotrado adquiere una calidad tot\u00e9mica, mientras que sigue siendo pr\u00e1ctico de usar.<\/p>\n\n\n\n<p>La librer\u00eda Ryo, tambi\u00e9n, fruto de la renovada colaboraci\u00f3n entre Porro y el dise\u00f1ador japon\u00e9s Nao Tamura, apuesta por el aluminio cepillado para encarnar una presencia escult\u00f3rica entre la simplicidad ortogonal y la mejora del volumen.<\/p>\n\n\n\n<p>Al igual que las cuencas hidrogr\u00e1ficas, los elementos triangulares de carga dan ritmo a la composici\u00f3n de cada estante, definiendo una regla del juego en forma tanto por la masa como por el juego de la luz.<br>Cuando se trata de tablas, el enfoque de dise\u00f1o est\u00e1 impulsado tanto por un sentido de rigor como por la libertad de expresi\u00f3n. Es a trav\u00e9s del instinto y el esp\u00edritu visionario de un artista, el nigeriano Texan Dozie Kanu, que Knoll explora un cruce entre Am\u00e9rica y \u00c1frica.<\/p>\n\n\n\n<p>La mesa dise\u00f1ada por Kanu, tambi\u00e9n disponible en versi\u00f3n consola, destaca por sus franjas de cuero que interact\u00faan con la superficie minimalista de la parte superior de metal: una referencia a las prendas ceremoniales africanas, as\u00ed como a las franjas de las camisas de vaquero estadounidenses.<\/p>\n\n\n\n<figure class=\"wp-block-image size-large\"><img loading=\"lazy\" decoding=\"async\" width=\"1024\" height=\"576\" src=\"https:\/\/maderamen.com.ar\/dyf-muebles\/wp-content\/uploads\/sites\/4\/2026\/04\/salone-desalto-1024x576.jpg\" alt=\"Sal\u00f3n del Mueble innovaci\u00f3n\" class=\"wp-image-16942\" srcset=\"https:\/\/maderamen.com.ar\/dyf-muebles\/wp-content\/uploads\/sites\/4\/2026\/04\/salone-desalto-1024x576.jpg 1024w, https:\/\/maderamen.com.ar\/dyf-muebles\/wp-content\/uploads\/sites\/4\/2026\/04\/salone-desalto-300x169.jpg 300w, https:\/\/maderamen.com.ar\/dyf-muebles\/wp-content\/uploads\/sites\/4\/2026\/04\/salone-desalto-768x432.jpg 768w, https:\/\/maderamen.com.ar\/dyf-muebles\/wp-content\/uploads\/sites\/4\/2026\/04\/salone-desalto-746x420.jpg 746w, https:\/\/maderamen.com.ar\/dyf-muebles\/wp-content\/uploads\/sites\/4\/2026\/04\/salone-desalto-696x392.jpg 696w, https:\/\/maderamen.com.ar\/dyf-muebles\/wp-content\/uploads\/sites\/4\/2026\/04\/salone-desalto-1068x601.jpg 1068w, https:\/\/maderamen.com.ar\/dyf-muebles\/wp-content\/uploads\/sites\/4\/2026\/04\/salone-desalto.jpg 1400w\" sizes=\"auto, (max-width: 1024px) 100vw, 1024px\" \/><figcaption class=\"wp-element-caption\">Desalto.<\/figcaption><\/figure>\n\n\n\n<p>La propuesta de Karimoku, por otro lado, la marca japonesa ha apostado por una construcci\u00f3n ortogonal para el escritorio y una armon\u00eda circular para la mesa de comedor. Sin embargo, la calidad de la artesan\u00eda en los detalles, desde las juntas hasta los acabados, sigue siendo invariable.<br>Los dise\u00f1adores contin\u00faan su investigaci\u00f3n en el campo de soluciones para la cadena de suministro industrial, trabajando con el potencial combinatorio que ofrece el aluminio extruido para dar forma a un elegante lenguaje org\u00e1nico marcado por constantes y variaciones.<\/p>\n\n\n\n<p>Mientras que la altura de la base y la forma de la parte superior pueden diferir, el concepto de la estructura de soporte de carga, construida alrededor de tres losas c\u00f3ncavas, permanece sin cambios.<br>Las vistas previas en el Salone no s\u00f3lo se centran en productos puramente nacionales, sino que tambi\u00e9n se extienden al sector contract.<\/p>\n\n\n\n<p>En el campo de la hospitalidad, la cama de masaje multifuncional de Lemi incorpora una gran innovaci\u00f3n, la oportunidad de disfrutar de un nuevo, hecho posible por un lavabo de champ\u00fa extra\u00edble que estimula el flujo sangu\u00edneo en la cabeza por medio de un flujo continuo de agua.<\/p>\n\n\n\n<p>Apela instintivamente a los usuarios. Tambi\u00e9n nos recuerda que, aparte de la forma\/funci\u00f3n, el ritual asociado con el bienestar tambi\u00e9n hace una fuerte reivindicaci\u00f3n de su lugar.<\/p>\n\n\n\n<p><a href=\"https:\/\/maderamen.com.ar\/dyf-muebles\/2026\/04\/22\/muebles-argentinos-en-milan-productos-exhibidos-en-el-consulado\/\" target=\"_blank\" rel=\"noreferrer noopener\">Leer: Muebles argentinos en Mil\u00e1n: cinco productos exhibidos en el Consulado<\/a><\/p>\n\n\n\n<p>Fuente y fotos: <a href=\"https:\/\/www.salonemilano.it\/en\/exhibitions\/salone-internazionale-del-mobile\" target=\"_blank\" rel=\"noreferrer noopener\">Sal\u00f3n del Mueble de Mil\u00e1n 2026.<\/a><\/p>\n","protected":false},"excerpt":{"rendered":"<p>Sal\u00f3n del Mueble innovaci\u00f3n: Los avances del sector del mueble siguen siendo la fuerza impulsora detr\u00e1s de la Semana del Dise\u00f1o. Mostrando el ingenio incorporado a los productos, y los estilos que adornar\u00e1n nuestros espacios. Fuente: Sal\u00f3n del Mueble de Mil\u00e1n, texto escrito por Giulia Zappa. Quiz\u00e1s el momento m\u00e1s esperado de cada edici\u00f3n del [&hellip;]<\/p>\n","protected":false},"author":6,"featured_media":16939,"comment_status":"open","ping_status":"open","sticky":false,"template":"","format":"standard","meta":{"footnotes":""},"categories":[6,23],"tags":[73,120,105],"class_list":{"0":"post-16938","1":"post","2":"type-post","3":"status-publish","4":"format-standard","5":"has-post-thumbnail","7":"category-ferias-y-congresos","8":"category-featured","9":"tag-innovacion-muebles","10":"tag-muebles-diseno","11":"tag-pionero-del-diseno-de-muebles"},"yoast_head":"<!-- This site is optimized with the Yoast SEO plugin v27.4 - https:\/\/yoast.com\/product\/yoast-seo-wordpress\/ -->\n<title>Sal\u00f3n del Mueble de Mil\u00e1n 2026, la plataforma de innovaci\u00f3n<\/title>\n<meta name=\"description\" content=\"Sal\u00f3n del Mueble innovaci\u00f3n: Combinar opciones fuertes con gestos discretos y medidos es una de las innovaciones claras\" \/>\n<meta name=\"robots\" content=\"index, follow, max-snippet:-1, max-image-preview:large, max-video-preview:-1\" \/>\n<link rel=\"canonical\" href=\"https:\/\/maderamen.com.ar\/dyf-muebles\/2026\/04\/29\/salon-del-mueble-de-milan-2026-plataforma-de-innovacion\/\" \/>\n<meta property=\"og:locale\" content=\"es_ES\" \/>\n<meta property=\"og:type\" content=\"article\" \/>\n<meta property=\"og:title\" content=\"Sal\u00f3n del Mueble de Mil\u00e1n 2026, la plataforma de innovaci\u00f3n\" \/>\n<meta property=\"og:description\" content=\"Sal\u00f3n del Mueble innovaci\u00f3n: Combinar opciones fuertes con gestos discretos y medidos es una de las innovaciones claras\" \/>\n<meta property=\"og:url\" content=\"https:\/\/maderamen.com.ar\/dyf-muebles\/2026\/04\/29\/salon-del-mueble-de-milan-2026-plataforma-de-innovacion\/\" \/>\n<meta property=\"og:site_name\" content=\"D&amp;F Muebles\" \/>\n<meta property=\"article:publisher\" content=\"https:\/\/www.facebook.com\/Maderamen.Argentina\/\" \/>\n<meta property=\"article:published_time\" content=\"2026-04-29T21:10:42+00:00\" \/>\n<meta property=\"og:image\" content=\"https:\/\/maderamen.com.ar\/dyf-muebles\/wp-content\/uploads\/sites\/4\/2026\/04\/salone-acerbis.jpg\" \/>\n\t<meta property=\"og:image:width\" content=\"1400\" \/>\n\t<meta property=\"og:image:height\" content=\"747\" \/>\n\t<meta property=\"og:image:type\" content=\"image\/jpeg\" \/>\n<meta name=\"author\" content=\"Maderamen\" \/>\n<meta name=\"twitter:card\" content=\"summary_large_image\" \/>\n<meta name=\"twitter:creator\" content=\"@DesarrolloFores\" \/>\n<meta name=\"twitter:site\" content=\"@DesarrolloFores\" \/>\n<meta name=\"twitter:label1\" content=\"Escrito por\" \/>\n\t<meta name=\"twitter:data1\" content=\"Maderamen\" \/>\n\t<meta name=\"twitter:label2\" content=\"Tiempo de lectura\" \/>\n\t<meta name=\"twitter:data2\" content=\"7 minutos\" \/>\n<script type=\"application\/ld+json\" class=\"yoast-schema-graph\">{\"@context\":\"https:\\\/\\\/schema.org\",\"@graph\":[{\"@type\":\"Article\",\"@id\":\"https:\\\/\\\/maderamen.com.ar\\\/dyf-muebles\\\/2026\\\/04\\\/29\\\/salon-del-mueble-de-milan-2026-plataforma-de-innovacion\\\/#article\",\"isPartOf\":{\"@id\":\"https:\\\/\\\/maderamen.com.ar\\\/dyf-muebles\\\/2026\\\/04\\\/29\\\/salon-del-mueble-de-milan-2026-plataforma-de-innovacion\\\/\"},\"author\":{\"name\":\"Maderamen\",\"@id\":\"https:\\\/\\\/maderamen.com.ar\\\/dyf-muebles\\\/#\\\/schema\\\/person\\\/c05f216a5663a04adfc7d62d87295459\"},\"headline\":\"Sal\u00f3n del Mueble de Mil\u00e1n 2026, la plataforma de innovaci\u00f3n\",\"datePublished\":\"2026-04-29T21:10:42+00:00\",\"mainEntityOfPage\":{\"@id\":\"https:\\\/\\\/maderamen.com.ar\\\/dyf-muebles\\\/2026\\\/04\\\/29\\\/salon-del-mueble-de-milan-2026-plataforma-de-innovacion\\\/\"},\"wordCount\":1537,\"commentCount\":0,\"publisher\":{\"@id\":\"https:\\\/\\\/maderamen.com.ar\\\/dyf-muebles\\\/#organization\"},\"image\":{\"@id\":\"https:\\\/\\\/maderamen.com.ar\\\/dyf-muebles\\\/2026\\\/04\\\/29\\\/salon-del-mueble-de-milan-2026-plataforma-de-innovacion\\\/#primaryimage\"},\"thumbnailUrl\":\"https:\\\/\\\/maderamen.com.ar\\\/dyf-muebles\\\/wp-content\\\/uploads\\\/sites\\\/4\\\/2026\\\/04\\\/salone-acerbis.jpg\",\"keywords\":[\"innovaci\u00f3n muebles\",\"Muebles dise\u00f1o\",\"Pionero del dise\u00f1o de muebles\"],\"articleSection\":[\"Ferias y Congresos\",\"Principal\"],\"inLanguage\":\"es\",\"potentialAction\":[{\"@type\":\"CommentAction\",\"name\":\"Comment\",\"target\":[\"https:\\\/\\\/maderamen.com.ar\\\/dyf-muebles\\\/2026\\\/04\\\/29\\\/salon-del-mueble-de-milan-2026-plataforma-de-innovacion\\\/#respond\"]}]},{\"@type\":\"WebPage\",\"@id\":\"https:\\\/\\\/maderamen.com.ar\\\/dyf-muebles\\\/2026\\\/04\\\/29\\\/salon-del-mueble-de-milan-2026-plataforma-de-innovacion\\\/\",\"url\":\"https:\\\/\\\/maderamen.com.ar\\\/dyf-muebles\\\/2026\\\/04\\\/29\\\/salon-del-mueble-de-milan-2026-plataforma-de-innovacion\\\/\",\"name\":\"Sal\u00f3n del Mueble de Mil\u00e1n 2026, la plataforma de innovaci\u00f3n\",\"isPartOf\":{\"@id\":\"https:\\\/\\\/maderamen.com.ar\\\/dyf-muebles\\\/#website\"},\"primaryImageOfPage\":{\"@id\":\"https:\\\/\\\/maderamen.com.ar\\\/dyf-muebles\\\/2026\\\/04\\\/29\\\/salon-del-mueble-de-milan-2026-plataforma-de-innovacion\\\/#primaryimage\"},\"image\":{\"@id\":\"https:\\\/\\\/maderamen.com.ar\\\/dyf-muebles\\\/2026\\\/04\\\/29\\\/salon-del-mueble-de-milan-2026-plataforma-de-innovacion\\\/#primaryimage\"},\"thumbnailUrl\":\"https:\\\/\\\/maderamen.com.ar\\\/dyf-muebles\\\/wp-content\\\/uploads\\\/sites\\\/4\\\/2026\\\/04\\\/salone-acerbis.jpg\",\"datePublished\":\"2026-04-29T21:10:42+00:00\",\"description\":\"Sal\u00f3n del Mueble innovaci\u00f3n: Combinar opciones fuertes con gestos discretos y medidos es una de las innovaciones claras\",\"breadcrumb\":{\"@id\":\"https:\\\/\\\/maderamen.com.ar\\\/dyf-muebles\\\/2026\\\/04\\\/29\\\/salon-del-mueble-de-milan-2026-plataforma-de-innovacion\\\/#breadcrumb\"},\"inLanguage\":\"es\",\"potentialAction\":[{\"@type\":\"ReadAction\",\"target\":[\"https:\\\/\\\/maderamen.com.ar\\\/dyf-muebles\\\/2026\\\/04\\\/29\\\/salon-del-mueble-de-milan-2026-plataforma-de-innovacion\\\/\"]}]},{\"@type\":\"ImageObject\",\"inLanguage\":\"es\",\"@id\":\"https:\\\/\\\/maderamen.com.ar\\\/dyf-muebles\\\/2026\\\/04\\\/29\\\/salon-del-mueble-de-milan-2026-plataforma-de-innovacion\\\/#primaryimage\",\"url\":\"https:\\\/\\\/maderamen.com.ar\\\/dyf-muebles\\\/wp-content\\\/uploads\\\/sites\\\/4\\\/2026\\\/04\\\/salone-acerbis.jpg\",\"contentUrl\":\"https:\\\/\\\/maderamen.com.ar\\\/dyf-muebles\\\/wp-content\\\/uploads\\\/sites\\\/4\\\/2026\\\/04\\\/salone-acerbis.jpg\",\"width\":1400,\"height\":747,\"caption\":\"Acerbis.\"},{\"@type\":\"BreadcrumbList\",\"@id\":\"https:\\\/\\\/maderamen.com.ar\\\/dyf-muebles\\\/2026\\\/04\\\/29\\\/salon-del-mueble-de-milan-2026-plataforma-de-innovacion\\\/#breadcrumb\",\"itemListElement\":[{\"@type\":\"ListItem\",\"position\":1,\"name\":\"Portada\",\"item\":\"https:\\\/\\\/maderamen.com.ar\\\/dyf-muebles\\\/\"},{\"@type\":\"ListItem\",\"position\":2,\"name\":\"Sal\u00f3n del Mueble de Mil\u00e1n 2026, la plataforma de innovaci\u00f3n\"}]},{\"@type\":\"WebSite\",\"@id\":\"https:\\\/\\\/maderamen.com.ar\\\/dyf-muebles\\\/#website\",\"url\":\"https:\\\/\\\/maderamen.com.ar\\\/dyf-muebles\\\/\",\"name\":\"D&F Muebles\",\"description\":\"Noticias sobre Dise\u00f1o y Fabricaci\u00f3n de muebles en madera\",\"publisher\":{\"@id\":\"https:\\\/\\\/maderamen.com.ar\\\/dyf-muebles\\\/#organization\"},\"potentialAction\":[{\"@type\":\"SearchAction\",\"target\":{\"@type\":\"EntryPoint\",\"urlTemplate\":\"https:\\\/\\\/maderamen.com.ar\\\/dyf-muebles\\\/?s={search_term_string}\"},\"query-input\":{\"@type\":\"PropertyValueSpecification\",\"valueRequired\":true,\"valueName\":\"search_term_string\"}}],\"inLanguage\":\"es\"},{\"@type\":\"Organization\",\"@id\":\"https:\\\/\\\/maderamen.com.ar\\\/dyf-muebles\\\/#organization\",\"name\":\"Maderamen\",\"url\":\"https:\\\/\\\/maderamen.com.ar\\\/dyf-muebles\\\/\",\"logo\":{\"@type\":\"ImageObject\",\"inLanguage\":\"es\",\"@id\":\"https:\\\/\\\/maderamen.com.ar\\\/dyf-muebles\\\/#\\\/schema\\\/logo\\\/image\\\/\",\"url\":\"https:\\\/\\\/maderamen.com.ar\\\/dyf-muebles\\\/wp-content\\\/uploads\\\/sites\\\/4\\\/2017\\\/09\\\/logo-maderamen-s.png\",\"contentUrl\":\"https:\\\/\\\/maderamen.com.ar\\\/dyf-muebles\\\/wp-content\\\/uploads\\\/sites\\\/4\\\/2017\\\/09\\\/logo-maderamen-s.png\",\"width\":250,\"height\":246,\"caption\":\"Maderamen\"},\"image\":{\"@id\":\"https:\\\/\\\/maderamen.com.ar\\\/dyf-muebles\\\/#\\\/schema\\\/logo\\\/image\\\/\"},\"sameAs\":[\"https:\\\/\\\/www.facebook.com\\\/Maderamen.Argentina\\\/\",\"https:\\\/\\\/x.com\\\/DesarrolloFores\",\"https:\\\/\\\/www.youtube.com\\\/channel\\\/UCeYU2-_JRTYYpgHoyhTT2Fg\",\"https:\\\/\\\/www.instagram.com\\\/maderamen.ok\\\/\",\"https:\\\/\\\/www.linkedin.com\\\/company\\\/maderameneditorial\\\/\"]},{\"@type\":\"Person\",\"@id\":\"https:\\\/\\\/maderamen.com.ar\\\/dyf-muebles\\\/#\\\/schema\\\/person\\\/c05f216a5663a04adfc7d62d87295459\",\"name\":\"Maderamen\",\"image\":{\"@type\":\"ImageObject\",\"inLanguage\":\"es\",\"@id\":\"https:\\\/\\\/secure.gravatar.com\\\/avatar\\\/6ff28763266ad14d7e42092eb3998ef25a67b8fd98e7000d6029e8a2e785dc10?s=96&d=mm&r=g\",\"url\":\"https:\\\/\\\/secure.gravatar.com\\\/avatar\\\/6ff28763266ad14d7e42092eb3998ef25a67b8fd98e7000d6029e8a2e785dc10?s=96&d=mm&r=g\",\"contentUrl\":\"https:\\\/\\\/secure.gravatar.com\\\/avatar\\\/6ff28763266ad14d7e42092eb3998ef25a67b8fd98e7000d6029e8a2e785dc10?s=96&d=mm&r=g\",\"caption\":\"Maderamen\"},\"url\":\"https:\\\/\\\/maderamen.com.ar\\\/dyf-muebles\\\/author\\\/maderamenadmin\\\/\"}]}<\/script>\n<!-- \/ Yoast SEO plugin. -->","yoast_head_json":{"title":"Sal\u00f3n del Mueble de Mil\u00e1n 2026, la plataforma de innovaci\u00f3n","description":"Sal\u00f3n del Mueble innovaci\u00f3n: Combinar opciones fuertes con gestos discretos y medidos es una de las innovaciones claras","robots":{"index":"index","follow":"follow","max-snippet":"max-snippet:-1","max-image-preview":"max-image-preview:large","max-video-preview":"max-video-preview:-1"},"canonical":"https:\/\/maderamen.com.ar\/dyf-muebles\/2026\/04\/29\/salon-del-mueble-de-milan-2026-plataforma-de-innovacion\/","og_locale":"es_ES","og_type":"article","og_title":"Sal\u00f3n del Mueble de Mil\u00e1n 2026, la plataforma de innovaci\u00f3n","og_description":"Sal\u00f3n del Mueble innovaci\u00f3n: Combinar opciones fuertes con gestos discretos y medidos es una de las innovaciones claras","og_url":"https:\/\/maderamen.com.ar\/dyf-muebles\/2026\/04\/29\/salon-del-mueble-de-milan-2026-plataforma-de-innovacion\/","og_site_name":"D&amp;F Muebles","article_publisher":"https:\/\/www.facebook.com\/Maderamen.Argentina\/","article_published_time":"2026-04-29T21:10:42+00:00","og_image":[{"width":1400,"height":747,"url":"https:\/\/maderamen.com.ar\/dyf-muebles\/wp-content\/uploads\/sites\/4\/2026\/04\/salone-acerbis.jpg","type":"image\/jpeg"}],"author":"Maderamen","twitter_card":"summary_large_image","twitter_creator":"@DesarrolloFores","twitter_site":"@DesarrolloFores","twitter_misc":{"Escrito por":"Maderamen","Tiempo de lectura":"7 minutos"},"schema":{"@context":"https:\/\/schema.org","@graph":[{"@type":"Article","@id":"https:\/\/maderamen.com.ar\/dyf-muebles\/2026\/04\/29\/salon-del-mueble-de-milan-2026-plataforma-de-innovacion\/#article","isPartOf":{"@id":"https:\/\/maderamen.com.ar\/dyf-muebles\/2026\/04\/29\/salon-del-mueble-de-milan-2026-plataforma-de-innovacion\/"},"author":{"name":"Maderamen","@id":"https:\/\/maderamen.com.ar\/dyf-muebles\/#\/schema\/person\/c05f216a5663a04adfc7d62d87295459"},"headline":"Sal\u00f3n del Mueble de Mil\u00e1n 2026, la plataforma de innovaci\u00f3n","datePublished":"2026-04-29T21:10:42+00:00","mainEntityOfPage":{"@id":"https:\/\/maderamen.com.ar\/dyf-muebles\/2026\/04\/29\/salon-del-mueble-de-milan-2026-plataforma-de-innovacion\/"},"wordCount":1537,"commentCount":0,"publisher":{"@id":"https:\/\/maderamen.com.ar\/dyf-muebles\/#organization"},"image":{"@id":"https:\/\/maderamen.com.ar\/dyf-muebles\/2026\/04\/29\/salon-del-mueble-de-milan-2026-plataforma-de-innovacion\/#primaryimage"},"thumbnailUrl":"https:\/\/maderamen.com.ar\/dyf-muebles\/wp-content\/uploads\/sites\/4\/2026\/04\/salone-acerbis.jpg","keywords":["innovaci\u00f3n muebles","Muebles dise\u00f1o","Pionero del dise\u00f1o de muebles"],"articleSection":["Ferias y Congresos","Principal"],"inLanguage":"es","potentialAction":[{"@type":"CommentAction","name":"Comment","target":["https:\/\/maderamen.com.ar\/dyf-muebles\/2026\/04\/29\/salon-del-mueble-de-milan-2026-plataforma-de-innovacion\/#respond"]}]},{"@type":"WebPage","@id":"https:\/\/maderamen.com.ar\/dyf-muebles\/2026\/04\/29\/salon-del-mueble-de-milan-2026-plataforma-de-innovacion\/","url":"https:\/\/maderamen.com.ar\/dyf-muebles\/2026\/04\/29\/salon-del-mueble-de-milan-2026-plataforma-de-innovacion\/","name":"Sal\u00f3n del Mueble de Mil\u00e1n 2026, la plataforma de innovaci\u00f3n","isPartOf":{"@id":"https:\/\/maderamen.com.ar\/dyf-muebles\/#website"},"primaryImageOfPage":{"@id":"https:\/\/maderamen.com.ar\/dyf-muebles\/2026\/04\/29\/salon-del-mueble-de-milan-2026-plataforma-de-innovacion\/#primaryimage"},"image":{"@id":"https:\/\/maderamen.com.ar\/dyf-muebles\/2026\/04\/29\/salon-del-mueble-de-milan-2026-plataforma-de-innovacion\/#primaryimage"},"thumbnailUrl":"https:\/\/maderamen.com.ar\/dyf-muebles\/wp-content\/uploads\/sites\/4\/2026\/04\/salone-acerbis.jpg","datePublished":"2026-04-29T21:10:42+00:00","description":"Sal\u00f3n del Mueble innovaci\u00f3n: Combinar opciones fuertes con gestos discretos y medidos es una de las innovaciones claras","breadcrumb":{"@id":"https:\/\/maderamen.com.ar\/dyf-muebles\/2026\/04\/29\/salon-del-mueble-de-milan-2026-plataforma-de-innovacion\/#breadcrumb"},"inLanguage":"es","potentialAction":[{"@type":"ReadAction","target":["https:\/\/maderamen.com.ar\/dyf-muebles\/2026\/04\/29\/salon-del-mueble-de-milan-2026-plataforma-de-innovacion\/"]}]},{"@type":"ImageObject","inLanguage":"es","@id":"https:\/\/maderamen.com.ar\/dyf-muebles\/2026\/04\/29\/salon-del-mueble-de-milan-2026-plataforma-de-innovacion\/#primaryimage","url":"https:\/\/maderamen.com.ar\/dyf-muebles\/wp-content\/uploads\/sites\/4\/2026\/04\/salone-acerbis.jpg","contentUrl":"https:\/\/maderamen.com.ar\/dyf-muebles\/wp-content\/uploads\/sites\/4\/2026\/04\/salone-acerbis.jpg","width":1400,"height":747,"caption":"Acerbis."},{"@type":"BreadcrumbList","@id":"https:\/\/maderamen.com.ar\/dyf-muebles\/2026\/04\/29\/salon-del-mueble-de-milan-2026-plataforma-de-innovacion\/#breadcrumb","itemListElement":[{"@type":"ListItem","position":1,"name":"Portada","item":"https:\/\/maderamen.com.ar\/dyf-muebles\/"},{"@type":"ListItem","position":2,"name":"Sal\u00f3n del Mueble de Mil\u00e1n 2026, la plataforma de innovaci\u00f3n"}]},{"@type":"WebSite","@id":"https:\/\/maderamen.com.ar\/dyf-muebles\/#website","url":"https:\/\/maderamen.com.ar\/dyf-muebles\/","name":"D&F Muebles","description":"Noticias sobre Dise\u00f1o y Fabricaci\u00f3n de muebles en madera","publisher":{"@id":"https:\/\/maderamen.com.ar\/dyf-muebles\/#organization"},"potentialAction":[{"@type":"SearchAction","target":{"@type":"EntryPoint","urlTemplate":"https:\/\/maderamen.com.ar\/dyf-muebles\/?s={search_term_string}"},"query-input":{"@type":"PropertyValueSpecification","valueRequired":true,"valueName":"search_term_string"}}],"inLanguage":"es"},{"@type":"Organization","@id":"https:\/\/maderamen.com.ar\/dyf-muebles\/#organization","name":"Maderamen","url":"https:\/\/maderamen.com.ar\/dyf-muebles\/","logo":{"@type":"ImageObject","inLanguage":"es","@id":"https:\/\/maderamen.com.ar\/dyf-muebles\/#\/schema\/logo\/image\/","url":"https:\/\/maderamen.com.ar\/dyf-muebles\/wp-content\/uploads\/sites\/4\/2017\/09\/logo-maderamen-s.png","contentUrl":"https:\/\/maderamen.com.ar\/dyf-muebles\/wp-content\/uploads\/sites\/4\/2017\/09\/logo-maderamen-s.png","width":250,"height":246,"caption":"Maderamen"},"image":{"@id":"https:\/\/maderamen.com.ar\/dyf-muebles\/#\/schema\/logo\/image\/"},"sameAs":["https:\/\/www.facebook.com\/Maderamen.Argentina\/","https:\/\/x.com\/DesarrolloFores","https:\/\/www.youtube.com\/channel\/UCeYU2-_JRTYYpgHoyhTT2Fg","https:\/\/www.instagram.com\/maderamen.ok\/","https:\/\/www.linkedin.com\/company\/maderameneditorial\/"]},{"@type":"Person","@id":"https:\/\/maderamen.com.ar\/dyf-muebles\/#\/schema\/person\/c05f216a5663a04adfc7d62d87295459","name":"Maderamen","image":{"@type":"ImageObject","inLanguage":"es","@id":"https:\/\/secure.gravatar.com\/avatar\/6ff28763266ad14d7e42092eb3998ef25a67b8fd98e7000d6029e8a2e785dc10?s=96&d=mm&r=g","url":"https:\/\/secure.gravatar.com\/avatar\/6ff28763266ad14d7e42092eb3998ef25a67b8fd98e7000d6029e8a2e785dc10?s=96&d=mm&r=g","contentUrl":"https:\/\/secure.gravatar.com\/avatar\/6ff28763266ad14d7e42092eb3998ef25a67b8fd98e7000d6029e8a2e785dc10?s=96&d=mm&r=g","caption":"Maderamen"},"url":"https:\/\/maderamen.com.ar\/dyf-muebles\/author\/maderamenadmin\/"}]}},"_links":{"self":[{"href":"https:\/\/maderamen.com.ar\/dyf-muebles\/wp-json\/wp\/v2\/posts\/16938","targetHints":{"allow":["GET"]}}],"collection":[{"href":"https:\/\/maderamen.com.ar\/dyf-muebles\/wp-json\/wp\/v2\/posts"}],"about":[{"href":"https:\/\/maderamen.com.ar\/dyf-muebles\/wp-json\/wp\/v2\/types\/post"}],"author":[{"embeddable":true,"href":"https:\/\/maderamen.com.ar\/dyf-muebles\/wp-json\/wp\/v2\/users\/6"}],"replies":[{"embeddable":true,"href":"https:\/\/maderamen.com.ar\/dyf-muebles\/wp-json\/wp\/v2\/comments?post=16938"}],"version-history":[{"count":1,"href":"https:\/\/maderamen.com.ar\/dyf-muebles\/wp-json\/wp\/v2\/posts\/16938\/revisions"}],"predecessor-version":[{"id":16943,"href":"https:\/\/maderamen.com.ar\/dyf-muebles\/wp-json\/wp\/v2\/posts\/16938\/revisions\/16943"}],"wp:featuredmedia":[{"embeddable":true,"href":"https:\/\/maderamen.com.ar\/dyf-muebles\/wp-json\/wp\/v2\/media\/16939"}],"wp:attachment":[{"href":"https:\/\/maderamen.com.ar\/dyf-muebles\/wp-json\/wp\/v2\/media?parent=16938"}],"wp:term":[{"taxonomy":"category","embeddable":true,"href":"https:\/\/maderamen.com.ar\/dyf-muebles\/wp-json\/wp\/v2\/categories?post=16938"},{"taxonomy":"post_tag","embeddable":true,"href":"https:\/\/maderamen.com.ar\/dyf-muebles\/wp-json\/wp\/v2\/tags?post=16938"}],"curies":[{"name":"wp","href":"https:\/\/api.w.org\/{rel}","templated":true}]}}