{"id":15931,"date":"2025-07-28T04:10:09","date_gmt":"2025-07-28T07:10:09","guid":{"rendered":"https:\/\/maderamen.com.ar\/dyf-muebles\/?p=15931"},"modified":"2025-07-23T17:25:04","modified_gmt":"2025-07-23T20:25:04","slug":"fitecma-2025-proveedores-del-sector-muebles","status":"publish","type":"post","link":"https:\/\/maderamen.com.ar\/dyf-muebles\/2025\/07\/28\/fitecma-2025-proveedores-del-sector-muebles\/","title":{"rendered":"FITECMA 2025:  Proveedores del sector muebles en la feria"},"content":{"rendered":"\n<p><strong>FITECMA 2025 Proveedores:<\/strong> <strong>FITECMA 2025 volvi\u00f3 a convocar a los principales actores de la cadena de valor madera y muebles. La 16\u00aa edici\u00f3n de FITECMA, Feria Internacional de Madera &amp; Tecnolog\u00eda, se desarroll\u00f3 en conjunto con FIMAQH en La Rural porte\u00f1a del 10 al 14 de junio. Dos enviados especiales de D&amp;F Muebles al barrio porte\u00f1o de Palermo recorrieron el evento para acercar al lector toda la informaci\u00f3n.<\/strong><\/p>\n\n\n\n<p>Con 250 expositores y 1.500 marcas\nen exhibici\u00f3n, FITECMA 2025 tuvo la presencia de 30.000 visitantes\nespecializados.<\/p>\n\n\n\n<p>A juzgar por la largar hileras que\nse vieron para conseguir la acreditaci\u00f3n existi\u00f3 en el p\u00fablico avidez por\nconocer actualidad y novedades que ofrecieron las empresas de la cadena de\nvalor madera y muebles.<\/p>\n\n\n\n<p>FITECMA 2025 ocup\u00f3 11.000 m\u00b2 dedicados exclusivamente a la madera y sus aplicaciones en el Pabell\u00f3n Azul.<\/p>\n\n\n\n<h3 class=\"wp-block-heading\"><strong>Proveedores del\nsector muebles en la feria<\/strong><\/h3>\n\n\n\n<p><strong>Frund Stark: innovaci\u00f3n y precisi\u00f3n desde el\ncoraz\u00f3n productivo de Rafaela<\/strong><\/p>\n\n\n\n<p><a href=\"https:\/\/www.frund-stark.com.ar\/\" target=\"_blank\" rel=\"noreferrer noopener\" aria-label=\"Frund Stark  (abre en una nueva pesta\u00f1a)\">Frund Stark <\/a>es una empresa familiar con s\u00f3lida trayectoria en la fabricaci\u00f3n, reparaci\u00f3n y afilado de herramientas de corte para madera, aluminio, PVC, materiales compuestos y metales. <\/p>\n\n\n\n<p>Emplazada en el Parque de Actividades Econ\u00f3micas de Rafaela (PAER), lleva adelante un desarrollo productivo constante, apostando a la mejora continua, la incorporaci\u00f3n de tecnolog\u00eda y la excelencia en el servicio.<\/p>\n\n\n\n<figure class=\"wp-block-image\"><img loading=\"lazy\" decoding=\"async\" width=\"1080\" height=\"1080\" src=\"https:\/\/maderamen.com.ar\/dyf-muebles\/wp-content\/uploads\/sites\/4\/2025\/07\/caser-wall-fresadora.jpg\" alt=\"FITECMA 2025 Proveedores \" class=\"wp-image-15936\" \/><figcaption>Presentaci\u00f3n de Casermeiro. En la imagen adjunta se pueden ver m\u00e1s caracter\u00edsticas del tornillo: Cabeza fresadora, rosca DryWall para madera y Punta aguja.<\/figcaption><\/figure>\n\n\n\n<p>Dentro de sus diversas \u00e1reas productivas se destaca\nla fabricaci\u00f3n de fresas, mediante maquinaria automatizada que permite procesos\nm\u00e1s eficientes y precisos. <\/p>\n\n\n\n<p>Tambi\u00e9n se especializan en la producci\u00f3n y afilado\nde sierras circulares, incluyendo sierras de acero r\u00e1pido para corte de metal,\ny disponen de un equipo de corte l\u00e1ser para trabajos espec\u00edficos.<\/p>\n\n\n\n<p>Como novedad, Frund Stark ampli\u00f3 su oferta\nincorporando la venta y el servicio de afilado y reparaci\u00f3n de herramientas de\ndiamante, un rubro que contin\u00faa creciendo y que ya cuenta con equipamiento de\n\u00faltima generaci\u00f3n. <\/p>\n\n\n\n<p>Adem\u00e1s, la firma particip\u00f3 una vez m\u00e1s en Fitecma\n2025, donde represent\u00f3 oficialmente a las marcas Frezite y Mebor, reafirmando\nsu compromiso con el sector y con la actualizaci\u00f3n constante en productos y\nsoluciones para la industria.<\/p>\n\n\n\n<p>Frund Stark se caracteriza por brindar asesoramiento personalizado y por desarrollar soluciones ajustadas a cada cliente. El conocimiento t\u00e9cnico, la experiencia en procesos y la b\u00fasqueda permanente de innovaci\u00f3n son los pilares que sostienen su crecimiento y la posicionan como un referente nacional en herramientas de corte.<\/p>\n\n\n\n<figure class=\"wp-block-image\"><img loading=\"lazy\" decoding=\"async\" width=\"1400\" height=\"1215\" src=\"https:\/\/maderamen.com.ar\/dyf-muebles\/wp-content\/uploads\/sites\/4\/2025\/07\/eurohard1.jpg\" alt=\"FITECMA 2025 Proveedores \" class=\"wp-image-15937\" \/><figcaption>Desde EuroHard afirmaron: \u201cLanzamos seis nuevas l\u00edneas de productos: cocina, vestidor, cestos de basura, oficina, iluminaci\u00f3n y obra\u201d.<\/figcaption><\/figure>\n\n\n\n<p>Frund Stark<\/p>\n\n\n\n<p>Frund Stark se ubic\u00f3 en el F61,\nfrente al sector de maquinarias.<\/p>\n\n\n\n<p>Se puede buscar a la empresa en\nInstagram como @grupofrund<\/p>\n\n\n\n<p><strong>Casermeiro <\/strong><\/p>\n\n\n\n<p>Presentamos en FITECMA un nuevo tornillo de la l\u00ednea <a href=\"https:\/\/e-casermeiro.net\/sitio\/\" target=\"_blank\" rel=\"noreferrer noopener\" aria-label=\"Caser Wall (abre en una nueva pesta\u00f1a)\">Caser Wall<\/a>, cabeza fresadora, complementa la l\u00ednea de tornillos para construcci\u00f3n en seco o wood frame.<\/p>\n\n\n\n<p>El tornillo tiene la particularidad que debajo de\nla cabeza tiene un moleteado, que llamamos avellanador, y eso hace que el\noperario no tenga que fresar previamente la madera para que el tornillo quede\nembutido.<\/p>\n\n\n\n<p>Esa fresa o avellanador tiene estr\u00edas que hacer que\nse pueda cortar el material y tambi\u00e9n se puede utilizar en placas de\nfibrocemento en la construcci\u00f3n de caba\u00f1as. Este material de fibrocemento de 3\nmil\u00edmetros o 6 mil\u00edmetros de espesor se puede colocar sobre la madera.<\/p>\n\n\n\n<p>Si no se utilizan este tipo de tornillos el\noperario o el instalador tiene que hacer un agujero antes de colocar el\ntornillo.<\/p>\n\n\n\n<p>En la imagen adjunta se pueden ver m\u00e1s\ncaracter\u00edsticas del tornillo: Cabeza fresadora, rosca DryWall para madera y\nPunta aguja.<\/p>\n\n\n\n<p>Casermeiro se ubicar\u00e1 en el stand C14. Est\u00e1 en Instagram como @casermeiro_distribuidora<\/p>\n\n\n\n<figure class=\"wp-block-image\"><img loading=\"lazy\" decoding=\"async\" width=\"1180\" height=\"1400\" src=\"https:\/\/maderamen.com.ar\/dyf-muebles\/wp-content\/uploads\/sites\/4\/2025\/07\/stand-cadesa.jpg\" alt=\"FITECMA 2025 Proveedores \" class=\"wp-image-15935\" \/><figcaption>Compa\u00f1\u00eda Argentina de Enchapados S A. (Cadesa) ocup\u00f3 el stand C41, en el que presentar\u00e1 las marcas Cadeplac, tableros enchapados, y Cadecant, tapacantos.  <\/figcaption><\/figure>\n\n\n\n<p><strong><a href=\"https:\/\/sinlac.com.ar\/\"><a href=\"http:\/\/Sinlac\"><\/a>Sinlac <\/a><\/strong><\/p>\n\n\n\n<p>En una\nedici\u00f3n m\u00e1s fuimos part\u00edcipes de FITECMA y llevamos lo que mejor sabemos hacer:\nsoluciones reales para los desaf\u00edos diarios de quienes trabajan la madera. <\/p>\n\n\n\n<p>En nuestra\nf\u00e1brica de pinturas, no s\u00f3lo formulamos productos; desarrollamos tecnolog\u00edas\nque elevan la calidad, la durabilidad y la est\u00e9tica de cada proyecto.<\/p>\n\n\n\n<p>Este a\u00f1o llegamos a la feria con muchas novedades, pero sobre todo, con las ganas de escuchar a todos nuestros clientes y los desaf\u00edos que enfrentan a diario. Asumimos el compromiso de acompa\u00f1ar, de ayudar a que la industria est\u00e9 m\u00e1s fuerte que nunca. <\/p>\n\n\n\n<p>Contamos\ncon una l\u00ednea completa de pinturas pensada para responder a los distintos\nprocesos productivos y usos finales. <\/p>\n\n\n\n<p>Nuestros poliuretanos\nest\u00e1n formulados para brindar m\u00e1xima resistencia y durabilidad en condiciones\nextremas. Para estructuras met\u00e1licas o superficies que requieren adherencia\nsuperior, ofrecemos una l\u00ednea de sint\u00e9ticos que combina protecci\u00f3n y est\u00e9tica. <\/p>\n\n\n\n<p>Tambi\u00e9n desarrollamos impregnantes que protegen la madera desde el interior, resaltando su aspecto natural y asegurando una larga vida \u00fatil. <\/p>\n\n\n\n<figure class=\"wp-block-image\"><img loading=\"lazy\" decoding=\"async\" width=\"4080\" height=\"3060\" src=\"https:\/\/maderamen.com.ar\/dyf-muebles\/wp-content\/uploads\/sites\/4\/2025\/07\/frund-stand.jpg\" alt=\"FITECMA 2025 Proveedores \" class=\"wp-image-15938\" \/><figcaption>Frund Stark se ubic\u00f3 en el F61, frente al sector de maquinarias.<\/figcaption><\/figure>\n\n\n\n<p>Las terminaciones\nelevan el producto final con acabados de alta calidad, mientras que nuestras tintas\nofrecen una paleta vers\u00e1til con colores vibrantes y uniformes, ideales para dar\nidentidad a cada pieza.<\/p>\n\n\n\n<p>Pero la\ngran novedad que nos entusiasma compartir en esta edici\u00f3n de FITECMA es el\nsalto que dimos en 2024: inauguramos nuestra propia planta de producci\u00f3n de\nresinas, materia prima clave en la fabricaci\u00f3n de pinturas.<\/p>\n\n\n\n<p>Este avance\nnos permiti\u00f3 dar un paso firme hacia la integraci\u00f3n vertical, mejorando la\ntrazabilidad, la calidad y, por supuesto, la competitividad de nuestros\nproductos.<\/p>\n\n\n\n<p>Hoy, el 80%\nde nuestras pinturas se fabrican con resinas propias, desarrolladas con\ntecnolog\u00eda de \u00faltima generaci\u00f3n y mano de obra altamente calificada. <\/p>\n\n\n\n<p>Gracias a\nesta nueva etapa, ofrecemos productos m\u00e1s estables, con mejor desempe\u00f1o\nt\u00e9cnico, y a precios m\u00e1s convenientes para nuestros clientes. Porque entendemos\nque en la industria cada cent\u00edmetro de avance cuenta, y queremos ser el aliado\nque acompa\u00f1a ese crecimiento.<\/p>\n\n\n\n<p>Porque\ncuando se trabaja con madera, cada detalle importa, y nosotros estamos para\nasegurarnos de que ese detalle est\u00e9 protegido, resaltado y valorado al m\u00e1ximo.<\/p>\n\n\n\n<p>\u00a1Un gusto verlos, hasta la pr\u00f3xima!<\/p>\n\n\n\n<figure class=\"wp-block-image\"><img loading=\"lazy\" decoding=\"async\" width=\"1400\" height=\"791\" src=\"https:\/\/maderamen.com.ar\/dyf-muebles\/wp-content\/uploads\/sites\/4\/2025\/07\/sinlac.jpg\" alt=\"FITECMA 2025 Proveedores \" class=\"wp-image-15939\" \/><figcaption>Stand de Sinlac. Desde la empresa afirmaron: \u201cContamos con una l\u00ednea completa de pinturas pensada para responder a los distintos procesos productivos y usos finales\u201d.<\/figcaption><\/figure>\n\n\n\n<p><strong>Gonz\u00e1lez Tudanca<\/strong><\/p>\n\n\n\n<p>Como en\ncada edici\u00f3n de Fitecma, estuvimos presentes con nuestro stand reafirmando el\ncompromiso que nos caracteriza: ofrecer productos de calidad y un servicio de\nexcelencia. <\/p>\n\n\n\n<p>Durante los\ncinco d\u00edas de feria, recibimos la visita de numerosos clientes, colegas y\nprofesionales del sector, quienes destacaron una vez m\u00e1s la calidad de nuestros\nproductos y la atenci\u00f3n personalizada que brindamos.<\/p>\n\n\n\n<p>Aprovechamos\nestos d\u00edas para reencontrarnos y conversar con muchos clientes y proveedores\ncon los que, por la din\u00e1mica del trabajo, no tenemos la posibilidad de vernos\ndurante el a\u00f1o. <\/p>\n\n\n\n<p>El marco de\nla feria nos permiti\u00f3 compartir charlas en un ambiente relajado y ameno,\nfortaleciendo v\u00ednculos y generando nuevas oportunidades.<\/p>\n\n\n\n<p>Fitecma nos\nbrinda siempre una oportunidad para seguir creciendo como empresa y como parte\nde una industria que apuesta al desarrollo nacional.<\/p>\n\n\n\n<p>Agradecemos a todos los que se acercaron y nos acompa\u00f1aron en esta nueva edici\u00f3n<\/p>\n\n\n\n<figure class=\"wp-block-image\"><img loading=\"lazy\" decoding=\"async\" width=\"1400\" height=\"806\" src=\"https:\/\/maderamen.com.ar\/dyf-muebles\/wp-content\/uploads\/sites\/4\/2025\/07\/stand-tudanca.jpg\" alt=\"FITECMA 2025 Proveedores \" class=\"wp-image-15940\" \/><figcaption>Gonz\u00e1lez Tudanca estuvo en el stand F45, en el sector dedicado a empresas proveedoras de insumos para toda la cadena de valor foresto industrial.<\/figcaption><\/figure>\n\n\n\n<p><a href=\"https:\/\/www.tudanca.com.ar\/\" target=\"_blank\" rel=\"noreferrer noopener\" aria-label=\"Gonz\u00e1lez Tudanca (abre en una nueva pesta\u00f1a)\">Gonz\u00e1lez Tudanca<\/a><\/p>\n\n\n\n<p>Gonz\u00e1lez Tudanca estuvo en el stand\nF45, en el sector dedicado a empresas proveedoras de insumos para toda la\ncadena de valor foresto industrial.<\/p>\n\n\n\n<p>En Instagram se los encuentra como\n@gonzalez.tudanca<\/p>\n\n\n\n<p><strong><a href=\"https:\/\/euro-hard.com.ar\/\" target=\"_blank\" rel=\"noreferrer noopener\" aria-label=\"EURO HARD (abre en una nueva pesta\u00f1a)\">EURO HARD<\/a> <\/strong><\/p>\n\n\n\n<p>Lanzamos\nseis nuevas l\u00edneas de productos: cocina, vestidor, cestos de basura, oficina,\niluminaci\u00f3n y obra.<br>\nCestos de basura: Desarrollamos nuestra primera propuesta de cestos de basura:\nuna l\u00ednea de productos que consideramos esencial incorporar a nuestro cat\u00e1logo.\nComo siempre, nuestro pilar fundamental fue ofrecer productos de calidad a un\nprecio competitivo, sin dejar de lado el dise\u00f1o y la innovaci\u00f3n. <\/p>\n\n\n\n<p>Hoy\npresentamos una amplia variedad de opciones pensadas para cada necesidad. Este\nes solo el primer paso; seguiremos creciendo y ampliando esta nueva familia de\nproductos. Con entusiasmo y grandes expectativas, damos la bienvenida a este\nnuevo integrante de la familia Eurohard.<\/p>\n\n\n\n<p>EuroHard se ubic\u00f3 en el stand C30,\nun espacio de dos islas enfrentadas de 192 metros cuadrados.<\/p>\n\n\n\n<p>La empresa est\u00e1 en Instagram como @eurohard.herrajes<\/p>\n\n\n\n<figure class=\"wp-block-image\"><img loading=\"lazy\" decoding=\"async\" width=\"1400\" height=\"1193\" src=\"https:\/\/maderamen.com.ar\/dyf-muebles\/wp-content\/uploads\/sites\/4\/2025\/07\/stand-miro.jpg\" alt=\"FITECMA 2025 Proveedores \" class=\"wp-image-15941\" \/><figcaption>Mir\u00f3 Lacas y Barnices ocup\u00f3 el stand E40, \u201ccon toda la amplia gama de productos y la calidad de siempre\u201d.<\/figcaption><\/figure>\n\n\n\n<p><strong>Cadesa<\/strong><\/p>\n\n\n\n<p>Compa\u00f1\u00eda Argentina de<a href=\"https:\/\/maderamen.com.ar\/dyf-muebles\/empresas\/cia-argentina-enchapados\/\" target=\"_blank\" rel=\"noreferrer noopener\" aria-label=\" Enchapados S A. (Cadesa)  (abre en una nueva pesta\u00f1a)\"> Enchapados S A. (Cadesa) <\/a>ocup\u00f3 el stand C41, en el que presentar\u00e1 las marcas Cadeplac, tableros enchapados, y Cadecant, tapacantos.&nbsp; <\/p>\n\n\n\n<p>Cadesa realiza enchapados y cantos en pino,\npara\u00edso, guatamb\u00fa, cerejeira, cedrillo y otras adem\u00e1s de las chapas\nreconstituidas como ser el wenge, nogal etc.<\/p>\n\n\n\n<p>Se la encuentra en Instagram como @cadesa_enchapados<\/p>\n\n\n\n<p><strong>Mir\u00f3 Lacas y Barnices<\/strong><\/p>\n\n\n\n<p><a href=\"https:\/\/www.mirosrl.com\/\" target=\"_blank\" rel=\"noreferrer noopener\" aria-label=\"Mir\u00f3 Lacas y Barnices (abre en una nueva pesta\u00f1a)\">Mir\u00f3 Lacas y Barnices<\/a> ocup\u00f3 el stand E40, \u201ccon toda la amplia gama de productos y la calidad de siempre\u201d.<\/p>\n\n\n\n<p>El visitante pudo ponerse en contacto con tintas universales, Barnizeto Satinado con filtros UV, laca al agua Hidrolake\u00ae y laca poliuret\u00e1nica.<\/p>\n\n\n\n<p><a href=\"https:\/\/maderamen.com.ar\/dyf-muebles\/2025\/07\/08\/arn-el-diseno-no-es-un-gasto-es-una-inversion-estrategica\/\" target=\"_blank\" rel=\"noreferrer noopener\" aria-label=\"Leer; Arn &amp; Salum: \u00abEl dise\u00f1o no es un gasto: es una inversi\u00f3n estrat\u00e9gica\u00bb (abre en una nueva pesta\u00f1a)\">Leer; Arn &amp; Salum: \u00abEl dise\u00f1o no es un gasto: es una inversi\u00f3n estrat\u00e9gica\u00bb<\/a><\/p>\n\n\n\n<p>Fotos: D&amp;F Muebles (Enviados\nEspeciales a FITECMA 2025) y gentileza empresas.<\/p>\n","protected":false},"excerpt":{"rendered":"<p>FITECMA 2025 Proveedores: FITECMA 2025 volvi\u00f3 a convocar a los principales actores de la cadena de valor madera y muebles. La 16\u00aa edici\u00f3n de FITECMA, Feria Internacional de Madera &amp; Tecnolog\u00eda, se desarroll\u00f3 en conjunto con FIMAQH en La Rural porte\u00f1a del 10 al 14 de junio. Dos enviados especiales de D&amp;F Muebles al barrio [&hellip;]<\/p>\n","protected":false},"author":6,"featured_media":15932,"comment_status":"open","ping_status":"open","sticky":false,"template":"","format":"standard","meta":{"footnotes":""},"categories":[6,23],"tags":[],"class_list":{"0":"post-15931","1":"post","2":"type-post","3":"status-publish","4":"format-standard","5":"has-post-thumbnail","7":"category-ferias-y-congresos","8":"category-featured"},"yoast_head":"<!-- This site is optimized with the Yoast SEO plugin v27.4 - https:\/\/yoast.com\/product\/yoast-seo-wordpress\/ -->\n<title>FITECMA 2025: Proveedores del sector muebles en la feria<\/title>\n<meta name=\"description\" content=\"FITECMA 2025 Proveedores: Con 250 expositores y 1.500 marcas en exhibici\u00f3n, FITECMA 2025 tuvo la presencia de 30.000 visitantes especializados.\" \/>\n<meta name=\"robots\" content=\"index, follow, max-snippet:-1, max-image-preview:large, max-video-preview:-1\" \/>\n<link rel=\"canonical\" href=\"https:\/\/maderamen.com.ar\/dyf-muebles\/2025\/07\/28\/fitecma-2025-proveedores-del-sector-muebles\/\" \/>\n<meta property=\"og:locale\" content=\"es_ES\" \/>\n<meta property=\"og:type\" content=\"article\" \/>\n<meta property=\"og:title\" content=\"FITECMA 2025: Proveedores del sector muebles en la feria\" \/>\n<meta property=\"og:description\" content=\"FITECMA 2025 Proveedores: Con 250 expositores y 1.500 marcas en exhibici\u00f3n, FITECMA 2025 tuvo la presencia de 30.000 visitantes especializados.\" \/>\n<meta property=\"og:url\" content=\"https:\/\/maderamen.com.ar\/dyf-muebles\/2025\/07\/28\/fitecma-2025-proveedores-del-sector-muebles\/\" \/>\n<meta property=\"og:site_name\" content=\"D&amp;F Muebles\" \/>\n<meta property=\"article:publisher\" content=\"https:\/\/www.facebook.com\/Maderamen.Argentina\/\" \/>\n<meta property=\"article:published_time\" content=\"2025-07-28T07:10:09+00:00\" \/>\n<meta property=\"og:image\" content=\"https:\/\/maderamen.com.ar\/dyf-muebles\/wp-content\/uploads\/sites\/4\/2025\/07\/gral-fitecma.jpg\" \/>\n\t<meta property=\"og:image:width\" content=\"1400\" \/>\n\t<meta property=\"og:image:height\" content=\"630\" \/>\n\t<meta property=\"og:image:type\" content=\"image\/jpeg\" \/>\n<meta name=\"author\" content=\"Maderamen\" \/>\n<meta name=\"twitter:card\" content=\"summary_large_image\" \/>\n<meta name=\"twitter:creator\" content=\"@DesarrolloFores\" \/>\n<meta name=\"twitter:site\" content=\"@DesarrolloFores\" \/>\n<meta name=\"twitter:label1\" content=\"Escrito por\" \/>\n\t<meta name=\"twitter:data1\" content=\"Maderamen\" \/>\n\t<meta name=\"twitter:label2\" content=\"Tiempo de lectura\" \/>\n\t<meta name=\"twitter:data2\" content=\"8 minutos\" \/>\n<script type=\"application\/ld+json\" class=\"yoast-schema-graph\">{\"@context\":\"https:\\\/\\\/schema.org\",\"@graph\":[{\"@type\":\"Article\",\"@id\":\"https:\\\/\\\/maderamen.com.ar\\\/dyf-muebles\\\/2025\\\/07\\\/28\\\/fitecma-2025-proveedores-del-sector-muebles\\\/#article\",\"isPartOf\":{\"@id\":\"https:\\\/\\\/maderamen.com.ar\\\/dyf-muebles\\\/2025\\\/07\\\/28\\\/fitecma-2025-proveedores-del-sector-muebles\\\/\"},\"author\":{\"name\":\"Maderamen\",\"@id\":\"https:\\\/\\\/maderamen.com.ar\\\/dyf-muebles\\\/#\\\/schema\\\/person\\\/c05f216a5663a04adfc7d62d87295459\"},\"headline\":\"FITECMA 2025: Proveedores del sector muebles en la feria\",\"datePublished\":\"2025-07-28T07:10:09+00:00\",\"mainEntityOfPage\":{\"@id\":\"https:\\\/\\\/maderamen.com.ar\\\/dyf-muebles\\\/2025\\\/07\\\/28\\\/fitecma-2025-proveedores-del-sector-muebles\\\/\"},\"wordCount\":1614,\"commentCount\":0,\"publisher\":{\"@id\":\"https:\\\/\\\/maderamen.com.ar\\\/dyf-muebles\\\/#organization\"},\"image\":{\"@id\":\"https:\\\/\\\/maderamen.com.ar\\\/dyf-muebles\\\/2025\\\/07\\\/28\\\/fitecma-2025-proveedores-del-sector-muebles\\\/#primaryimage\"},\"thumbnailUrl\":\"https:\\\/\\\/maderamen.com.ar\\\/dyf-muebles\\\/wp-content\\\/uploads\\\/sites\\\/4\\\/2025\\\/07\\\/gral-fitecma.jpg\",\"articleSection\":[\"Ferias y Congresos\",\"Principal\"],\"inLanguage\":\"es\",\"potentialAction\":[{\"@type\":\"CommentAction\",\"name\":\"Comment\",\"target\":[\"https:\\\/\\\/maderamen.com.ar\\\/dyf-muebles\\\/2025\\\/07\\\/28\\\/fitecma-2025-proveedores-del-sector-muebles\\\/#respond\"]}]},{\"@type\":\"WebPage\",\"@id\":\"https:\\\/\\\/maderamen.com.ar\\\/dyf-muebles\\\/2025\\\/07\\\/28\\\/fitecma-2025-proveedores-del-sector-muebles\\\/\",\"url\":\"https:\\\/\\\/maderamen.com.ar\\\/dyf-muebles\\\/2025\\\/07\\\/28\\\/fitecma-2025-proveedores-del-sector-muebles\\\/\",\"name\":\"FITECMA 2025: Proveedores del sector muebles en la feria\",\"isPartOf\":{\"@id\":\"https:\\\/\\\/maderamen.com.ar\\\/dyf-muebles\\\/#website\"},\"primaryImageOfPage\":{\"@id\":\"https:\\\/\\\/maderamen.com.ar\\\/dyf-muebles\\\/2025\\\/07\\\/28\\\/fitecma-2025-proveedores-del-sector-muebles\\\/#primaryimage\"},\"image\":{\"@id\":\"https:\\\/\\\/maderamen.com.ar\\\/dyf-muebles\\\/2025\\\/07\\\/28\\\/fitecma-2025-proveedores-del-sector-muebles\\\/#primaryimage\"},\"thumbnailUrl\":\"https:\\\/\\\/maderamen.com.ar\\\/dyf-muebles\\\/wp-content\\\/uploads\\\/sites\\\/4\\\/2025\\\/07\\\/gral-fitecma.jpg\",\"datePublished\":\"2025-07-28T07:10:09+00:00\",\"description\":\"FITECMA 2025 Proveedores: Con 250 expositores y 1.500 marcas en exhibici\u00f3n, FITECMA 2025 tuvo la presencia de 30.000 visitantes especializados.\",\"breadcrumb\":{\"@id\":\"https:\\\/\\\/maderamen.com.ar\\\/dyf-muebles\\\/2025\\\/07\\\/28\\\/fitecma-2025-proveedores-del-sector-muebles\\\/#breadcrumb\"},\"inLanguage\":\"es\",\"potentialAction\":[{\"@type\":\"ReadAction\",\"target\":[\"https:\\\/\\\/maderamen.com.ar\\\/dyf-muebles\\\/2025\\\/07\\\/28\\\/fitecma-2025-proveedores-del-sector-muebles\\\/\"]}]},{\"@type\":\"ImageObject\",\"inLanguage\":\"es\",\"@id\":\"https:\\\/\\\/maderamen.com.ar\\\/dyf-muebles\\\/2025\\\/07\\\/28\\\/fitecma-2025-proveedores-del-sector-muebles\\\/#primaryimage\",\"url\":\"https:\\\/\\\/maderamen.com.ar\\\/dyf-muebles\\\/wp-content\\\/uploads\\\/sites\\\/4\\\/2025\\\/07\\\/gral-fitecma.jpg\",\"contentUrl\":\"https:\\\/\\\/maderamen.com.ar\\\/dyf-muebles\\\/wp-content\\\/uploads\\\/sites\\\/4\\\/2025\\\/07\\\/gral-fitecma.jpg\",\"width\":1400,\"height\":630,\"caption\":\"FITECMA 2025 Proveedores\"},{\"@type\":\"BreadcrumbList\",\"@id\":\"https:\\\/\\\/maderamen.com.ar\\\/dyf-muebles\\\/2025\\\/07\\\/28\\\/fitecma-2025-proveedores-del-sector-muebles\\\/#breadcrumb\",\"itemListElement\":[{\"@type\":\"ListItem\",\"position\":1,\"name\":\"Portada\",\"item\":\"https:\\\/\\\/maderamen.com.ar\\\/dyf-muebles\\\/\"},{\"@type\":\"ListItem\",\"position\":2,\"name\":\"FITECMA 2025: Proveedores del sector muebles en la feria\"}]},{\"@type\":\"WebSite\",\"@id\":\"https:\\\/\\\/maderamen.com.ar\\\/dyf-muebles\\\/#website\",\"url\":\"https:\\\/\\\/maderamen.com.ar\\\/dyf-muebles\\\/\",\"name\":\"D&F Muebles\",\"description\":\"Noticias sobre Dise\u00f1o y Fabricaci\u00f3n de muebles en madera\",\"publisher\":{\"@id\":\"https:\\\/\\\/maderamen.com.ar\\\/dyf-muebles\\\/#organization\"},\"potentialAction\":[{\"@type\":\"SearchAction\",\"target\":{\"@type\":\"EntryPoint\",\"urlTemplate\":\"https:\\\/\\\/maderamen.com.ar\\\/dyf-muebles\\\/?s={search_term_string}\"},\"query-input\":{\"@type\":\"PropertyValueSpecification\",\"valueRequired\":true,\"valueName\":\"search_term_string\"}}],\"inLanguage\":\"es\"},{\"@type\":\"Organization\",\"@id\":\"https:\\\/\\\/maderamen.com.ar\\\/dyf-muebles\\\/#organization\",\"name\":\"Maderamen\",\"url\":\"https:\\\/\\\/maderamen.com.ar\\\/dyf-muebles\\\/\",\"logo\":{\"@type\":\"ImageObject\",\"inLanguage\":\"es\",\"@id\":\"https:\\\/\\\/maderamen.com.ar\\\/dyf-muebles\\\/#\\\/schema\\\/logo\\\/image\\\/\",\"url\":\"https:\\\/\\\/maderamen.com.ar\\\/dyf-muebles\\\/wp-content\\\/uploads\\\/sites\\\/4\\\/2017\\\/09\\\/logo-maderamen-s.png\",\"contentUrl\":\"https:\\\/\\\/maderamen.com.ar\\\/dyf-muebles\\\/wp-content\\\/uploads\\\/sites\\\/4\\\/2017\\\/09\\\/logo-maderamen-s.png\",\"width\":250,\"height\":246,\"caption\":\"Maderamen\"},\"image\":{\"@id\":\"https:\\\/\\\/maderamen.com.ar\\\/dyf-muebles\\\/#\\\/schema\\\/logo\\\/image\\\/\"},\"sameAs\":[\"https:\\\/\\\/www.facebook.com\\\/Maderamen.Argentina\\\/\",\"https:\\\/\\\/x.com\\\/DesarrolloFores\",\"https:\\\/\\\/www.youtube.com\\\/channel\\\/UCeYU2-_JRTYYpgHoyhTT2Fg\",\"https:\\\/\\\/www.instagram.com\\\/maderamen.ok\\\/\",\"https:\\\/\\\/www.linkedin.com\\\/company\\\/maderameneditorial\\\/\"]},{\"@type\":\"Person\",\"@id\":\"https:\\\/\\\/maderamen.com.ar\\\/dyf-muebles\\\/#\\\/schema\\\/person\\\/c05f216a5663a04adfc7d62d87295459\",\"name\":\"Maderamen\",\"image\":{\"@type\":\"ImageObject\",\"inLanguage\":\"es\",\"@id\":\"https:\\\/\\\/secure.gravatar.com\\\/avatar\\\/6ff28763266ad14d7e42092eb3998ef25a67b8fd98e7000d6029e8a2e785dc10?s=96&d=mm&r=g\",\"url\":\"https:\\\/\\\/secure.gravatar.com\\\/avatar\\\/6ff28763266ad14d7e42092eb3998ef25a67b8fd98e7000d6029e8a2e785dc10?s=96&d=mm&r=g\",\"contentUrl\":\"https:\\\/\\\/secure.gravatar.com\\\/avatar\\\/6ff28763266ad14d7e42092eb3998ef25a67b8fd98e7000d6029e8a2e785dc10?s=96&d=mm&r=g\",\"caption\":\"Maderamen\"},\"url\":\"https:\\\/\\\/maderamen.com.ar\\\/dyf-muebles\\\/author\\\/maderamenadmin\\\/\"}]}<\/script>\n<!-- \/ Yoast SEO plugin. -->","yoast_head_json":{"title":"FITECMA 2025: Proveedores del sector muebles en la feria","description":"FITECMA 2025 Proveedores: Con 250 expositores y 1.500 marcas en exhibici\u00f3n, FITECMA 2025 tuvo la presencia de 30.000 visitantes especializados.","robots":{"index":"index","follow":"follow","max-snippet":"max-snippet:-1","max-image-preview":"max-image-preview:large","max-video-preview":"max-video-preview:-1"},"canonical":"https:\/\/maderamen.com.ar\/dyf-muebles\/2025\/07\/28\/fitecma-2025-proveedores-del-sector-muebles\/","og_locale":"es_ES","og_type":"article","og_title":"FITECMA 2025: Proveedores del sector muebles en la feria","og_description":"FITECMA 2025 Proveedores: Con 250 expositores y 1.500 marcas en exhibici\u00f3n, FITECMA 2025 tuvo la presencia de 30.000 visitantes especializados.","og_url":"https:\/\/maderamen.com.ar\/dyf-muebles\/2025\/07\/28\/fitecma-2025-proveedores-del-sector-muebles\/","og_site_name":"D&amp;F Muebles","article_publisher":"https:\/\/www.facebook.com\/Maderamen.Argentina\/","article_published_time":"2025-07-28T07:10:09+00:00","og_image":[{"width":1400,"height":630,"url":"https:\/\/maderamen.com.ar\/dyf-muebles\/wp-content\/uploads\/sites\/4\/2025\/07\/gral-fitecma.jpg","type":"image\/jpeg"}],"author":"Maderamen","twitter_card":"summary_large_image","twitter_creator":"@DesarrolloFores","twitter_site":"@DesarrolloFores","twitter_misc":{"Escrito por":"Maderamen","Tiempo de lectura":"8 minutos"},"schema":{"@context":"https:\/\/schema.org","@graph":[{"@type":"Article","@id":"https:\/\/maderamen.com.ar\/dyf-muebles\/2025\/07\/28\/fitecma-2025-proveedores-del-sector-muebles\/#article","isPartOf":{"@id":"https:\/\/maderamen.com.ar\/dyf-muebles\/2025\/07\/28\/fitecma-2025-proveedores-del-sector-muebles\/"},"author":{"name":"Maderamen","@id":"https:\/\/maderamen.com.ar\/dyf-muebles\/#\/schema\/person\/c05f216a5663a04adfc7d62d87295459"},"headline":"FITECMA 2025: Proveedores del sector muebles en la feria","datePublished":"2025-07-28T07:10:09+00:00","mainEntityOfPage":{"@id":"https:\/\/maderamen.com.ar\/dyf-muebles\/2025\/07\/28\/fitecma-2025-proveedores-del-sector-muebles\/"},"wordCount":1614,"commentCount":0,"publisher":{"@id":"https:\/\/maderamen.com.ar\/dyf-muebles\/#organization"},"image":{"@id":"https:\/\/maderamen.com.ar\/dyf-muebles\/2025\/07\/28\/fitecma-2025-proveedores-del-sector-muebles\/#primaryimage"},"thumbnailUrl":"https:\/\/maderamen.com.ar\/dyf-muebles\/wp-content\/uploads\/sites\/4\/2025\/07\/gral-fitecma.jpg","articleSection":["Ferias y Congresos","Principal"],"inLanguage":"es","potentialAction":[{"@type":"CommentAction","name":"Comment","target":["https:\/\/maderamen.com.ar\/dyf-muebles\/2025\/07\/28\/fitecma-2025-proveedores-del-sector-muebles\/#respond"]}]},{"@type":"WebPage","@id":"https:\/\/maderamen.com.ar\/dyf-muebles\/2025\/07\/28\/fitecma-2025-proveedores-del-sector-muebles\/","url":"https:\/\/maderamen.com.ar\/dyf-muebles\/2025\/07\/28\/fitecma-2025-proveedores-del-sector-muebles\/","name":"FITECMA 2025: Proveedores del sector muebles en la feria","isPartOf":{"@id":"https:\/\/maderamen.com.ar\/dyf-muebles\/#website"},"primaryImageOfPage":{"@id":"https:\/\/maderamen.com.ar\/dyf-muebles\/2025\/07\/28\/fitecma-2025-proveedores-del-sector-muebles\/#primaryimage"},"image":{"@id":"https:\/\/maderamen.com.ar\/dyf-muebles\/2025\/07\/28\/fitecma-2025-proveedores-del-sector-muebles\/#primaryimage"},"thumbnailUrl":"https:\/\/maderamen.com.ar\/dyf-muebles\/wp-content\/uploads\/sites\/4\/2025\/07\/gral-fitecma.jpg","datePublished":"2025-07-28T07:10:09+00:00","description":"FITECMA 2025 Proveedores: Con 250 expositores y 1.500 marcas en exhibici\u00f3n, FITECMA 2025 tuvo la presencia de 30.000 visitantes especializados.","breadcrumb":{"@id":"https:\/\/maderamen.com.ar\/dyf-muebles\/2025\/07\/28\/fitecma-2025-proveedores-del-sector-muebles\/#breadcrumb"},"inLanguage":"es","potentialAction":[{"@type":"ReadAction","target":["https:\/\/maderamen.com.ar\/dyf-muebles\/2025\/07\/28\/fitecma-2025-proveedores-del-sector-muebles\/"]}]},{"@type":"ImageObject","inLanguage":"es","@id":"https:\/\/maderamen.com.ar\/dyf-muebles\/2025\/07\/28\/fitecma-2025-proveedores-del-sector-muebles\/#primaryimage","url":"https:\/\/maderamen.com.ar\/dyf-muebles\/wp-content\/uploads\/sites\/4\/2025\/07\/gral-fitecma.jpg","contentUrl":"https:\/\/maderamen.com.ar\/dyf-muebles\/wp-content\/uploads\/sites\/4\/2025\/07\/gral-fitecma.jpg","width":1400,"height":630,"caption":"FITECMA 2025 Proveedores"},{"@type":"BreadcrumbList","@id":"https:\/\/maderamen.com.ar\/dyf-muebles\/2025\/07\/28\/fitecma-2025-proveedores-del-sector-muebles\/#breadcrumb","itemListElement":[{"@type":"ListItem","position":1,"name":"Portada","item":"https:\/\/maderamen.com.ar\/dyf-muebles\/"},{"@type":"ListItem","position":2,"name":"FITECMA 2025: Proveedores del sector muebles en la feria"}]},{"@type":"WebSite","@id":"https:\/\/maderamen.com.ar\/dyf-muebles\/#website","url":"https:\/\/maderamen.com.ar\/dyf-muebles\/","name":"D&F Muebles","description":"Noticias sobre Dise\u00f1o y Fabricaci\u00f3n de muebles en madera","publisher":{"@id":"https:\/\/maderamen.com.ar\/dyf-muebles\/#organization"},"potentialAction":[{"@type":"SearchAction","target":{"@type":"EntryPoint","urlTemplate":"https:\/\/maderamen.com.ar\/dyf-muebles\/?s={search_term_string}"},"query-input":{"@type":"PropertyValueSpecification","valueRequired":true,"valueName":"search_term_string"}}],"inLanguage":"es"},{"@type":"Organization","@id":"https:\/\/maderamen.com.ar\/dyf-muebles\/#organization","name":"Maderamen","url":"https:\/\/maderamen.com.ar\/dyf-muebles\/","logo":{"@type":"ImageObject","inLanguage":"es","@id":"https:\/\/maderamen.com.ar\/dyf-muebles\/#\/schema\/logo\/image\/","url":"https:\/\/maderamen.com.ar\/dyf-muebles\/wp-content\/uploads\/sites\/4\/2017\/09\/logo-maderamen-s.png","contentUrl":"https:\/\/maderamen.com.ar\/dyf-muebles\/wp-content\/uploads\/sites\/4\/2017\/09\/logo-maderamen-s.png","width":250,"height":246,"caption":"Maderamen"},"image":{"@id":"https:\/\/maderamen.com.ar\/dyf-muebles\/#\/schema\/logo\/image\/"},"sameAs":["https:\/\/www.facebook.com\/Maderamen.Argentina\/","https:\/\/x.com\/DesarrolloFores","https:\/\/www.youtube.com\/channel\/UCeYU2-_JRTYYpgHoyhTT2Fg","https:\/\/www.instagram.com\/maderamen.ok\/","https:\/\/www.linkedin.com\/company\/maderameneditorial\/"]},{"@type":"Person","@id":"https:\/\/maderamen.com.ar\/dyf-muebles\/#\/schema\/person\/c05f216a5663a04adfc7d62d87295459","name":"Maderamen","image":{"@type":"ImageObject","inLanguage":"es","@id":"https:\/\/secure.gravatar.com\/avatar\/6ff28763266ad14d7e42092eb3998ef25a67b8fd98e7000d6029e8a2e785dc10?s=96&d=mm&r=g","url":"https:\/\/secure.gravatar.com\/avatar\/6ff28763266ad14d7e42092eb3998ef25a67b8fd98e7000d6029e8a2e785dc10?s=96&d=mm&r=g","contentUrl":"https:\/\/secure.gravatar.com\/avatar\/6ff28763266ad14d7e42092eb3998ef25a67b8fd98e7000d6029e8a2e785dc10?s=96&d=mm&r=g","caption":"Maderamen"},"url":"https:\/\/maderamen.com.ar\/dyf-muebles\/author\/maderamenadmin\/"}]}},"_links":{"self":[{"href":"https:\/\/maderamen.com.ar\/dyf-muebles\/wp-json\/wp\/v2\/posts\/15931","targetHints":{"allow":["GET"]}}],"collection":[{"href":"https:\/\/maderamen.com.ar\/dyf-muebles\/wp-json\/wp\/v2\/posts"}],"about":[{"href":"https:\/\/maderamen.com.ar\/dyf-muebles\/wp-json\/wp\/v2\/types\/post"}],"author":[{"embeddable":true,"href":"https:\/\/maderamen.com.ar\/dyf-muebles\/wp-json\/wp\/v2\/users\/6"}],"replies":[{"embeddable":true,"href":"https:\/\/maderamen.com.ar\/dyf-muebles\/wp-json\/wp\/v2\/comments?post=15931"}],"version-history":[{"count":0,"href":"https:\/\/maderamen.com.ar\/dyf-muebles\/wp-json\/wp\/v2\/posts\/15931\/revisions"}],"wp:featuredmedia":[{"embeddable":true,"href":"https:\/\/maderamen.com.ar\/dyf-muebles\/wp-json\/wp\/v2\/media\/15932"}],"wp:attachment":[{"href":"https:\/\/maderamen.com.ar\/dyf-muebles\/wp-json\/wp\/v2\/media?parent=15931"}],"wp:term":[{"taxonomy":"category","embeddable":true,"href":"https:\/\/maderamen.com.ar\/dyf-muebles\/wp-json\/wp\/v2\/categories?post=15931"},{"taxonomy":"post_tag","embeddable":true,"href":"https:\/\/maderamen.com.ar\/dyf-muebles\/wp-json\/wp\/v2\/tags?post=15931"}],"curies":[{"name":"wp","href":"https:\/\/api.w.org\/{rel}","templated":true}]}}