{"id":15889,"date":"2025-07-08T18:03:05","date_gmt":"2025-07-08T21:03:05","guid":{"rendered":"https:\/\/maderamen.com.ar\/dyf-muebles\/?p=15889"},"modified":"2025-07-08T18:03:36","modified_gmt":"2025-07-08T21:03:36","slug":"arn-el-diseno-no-es-un-gasto-es-una-inversion-estrategica","status":"publish","type":"post","link":"https:\/\/maderamen.com.ar\/dyf-muebles\/2025\/07\/08\/arn-el-diseno-no-es-un-gasto-es-una-inversion-estrategica\/","title":{"rendered":"Arn &amp; Salum: \u00abEl dise\u00f1o no es un gasto: es una inversi\u00f3n estrat\u00e9gica\u00bb"},"content":{"rendered":"\n<p><strong>Elisabet Arn afirm\u00f3 que \u00abel dise\u00f1o no es un gasto: es una inversi\u00f3n estrat\u00e9gica\u00bb, en entrevista exclusiva con D&amp;F Muebles. La dise\u00f1adora y comparte su visi\u00f3n sobre c\u00f3mo las empresas pueden crecer a\u00fan en contextos adversos.<\/strong><\/p>\n\n\n\n<p>En el marco de la feria<a href=\"https:\/\/maderamen.com.ar\/dyf-muebles\/2024\/09\/13\/diseno-en-fimar-2024-opinan-fabricantes\/\" target=\"_blank\" rel=\"noreferrer noopener\" aria-label=\" FIMAR (abre en una nueva pesta\u00f1a)\"> FIMAR<\/a> 2025, D&amp;F Muebles dialog\u00f3 en profundidad con la destacada dise\u00f1adora Elisabet Arn, cofundadora junto al arquitecto Daniel Salum del estudio Arn&amp;Salum. <\/p>\n\n\n\n<p>Reconocida por su\nenfoque estrat\u00e9gico y su compromiso con el crecimiento del dise\u00f1o argentino,\nArn comparti\u00f3 su mirada sobre el presente del sector del mueble, las\noportunidades de diferenciaci\u00f3n y el rol clave que juega el dise\u00f1o en contextos\ncomplejos.<strong><\/strong><\/p>\n\n\n\n<p>M\u00e1s all\u00e1 del an\u00e1lisis de la feria, la\nconversaci\u00f3n gir\u00f3 en torno al rol clave que puede (y debe) ocupar el dise\u00f1o en\nla transformaci\u00f3n de las empresas argentinas, sobre todo las PyMEs, y en la\nnecesidad de pensar a largo plazo en un sector que ha sido hist\u00f3ricamente\ngolpeado por la inestabilidad y las reglas de juego cambiantes.<\/p>\n\n\n\n<h4 class=\"wp-block-heading\">FIMAR 2025: se\u00f1ales\nentre la austeridad y la reinvenci\u00f3n<\/h4>\n\n\n\n<p>&#8211; Este a\u00f1o la feria estuvo visiblemente\nm\u00e1s austera. Se not\u00f3 una reducci\u00f3n en la cantidad de expositores y espacios\nrespecto a otras ediciones. Aun as\u00ed, valoro mucho el esfuerzo que hicieron las\nempresas para estar presentes. <\/p>\n\n\n\n<p>En general, la industria del mueble\nest\u00e1 atravesando un momento complejo. Salvo algunos fabricantes de alta gama,\nla mayor\u00eda est\u00e1 luchando por adaptarse, tratando de entender c\u00f3mo seguir\noperando en esta nueva etapa \u2014explica Arn.<\/p>\n\n\n\n<p>A pesar de este panorama, la dise\u00f1adora\ndestaca propuestas que llamaron su atenci\u00f3n por su apuesta al valor agregado,\nla innovaci\u00f3n y la identidad.<\/p>\n\n\n\n<p>&#8211; Una de las perlitas fue Araucaria,\nuna empresa misionera que comenz\u00f3 como maderera y hoy fabrica muebles con\ndise\u00f1o y calidad notable. <\/p>\n\n\n\n<p>Ya tienen un local en Brasil y compiten\ncon marcas grandes, lo que los oblig\u00f3 a profesionalizar todos los aspectos del\nproducto: materiales, terminaciones, concepto est\u00e9tico, esa decisi\u00f3n de ir por\nm\u00e1s, se nota.<\/p>\n\n\n\n<p>Otra de las menciones fue para Dimadera SRL, especializada en sillas, que present\u00f3 un stand cuidado con productos de dise\u00f1o original.<\/p>\n\n\n\n<div class=\"wp-block-image\"><figure class=\"alignleft is-resized\"><img loading=\"lazy\" decoding=\"async\" src=\"https:\/\/maderamen.com.ar\/dyf-muebles\/wp-content\/uploads\/sites\/4\/2025\/07\/eli3-amalgama08-07-25.jpg\" alt=\"Amalgama fimar 2025\" class=\"wp-image-15892\" width=\"290\" height=\"398\" \/><figcaption>Stand de Amalgama en FIMAR 2025.<\/figcaption><\/figure><\/div>\n\n\n\n<p>&#8211; Es muy valioso ver empresas que\napuestan por el dise\u00f1o. Tambi\u00e9n me gust\u00f3 mucho el trabajo de Amalgama Dise\u00f1o,\nun emprendimiento de dos arquitectas que reutilizan madera descartada de obras\npara crear piezas artesanales. <\/p>\n\n\n\n<p>Lo suyo no es s\u00f3lo sustentable, sino\nque transmite una est\u00e9tica muy fuerte, con car\u00e1cter. Son productos que\ntranquilamente podr\u00edan estar en tiendas de autor.<\/p>\n\n\n\n<p>En la misma l\u00ednea, Arn menciona a Bordigoni, de Carlos Pellegrini (Santa Fe), una empresa familiar que renov\u00f3 completamente el estilo de sus sillas sin haber contratado dise\u00f1adores.<\/p>\n\n\n\n<figure class=\"wp-block-image\"><img loading=\"lazy\" decoding=\"async\" width=\"1400\" height=\"909\" src=\"https:\/\/maderamen.com.ar\/dyf-muebles\/wp-content\/uploads\/sites\/4\/2025\/07\/eli2-bordigoni08-07-25.jpg\" alt=\"Arn dise\u00f1o no gasto\" class=\"wp-image-15891\" \/><figcaption>Bordigoni tambi\u00e9n particip\u00f3 de FIMAR 2025. <\/figcaption><\/figure>\n\n\n\n<p>Y a San Jos\u00e9 Muebles, de Devoto\n(C\u00f3rdoba), que mostr\u00f3 una l\u00ednea de mesas y sillas en guatamb\u00fa de muy buena\nfactura, con excelentes resultados de ventas durante la feria.<\/p>\n\n\n\n<h4 class=\"wp-block-heading\">Dise\u00f1o como motor de\ncompetitividad<\/h4>\n\n\n\n<p>La conversaci\u00f3n se vuelve m\u00e1s amplia y\nprofunda cuando el tema gira hacia los desaf\u00edos estructurales del sector. <\/p>\n\n\n\n<p>Arn es clara: el dise\u00f1o es un factor\nque puede marcar la diferencia incluso \u2014y sobre todo\u2014 en tiempos dif\u00edciles.<\/p>\n\n\n\n<p>\u201cLas ferias, incluso en crisis, siguen\nsiendo momentos clave para visibilizar productos y actualizar los cat\u00e1logos de\nlos locales. Pero si todos ofrecen lo mismo, termina siendo una batalla de\nprecios. <\/p>\n\n\n\n<p>Lo que falta hoy en el mercado son productos\noriginales. Eso es lo que me repiten los due\u00f1os de locales y showrooms. La\ngente busca algo diferente\u201d.<\/p>\n\n\n\n<p>Desde su estudio, Arn trabaja junto a\nempresas de todo el pa\u00eds mediante un enfoque que denomina \u201cdise\u00f1o estrat\u00e9gico\u201d,\nque va mucho m\u00e1s all\u00e1 de lo est\u00e9tico<\/p>\n\n\n\n<p>\u201cNos tomamos al menos un mes para\ntrabajar en profundidad con cada cliente. Hacemos reuniones semanales para\nconocer a fondo la empresa: su historia, sus recursos, su visi\u00f3n. <\/p>\n\n\n\n<p>\u201cEn base a eso, construimos una hoja de\nruta de dise\u00f1o alineada con lo que es y lo que quiere ser. Sugerimos qu\u00e9\nproductos desarrollar, con qu\u00e9 componentes, para qu\u00e9 mercado, con qu\u00e9\nfrecuencia. <\/p>\n\n\n\n<p>\u201cEso permite que cada colecci\u00f3n nueva\nconstruya sobre la anterior. El dise\u00f1o se convierte en una herramienta de\nplanificaci\u00f3n comercial, no solo creativa\u201d.<\/p>\n\n\n\n<p>Para Arn este enfoque permite que las\nempresas desarrollen una identidad propia y sostenida en el tiempo<\/p>\n\n\n\n<p>Es lo que hacen las agencias de\nbranding con las marcas. Nosotros lo aplicamos al producto. Cuando una empresa\ntiene dise\u00f1o propio, no necesita competir \u00fanicamente por precio, puede\nposicionarse por valor.<\/p>\n\n\n\n<h4 class=\"wp-block-heading\">La amenaza de las\nimportaciones y la oportunidad del dise\u00f1o<\/h4>\n\n\n\n<p>La incertidumbre en torno a las\nimportaciones vuelve a instalarse en el sector, como ocurri\u00f3 a comienzos de los\n2000, muchas empresas temen por la llegada de muebles a precios bajos, a veces\nimposibles de igualar.<\/p>\n\n\n\n<p>&#8211; Lo escucho todos los d\u00edas. Hay miedo\na la competencia desleal, al dumping. Pero tambi\u00e9n hay una gran confusi\u00f3n. <\/p>\n\n\n\n<p>Lo que est\u00e1 ingresando de Brasil hoy no\nes s\u00f3lo el mueble econ\u00f3mico, de hace 20 a\u00f1os. Es mueble de calidad, bien\ndise\u00f1ado, que compite y le gana a lo mejor de nuestra producci\u00f3n. Brasil\nevolucion\u00f3 much\u00edsimo.<\/p>\n\n\n\n<p>Arn conoce de primera mano el\necosistema de dise\u00f1o brasile\u00f1o.<\/p>\n\n\n\n<p>\u201cAll\u00e1 cada empresa trabaja con\ndise\u00f1adores de forma permanente. Hay pol\u00edticas p\u00fablicas que promueven la\ninnovaci\u00f3n, la participaci\u00f3n en ferias internacionales, la exportaci\u00f3n. Las\nPyMEs son parte de una cadena de valor que incorpora dise\u00f1o de manera natural\u201d.<\/p>\n\n\n\n<h4 class=\"wp-block-heading\">Cerrar la brecha\nentre lo posible y lo necesario<\/h4>\n\n\n\n<p>A pesar de los obst\u00e1culos, Arn se\nmuestra convencida de que hay un camino posible para las empresas argentinas.\nPero requiere decisi\u00f3n.<\/p>\n\n\n\n<p>\u201cHay que cambiar el chip. El dise\u00f1o no\nes caro. Es caro para el que lo ve como un gasto. Si lo entend\u00e9s como\ninversi\u00f3n, te ayuda a posicionarte, a atraer nuevos p\u00fablicos, a exportar, a\nvender mejor. Las empresas que apuestan a eso son las que tienen futuro\u201d.<\/p>\n\n\n\n<p>Y cierra con una reflexi\u00f3n que resume su mirada: <\/p>\n\n\n\n<p>&#8211; No importa el tama\u00f1o de la empresa. Lo que importa es la visi\u00f3n. Las PyMEs que se animen a profesionalizarse y a construir identidad van a ser las que se destaquen, incluso en los contextos m\u00e1s complejos. El dise\u00f1o no es un lujo: es una estrategia de crecimiento sustentable. <\/p>\n","protected":false},"excerpt":{"rendered":"<p>Elisabet Arn afirm\u00f3 que \u00abel dise\u00f1o no es un gasto: es una inversi\u00f3n estrat\u00e9gica\u00bb, en entrevista exclusiva con D&amp;F Muebles. La dise\u00f1adora y comparte su visi\u00f3n sobre c\u00f3mo las empresas pueden crecer a\u00fan en contextos adversos. En el marco de la feria FIMAR 2025, D&amp;F Muebles dialog\u00f3 en profundidad con la destacada dise\u00f1adora Elisabet Arn, [&hellip;]<\/p>\n","protected":false},"author":6,"featured_media":15890,"comment_status":"open","ping_status":"open","sticky":false,"template":"","format":"standard","meta":{"footnotes":""},"categories":[16,43,23],"tags":[],"class_list":{"0":"post-15889","1":"post","2":"type-post","3":"status-publish","4":"format-standard","5":"has-post-thumbnail","7":"category-diseno-y-fabricacion","8":"category-entrevistas","9":"category-featured"},"yoast_head":"<!-- This site is optimized with the Yoast SEO plugin v27.4 - https:\/\/yoast.com\/product\/yoast-seo-wordpress\/ -->\n<title>Arn: &quot;El dise\u00f1o no es un gasto: es una inversi\u00f3n estrat\u00e9gica&quot;<\/title>\n<meta name=\"description\" content=\"Elisabet Arn afirm\u00f3 que &quot;el dise\u00f1o no es un gasto: es una inversi\u00f3n estrat\u00e9gica&quot;, en entrevista exclusiva con D&amp;F Muebles.\" \/>\n<meta name=\"robots\" content=\"index, follow, max-snippet:-1, max-image-preview:large, max-video-preview:-1\" \/>\n<link rel=\"canonical\" href=\"https:\/\/maderamen.com.ar\/dyf-muebles\/2025\/07\/08\/arn-el-diseno-no-es-un-gasto-es-una-inversion-estrategica\/\" \/>\n<meta property=\"og:locale\" content=\"es_ES\" \/>\n<meta property=\"og:type\" content=\"article\" \/>\n<meta property=\"og:title\" content=\"Arn: &quot;El dise\u00f1o no es un gasto: es una inversi\u00f3n estrat\u00e9gica&quot;\" \/>\n<meta property=\"og:description\" content=\"Elisabet Arn afirm\u00f3 que &quot;el dise\u00f1o no es un gasto: es una inversi\u00f3n estrat\u00e9gica&quot;, en entrevista exclusiva con D&amp;F Muebles.\" \/>\n<meta property=\"og:url\" content=\"https:\/\/maderamen.com.ar\/dyf-muebles\/2025\/07\/08\/arn-el-diseno-no-es-un-gasto-es-una-inversion-estrategica\/\" \/>\n<meta property=\"og:site_name\" content=\"D&amp;F Muebles\" \/>\n<meta property=\"article:publisher\" content=\"https:\/\/www.facebook.com\/Maderamen.Argentina\/\" \/>\n<meta property=\"article:published_time\" content=\"2025-07-08T21:03:05+00:00\" \/>\n<meta property=\"article:modified_time\" content=\"2025-07-08T21:03:36+00:00\" \/>\n<meta property=\"og:image\" content=\"https:\/\/maderamen.com.ar\/dyf-muebles\/wp-content\/uploads\/sites\/4\/2025\/07\/eli1-araucaria08-07-25.jpg\" \/>\n\t<meta property=\"og:image:width\" content=\"1400\" \/>\n\t<meta property=\"og:image:height\" content=\"700\" \/>\n\t<meta property=\"og:image:type\" content=\"image\/jpeg\" \/>\n<meta name=\"author\" content=\"Maderamen\" \/>\n<meta name=\"twitter:card\" content=\"summary_large_image\" \/>\n<meta name=\"twitter:creator\" content=\"@DesarrolloFores\" \/>\n<meta name=\"twitter:site\" content=\"@DesarrolloFores\" \/>\n<meta name=\"twitter:label1\" content=\"Escrito por\" \/>\n\t<meta name=\"twitter:data1\" content=\"Maderamen\" \/>\n\t<meta name=\"twitter:label2\" content=\"Tiempo de lectura\" \/>\n\t<meta name=\"twitter:data2\" content=\"6 minutos\" \/>\n<script type=\"application\/ld+json\" class=\"yoast-schema-graph\">{\"@context\":\"https:\\\/\\\/schema.org\",\"@graph\":[{\"@type\":\"Article\",\"@id\":\"https:\\\/\\\/maderamen.com.ar\\\/dyf-muebles\\\/2025\\\/07\\\/08\\\/arn-el-diseno-no-es-un-gasto-es-una-inversion-estrategica\\\/#article\",\"isPartOf\":{\"@id\":\"https:\\\/\\\/maderamen.com.ar\\\/dyf-muebles\\\/2025\\\/07\\\/08\\\/arn-el-diseno-no-es-un-gasto-es-una-inversion-estrategica\\\/\"},\"author\":{\"name\":\"Maderamen\",\"@id\":\"https:\\\/\\\/maderamen.com.ar\\\/dyf-muebles\\\/#\\\/schema\\\/person\\\/c05f216a5663a04adfc7d62d87295459\"},\"headline\":\"Arn &amp; Salum: \u00abEl dise\u00f1o no es un gasto: es una inversi\u00f3n estrat\u00e9gica\u00bb\",\"datePublished\":\"2025-07-08T21:03:05+00:00\",\"dateModified\":\"2025-07-08T21:03:36+00:00\",\"mainEntityOfPage\":{\"@id\":\"https:\\\/\\\/maderamen.com.ar\\\/dyf-muebles\\\/2025\\\/07\\\/08\\\/arn-el-diseno-no-es-un-gasto-es-una-inversion-estrategica\\\/\"},\"wordCount\":1138,\"commentCount\":0,\"publisher\":{\"@id\":\"https:\\\/\\\/maderamen.com.ar\\\/dyf-muebles\\\/#organization\"},\"image\":{\"@id\":\"https:\\\/\\\/maderamen.com.ar\\\/dyf-muebles\\\/2025\\\/07\\\/08\\\/arn-el-diseno-no-es-un-gasto-es-una-inversion-estrategica\\\/#primaryimage\"},\"thumbnailUrl\":\"https:\\\/\\\/maderamen.com.ar\\\/dyf-muebles\\\/wp-content\\\/uploads\\\/sites\\\/4\\\/2025\\\/07\\\/eli1-araucaria08-07-25.jpg\",\"articleSection\":[\"Dise\u00f1o\",\"Entrevistas\",\"Principal\"],\"inLanguage\":\"es\",\"potentialAction\":[{\"@type\":\"CommentAction\",\"name\":\"Comment\",\"target\":[\"https:\\\/\\\/maderamen.com.ar\\\/dyf-muebles\\\/2025\\\/07\\\/08\\\/arn-el-diseno-no-es-un-gasto-es-una-inversion-estrategica\\\/#respond\"]}]},{\"@type\":\"WebPage\",\"@id\":\"https:\\\/\\\/maderamen.com.ar\\\/dyf-muebles\\\/2025\\\/07\\\/08\\\/arn-el-diseno-no-es-un-gasto-es-una-inversion-estrategica\\\/\",\"url\":\"https:\\\/\\\/maderamen.com.ar\\\/dyf-muebles\\\/2025\\\/07\\\/08\\\/arn-el-diseno-no-es-un-gasto-es-una-inversion-estrategica\\\/\",\"name\":\"Arn: \\\"El dise\u00f1o no es un gasto: es una inversi\u00f3n estrat\u00e9gica\\\"\",\"isPartOf\":{\"@id\":\"https:\\\/\\\/maderamen.com.ar\\\/dyf-muebles\\\/#website\"},\"primaryImageOfPage\":{\"@id\":\"https:\\\/\\\/maderamen.com.ar\\\/dyf-muebles\\\/2025\\\/07\\\/08\\\/arn-el-diseno-no-es-un-gasto-es-una-inversion-estrategica\\\/#primaryimage\"},\"image\":{\"@id\":\"https:\\\/\\\/maderamen.com.ar\\\/dyf-muebles\\\/2025\\\/07\\\/08\\\/arn-el-diseno-no-es-un-gasto-es-una-inversion-estrategica\\\/#primaryimage\"},\"thumbnailUrl\":\"https:\\\/\\\/maderamen.com.ar\\\/dyf-muebles\\\/wp-content\\\/uploads\\\/sites\\\/4\\\/2025\\\/07\\\/eli1-araucaria08-07-25.jpg\",\"datePublished\":\"2025-07-08T21:03:05+00:00\",\"dateModified\":\"2025-07-08T21:03:36+00:00\",\"description\":\"Elisabet Arn afirm\u00f3 que \\\"el dise\u00f1o no es un gasto: es una inversi\u00f3n estrat\u00e9gica\\\", en entrevista exclusiva con D&F Muebles.\",\"breadcrumb\":{\"@id\":\"https:\\\/\\\/maderamen.com.ar\\\/dyf-muebles\\\/2025\\\/07\\\/08\\\/arn-el-diseno-no-es-un-gasto-es-una-inversion-estrategica\\\/#breadcrumb\"},\"inLanguage\":\"es\",\"potentialAction\":[{\"@type\":\"ReadAction\",\"target\":[\"https:\\\/\\\/maderamen.com.ar\\\/dyf-muebles\\\/2025\\\/07\\\/08\\\/arn-el-diseno-no-es-un-gasto-es-una-inversion-estrategica\\\/\"]}]},{\"@type\":\"ImageObject\",\"inLanguage\":\"es\",\"@id\":\"https:\\\/\\\/maderamen.com.ar\\\/dyf-muebles\\\/2025\\\/07\\\/08\\\/arn-el-diseno-no-es-un-gasto-es-una-inversion-estrategica\\\/#primaryimage\",\"url\":\"https:\\\/\\\/maderamen.com.ar\\\/dyf-muebles\\\/wp-content\\\/uploads\\\/sites\\\/4\\\/2025\\\/07\\\/eli1-araucaria08-07-25.jpg\",\"contentUrl\":\"https:\\\/\\\/maderamen.com.ar\\\/dyf-muebles\\\/wp-content\\\/uploads\\\/sites\\\/4\\\/2025\\\/07\\\/eli1-araucaria08-07-25.jpg\",\"width\":1400,\"height\":700,\"caption\":\"Stand de la empresa Araucaria en FIMAR 2025.\"},{\"@type\":\"BreadcrumbList\",\"@id\":\"https:\\\/\\\/maderamen.com.ar\\\/dyf-muebles\\\/2025\\\/07\\\/08\\\/arn-el-diseno-no-es-un-gasto-es-una-inversion-estrategica\\\/#breadcrumb\",\"itemListElement\":[{\"@type\":\"ListItem\",\"position\":1,\"name\":\"Portada\",\"item\":\"https:\\\/\\\/maderamen.com.ar\\\/dyf-muebles\\\/\"},{\"@type\":\"ListItem\",\"position\":2,\"name\":\"Arn &amp; Salum: \u00abEl dise\u00f1o no es un gasto: es una inversi\u00f3n estrat\u00e9gica\u00bb\"}]},{\"@type\":\"WebSite\",\"@id\":\"https:\\\/\\\/maderamen.com.ar\\\/dyf-muebles\\\/#website\",\"url\":\"https:\\\/\\\/maderamen.com.ar\\\/dyf-muebles\\\/\",\"name\":\"D&F Muebles\",\"description\":\"Noticias sobre Dise\u00f1o y Fabricaci\u00f3n de muebles en madera\",\"publisher\":{\"@id\":\"https:\\\/\\\/maderamen.com.ar\\\/dyf-muebles\\\/#organization\"},\"potentialAction\":[{\"@type\":\"SearchAction\",\"target\":{\"@type\":\"EntryPoint\",\"urlTemplate\":\"https:\\\/\\\/maderamen.com.ar\\\/dyf-muebles\\\/?s={search_term_string}\"},\"query-input\":{\"@type\":\"PropertyValueSpecification\",\"valueRequired\":true,\"valueName\":\"search_term_string\"}}],\"inLanguage\":\"es\"},{\"@type\":\"Organization\",\"@id\":\"https:\\\/\\\/maderamen.com.ar\\\/dyf-muebles\\\/#organization\",\"name\":\"Maderamen\",\"url\":\"https:\\\/\\\/maderamen.com.ar\\\/dyf-muebles\\\/\",\"logo\":{\"@type\":\"ImageObject\",\"inLanguage\":\"es\",\"@id\":\"https:\\\/\\\/maderamen.com.ar\\\/dyf-muebles\\\/#\\\/schema\\\/logo\\\/image\\\/\",\"url\":\"https:\\\/\\\/maderamen.com.ar\\\/dyf-muebles\\\/wp-content\\\/uploads\\\/sites\\\/4\\\/2017\\\/09\\\/logo-maderamen-s.png\",\"contentUrl\":\"https:\\\/\\\/maderamen.com.ar\\\/dyf-muebles\\\/wp-content\\\/uploads\\\/sites\\\/4\\\/2017\\\/09\\\/logo-maderamen-s.png\",\"width\":250,\"height\":246,\"caption\":\"Maderamen\"},\"image\":{\"@id\":\"https:\\\/\\\/maderamen.com.ar\\\/dyf-muebles\\\/#\\\/schema\\\/logo\\\/image\\\/\"},\"sameAs\":[\"https:\\\/\\\/www.facebook.com\\\/Maderamen.Argentina\\\/\",\"https:\\\/\\\/x.com\\\/DesarrolloFores\",\"https:\\\/\\\/www.youtube.com\\\/channel\\\/UCeYU2-_JRTYYpgHoyhTT2Fg\",\"https:\\\/\\\/www.instagram.com\\\/maderamen.ok\\\/\",\"https:\\\/\\\/www.linkedin.com\\\/company\\\/maderameneditorial\\\/\"]},{\"@type\":\"Person\",\"@id\":\"https:\\\/\\\/maderamen.com.ar\\\/dyf-muebles\\\/#\\\/schema\\\/person\\\/c05f216a5663a04adfc7d62d87295459\",\"name\":\"Maderamen\",\"image\":{\"@type\":\"ImageObject\",\"inLanguage\":\"es\",\"@id\":\"https:\\\/\\\/secure.gravatar.com\\\/avatar\\\/6ff28763266ad14d7e42092eb3998ef25a67b8fd98e7000d6029e8a2e785dc10?s=96&d=mm&r=g\",\"url\":\"https:\\\/\\\/secure.gravatar.com\\\/avatar\\\/6ff28763266ad14d7e42092eb3998ef25a67b8fd98e7000d6029e8a2e785dc10?s=96&d=mm&r=g\",\"contentUrl\":\"https:\\\/\\\/secure.gravatar.com\\\/avatar\\\/6ff28763266ad14d7e42092eb3998ef25a67b8fd98e7000d6029e8a2e785dc10?s=96&d=mm&r=g\",\"caption\":\"Maderamen\"},\"url\":\"https:\\\/\\\/maderamen.com.ar\\\/dyf-muebles\\\/author\\\/maderamenadmin\\\/\"}]}<\/script>\n<!-- \/ Yoast SEO plugin. -->","yoast_head_json":{"title":"Arn: \"El dise\u00f1o no es un gasto: es una inversi\u00f3n estrat\u00e9gica\"","description":"Elisabet Arn afirm\u00f3 que \"el dise\u00f1o no es un gasto: es una inversi\u00f3n estrat\u00e9gica\", en entrevista exclusiva con D&F Muebles.","robots":{"index":"index","follow":"follow","max-snippet":"max-snippet:-1","max-image-preview":"max-image-preview:large","max-video-preview":"max-video-preview:-1"},"canonical":"https:\/\/maderamen.com.ar\/dyf-muebles\/2025\/07\/08\/arn-el-diseno-no-es-un-gasto-es-una-inversion-estrategica\/","og_locale":"es_ES","og_type":"article","og_title":"Arn: \"El dise\u00f1o no es un gasto: es una inversi\u00f3n estrat\u00e9gica\"","og_description":"Elisabet Arn afirm\u00f3 que \"el dise\u00f1o no es un gasto: es una inversi\u00f3n estrat\u00e9gica\", en entrevista exclusiva con D&F Muebles.","og_url":"https:\/\/maderamen.com.ar\/dyf-muebles\/2025\/07\/08\/arn-el-diseno-no-es-un-gasto-es-una-inversion-estrategica\/","og_site_name":"D&amp;F Muebles","article_publisher":"https:\/\/www.facebook.com\/Maderamen.Argentina\/","article_published_time":"2025-07-08T21:03:05+00:00","article_modified_time":"2025-07-08T21:03:36+00:00","og_image":[{"width":1400,"height":700,"url":"https:\/\/maderamen.com.ar\/dyf-muebles\/wp-content\/uploads\/sites\/4\/2025\/07\/eli1-araucaria08-07-25.jpg","type":"image\/jpeg"}],"author":"Maderamen","twitter_card":"summary_large_image","twitter_creator":"@DesarrolloFores","twitter_site":"@DesarrolloFores","twitter_misc":{"Escrito por":"Maderamen","Tiempo de lectura":"6 minutos"},"schema":{"@context":"https:\/\/schema.org","@graph":[{"@type":"Article","@id":"https:\/\/maderamen.com.ar\/dyf-muebles\/2025\/07\/08\/arn-el-diseno-no-es-un-gasto-es-una-inversion-estrategica\/#article","isPartOf":{"@id":"https:\/\/maderamen.com.ar\/dyf-muebles\/2025\/07\/08\/arn-el-diseno-no-es-un-gasto-es-una-inversion-estrategica\/"},"author":{"name":"Maderamen","@id":"https:\/\/maderamen.com.ar\/dyf-muebles\/#\/schema\/person\/c05f216a5663a04adfc7d62d87295459"},"headline":"Arn &amp; Salum: \u00abEl dise\u00f1o no es un gasto: es una inversi\u00f3n estrat\u00e9gica\u00bb","datePublished":"2025-07-08T21:03:05+00:00","dateModified":"2025-07-08T21:03:36+00:00","mainEntityOfPage":{"@id":"https:\/\/maderamen.com.ar\/dyf-muebles\/2025\/07\/08\/arn-el-diseno-no-es-un-gasto-es-una-inversion-estrategica\/"},"wordCount":1138,"commentCount":0,"publisher":{"@id":"https:\/\/maderamen.com.ar\/dyf-muebles\/#organization"},"image":{"@id":"https:\/\/maderamen.com.ar\/dyf-muebles\/2025\/07\/08\/arn-el-diseno-no-es-un-gasto-es-una-inversion-estrategica\/#primaryimage"},"thumbnailUrl":"https:\/\/maderamen.com.ar\/dyf-muebles\/wp-content\/uploads\/sites\/4\/2025\/07\/eli1-araucaria08-07-25.jpg","articleSection":["Dise\u00f1o","Entrevistas","Principal"],"inLanguage":"es","potentialAction":[{"@type":"CommentAction","name":"Comment","target":["https:\/\/maderamen.com.ar\/dyf-muebles\/2025\/07\/08\/arn-el-diseno-no-es-un-gasto-es-una-inversion-estrategica\/#respond"]}]},{"@type":"WebPage","@id":"https:\/\/maderamen.com.ar\/dyf-muebles\/2025\/07\/08\/arn-el-diseno-no-es-un-gasto-es-una-inversion-estrategica\/","url":"https:\/\/maderamen.com.ar\/dyf-muebles\/2025\/07\/08\/arn-el-diseno-no-es-un-gasto-es-una-inversion-estrategica\/","name":"Arn: \"El dise\u00f1o no es un gasto: es una inversi\u00f3n estrat\u00e9gica\"","isPartOf":{"@id":"https:\/\/maderamen.com.ar\/dyf-muebles\/#website"},"primaryImageOfPage":{"@id":"https:\/\/maderamen.com.ar\/dyf-muebles\/2025\/07\/08\/arn-el-diseno-no-es-un-gasto-es-una-inversion-estrategica\/#primaryimage"},"image":{"@id":"https:\/\/maderamen.com.ar\/dyf-muebles\/2025\/07\/08\/arn-el-diseno-no-es-un-gasto-es-una-inversion-estrategica\/#primaryimage"},"thumbnailUrl":"https:\/\/maderamen.com.ar\/dyf-muebles\/wp-content\/uploads\/sites\/4\/2025\/07\/eli1-araucaria08-07-25.jpg","datePublished":"2025-07-08T21:03:05+00:00","dateModified":"2025-07-08T21:03:36+00:00","description":"Elisabet Arn afirm\u00f3 que \"el dise\u00f1o no es un gasto: es una inversi\u00f3n estrat\u00e9gica\", en entrevista exclusiva con D&F Muebles.","breadcrumb":{"@id":"https:\/\/maderamen.com.ar\/dyf-muebles\/2025\/07\/08\/arn-el-diseno-no-es-un-gasto-es-una-inversion-estrategica\/#breadcrumb"},"inLanguage":"es","potentialAction":[{"@type":"ReadAction","target":["https:\/\/maderamen.com.ar\/dyf-muebles\/2025\/07\/08\/arn-el-diseno-no-es-un-gasto-es-una-inversion-estrategica\/"]}]},{"@type":"ImageObject","inLanguage":"es","@id":"https:\/\/maderamen.com.ar\/dyf-muebles\/2025\/07\/08\/arn-el-diseno-no-es-un-gasto-es-una-inversion-estrategica\/#primaryimage","url":"https:\/\/maderamen.com.ar\/dyf-muebles\/wp-content\/uploads\/sites\/4\/2025\/07\/eli1-araucaria08-07-25.jpg","contentUrl":"https:\/\/maderamen.com.ar\/dyf-muebles\/wp-content\/uploads\/sites\/4\/2025\/07\/eli1-araucaria08-07-25.jpg","width":1400,"height":700,"caption":"Stand de la empresa Araucaria en FIMAR 2025."},{"@type":"BreadcrumbList","@id":"https:\/\/maderamen.com.ar\/dyf-muebles\/2025\/07\/08\/arn-el-diseno-no-es-un-gasto-es-una-inversion-estrategica\/#breadcrumb","itemListElement":[{"@type":"ListItem","position":1,"name":"Portada","item":"https:\/\/maderamen.com.ar\/dyf-muebles\/"},{"@type":"ListItem","position":2,"name":"Arn &amp; Salum: \u00abEl dise\u00f1o no es un gasto: es una inversi\u00f3n estrat\u00e9gica\u00bb"}]},{"@type":"WebSite","@id":"https:\/\/maderamen.com.ar\/dyf-muebles\/#website","url":"https:\/\/maderamen.com.ar\/dyf-muebles\/","name":"D&F Muebles","description":"Noticias sobre Dise\u00f1o y Fabricaci\u00f3n de muebles en madera","publisher":{"@id":"https:\/\/maderamen.com.ar\/dyf-muebles\/#organization"},"potentialAction":[{"@type":"SearchAction","target":{"@type":"EntryPoint","urlTemplate":"https:\/\/maderamen.com.ar\/dyf-muebles\/?s={search_term_string}"},"query-input":{"@type":"PropertyValueSpecification","valueRequired":true,"valueName":"search_term_string"}}],"inLanguage":"es"},{"@type":"Organization","@id":"https:\/\/maderamen.com.ar\/dyf-muebles\/#organization","name":"Maderamen","url":"https:\/\/maderamen.com.ar\/dyf-muebles\/","logo":{"@type":"ImageObject","inLanguage":"es","@id":"https:\/\/maderamen.com.ar\/dyf-muebles\/#\/schema\/logo\/image\/","url":"https:\/\/maderamen.com.ar\/dyf-muebles\/wp-content\/uploads\/sites\/4\/2017\/09\/logo-maderamen-s.png","contentUrl":"https:\/\/maderamen.com.ar\/dyf-muebles\/wp-content\/uploads\/sites\/4\/2017\/09\/logo-maderamen-s.png","width":250,"height":246,"caption":"Maderamen"},"image":{"@id":"https:\/\/maderamen.com.ar\/dyf-muebles\/#\/schema\/logo\/image\/"},"sameAs":["https:\/\/www.facebook.com\/Maderamen.Argentina\/","https:\/\/x.com\/DesarrolloFores","https:\/\/www.youtube.com\/channel\/UCeYU2-_JRTYYpgHoyhTT2Fg","https:\/\/www.instagram.com\/maderamen.ok\/","https:\/\/www.linkedin.com\/company\/maderameneditorial\/"]},{"@type":"Person","@id":"https:\/\/maderamen.com.ar\/dyf-muebles\/#\/schema\/person\/c05f216a5663a04adfc7d62d87295459","name":"Maderamen","image":{"@type":"ImageObject","inLanguage":"es","@id":"https:\/\/secure.gravatar.com\/avatar\/6ff28763266ad14d7e42092eb3998ef25a67b8fd98e7000d6029e8a2e785dc10?s=96&d=mm&r=g","url":"https:\/\/secure.gravatar.com\/avatar\/6ff28763266ad14d7e42092eb3998ef25a67b8fd98e7000d6029e8a2e785dc10?s=96&d=mm&r=g","contentUrl":"https:\/\/secure.gravatar.com\/avatar\/6ff28763266ad14d7e42092eb3998ef25a67b8fd98e7000d6029e8a2e785dc10?s=96&d=mm&r=g","caption":"Maderamen"},"url":"https:\/\/maderamen.com.ar\/dyf-muebles\/author\/maderamenadmin\/"}]}},"_links":{"self":[{"href":"https:\/\/maderamen.com.ar\/dyf-muebles\/wp-json\/wp\/v2\/posts\/15889","targetHints":{"allow":["GET"]}}],"collection":[{"href":"https:\/\/maderamen.com.ar\/dyf-muebles\/wp-json\/wp\/v2\/posts"}],"about":[{"href":"https:\/\/maderamen.com.ar\/dyf-muebles\/wp-json\/wp\/v2\/types\/post"}],"author":[{"embeddable":true,"href":"https:\/\/maderamen.com.ar\/dyf-muebles\/wp-json\/wp\/v2\/users\/6"}],"replies":[{"embeddable":true,"href":"https:\/\/maderamen.com.ar\/dyf-muebles\/wp-json\/wp\/v2\/comments?post=15889"}],"version-history":[{"count":0,"href":"https:\/\/maderamen.com.ar\/dyf-muebles\/wp-json\/wp\/v2\/posts\/15889\/revisions"}],"wp:featuredmedia":[{"embeddable":true,"href":"https:\/\/maderamen.com.ar\/dyf-muebles\/wp-json\/wp\/v2\/media\/15890"}],"wp:attachment":[{"href":"https:\/\/maderamen.com.ar\/dyf-muebles\/wp-json\/wp\/v2\/media?parent=15889"}],"wp:term":[{"taxonomy":"category","embeddable":true,"href":"https:\/\/maderamen.com.ar\/dyf-muebles\/wp-json\/wp\/v2\/categories?post=15889"},{"taxonomy":"post_tag","embeddable":true,"href":"https:\/\/maderamen.com.ar\/dyf-muebles\/wp-json\/wp\/v2\/tags?post=15889"}],"curies":[{"name":"wp","href":"https:\/\/api.w.org\/{rel}","templated":true}]}}