{"id":14181,"date":"2022-08-08T21:34:47","date_gmt":"2022-08-09T00:34:47","guid":{"rendered":"https:\/\/maderamen.com.ar\/dyf-muebles\/?p=14181"},"modified":"2022-08-04T12:45:12","modified_gmt":"2022-08-04T15:45:12","slug":"actualidad-en-industria-del-muebles-en-contexto-de-guerra-y-post-pandemia","status":"publish","type":"post","link":"https:\/\/maderamen.com.ar\/dyf-muebles\/2022\/08\/08\/actualidad-en-industria-del-muebles-en-contexto-de-guerra-y-post-pandemia\/","title":{"rendered":"Incertidumbre y altibajos caracterizan la actualidad, en contexto de guerra y post pandemia"},"content":{"rendered":"\n<p><strong>Actualidad en industria del muebles:<\/strong> <strong>D&amp;F Muebles envi\u00f3 un cuestionario con cuatro preguntas a presidentes de c\u00e1maras que agrupan a fabricantes de muebles e industrias afines de todo el pa\u00eds. Altibajos en las ventas, aumento de costos, dificultad para conseguir personal, irregularidad de la entrega de insumos por parte de proveedores y encarecimiento del cr\u00e9dito fueron algunos de los temas mencionados. Sondeo exclusivo de D&amp;F Muebles.<\/strong><\/p>\n\n\n\n<h3 class=\"wp-block-heading\"><strong>&#8211; Asociaci\u00f3n de Productores, Industriales y Comerciantes Forestales de Misiones y Norte de Corrientes (APICOFOM). <\/strong><\/h3>\n\n\n\n<p><strong>Guillermo Fachinello, presidente.<\/strong><\/p>\n\n\n\n<p>1- Estamos trabajando en buscar las mejores alternativas\npara sumarnos al gran mercado de muebles y poder con el diferencial que tenemos\npoder realizar productos funcionales de calidad. Tambi\u00e9n estamos trabajando en\nel dise\u00f1o de productos junto al<\/p>\n\n\n\n<p>Ministerio de Industria y empezar a realizar capacitaciones\na todos los participantes de la cadena.<\/p>\n\n\n\n<p>2- El sector se encuentra con ventas constantes pero con grandes problemas en el aumento de los costos de manera constante, lo que complica mantener los presupuestos y obtener las ganancias reales. Es necesario mejorar los costos. Un ejemplo claro es que empresas de Misiones, que ocupan la materia prima generada en nuestra provincia, terminan comprando a distribuidores despu\u00e9s que la madera viaj\u00f3 por 1.500 kil\u00f3metros, con todos los costos que esto trae.<\/p>\n\n\n\n<div class=\"wp-block-image\"><figure class=\"alignleft is-resized\"><img loading=\"lazy\" decoding=\"async\" src=\"https:\/\/maderamen.com.ar\/dyf-muebles\/wp-content\/uploads\/sites\/4\/2022\/08\/fachinello.jpg\" alt=\"actualidad en industria del muebles\" class=\"wp-image-14184\" width=\"308\" height=\"302\" \/><figcaption>Guillermo Fachinello, presidente de APICOFOM, particip\u00f3 de la feria ExpoMadera Federaci\u00f3n 2022, que se realiz\u00f3 el 10 y 11 de junio en esta ciudad entrerriana. <\/figcaption><\/figure><\/div>\n\n\n\n<p>3- No tenemos informaci\u00f3n oficial pero estim\u00f3 debemos estar\nal 40 por ciento de nuestra capacidad. Estamos realizando inversiones, pero no\nsolamente en equipos, sino en estructura y en lo m\u00e1s importante, que es formar\nnuestro recurso humano.<\/p>\n\n\n\n<p>4- Como siempre, apuntamos a seguir desarrollando el sector en la provincia y en la regi\u00f3n. \u00a1\u00a1El objetivo es generar productos y trabajo de calidad!!<\/p>\n\n\n\n<h3 class=\"wp-block-heading\"><strong>&#8211; Industriales Madereros<\/strong> <strong>y Forestales de Entre R\u00edos y Sur\nde Corrientes (<\/strong><strong>IMFER)<\/strong> <\/h3>\n\n\n\n<p><strong>Marcos Vago, presidente.<\/strong><\/p>\n\n\n\n<p>1- De lo que m\u00e1s se habla es del problema de escasez de\npersonal comprometido con el trabajo a realizar. Y tambi\u00e9n de los juicios\nlaborales, as\u00ed tengas al empleado con todas los requisitos que fija la ley.\nEstos son algunos de los temas de los que siempre se habla.<\/p>\n\n\n\n<p>2- A corto plazo: en primer lugar, leyes laborales. En\nsegundo lugar, sincerar el d\u00f3lar oficial para que los m\u00e1s grandes puedan\nexportar una mayor cantidad y as\u00ed los m\u00e1s chicos puedan continuar con una racha\nbuena de ventas, ya que viene cayendo por la justa raz\u00f3n los m\u00e1s grande est\u00e1n\nabasteciendo el mercado interno con mayor intensidad.<\/p>\n\n\n\n<p>4- Las expectativas para este a\u00f1o por supuesto que no son\nbuenas, m\u00e1s all\u00e1 de que hay PyMEs que est\u00e1n invirtiendo, que est\u00e1n en procesos\nde desarrollo. Hay algunas PyMEs asociadas que algo est\u00e1n haciendo. No digo lo\ncontrario ni lo quiero negar. Al contrario, me encanta que lo hagan. Pero esa\npersonas que invierten dicen: \u201cMe gustar\u00eda hacer eso y mucho m\u00e1s, pero llego\nhasta ac\u00e1 por la incertidumbre de no saber qu\u00e9 va a pasar\u201d. Es decir, la\nincertidumbre es muy alta. No todas las PyMEs est\u00e1n creciendo ni est\u00e1n\ninvirtiendo, pero las que lo est\u00e1n haciendo lo hacen con mucha cautela. En\nconclusi\u00f3n, las expectativas no son buenas. Si fueran buenas, las PyMEs de la\nregi\u00f3n se desarrollar\u00edan mucho m\u00e1s r\u00e1pido e invertir\u00edan mucho m\u00e1s dinero.<\/p>\n\n\n\n<h3 class=\"wp-block-heading\"><strong>&#8211; C\u00e1mara de Industriales Madereros y Afines <a href=\"http:\/\/www.cicae.org.ar\/cimae-camara-de-industriales-madereros-y-afines-de-esperanza\/\" target=\"_blank\" rel=\"noreferrer noopener\" aria-label=\"(CIMAE) (abre en una nueva pesta\u00f1a)\">(CIMAE)<\/a> de Esperanza, Santa Fe. <\/strong><\/h3>\n\n\n\n<p><strong>Gustavo Mehring, presiente.<\/strong><\/p>\n\n\n\n<p>1- En estos dos \u00faltimos meses se est\u00e1 notando en la regi\u00f3n\nuna merma en las ventas. Ya no hay ventas sostenidas, como las que hab\u00eda en la\npost pandemia. Hubo picos fuertes de ventas y ventas sostenidas. Estamos\nnotando que este a\u00f1o las ventas no son constantes. Tienen altibajos seg\u00fan los\nmeses. Eso crea una cierta incertidumbre en el sector.<\/p>\n\n\n\n<p>2- Por un lado, vemos que deber\u00edan mejorar un poco el\nabastecimiento de materias primas. Hay mucha irregularidad en la entrega de\nplacas, fundamentalmente las placas enchapadas. Y algunos insumos importados\npor ah\u00ed tienen demoras en las entregas. Esto se debe, fundamentalmente, a las\ntrabas en las importaciones. Eso repercute a la hora de proyectar las\nproducciones. Y con respecto a la macroeconom\u00eda, sin dudas que esta inflaci\u00f3n\ngalopante que tenemos es unas de las cosas que se deber\u00edan cambiar. Y que\nvuelva el cr\u00e9dito. Tanto para compra y venta de insumos como para las ventas de\nlos bienes finales.<\/p>\n\n\n\n<p>3- El uso de la capacidad instalada de las f\u00e1bricas de la regi\u00f3n ronda el 80 por ciento, porque en la post pandemia hubo picos muy fuertes de ventas y eso llev\u00f3 a que las f\u00e1bricas trabajaran a full y no tuvieran capacidad ociosa. Respecto de las inversiones, no est\u00e1 muy marcado ese tema. Si bien algunas f\u00e1bricas est\u00e1n cambiando algo de tecnolog\u00eda porque cambiaron de rubro o de tipos de muebles. Pero son pocas las empresas que est\u00e1n invirtiendo para tener mayor productividad. Y esto tambi\u00e9n se debe un poco a la incertidumbre que hay en el mercado por la inflaci\u00f3n y los vaivenes del plan monetario.<\/p>\n\n\n\n<div class=\"wp-block-image\"><figure class=\"alignleft\"><img loading=\"lazy\" decoding=\"async\" width=\"288\" height=\"300\" src=\"https:\/\/maderamen.com.ar\/dyf-muebles\/wp-content\/uploads\/sites\/4\/2022\/08\/mehring-1.jpg\" alt=\"actualidad en industria del muebles\" class=\"wp-image-14186\" \/><figcaption>Guillermo Fachinello, presidente de APICOFOM, particip\u00f3 de la feria ExpoMadera Federaci\u00f3n 2022, que se realiz\u00f3 el 10 y 11 de junio en esta ciudad entrerriana. <\/figcaption><\/figure><\/div>\n\n\n\n<p>4- En cuanto a las expectativas que hay para lo que resta del a\u00f1o, sinceramente hay una gran incertidumbre. En general, las expectativas no son muy positivas por c\u00f3mo est\u00e1 la situaci\u00f3n macroecon\u00f3mica del pa\u00eds. Estos meses son para ir a paso firme, de a poco. No hay mucha previsibilidad respecto de lo que puede llegar a pasar. Hay que seguir trabajando e ir midiendo los pasos que va dando la econom\u00eda. &nbsp;<\/p>\n\n\n\n<h3 class=\"wp-block-heading\"><strong>&#8211; C\u00e1mara de la Industria Maderera y Afines (CIMA) de Ca\u00f1ada de G\u00f3mez, Santa Fe.<\/strong><\/h3>\n\n\n\n<p><strong>C\u00e9sar Federici, presidente.<\/strong><\/p>\n\n\n\n<p>1- Se nota una realidad que es diferente para cada una de\nlas empresas. Algunas est\u00e1n m\u00e1s ajustadas en cuanto a ventas y otras est\u00e1n\nvendiendo aceptablemente. Inclusive, algunas siguen con atrasos en tiempos de\nentrega, que arrastran desde 2021. As\u00ed que, en general, hay distintas\nrealidades. Pero no es que el mercado no existe ni que dej\u00f3 de traccionar.\nSimplemente, se producen altibajos. Pero todas las empresas, m\u00e1s o menos, se\nest\u00e1n defendiendo.<\/p>\n\n\n\n<p>2- Las principales cuestiones que se ven son el aumento de\nlos precios de materias primas, insumos. Es constante. Hay tambi\u00e9n un encarecimiento\ndel cr\u00e9dito. La p\u00e9rdida de poder adquisitivo por la inflaci\u00f3n afecta el consumo\ny eso repercute en la demanda de algunos tipos de muebles.<\/p>\n\n\n\n<p>3- Respecto de las inversiones, hay quienes est\u00e1n\ninvirtiendo. Hay algunos fabricantes que tienen proyectos m\u00e1s importantes que\notros, pero cada uno va haciendo algo de a poquito. Se va invirtiendo; no es\nque se fren\u00f3 la inversi\u00f3n.<\/p>\n\n\n\n<p>4- Para lo que resta de 2022 yo creo que la idea es,\nb\u00e1sicamente, poder mantener un cierto nivel aceptable de ventas. Que el mercado\nno se complique; que el mercado siga existiendo. Que, a pesar de hay problemas\nmacroecon\u00f3micos y otro tipo de cuestiones, que m\u00e1s o menos se mantenga esa\ndemanda. Eso es lo que permite, por lo menos, pensar en una proyecci\u00f3n\nsemestral o anual.<\/p>\n\n\n\n<h3 class=\"wp-block-heading\">Actualidad en industria del muebles: <strong>Cuestionario<\/strong><\/h3>\n\n\n\n<p>1- Caracterice la actualidad del sector en la regi\u00f3n en la\nque funciona la c\u00e1mara. \u00bfCu\u00e1les son las opiniones que m\u00e1s resuenan entre sus\nasociados?<\/p>\n\n\n\n<p>2- Enumere y desarrolle brevemente los principales \u00edtems o\ncuestiones que cree que debieran a mejorar en el corto y mediano plazo para una\nmejor performance de las empresas regionales.<\/p>\n\n\n\n<p>3- En promedio, \u00bfqu\u00e9 porcentaje de capacidad instalada\nocupada tienen las f\u00e1bricas de muebles? \u00bfC\u00f3mo est\u00e1 la demanda? \u00bfEst\u00e1n\ninvirtiendo las empresas? \u00bfEn qu\u00e9 invierten?<\/p>\n\n\n\n<p>4- De manera general, desarrolle las expectativas de las empresas para lo que resta de 2022.<\/p>\n\n\n\n<p><a href=\"https:\/\/maderamen.com.ar\/dyf-muebles\/2022\/05\/05\/fontenla-desafios-de-la-industria-del-mueble-actual\/\" target=\"_blank\" rel=\"noreferrer noopener\" aria-label=\"Leer: Los desaf\u00edos de la industria del mueble, seg\u00fan Roberto Fontenla (abre en una nueva pesta\u00f1a)\">Leer: Los desaf\u00edos de la industria del mueble, seg\u00fan Roberto Fontenla<\/a><\/p>\n\n\n\n<p>Fotos: D&amp;F Muebles y archivo.<\/p>\n","protected":false},"excerpt":{"rendered":"<p>Actualidad en industria del muebles: D&amp;F Muebles envi\u00f3 un cuestionario con cuatro preguntas a presidentes de c\u00e1maras que agrupan a fabricantes de muebles e industrias afines de todo el pa\u00eds. Altibajos en las ventas, aumento de costos, dificultad para conseguir personal, irregularidad de la entrega de insumos por parte de proveedores y encarecimiento del cr\u00e9dito [&hellip;]<\/p>\n","protected":false},"author":6,"featured_media":14183,"comment_status":"open","ping_status":"open","sticky":false,"template":"","format":"standard","meta":{"footnotes":""},"categories":[43,23],"tags":[],"class_list":{"0":"post-14181","1":"post","2":"type-post","3":"status-publish","4":"format-standard","5":"has-post-thumbnail","7":"category-entrevistas","8":"category-featured"},"yoast_head":"<!-- This site is optimized with the Yoast SEO plugin v27.4 - https:\/\/yoast.com\/product\/yoast-seo-wordpress\/ -->\n<title>Incertidumbre y altibajos, en contexto de guerra y post pandemia<\/title>\n<meta name=\"description\" content=\"Actualidad en industria del muebles: Altibajos en las ventas, aumento de costos, dificultad para conseguir personal, irregularidad de la entrega de insumos\" \/>\n<meta name=\"robots\" content=\"index, follow, max-snippet:-1, max-image-preview:large, max-video-preview:-1\" \/>\n<link rel=\"canonical\" href=\"https:\/\/maderamen.com.ar\/dyf-muebles\/2022\/08\/08\/actualidad-en-industria-del-muebles-en-contexto-de-guerra-y-post-pandemia\/\" \/>\n<meta property=\"og:locale\" content=\"es_ES\" \/>\n<meta property=\"og:type\" content=\"article\" \/>\n<meta property=\"og:title\" content=\"Incertidumbre y altibajos, en contexto de guerra y post pandemia\" \/>\n<meta property=\"og:description\" content=\"Actualidad en industria del muebles: Altibajos en las ventas, aumento de costos, dificultad para conseguir personal, irregularidad de la entrega de insumos\" \/>\n<meta property=\"og:url\" content=\"https:\/\/maderamen.com.ar\/dyf-muebles\/2022\/08\/08\/actualidad-en-industria-del-muebles-en-contexto-de-guerra-y-post-pandemia\/\" \/>\n<meta property=\"og:site_name\" content=\"D&amp;F Muebles\" \/>\n<meta property=\"article:publisher\" content=\"https:\/\/www.facebook.com\/Maderamen.Argentina\/\" \/>\n<meta property=\"article:published_time\" content=\"2022-08-09T00:34:47+00:00\" \/>\n<meta property=\"og:image\" content=\"https:\/\/maderamen.com.ar\/dyf-muebles\/wp-content\/uploads\/sites\/4\/2022\/08\/industria-muebles.jpg\" \/>\n\t<meta property=\"og:image:width\" content=\"1400\" \/>\n\t<meta property=\"og:image:height\" content=\"990\" \/>\n\t<meta property=\"og:image:type\" content=\"image\/jpeg\" \/>\n<meta name=\"author\" content=\"Maderamen\" \/>\n<meta name=\"twitter:card\" content=\"summary_large_image\" \/>\n<meta name=\"twitter:creator\" content=\"@DesarrolloFores\" \/>\n<meta name=\"twitter:site\" content=\"@DesarrolloFores\" \/>\n<meta name=\"twitter:label1\" content=\"Escrito por\" \/>\n\t<meta name=\"twitter:data1\" content=\"Maderamen\" \/>\n\t<meta name=\"twitter:label2\" content=\"Tiempo de lectura\" \/>\n\t<meta name=\"twitter:data2\" content=\"7 minutos\" \/>\n<script type=\"application\/ld+json\" class=\"yoast-schema-graph\">{\"@context\":\"https:\\\/\\\/schema.org\",\"@graph\":[{\"@type\":\"Article\",\"@id\":\"https:\\\/\\\/maderamen.com.ar\\\/dyf-muebles\\\/2022\\\/08\\\/08\\\/actualidad-en-industria-del-muebles-en-contexto-de-guerra-y-post-pandemia\\\/#article\",\"isPartOf\":{\"@id\":\"https:\\\/\\\/maderamen.com.ar\\\/dyf-muebles\\\/2022\\\/08\\\/08\\\/actualidad-en-industria-del-muebles-en-contexto-de-guerra-y-post-pandemia\\\/\"},\"author\":{\"name\":\"Maderamen\",\"@id\":\"https:\\\/\\\/maderamen.com.ar\\\/dyf-muebles\\\/#\\\/schema\\\/person\\\/c05f216a5663a04adfc7d62d87295459\"},\"headline\":\"Incertidumbre y altibajos caracterizan la actualidad, en contexto de guerra y post pandemia\",\"datePublished\":\"2022-08-09T00:34:47+00:00\",\"mainEntityOfPage\":{\"@id\":\"https:\\\/\\\/maderamen.com.ar\\\/dyf-muebles\\\/2022\\\/08\\\/08\\\/actualidad-en-industria-del-muebles-en-contexto-de-guerra-y-post-pandemia\\\/\"},\"wordCount\":1396,\"commentCount\":0,\"publisher\":{\"@id\":\"https:\\\/\\\/maderamen.com.ar\\\/dyf-muebles\\\/#organization\"},\"image\":{\"@id\":\"https:\\\/\\\/maderamen.com.ar\\\/dyf-muebles\\\/2022\\\/08\\\/08\\\/actualidad-en-industria-del-muebles-en-contexto-de-guerra-y-post-pandemia\\\/#primaryimage\"},\"thumbnailUrl\":\"https:\\\/\\\/maderamen.com.ar\\\/dyf-muebles\\\/wp-content\\\/uploads\\\/sites\\\/4\\\/2022\\\/08\\\/industria-muebles.jpg\",\"articleSection\":[\"Entrevistas\",\"Principal\"],\"inLanguage\":\"es\",\"potentialAction\":[{\"@type\":\"CommentAction\",\"name\":\"Comment\",\"target\":[\"https:\\\/\\\/maderamen.com.ar\\\/dyf-muebles\\\/2022\\\/08\\\/08\\\/actualidad-en-industria-del-muebles-en-contexto-de-guerra-y-post-pandemia\\\/#respond\"]}]},{\"@type\":\"WebPage\",\"@id\":\"https:\\\/\\\/maderamen.com.ar\\\/dyf-muebles\\\/2022\\\/08\\\/08\\\/actualidad-en-industria-del-muebles-en-contexto-de-guerra-y-post-pandemia\\\/\",\"url\":\"https:\\\/\\\/maderamen.com.ar\\\/dyf-muebles\\\/2022\\\/08\\\/08\\\/actualidad-en-industria-del-muebles-en-contexto-de-guerra-y-post-pandemia\\\/\",\"name\":\"Incertidumbre y altibajos, en contexto de guerra y post pandemia\",\"isPartOf\":{\"@id\":\"https:\\\/\\\/maderamen.com.ar\\\/dyf-muebles\\\/#website\"},\"primaryImageOfPage\":{\"@id\":\"https:\\\/\\\/maderamen.com.ar\\\/dyf-muebles\\\/2022\\\/08\\\/08\\\/actualidad-en-industria-del-muebles-en-contexto-de-guerra-y-post-pandemia\\\/#primaryimage\"},\"image\":{\"@id\":\"https:\\\/\\\/maderamen.com.ar\\\/dyf-muebles\\\/2022\\\/08\\\/08\\\/actualidad-en-industria-del-muebles-en-contexto-de-guerra-y-post-pandemia\\\/#primaryimage\"},\"thumbnailUrl\":\"https:\\\/\\\/maderamen.com.ar\\\/dyf-muebles\\\/wp-content\\\/uploads\\\/sites\\\/4\\\/2022\\\/08\\\/industria-muebles.jpg\",\"datePublished\":\"2022-08-09T00:34:47+00:00\",\"description\":\"Actualidad en industria del muebles: Altibajos en las ventas, aumento de costos, dificultad para conseguir personal, irregularidad de la entrega de insumos\",\"breadcrumb\":{\"@id\":\"https:\\\/\\\/maderamen.com.ar\\\/dyf-muebles\\\/2022\\\/08\\\/08\\\/actualidad-en-industria-del-muebles-en-contexto-de-guerra-y-post-pandemia\\\/#breadcrumb\"},\"inLanguage\":\"es\",\"potentialAction\":[{\"@type\":\"ReadAction\",\"target\":[\"https:\\\/\\\/maderamen.com.ar\\\/dyf-muebles\\\/2022\\\/08\\\/08\\\/actualidad-en-industria-del-muebles-en-contexto-de-guerra-y-post-pandemia\\\/\"]}]},{\"@type\":\"ImageObject\",\"inLanguage\":\"es\",\"@id\":\"https:\\\/\\\/maderamen.com.ar\\\/dyf-muebles\\\/2022\\\/08\\\/08\\\/actualidad-en-industria-del-muebles-en-contexto-de-guerra-y-post-pandemia\\\/#primaryimage\",\"url\":\"https:\\\/\\\/maderamen.com.ar\\\/dyf-muebles\\\/wp-content\\\/uploads\\\/sites\\\/4\\\/2022\\\/08\\\/industria-muebles.jpg\",\"contentUrl\":\"https:\\\/\\\/maderamen.com.ar\\\/dyf-muebles\\\/wp-content\\\/uploads\\\/sites\\\/4\\\/2022\\\/08\\\/industria-muebles.jpg\",\"width\":1400,\"height\":990,\"caption\":\"actualidad en industria del muebles\"},{\"@type\":\"BreadcrumbList\",\"@id\":\"https:\\\/\\\/maderamen.com.ar\\\/dyf-muebles\\\/2022\\\/08\\\/08\\\/actualidad-en-industria-del-muebles-en-contexto-de-guerra-y-post-pandemia\\\/#breadcrumb\",\"itemListElement\":[{\"@type\":\"ListItem\",\"position\":1,\"name\":\"Portada\",\"item\":\"https:\\\/\\\/maderamen.com.ar\\\/dyf-muebles\\\/\"},{\"@type\":\"ListItem\",\"position\":2,\"name\":\"Incertidumbre y altibajos caracterizan la actualidad, en contexto de guerra y post pandemia\"}]},{\"@type\":\"WebSite\",\"@id\":\"https:\\\/\\\/maderamen.com.ar\\\/dyf-muebles\\\/#website\",\"url\":\"https:\\\/\\\/maderamen.com.ar\\\/dyf-muebles\\\/\",\"name\":\"D&F Muebles\",\"description\":\"Noticias sobre Dise\u00f1o y Fabricaci\u00f3n de muebles en madera\",\"publisher\":{\"@id\":\"https:\\\/\\\/maderamen.com.ar\\\/dyf-muebles\\\/#organization\"},\"potentialAction\":[{\"@type\":\"SearchAction\",\"target\":{\"@type\":\"EntryPoint\",\"urlTemplate\":\"https:\\\/\\\/maderamen.com.ar\\\/dyf-muebles\\\/?s={search_term_string}\"},\"query-input\":{\"@type\":\"PropertyValueSpecification\",\"valueRequired\":true,\"valueName\":\"search_term_string\"}}],\"inLanguage\":\"es\"},{\"@type\":\"Organization\",\"@id\":\"https:\\\/\\\/maderamen.com.ar\\\/dyf-muebles\\\/#organization\",\"name\":\"Maderamen\",\"url\":\"https:\\\/\\\/maderamen.com.ar\\\/dyf-muebles\\\/\",\"logo\":{\"@type\":\"ImageObject\",\"inLanguage\":\"es\",\"@id\":\"https:\\\/\\\/maderamen.com.ar\\\/dyf-muebles\\\/#\\\/schema\\\/logo\\\/image\\\/\",\"url\":\"https:\\\/\\\/maderamen.com.ar\\\/dyf-muebles\\\/wp-content\\\/uploads\\\/sites\\\/4\\\/2017\\\/09\\\/logo-maderamen-s.png\",\"contentUrl\":\"https:\\\/\\\/maderamen.com.ar\\\/dyf-muebles\\\/wp-content\\\/uploads\\\/sites\\\/4\\\/2017\\\/09\\\/logo-maderamen-s.png\",\"width\":250,\"height\":246,\"caption\":\"Maderamen\"},\"image\":{\"@id\":\"https:\\\/\\\/maderamen.com.ar\\\/dyf-muebles\\\/#\\\/schema\\\/logo\\\/image\\\/\"},\"sameAs\":[\"https:\\\/\\\/www.facebook.com\\\/Maderamen.Argentina\\\/\",\"https:\\\/\\\/x.com\\\/DesarrolloFores\",\"https:\\\/\\\/www.youtube.com\\\/channel\\\/UCeYU2-_JRTYYpgHoyhTT2Fg\",\"https:\\\/\\\/www.instagram.com\\\/maderamen.ok\\\/\",\"https:\\\/\\\/www.linkedin.com\\\/company\\\/maderameneditorial\\\/\"]},{\"@type\":\"Person\",\"@id\":\"https:\\\/\\\/maderamen.com.ar\\\/dyf-muebles\\\/#\\\/schema\\\/person\\\/c05f216a5663a04adfc7d62d87295459\",\"name\":\"Maderamen\",\"image\":{\"@type\":\"ImageObject\",\"inLanguage\":\"es\",\"@id\":\"https:\\\/\\\/secure.gravatar.com\\\/avatar\\\/6ff28763266ad14d7e42092eb3998ef25a67b8fd98e7000d6029e8a2e785dc10?s=96&d=mm&r=g\",\"url\":\"https:\\\/\\\/secure.gravatar.com\\\/avatar\\\/6ff28763266ad14d7e42092eb3998ef25a67b8fd98e7000d6029e8a2e785dc10?s=96&d=mm&r=g\",\"contentUrl\":\"https:\\\/\\\/secure.gravatar.com\\\/avatar\\\/6ff28763266ad14d7e42092eb3998ef25a67b8fd98e7000d6029e8a2e785dc10?s=96&d=mm&r=g\",\"caption\":\"Maderamen\"},\"url\":\"https:\\\/\\\/maderamen.com.ar\\\/dyf-muebles\\\/author\\\/maderamenadmin\\\/\"}]}<\/script>\n<!-- \/ Yoast SEO plugin. -->","yoast_head_json":{"title":"Incertidumbre y altibajos, en contexto de guerra y post pandemia","description":"Actualidad en industria del muebles: Altibajos en las ventas, aumento de costos, dificultad para conseguir personal, irregularidad de la entrega de insumos","robots":{"index":"index","follow":"follow","max-snippet":"max-snippet:-1","max-image-preview":"max-image-preview:large","max-video-preview":"max-video-preview:-1"},"canonical":"https:\/\/maderamen.com.ar\/dyf-muebles\/2022\/08\/08\/actualidad-en-industria-del-muebles-en-contexto-de-guerra-y-post-pandemia\/","og_locale":"es_ES","og_type":"article","og_title":"Incertidumbre y altibajos, en contexto de guerra y post pandemia","og_description":"Actualidad en industria del muebles: Altibajos en las ventas, aumento de costos, dificultad para conseguir personal, irregularidad de la entrega de insumos","og_url":"https:\/\/maderamen.com.ar\/dyf-muebles\/2022\/08\/08\/actualidad-en-industria-del-muebles-en-contexto-de-guerra-y-post-pandemia\/","og_site_name":"D&amp;F Muebles","article_publisher":"https:\/\/www.facebook.com\/Maderamen.Argentina\/","article_published_time":"2022-08-09T00:34:47+00:00","og_image":[{"width":1400,"height":990,"url":"https:\/\/maderamen.com.ar\/dyf-muebles\/wp-content\/uploads\/sites\/4\/2022\/08\/industria-muebles.jpg","type":"image\/jpeg"}],"author":"Maderamen","twitter_card":"summary_large_image","twitter_creator":"@DesarrolloFores","twitter_site":"@DesarrolloFores","twitter_misc":{"Escrito por":"Maderamen","Tiempo de lectura":"7 minutos"},"schema":{"@context":"https:\/\/schema.org","@graph":[{"@type":"Article","@id":"https:\/\/maderamen.com.ar\/dyf-muebles\/2022\/08\/08\/actualidad-en-industria-del-muebles-en-contexto-de-guerra-y-post-pandemia\/#article","isPartOf":{"@id":"https:\/\/maderamen.com.ar\/dyf-muebles\/2022\/08\/08\/actualidad-en-industria-del-muebles-en-contexto-de-guerra-y-post-pandemia\/"},"author":{"name":"Maderamen","@id":"https:\/\/maderamen.com.ar\/dyf-muebles\/#\/schema\/person\/c05f216a5663a04adfc7d62d87295459"},"headline":"Incertidumbre y altibajos caracterizan la actualidad, en contexto de guerra y post pandemia","datePublished":"2022-08-09T00:34:47+00:00","mainEntityOfPage":{"@id":"https:\/\/maderamen.com.ar\/dyf-muebles\/2022\/08\/08\/actualidad-en-industria-del-muebles-en-contexto-de-guerra-y-post-pandemia\/"},"wordCount":1396,"commentCount":0,"publisher":{"@id":"https:\/\/maderamen.com.ar\/dyf-muebles\/#organization"},"image":{"@id":"https:\/\/maderamen.com.ar\/dyf-muebles\/2022\/08\/08\/actualidad-en-industria-del-muebles-en-contexto-de-guerra-y-post-pandemia\/#primaryimage"},"thumbnailUrl":"https:\/\/maderamen.com.ar\/dyf-muebles\/wp-content\/uploads\/sites\/4\/2022\/08\/industria-muebles.jpg","articleSection":["Entrevistas","Principal"],"inLanguage":"es","potentialAction":[{"@type":"CommentAction","name":"Comment","target":["https:\/\/maderamen.com.ar\/dyf-muebles\/2022\/08\/08\/actualidad-en-industria-del-muebles-en-contexto-de-guerra-y-post-pandemia\/#respond"]}]},{"@type":"WebPage","@id":"https:\/\/maderamen.com.ar\/dyf-muebles\/2022\/08\/08\/actualidad-en-industria-del-muebles-en-contexto-de-guerra-y-post-pandemia\/","url":"https:\/\/maderamen.com.ar\/dyf-muebles\/2022\/08\/08\/actualidad-en-industria-del-muebles-en-contexto-de-guerra-y-post-pandemia\/","name":"Incertidumbre y altibajos, en contexto de guerra y post pandemia","isPartOf":{"@id":"https:\/\/maderamen.com.ar\/dyf-muebles\/#website"},"primaryImageOfPage":{"@id":"https:\/\/maderamen.com.ar\/dyf-muebles\/2022\/08\/08\/actualidad-en-industria-del-muebles-en-contexto-de-guerra-y-post-pandemia\/#primaryimage"},"image":{"@id":"https:\/\/maderamen.com.ar\/dyf-muebles\/2022\/08\/08\/actualidad-en-industria-del-muebles-en-contexto-de-guerra-y-post-pandemia\/#primaryimage"},"thumbnailUrl":"https:\/\/maderamen.com.ar\/dyf-muebles\/wp-content\/uploads\/sites\/4\/2022\/08\/industria-muebles.jpg","datePublished":"2022-08-09T00:34:47+00:00","description":"Actualidad en industria del muebles: Altibajos en las ventas, aumento de costos, dificultad para conseguir personal, irregularidad de la entrega de insumos","breadcrumb":{"@id":"https:\/\/maderamen.com.ar\/dyf-muebles\/2022\/08\/08\/actualidad-en-industria-del-muebles-en-contexto-de-guerra-y-post-pandemia\/#breadcrumb"},"inLanguage":"es","potentialAction":[{"@type":"ReadAction","target":["https:\/\/maderamen.com.ar\/dyf-muebles\/2022\/08\/08\/actualidad-en-industria-del-muebles-en-contexto-de-guerra-y-post-pandemia\/"]}]},{"@type":"ImageObject","inLanguage":"es","@id":"https:\/\/maderamen.com.ar\/dyf-muebles\/2022\/08\/08\/actualidad-en-industria-del-muebles-en-contexto-de-guerra-y-post-pandemia\/#primaryimage","url":"https:\/\/maderamen.com.ar\/dyf-muebles\/wp-content\/uploads\/sites\/4\/2022\/08\/industria-muebles.jpg","contentUrl":"https:\/\/maderamen.com.ar\/dyf-muebles\/wp-content\/uploads\/sites\/4\/2022\/08\/industria-muebles.jpg","width":1400,"height":990,"caption":"actualidad en industria del muebles"},{"@type":"BreadcrumbList","@id":"https:\/\/maderamen.com.ar\/dyf-muebles\/2022\/08\/08\/actualidad-en-industria-del-muebles-en-contexto-de-guerra-y-post-pandemia\/#breadcrumb","itemListElement":[{"@type":"ListItem","position":1,"name":"Portada","item":"https:\/\/maderamen.com.ar\/dyf-muebles\/"},{"@type":"ListItem","position":2,"name":"Incertidumbre y altibajos caracterizan la actualidad, en contexto de guerra y post pandemia"}]},{"@type":"WebSite","@id":"https:\/\/maderamen.com.ar\/dyf-muebles\/#website","url":"https:\/\/maderamen.com.ar\/dyf-muebles\/","name":"D&F Muebles","description":"Noticias sobre Dise\u00f1o y Fabricaci\u00f3n de muebles en madera","publisher":{"@id":"https:\/\/maderamen.com.ar\/dyf-muebles\/#organization"},"potentialAction":[{"@type":"SearchAction","target":{"@type":"EntryPoint","urlTemplate":"https:\/\/maderamen.com.ar\/dyf-muebles\/?s={search_term_string}"},"query-input":{"@type":"PropertyValueSpecification","valueRequired":true,"valueName":"search_term_string"}}],"inLanguage":"es"},{"@type":"Organization","@id":"https:\/\/maderamen.com.ar\/dyf-muebles\/#organization","name":"Maderamen","url":"https:\/\/maderamen.com.ar\/dyf-muebles\/","logo":{"@type":"ImageObject","inLanguage":"es","@id":"https:\/\/maderamen.com.ar\/dyf-muebles\/#\/schema\/logo\/image\/","url":"https:\/\/maderamen.com.ar\/dyf-muebles\/wp-content\/uploads\/sites\/4\/2017\/09\/logo-maderamen-s.png","contentUrl":"https:\/\/maderamen.com.ar\/dyf-muebles\/wp-content\/uploads\/sites\/4\/2017\/09\/logo-maderamen-s.png","width":250,"height":246,"caption":"Maderamen"},"image":{"@id":"https:\/\/maderamen.com.ar\/dyf-muebles\/#\/schema\/logo\/image\/"},"sameAs":["https:\/\/www.facebook.com\/Maderamen.Argentina\/","https:\/\/x.com\/DesarrolloFores","https:\/\/www.youtube.com\/channel\/UCeYU2-_JRTYYpgHoyhTT2Fg","https:\/\/www.instagram.com\/maderamen.ok\/","https:\/\/www.linkedin.com\/company\/maderameneditorial\/"]},{"@type":"Person","@id":"https:\/\/maderamen.com.ar\/dyf-muebles\/#\/schema\/person\/c05f216a5663a04adfc7d62d87295459","name":"Maderamen","image":{"@type":"ImageObject","inLanguage":"es","@id":"https:\/\/secure.gravatar.com\/avatar\/6ff28763266ad14d7e42092eb3998ef25a67b8fd98e7000d6029e8a2e785dc10?s=96&d=mm&r=g","url":"https:\/\/secure.gravatar.com\/avatar\/6ff28763266ad14d7e42092eb3998ef25a67b8fd98e7000d6029e8a2e785dc10?s=96&d=mm&r=g","contentUrl":"https:\/\/secure.gravatar.com\/avatar\/6ff28763266ad14d7e42092eb3998ef25a67b8fd98e7000d6029e8a2e785dc10?s=96&d=mm&r=g","caption":"Maderamen"},"url":"https:\/\/maderamen.com.ar\/dyf-muebles\/author\/maderamenadmin\/"}]}},"_links":{"self":[{"href":"https:\/\/maderamen.com.ar\/dyf-muebles\/wp-json\/wp\/v2\/posts\/14181","targetHints":{"allow":["GET"]}}],"collection":[{"href":"https:\/\/maderamen.com.ar\/dyf-muebles\/wp-json\/wp\/v2\/posts"}],"about":[{"href":"https:\/\/maderamen.com.ar\/dyf-muebles\/wp-json\/wp\/v2\/types\/post"}],"author":[{"embeddable":true,"href":"https:\/\/maderamen.com.ar\/dyf-muebles\/wp-json\/wp\/v2\/users\/6"}],"replies":[{"embeddable":true,"href":"https:\/\/maderamen.com.ar\/dyf-muebles\/wp-json\/wp\/v2\/comments?post=14181"}],"version-history":[{"count":0,"href":"https:\/\/maderamen.com.ar\/dyf-muebles\/wp-json\/wp\/v2\/posts\/14181\/revisions"}],"wp:featuredmedia":[{"embeddable":true,"href":"https:\/\/maderamen.com.ar\/dyf-muebles\/wp-json\/wp\/v2\/media\/14183"}],"wp:attachment":[{"href":"https:\/\/maderamen.com.ar\/dyf-muebles\/wp-json\/wp\/v2\/media?parent=14181"}],"wp:term":[{"taxonomy":"category","embeddable":true,"href":"https:\/\/maderamen.com.ar\/dyf-muebles\/wp-json\/wp\/v2\/categories?post=14181"},{"taxonomy":"post_tag","embeddable":true,"href":"https:\/\/maderamen.com.ar\/dyf-muebles\/wp-json\/wp\/v2\/tags?post=14181"}],"curies":[{"name":"wp","href":"https:\/\/api.w.org\/{rel}","templated":true}]}}