{"id":9873,"date":"2018-05-03T11:49:48","date_gmt":"2018-05-03T14:49:48","guid":{"rendered":"http:\/\/maderamen.com.ar\/desarrollo-forestal\/?p=9873"},"modified":"2018-05-03T16:16:07","modified_gmt":"2018-05-03T19:16:07","slug":"necochea-jornada-forestal","status":"publish","type":"post","link":"https:\/\/maderamen.com.ar\/desarrollo-forestal\/2018\/05\/03\/necochea-jornada-forestal\/","title":{"rendered":"Se realiz\u00f3 en Necochea una Jornada T\u00e9cnica Forestal, con participaci\u00f3n empresaria"},"content":{"rendered":"<p><strong>Se realiz\u00f3 el 18 de abril en Necochea una Jornadas Forestal, organizada por Proyecto de Investigaci\u00f3n Aplicada (PIA) 14011, UCAR, la Facultad de Ciencias Agrarias y Forestales de la Universidad Nacional de La Plata (UNLP); la Direcci\u00f3n de Desarrollo del Delta, Bosques y Forestaci\u00f3n del Ministerio de Agroindustria de Buenos Aires y la Direcci\u00f3n de Desarrollo Foresto-Industrial del Ministerio de Agroindustria de la Naci\u00f3n.<\/strong><\/p>\n<p>La Jornada T\u00e9cnica Forestal, llevada a cabo el 18 de abril, fue convocada por el Proyecto de Investigaci\u00f3n Aplicada (PIA) 14011, UCAR, la Facultad de Ciencias Agrarias y Forestales de de UNLP; la Direcci\u00f3n de Desarrollo del Delta, Bosques y Forestaci\u00f3n del Ministerio de Agroindustria de Buenos Aires y la <a href=\"\/\/maderamen.com.ar\/desarrollo-forestal\/2018\/02\/07\/foresto-nacional\/\" target=\"_blank\" rel=\"noopener\">Direcci\u00f3n de Desarrollo Foresto-Industrial del Ministerio de Agroindustria de la Naci\u00f3n<\/a>.<\/p>\n<p>Hubo una mesa redonda con participaci\u00f3n de t\u00e9cnicos, productores, funcionarios y representantes de las dos empresas que actualmente se encuentran realizando tareas de cosecha y carga de madera de Eucalyptus globulus en la zona de Necochea.<\/p>\n<h4>Participaci\u00f3n empresaria<\/h4>\n<p>Uno de los participantes fue Mario Speranza, titular del Grupo Vual, actor importante a nivel regional en producci\u00f3n de pulpa y tissue, que anunci\u00f3 la instalaci\u00f3n de una nueva planta celul\u00f3sica en la localidad de San Pedro, que se abastecer\u00e1 con madera de Eucaliptus globulus de la zona.<\/p>\n<p><img loading=\"lazy\" decoding=\"async\" class=\"size-full wp-image-9875 aligncenter\" src=\"\/\/maderamen.com.ar\/desarrollo-forestal\/wp-content\/uploads\/sites\/2\/2018\/05\/necochea03-05-18-2.jpg\" alt=\"necochea jornada forestal\" width=\"1400\" height=\"700\" srcset=\"https:\/\/maderamen.com.ar\/desarrollo-forestal\/wp-content\/uploads\/sites\/2\/2018\/05\/necochea03-05-18-2.jpg 1400w, https:\/\/maderamen.com.ar\/desarrollo-forestal\/wp-content\/uploads\/sites\/2\/2018\/05\/necochea03-05-18-2-300x150.jpg 300w, https:\/\/maderamen.com.ar\/desarrollo-forestal\/wp-content\/uploads\/sites\/2\/2018\/05\/necochea03-05-18-2-768x384.jpg 768w, https:\/\/maderamen.com.ar\/desarrollo-forestal\/wp-content\/uploads\/sites\/2\/2018\/05\/necochea03-05-18-2-1024x512.jpg 1024w, https:\/\/maderamen.com.ar\/desarrollo-forestal\/wp-content\/uploads\/sites\/2\/2018\/05\/necochea03-05-18-2-696x348.jpg 696w, https:\/\/maderamen.com.ar\/desarrollo-forestal\/wp-content\/uploads\/sites\/2\/2018\/05\/necochea03-05-18-2-1068x534.jpg 1068w, https:\/\/maderamen.com.ar\/desarrollo-forestal\/wp-content\/uploads\/sites\/2\/2018\/05\/necochea03-05-18-2-840x420.jpg 840w\" sizes=\"auto, (max-width: 1400px) 100vw, 1400px\" \/><\/p>\n<p>Vual es un grupo argentino, propiedad de la familia Speranza, especializada en la fabricaci\u00f3n y comercializaci\u00f3n de productos de papel tissue, incluyendo servilletas, toallas y papel higi\u00e9nico, as\u00ed como en producci\u00f3n de pulpa virgen, que desde hace varios a\u00f1os viene provey\u00e9ndose de madera en el sudeste bonaerense.<\/p>\n<p>El grupo cuenta con tres plantas de producci\u00f3n, una planta de fabricaci\u00f3n de pasta de papel (Celulosa Alto Valle) y centros de distribuci\u00f3n ubicados en Santa Fe, C\u00f3rdoba, Bah\u00eda Blanca y Buenos Aires, que emplean a m\u00e1s de 700 personas.<\/p>\n<p>Speranza espera establecer v\u00ednculos comerciales con propietarios de campos, a los fines de forestar unas 2.500 hect\u00e1reas en la zona con eucaliptus, para asegurar parte del abastecimiento de madera de la nueva planta.<\/p>\n<p>Marcelo Quiriconi por su parte, responsable del Departamento Forestal de Celulosa Argentina S.A., mencion\u00f3 que, para abastecer su planta de Capit\u00e1n Berm\u00fadez, Santa Fe, se necesitan entre 9 y 10 hect\u00e1reas de bosques por d\u00eda. Particularmente, desde la zona de Necochea, la empresa ha venido cargado un promedio de 150.000 toneladas por a\u00f1o, durante los \u00faltimos cuatro a\u00f1os, equivalente a un 25% del abastecimiento total de dicha planta industrial. Asimismo, mencion\u00f3 que la intenci\u00f3n de la papelera es seguir comprando madera en la zona en los a\u00f1os venideros, pues les ayuda a diversificar el factor clim\u00e1tico ante posibles anegamientos e inundaciones, que han sufrido en las cuencas forestales del litoral mesopot\u00e1mico.<\/p>\n<p>Otro motivo que mencion\u00f3 fue la alta calidad papelera de la madera del eucalyptus globulus, que les permite mejorar el rendimiento en los mix de maderas que utilizan para obtener celulosa.<\/p>\n<p>Al finalizar esta mesa redonda, los participantes se dirigieron al Establecimiento Rinc\u00f3n del Quequ\u00e9n, para visitar los bosques de Eucalyptus globulus y observar las distintas performances productivas de acuerdo a la calidad del suelo.<\/p>\n<div class=\"youtube-embed\" data-video_id=\"IioWHuwBzGE\"><iframe loading=\"lazy\" title=\"Establecimiento Rinc\u00f3n del Quequ\u00e9n Fabio Achinelli\/Luciano Larrieu-Part 02\" width=\"696\" height=\"392\" src=\"https:\/\/www.youtube.com\/embed\/IioWHuwBzGE?feature=oembed&#038;enablejsapi=1\" frameborder=\"0\" allow=\"accelerometer; autoplay; clipboard-write; encrypted-media; gyroscope; picture-in-picture; web-share\" referrerpolicy=\"strict-origin-when-cross-origin\" allowfullscreen><\/iframe><\/div>\n<p>Informe y fotos: Ing. Agr. Juan Smith.<\/p>\n","protected":false},"excerpt":{"rendered":"<p>Se realiz\u00f3 el 18 de abril en Necochea una Jornadas Forestal, organizada por Proyecto de Investigaci\u00f3n Aplicada (PIA) 14011, UCAR, la Facultad de Ciencias Agrarias y Forestales de la Universidad Nacional de La Plata (UNLP); la Direcci\u00f3n de Desarrollo del Delta, Bosques y Forestaci\u00f3n del Ministerio de Agroindustria de Buenos Aires y la Direcci\u00f3n de [&hellip;]<\/p>\n","protected":false},"author":7,"featured_media":9874,"comment_status":"open","ping_status":"open","sticky":false,"template":"","format":"standard","meta":{"footnotes":""},"categories":[10,7],"tags":[],"class_list":{"0":"post-9873","1":"post","2":"type-post","3":"status-publish","4":"format-standard","5":"has-post-thumbnail","7":"category-featured","8":"category-tecnicas"},"yoast_head":"<!-- This site is optimized with the Yoast SEO plugin v27.4 - https:\/\/yoast.com\/product\/yoast-seo-wordpress\/ -->\n<title>Se realiz\u00f3 el 18 de abril en Necochea una Jornada Forestal<\/title>\n<meta name=\"description\" content=\"Se realiz\u00f3 el 18 de abril en Necochea una Jornadas Forestal, organizada por PIA 14011, UCAR; la Facultad de Ciencias Agrarias y Forestales (UNLP); la Direcci\u00f3n de Desarrollo del Delta, Bosques y Forestaci\u00f3n bonaerense y la Direcci\u00f3n de Desarrollo Foresto-Industrial del Ministerio de Agroindustria de la Naci\u00f3n.\" \/>\n<meta name=\"robots\" content=\"index, follow, max-snippet:-1, max-image-preview:large, max-video-preview:-1\" \/>\n<link rel=\"canonical\" href=\"https:\/\/maderamen.com.ar\/desarrollo-forestal\/2018\/05\/03\/necochea-jornada-forestal\/\" \/>\n<meta property=\"og:locale\" content=\"es_ES\" \/>\n<meta property=\"og:type\" content=\"article\" \/>\n<meta property=\"og:title\" content=\"Se realiz\u00f3 el 18 de abril en Necochea una Jornada Forestal\" \/>\n<meta property=\"og:description\" content=\"Se realiz\u00f3 el 18 de abril en Necochea una Jornadas Forestal, organizada por PIA 14011, UCAR; la Facultad de Ciencias Agrarias y Forestales (UNLP); la Direcci\u00f3n de Desarrollo del Delta, Bosques y Forestaci\u00f3n bonaerense y la Direcci\u00f3n de Desarrollo Foresto-Industrial del Ministerio de Agroindustria de la Naci\u00f3n.\" \/>\n<meta property=\"og:url\" content=\"https:\/\/maderamen.com.ar\/desarrollo-forestal\/2018\/05\/03\/necochea-jornada-forestal\/\" \/>\n<meta property=\"og:site_name\" content=\"Desarrollo Forestal\" \/>\n<meta property=\"article:publisher\" content=\"https:\/\/www.facebook.com\/Maderamen.Argentina\/\" \/>\n<meta property=\"article:published_time\" content=\"2018-05-03T14:49:48+00:00\" \/>\n<meta property=\"article:modified_time\" content=\"2018-05-03T19:16:07+00:00\" \/>\n<meta property=\"og:image\" content=\"https:\/\/maderamen.com.ar\/desarrollo-forestal\/wp-content\/uploads\/sites\/2\/2018\/05\/necochea03-05-18-1.jpg\" \/>\n\t<meta property=\"og:image:width\" content=\"1400\" \/>\n\t<meta property=\"og:image:height\" content=\"700\" \/>\n\t<meta property=\"og:image:type\" content=\"image\/jpeg\" \/>\n<meta name=\"author\" content=\"Maderamen\" \/>\n<meta name=\"twitter:card\" content=\"summary_large_image\" \/>\n<meta name=\"twitter:creator\" content=\"@DesarrolloFores\" \/>\n<meta name=\"twitter:site\" content=\"@DesarrolloFores\" \/>\n<meta name=\"twitter:label1\" content=\"Escrito por\" \/>\n\t<meta name=\"twitter:data1\" content=\"Maderamen\" \/>\n\t<meta name=\"twitter:label2\" content=\"Tiempo de lectura\" \/>\n\t<meta name=\"twitter:data2\" content=\"3 minutos\" \/>\n<script type=\"application\/ld+json\" class=\"yoast-schema-graph\">{\"@context\":\"https:\\\/\\\/schema.org\",\"@graph\":[{\"@type\":\"Article\",\"@id\":\"https:\\\/\\\/maderamen.com.ar\\\/desarrollo-forestal\\\/2018\\\/05\\\/03\\\/necochea-jornada-forestal\\\/#article\",\"isPartOf\":{\"@id\":\"https:\\\/\\\/maderamen.com.ar\\\/desarrollo-forestal\\\/2018\\\/05\\\/03\\\/necochea-jornada-forestal\\\/\"},\"author\":{\"name\":\"Maderamen\",\"@id\":\"https:\\\/\\\/maderamen.com.ar\\\/desarrollo-forestal\\\/#\\\/schema\\\/person\\\/81237cb585ad2f10f2acafa58c3039be\"},\"headline\":\"Se realiz\u00f3 en Necochea una Jornada T\u00e9cnica Forestal, con participaci\u00f3n empresaria\",\"datePublished\":\"2018-05-03T14:49:48+00:00\",\"dateModified\":\"2018-05-03T19:16:07+00:00\",\"mainEntityOfPage\":{\"@id\":\"https:\\\/\\\/maderamen.com.ar\\\/desarrollo-forestal\\\/2018\\\/05\\\/03\\\/necochea-jornada-forestal\\\/\"},\"wordCount\":578,\"commentCount\":0,\"publisher\":{\"@id\":\"https:\\\/\\\/maderamen.com.ar\\\/desarrollo-forestal\\\/#organization\"},\"image\":{\"@id\":\"https:\\\/\\\/maderamen.com.ar\\\/desarrollo-forestal\\\/2018\\\/05\\\/03\\\/necochea-jornada-forestal\\\/#primaryimage\"},\"thumbnailUrl\":\"https:\\\/\\\/maderamen.com.ar\\\/desarrollo-forestal\\\/wp-content\\\/uploads\\\/sites\\\/2\\\/2018\\\/05\\\/necochea03-05-18-1.jpg\",\"articleSection\":[\"Principal\",\"T\u00e9cnicas\"],\"inLanguage\":\"es\",\"potentialAction\":[{\"@type\":\"CommentAction\",\"name\":\"Comment\",\"target\":[\"https:\\\/\\\/maderamen.com.ar\\\/desarrollo-forestal\\\/2018\\\/05\\\/03\\\/necochea-jornada-forestal\\\/#respond\"]}]},{\"@type\":\"WebPage\",\"@id\":\"https:\\\/\\\/maderamen.com.ar\\\/desarrollo-forestal\\\/2018\\\/05\\\/03\\\/necochea-jornada-forestal\\\/\",\"url\":\"https:\\\/\\\/maderamen.com.ar\\\/desarrollo-forestal\\\/2018\\\/05\\\/03\\\/necochea-jornada-forestal\\\/\",\"name\":\"Se realiz\u00f3 el 18 de abril en Necochea una Jornada Forestal\",\"isPartOf\":{\"@id\":\"https:\\\/\\\/maderamen.com.ar\\\/desarrollo-forestal\\\/#website\"},\"primaryImageOfPage\":{\"@id\":\"https:\\\/\\\/maderamen.com.ar\\\/desarrollo-forestal\\\/2018\\\/05\\\/03\\\/necochea-jornada-forestal\\\/#primaryimage\"},\"image\":{\"@id\":\"https:\\\/\\\/maderamen.com.ar\\\/desarrollo-forestal\\\/2018\\\/05\\\/03\\\/necochea-jornada-forestal\\\/#primaryimage\"},\"thumbnailUrl\":\"https:\\\/\\\/maderamen.com.ar\\\/desarrollo-forestal\\\/wp-content\\\/uploads\\\/sites\\\/2\\\/2018\\\/05\\\/necochea03-05-18-1.jpg\",\"datePublished\":\"2018-05-03T14:49:48+00:00\",\"dateModified\":\"2018-05-03T19:16:07+00:00\",\"description\":\"Se realiz\u00f3 el 18 de abril en Necochea una Jornadas Forestal, organizada por PIA 14011, UCAR; la Facultad de Ciencias Agrarias y Forestales (UNLP); la Direcci\u00f3n de Desarrollo del Delta, Bosques y Forestaci\u00f3n bonaerense y la Direcci\u00f3n de Desarrollo Foresto-Industrial del Ministerio de Agroindustria de la Naci\u00f3n.\",\"breadcrumb\":{\"@id\":\"https:\\\/\\\/maderamen.com.ar\\\/desarrollo-forestal\\\/2018\\\/05\\\/03\\\/necochea-jornada-forestal\\\/#breadcrumb\"},\"inLanguage\":\"es\",\"potentialAction\":[{\"@type\":\"ReadAction\",\"target\":[\"https:\\\/\\\/maderamen.com.ar\\\/desarrollo-forestal\\\/2018\\\/05\\\/03\\\/necochea-jornada-forestal\\\/\"]}]},{\"@type\":\"ImageObject\",\"inLanguage\":\"es\",\"@id\":\"https:\\\/\\\/maderamen.com.ar\\\/desarrollo-forestal\\\/2018\\\/05\\\/03\\\/necochea-jornada-forestal\\\/#primaryimage\",\"url\":\"https:\\\/\\\/maderamen.com.ar\\\/desarrollo-forestal\\\/wp-content\\\/uploads\\\/sites\\\/2\\\/2018\\\/05\\\/necochea03-05-18-1.jpg\",\"contentUrl\":\"https:\\\/\\\/maderamen.com.ar\\\/desarrollo-forestal\\\/wp-content\\\/uploads\\\/sites\\\/2\\\/2018\\\/05\\\/necochea03-05-18-1.jpg\",\"width\":1400,\"height\":700,\"caption\":\"Visita a Rinc\u00f3n del Quequ\u00e9n.\"},{\"@type\":\"BreadcrumbList\",\"@id\":\"https:\\\/\\\/maderamen.com.ar\\\/desarrollo-forestal\\\/2018\\\/05\\\/03\\\/necochea-jornada-forestal\\\/#breadcrumb\",\"itemListElement\":[{\"@type\":\"ListItem\",\"position\":1,\"name\":\"Portada\",\"item\":\"https:\\\/\\\/maderamen.com.ar\\\/desarrollo-forestal\\\/\"},{\"@type\":\"ListItem\",\"position\":2,\"name\":\"Se realiz\u00f3 en Necochea una Jornada T\u00e9cnica Forestal, con participaci\u00f3n empresaria\"}]},{\"@type\":\"WebSite\",\"@id\":\"https:\\\/\\\/maderamen.com.ar\\\/desarrollo-forestal\\\/#website\",\"url\":\"https:\\\/\\\/maderamen.com.ar\\\/desarrollo-forestal\\\/\",\"name\":\"Desarrollo Forestal\",\"description\":\"Noticias del sector forestal\",\"publisher\":{\"@id\":\"https:\\\/\\\/maderamen.com.ar\\\/desarrollo-forestal\\\/#organization\"},\"potentialAction\":[{\"@type\":\"SearchAction\",\"target\":{\"@type\":\"EntryPoint\",\"urlTemplate\":\"https:\\\/\\\/maderamen.com.ar\\\/desarrollo-forestal\\\/?s={search_term_string}\"},\"query-input\":{\"@type\":\"PropertyValueSpecification\",\"valueRequired\":true,\"valueName\":\"search_term_string\"}}],\"inLanguage\":\"es\"},{\"@type\":\"Organization\",\"@id\":\"https:\\\/\\\/maderamen.com.ar\\\/desarrollo-forestal\\\/#organization\",\"name\":\"Maderamen\",\"url\":\"https:\\\/\\\/maderamen.com.ar\\\/desarrollo-forestal\\\/\",\"logo\":{\"@type\":\"ImageObject\",\"inLanguage\":\"es\",\"@id\":\"https:\\\/\\\/maderamen.com.ar\\\/desarrollo-forestal\\\/#\\\/schema\\\/logo\\\/image\\\/\",\"url\":\"https:\\\/\\\/maderamen.com.ar\\\/desarrollo-forestal\\\/wp-content\\\/uploads\\\/sites\\\/2\\\/2026\\\/03\\\/maderamen-emago.png\",\"contentUrl\":\"https:\\\/\\\/maderamen.com.ar\\\/desarrollo-forestal\\\/wp-content\\\/uploads\\\/sites\\\/2\\\/2026\\\/03\\\/maderamen-emago.png\",\"width\":250,\"height\":246,\"caption\":\"Maderamen\"},\"image\":{\"@id\":\"https:\\\/\\\/maderamen.com.ar\\\/desarrollo-forestal\\\/#\\\/schema\\\/logo\\\/image\\\/\"},\"sameAs\":[\"https:\\\/\\\/www.facebook.com\\\/Maderamen.Argentina\\\/\",\"https:\\\/\\\/x.com\\\/DesarrolloFores\",\"https:\\\/\\\/www.youtube.com\\\/channel\\\/UCeYU2-_JRTYYpgHoyhTT2Fg\",\"https:\\\/\\\/www.instagram.com\\\/maderamen.ok\\\/\",\"https:\\\/\\\/www.linkedin.com\\\/company\\\/maderameneditorial\\\/\"]},{\"@type\":\"Person\",\"@id\":\"https:\\\/\\\/maderamen.com.ar\\\/desarrollo-forestal\\\/#\\\/schema\\\/person\\\/81237cb585ad2f10f2acafa58c3039be\",\"name\":\"Maderamen\",\"image\":{\"@type\":\"ImageObject\",\"inLanguage\":\"es\",\"@id\":\"https:\\\/\\\/secure.gravatar.com\\\/avatar\\\/a1b1f0c9d2022e41abb183e86a64d5f6f0b4ded802929b19f98f6623f6c677c7?s=96&d=mm&r=g\",\"url\":\"https:\\\/\\\/secure.gravatar.com\\\/avatar\\\/a1b1f0c9d2022e41abb183e86a64d5f6f0b4ded802929b19f98f6623f6c677c7?s=96&d=mm&r=g\",\"contentUrl\":\"https:\\\/\\\/secure.gravatar.com\\\/avatar\\\/a1b1f0c9d2022e41abb183e86a64d5f6f0b4ded802929b19f98f6623f6c677c7?s=96&d=mm&r=g\",\"caption\":\"Maderamen\"},\"url\":\"https:\\\/\\\/maderamen.com.ar\\\/desarrollo-forestal\\\/author\\\/maderameneditor\\\/\"}]}<\/script>\n<!-- \/ Yoast SEO plugin. -->","yoast_head_json":{"title":"Se realiz\u00f3 el 18 de abril en Necochea una Jornada Forestal","description":"Se realiz\u00f3 el 18 de abril en Necochea una Jornadas Forestal, organizada por PIA 14011, UCAR; la Facultad de Ciencias Agrarias y Forestales (UNLP); la Direcci\u00f3n de Desarrollo del Delta, Bosques y Forestaci\u00f3n bonaerense y la Direcci\u00f3n de Desarrollo Foresto-Industrial del Ministerio de Agroindustria de la Naci\u00f3n.","robots":{"index":"index","follow":"follow","max-snippet":"max-snippet:-1","max-image-preview":"max-image-preview:large","max-video-preview":"max-video-preview:-1"},"canonical":"https:\/\/maderamen.com.ar\/desarrollo-forestal\/2018\/05\/03\/necochea-jornada-forestal\/","og_locale":"es_ES","og_type":"article","og_title":"Se realiz\u00f3 el 18 de abril en Necochea una Jornada Forestal","og_description":"Se realiz\u00f3 el 18 de abril en Necochea una Jornadas Forestal, organizada por PIA 14011, UCAR; la Facultad de Ciencias Agrarias y Forestales (UNLP); la Direcci\u00f3n de Desarrollo del Delta, Bosques y Forestaci\u00f3n bonaerense y la Direcci\u00f3n de Desarrollo Foresto-Industrial del Ministerio de Agroindustria de la Naci\u00f3n.","og_url":"https:\/\/maderamen.com.ar\/desarrollo-forestal\/2018\/05\/03\/necochea-jornada-forestal\/","og_site_name":"Desarrollo Forestal","article_publisher":"https:\/\/www.facebook.com\/Maderamen.Argentina\/","article_published_time":"2018-05-03T14:49:48+00:00","article_modified_time":"2018-05-03T19:16:07+00:00","og_image":[{"width":1400,"height":700,"url":"https:\/\/maderamen.com.ar\/desarrollo-forestal\/wp-content\/uploads\/sites\/2\/2018\/05\/necochea03-05-18-1.jpg","type":"image\/jpeg"}],"author":"Maderamen","twitter_card":"summary_large_image","twitter_creator":"@DesarrolloFores","twitter_site":"@DesarrolloFores","twitter_misc":{"Escrito por":"Maderamen","Tiempo de lectura":"3 minutos"},"schema":{"@context":"https:\/\/schema.org","@graph":[{"@type":"Article","@id":"https:\/\/maderamen.com.ar\/desarrollo-forestal\/2018\/05\/03\/necochea-jornada-forestal\/#article","isPartOf":{"@id":"https:\/\/maderamen.com.ar\/desarrollo-forestal\/2018\/05\/03\/necochea-jornada-forestal\/"},"author":{"name":"Maderamen","@id":"https:\/\/maderamen.com.ar\/desarrollo-forestal\/#\/schema\/person\/81237cb585ad2f10f2acafa58c3039be"},"headline":"Se realiz\u00f3 en Necochea una Jornada T\u00e9cnica Forestal, con participaci\u00f3n empresaria","datePublished":"2018-05-03T14:49:48+00:00","dateModified":"2018-05-03T19:16:07+00:00","mainEntityOfPage":{"@id":"https:\/\/maderamen.com.ar\/desarrollo-forestal\/2018\/05\/03\/necochea-jornada-forestal\/"},"wordCount":578,"commentCount":0,"publisher":{"@id":"https:\/\/maderamen.com.ar\/desarrollo-forestal\/#organization"},"image":{"@id":"https:\/\/maderamen.com.ar\/desarrollo-forestal\/2018\/05\/03\/necochea-jornada-forestal\/#primaryimage"},"thumbnailUrl":"https:\/\/maderamen.com.ar\/desarrollo-forestal\/wp-content\/uploads\/sites\/2\/2018\/05\/necochea03-05-18-1.jpg","articleSection":["Principal","T\u00e9cnicas"],"inLanguage":"es","potentialAction":[{"@type":"CommentAction","name":"Comment","target":["https:\/\/maderamen.com.ar\/desarrollo-forestal\/2018\/05\/03\/necochea-jornada-forestal\/#respond"]}]},{"@type":"WebPage","@id":"https:\/\/maderamen.com.ar\/desarrollo-forestal\/2018\/05\/03\/necochea-jornada-forestal\/","url":"https:\/\/maderamen.com.ar\/desarrollo-forestal\/2018\/05\/03\/necochea-jornada-forestal\/","name":"Se realiz\u00f3 el 18 de abril en Necochea una Jornada Forestal","isPartOf":{"@id":"https:\/\/maderamen.com.ar\/desarrollo-forestal\/#website"},"primaryImageOfPage":{"@id":"https:\/\/maderamen.com.ar\/desarrollo-forestal\/2018\/05\/03\/necochea-jornada-forestal\/#primaryimage"},"image":{"@id":"https:\/\/maderamen.com.ar\/desarrollo-forestal\/2018\/05\/03\/necochea-jornada-forestal\/#primaryimage"},"thumbnailUrl":"https:\/\/maderamen.com.ar\/desarrollo-forestal\/wp-content\/uploads\/sites\/2\/2018\/05\/necochea03-05-18-1.jpg","datePublished":"2018-05-03T14:49:48+00:00","dateModified":"2018-05-03T19:16:07+00:00","description":"Se realiz\u00f3 el 18 de abril en Necochea una Jornadas Forestal, organizada por PIA 14011, UCAR; la Facultad de Ciencias Agrarias y Forestales (UNLP); la Direcci\u00f3n de Desarrollo del Delta, Bosques y Forestaci\u00f3n bonaerense y la Direcci\u00f3n de Desarrollo Foresto-Industrial del Ministerio de Agroindustria de la Naci\u00f3n.","breadcrumb":{"@id":"https:\/\/maderamen.com.ar\/desarrollo-forestal\/2018\/05\/03\/necochea-jornada-forestal\/#breadcrumb"},"inLanguage":"es","potentialAction":[{"@type":"ReadAction","target":["https:\/\/maderamen.com.ar\/desarrollo-forestal\/2018\/05\/03\/necochea-jornada-forestal\/"]}]},{"@type":"ImageObject","inLanguage":"es","@id":"https:\/\/maderamen.com.ar\/desarrollo-forestal\/2018\/05\/03\/necochea-jornada-forestal\/#primaryimage","url":"https:\/\/maderamen.com.ar\/desarrollo-forestal\/wp-content\/uploads\/sites\/2\/2018\/05\/necochea03-05-18-1.jpg","contentUrl":"https:\/\/maderamen.com.ar\/desarrollo-forestal\/wp-content\/uploads\/sites\/2\/2018\/05\/necochea03-05-18-1.jpg","width":1400,"height":700,"caption":"Visita a Rinc\u00f3n del Quequ\u00e9n."},{"@type":"BreadcrumbList","@id":"https:\/\/maderamen.com.ar\/desarrollo-forestal\/2018\/05\/03\/necochea-jornada-forestal\/#breadcrumb","itemListElement":[{"@type":"ListItem","position":1,"name":"Portada","item":"https:\/\/maderamen.com.ar\/desarrollo-forestal\/"},{"@type":"ListItem","position":2,"name":"Se realiz\u00f3 en Necochea una Jornada T\u00e9cnica Forestal, con participaci\u00f3n empresaria"}]},{"@type":"WebSite","@id":"https:\/\/maderamen.com.ar\/desarrollo-forestal\/#website","url":"https:\/\/maderamen.com.ar\/desarrollo-forestal\/","name":"Desarrollo Forestal","description":"Noticias del sector forestal","publisher":{"@id":"https:\/\/maderamen.com.ar\/desarrollo-forestal\/#organization"},"potentialAction":[{"@type":"SearchAction","target":{"@type":"EntryPoint","urlTemplate":"https:\/\/maderamen.com.ar\/desarrollo-forestal\/?s={search_term_string}"},"query-input":{"@type":"PropertyValueSpecification","valueRequired":true,"valueName":"search_term_string"}}],"inLanguage":"es"},{"@type":"Organization","@id":"https:\/\/maderamen.com.ar\/desarrollo-forestal\/#organization","name":"Maderamen","url":"https:\/\/maderamen.com.ar\/desarrollo-forestal\/","logo":{"@type":"ImageObject","inLanguage":"es","@id":"https:\/\/maderamen.com.ar\/desarrollo-forestal\/#\/schema\/logo\/image\/","url":"https:\/\/maderamen.com.ar\/desarrollo-forestal\/wp-content\/uploads\/sites\/2\/2026\/03\/maderamen-emago.png","contentUrl":"https:\/\/maderamen.com.ar\/desarrollo-forestal\/wp-content\/uploads\/sites\/2\/2026\/03\/maderamen-emago.png","width":250,"height":246,"caption":"Maderamen"},"image":{"@id":"https:\/\/maderamen.com.ar\/desarrollo-forestal\/#\/schema\/logo\/image\/"},"sameAs":["https:\/\/www.facebook.com\/Maderamen.Argentina\/","https:\/\/x.com\/DesarrolloFores","https:\/\/www.youtube.com\/channel\/UCeYU2-_JRTYYpgHoyhTT2Fg","https:\/\/www.instagram.com\/maderamen.ok\/","https:\/\/www.linkedin.com\/company\/maderameneditorial\/"]},{"@type":"Person","@id":"https:\/\/maderamen.com.ar\/desarrollo-forestal\/#\/schema\/person\/81237cb585ad2f10f2acafa58c3039be","name":"Maderamen","image":{"@type":"ImageObject","inLanguage":"es","@id":"https:\/\/secure.gravatar.com\/avatar\/a1b1f0c9d2022e41abb183e86a64d5f6f0b4ded802929b19f98f6623f6c677c7?s=96&d=mm&r=g","url":"https:\/\/secure.gravatar.com\/avatar\/a1b1f0c9d2022e41abb183e86a64d5f6f0b4ded802929b19f98f6623f6c677c7?s=96&d=mm&r=g","contentUrl":"https:\/\/secure.gravatar.com\/avatar\/a1b1f0c9d2022e41abb183e86a64d5f6f0b4ded802929b19f98f6623f6c677c7?s=96&d=mm&r=g","caption":"Maderamen"},"url":"https:\/\/maderamen.com.ar\/desarrollo-forestal\/author\/maderameneditor\/"}]}},"_links":{"self":[{"href":"https:\/\/maderamen.com.ar\/desarrollo-forestal\/wp-json\/wp\/v2\/posts\/9873","targetHints":{"allow":["GET"]}}],"collection":[{"href":"https:\/\/maderamen.com.ar\/desarrollo-forestal\/wp-json\/wp\/v2\/posts"}],"about":[{"href":"https:\/\/maderamen.com.ar\/desarrollo-forestal\/wp-json\/wp\/v2\/types\/post"}],"author":[{"embeddable":true,"href":"https:\/\/maderamen.com.ar\/desarrollo-forestal\/wp-json\/wp\/v2\/users\/7"}],"replies":[{"embeddable":true,"href":"https:\/\/maderamen.com.ar\/desarrollo-forestal\/wp-json\/wp\/v2\/comments?post=9873"}],"version-history":[{"count":0,"href":"https:\/\/maderamen.com.ar\/desarrollo-forestal\/wp-json\/wp\/v2\/posts\/9873\/revisions"}],"wp:featuredmedia":[{"embeddable":true,"href":"https:\/\/maderamen.com.ar\/desarrollo-forestal\/wp-json\/wp\/v2\/media\/9874"}],"wp:attachment":[{"href":"https:\/\/maderamen.com.ar\/desarrollo-forestal\/wp-json\/wp\/v2\/media?parent=9873"}],"wp:term":[{"taxonomy":"category","embeddable":true,"href":"https:\/\/maderamen.com.ar\/desarrollo-forestal\/wp-json\/wp\/v2\/categories?post=9873"},{"taxonomy":"post_tag","embeddable":true,"href":"https:\/\/maderamen.com.ar\/desarrollo-forestal\/wp-json\/wp\/v2\/tags?post=9873"}],"curies":[{"name":"wp","href":"https:\/\/api.w.org\/{rel}","templated":true}]}}