{"id":9853,"date":"2018-05-07T08:30:35","date_gmt":"2018-05-07T11:30:35","guid":{"rendered":"http:\/\/maderamen.com.ar\/desarrollo-forestal\/?p=9853"},"modified":"2018-05-01T22:01:36","modified_gmt":"2018-05-02T01:01:36","slug":"greenpeace-limita-apoyo-fsc","status":"publish","type":"post","link":"https:\/\/maderamen.com.ar\/desarrollo-forestal\/2018\/05\/07\/greenpeace-limita-apoyo-fsc\/","title":{"rendered":"Greenpeace Internacional decidi\u00f3 limitar a nivel mundial su apoyo a FSC"},"content":{"rendered":"<p><strong>A continuaci\u00f3n se difunde de manera textual la \u201cDeclaraci\u00f3n sobre la certificaci\u00f3n forestal y recomendaciones para empresas y consumidores\u201d emitida por la sede central de Greenpeace, con sede en Amsterdam, Holanda. \u201cGreenpeace Internacional ya no pertenece a ning\u00fan sistema de certificaci\u00f3n forestal\u201d, se sentenci\u00f3 en el comunicado.<\/strong><\/p>\n<h3><strong>Resumen de recomendaciones<\/strong><\/h3>\n<p>&#8211; Reduce, reutiliza y recicla. Greenpeace recomienda a las personas y empresas que reduzcan su consumo, reutilicen al m\u00e1ximo los productos y, cuando sea necesario, compren productos fabricados a partir de papel 100% reciclado post-consumo y madera recuperada. Todos los productos deben ser dise\u00f1ados para ser reciclados en su totalidad y con facilidad.<\/p>\n<p>&#8211; Cuando las empresas que compran grandes vol\u00famenes se abastezcan de fibra\/madera virgen deben llevar a cabo una diligencia debida sobre el origen del suministro, las especies utilizadas, la protecci\u00f3n de los altos valores de conservaci\u00f3n (AVC), incluidos los Paisajes Forestales Intactos (IFLs) i y la garant\u00eda de que se respetan los derechos de los pueblos ind\u00edgenas.<\/p>\n<p>&#8211; La certificaci\u00f3n forestal, como la madera certificada de gesti\u00f3n forestal FSC 100%, puede ser una herramienta \u00fatil para llevar a cabo esta diligencia debida. No obstante, en muchas ocasiones es necesario una diligencia debida adicional, como por ejemplo cuando los productos provienen de regiones donde las instituciones de la sociedad civil son d\u00e9biles, el nivel de corrupci\u00f3n es alto y\/o los altos valores de conservaci\u00f3n (AVC) no se protegen oficialmente; y para asegurar que se cumplen los compromisos de no deforestaci\u00f3n, no destrucci\u00f3n de turberas y no explotaci\u00f3n (NDPE). Greenpeace advierte contra el uso de sistemas de certificaci\u00f3n forestal m\u00e1s d\u00e9biles, como el PEFC, ya que no pueden garantizar ni la legalidad ni unas pr\u00e1cticas de gesti\u00f3n forestal m\u00ednimamente responsables sobre el terreno.<\/p>\n<p>&#8211; Greenpeace Internacional ya no pertenece a ning\u00fan sistema de certificaci\u00f3n forestal. Las oficinas de Greenpeace pueden elegir ser socias del FSC y participar a nivel nacional cuando el FSC tenga una s\u00f3lida implementaci\u00f3n local. Ninguna entidad de Greenpeace es miembro del PEFC o de sus filiales.<\/p>\n<h3><strong>Recomendaciones para el consumo de productos de origen forestal<\/strong><\/h3>\n<p>&#8211; Reduce, reutiliza y recicla. Greenpeace recuerda que lo mejor para el medioambiente es, en primer lugar, reducir el consumo; despu\u00e9s, reutilizar los productos tanto como sea posible; y tercero, utilizar productos que est\u00e9n hechos de fibras alternativas 100% recicladas post-consumo y producidas de forma responsable. Los productos m\u00e1s respetuosos con el medioambiente son aquellos que no terminan en la papelera. Necesitamos reducir dr\u00e1sticamente el consumo de productos de fibra de madera si queremos proteger los \u00faltimos bosques que quedan. Cuando sea absolutamente necesario utilizar productos desechables, estos deben ser de fibras alternativas 100% recicladas y\/o producidas de manera responsable siempre que sea posible.<\/p>\n<p>Si no hay disponibles productos de pasta de papel y papel reciclados, la mejor opci\u00f3n suelen ser los productos 100% FSC. Siempre que sea posible, Greenpeace recomienda averiguar de d\u00f3nde proceden los productos. De manera especial, es importante saber si existen problemas medioambientales o de derechos humanos en las regiones de origen y si se cumplen los compromisos de NDPE. Los productos que usan fibra virgen se deben dise\u00f1ar de forma que sean total y f\u00e1cilmente reciclables.<\/p>\n<p>En madera y productos de madera, <a href=\"http:\/\/www.greenpeace.org\/argentina\/es\/\" target=\"_blank\" rel=\"noopener\">Greenpeace<\/a> recomienda el uso de madera recuperada. Cuando no sea posible emplear este tipo de madera, la mejor opci\u00f3n es la madera que lleva la etiqueta 100% FSC. No obstante, siempre que sea posible, los consumidores (especialmente los que compran grandes vol\u00famenes de madera, como los constructores) deben investigar m\u00e1s a fondo para minimizar el riesgo de comprar madera de fuentes conflictivas. Los grandes compradores deben siempre obtener informaci\u00f3n tanto de la ubicaci\u00f3n de la fuente como de las especies utilizadas y optar por fuentes locales o regionales que operan de manera responsable.<\/p>\n<p>Greenpeace advierte a los consumidores que los productos etiquetados FSC Mixto no cumplen todos los principios de la gesti\u00f3n forestal FSC. Los productos etiquetados FSC Mixto contienen madera que procede simplemente de fuentes \u201ccontroladas\u201d, pero no de una gesti\u00f3n forestal certificada, y hemos encontrado en algunos casos madera que proviene de la destrucci\u00f3n de \u00e1reas de alto valor de conservaci\u00f3n y de donde se han violado los derechos tradicionales debido a los fallos en el control de la cadena de suministro.<\/p>\n<p>Adem\u00e1s, en la actualidad el PEFC y las etiquetas que avala (como el SFI, el CSA en Norteam\u00e9rica y el IFCC en Indonesia) no son una buena garant\u00eda de que se cumple un gran desempe\u00f1o medioambiental y social, por lo tanto, Greenpeace recomienda evitar su compra.<\/p>\n<h3><strong>Recomendaciones para los grandes compradores de madera, pasta de papel y papel<\/strong><\/h3>\n<p>En primer lugar, Greenpeace anima a los grandes compradores de productos forestales a reducir el uso de fibra procedente de bosque virgen. Creemos que las opciones m\u00e1s sostenibles y los mejores indicadores de desempe\u00f1o ambiental son los productos forestales 100% reciclado post-consumo y las fibras alternativas producidas de forma responsable.<\/p>\n<p>Cuando sea absolutamente necesario utilizar madera o fibra virgen, los productos con el sello FSC 100% siguen siendo la mejor opci\u00f3n disponible. Sin embargo, dependiendo del origen de la fibra, a menudo es necesario realizar una diligencia debida adicional para garantizar que cumple los requisitos de la pol\u00edtica de la empresa, incluida NDPE, especialmente cuando procede de regiones de \u00abalto riesgo\u00bb donde las instituciones democr\u00e1ticas y de la sociedad civil son d\u00e9biles y el nivel de corrupci\u00f3n es alto.<\/p>\n<p>Greenpeace Internacional advierte nuevamente sobre el uso de productos \u00abFSC Mixto\u00bb que contienen \u00abmadera controlada\u00bb iv la cual puede proceder de operaciones forestales destructivas que no han sido certificadas y en las que no se cumplen los principios y criterios FSC sobre gesti\u00f3n forestal.<\/p>\n<p>Greenpeace avisa de manera en\u00e9rgica contra el uso de fibra de madera certificada PEFC, ya que el PEFC y los sistemas de certificaci\u00f3n que avala no ofrecen un marco global s\u00f3lido para la conservaci\u00f3n de los bosques y los derechos humanos.<\/p>\n<p>En la medida que las empresas se adentren en esta realidad compleja, Greenpeace est\u00e1 disponible para ser una fuente de informaci\u00f3n.<\/p>\n<h3><strong>Greenpeace y su participaci\u00f3n en los sistemas de certificaci\u00f3n forestal<\/strong><\/h3>\n<p>Greenpeace Internacional no pertenece a ning\u00fan sistema de certificaci\u00f3n forestal. Las veintis\u00e9is oficinas nacionales y regionales de Greenpeace son aut\u00f3nomas para decidir si pertenecer o no a los sistemas de certificaci\u00f3n forestal. De hecho, algunas oficinas nacionales de Greenpeace son actualmente miembros del Forest Stewardship Council (FSC).<\/p>\n<p>A d\u00eda de hoy, abril de 2018, ninguna entidad de Greenpeace es miembro ni del PEFC ni de ning\u00fan sistema afiliado al PEFC como la Sustainable Forestry Initiative (SFI) en Norteam\u00e9rica o la Indonesian Forestry Certification Cooperation de Indonesia.<\/p>\n<figure id=\"attachment_9855\" aria-describedby=\"caption-attachment-9855\" style=\"width: 540px\" class=\"wp-caption aligncenter\"><img loading=\"lazy\" decoding=\"async\" class=\"size-full wp-image-9855\" src=\"\/\/maderamen.com.ar\/desarrollo-forestal\/wp-content\/uploads\/sites\/2\/2018\/05\/cuchuy_cuerpo.jpg\" alt=\"Greenpeace - cuchuy_cuerpo\" width=\"540\" height=\"360\" srcset=\"https:\/\/maderamen.com.ar\/desarrollo-forestal\/wp-content\/uploads\/sites\/2\/2018\/05\/cuchuy_cuerpo.jpg 540w, https:\/\/maderamen.com.ar\/desarrollo-forestal\/wp-content\/uploads\/sites\/2\/2018\/05\/cuchuy_cuerpo-300x200.jpg 300w\" sizes=\"auto, (max-width: 540px) 100vw, 540px\" \/><figcaption id=\"caption-attachment-9855\" class=\"wp-caption-text\">Desmontes en Salta en 2012. \u201cComo sistema de certificaci\u00f3n forestal, el FSC es una herramienta para la mejora de la gesti\u00f3n forestal y el aprovechamiento de los bosques, pero Greenpeace cree que no est\u00e1 haciendo lo suficiente en materia de conservaci\u00f3n\u201d, afirm\u00f3 la entidad.<\/figcaption><\/figure>\n<h3><strong>&#8211; Marzo 2018: Greenpeace Internacional cambia su status en el Forest Stewardship Council<\/strong><\/h3>\n<p>Greenpeace Internacional fue uno de los miembros fundadores del Forest Stewardship Council (FSC), pero ha tomado la decisi\u00f3n de no renovar su afiliaci\u00f3n al FSC debido a una puesta en pr\u00e1ctica deficiente de los est\u00e1ndares y el fallo en la protecci\u00f3n de los bosques.<\/p>\n<p>Greenpeace Internacional fue socia fundadora del FSC, por lo que esta decisi\u00f3n no se ha tomado a la ligera. Los principios rectores y el modelo de gobernanza del FSC siguen siendo dignos de admiraci\u00f3n: los criterios de gesti\u00f3n responsable se negocian entre los representantes de la industria, las organizaciones medioambientales, las organizaciones de la sociedad civil y los representantes ind\u00edgenas en un sistema de c\u00e1mara democr\u00e1tica equitativa; terceras partes independientes son las que auditan y certifican las operaciones forestales seg\u00fan estos criterios. Por tanto, aunque Greenpeace Internacional deje de ser socia, seguiremos estando en contacto con FSC Internacional y sus socios para tratar temas relacionados con la conservaci\u00f3n de los bosques y con los derechos humanos.<\/p>\n<p>Sin embargo, Greenpeace cree que los principios y criterios del FSC se est\u00e1n poniendo en pr\u00e1ctica de manera desigual en los bosques del planeta. En algunas regiones la certificaci\u00f3n FSC ha mejorado las pr\u00e1cticas forestales, pero en otras no ha cumplido su objetivo de conservar los bosques y proporcionar beneficios sociales adicionales. Esto ocurre particularmente en las regiones de \u00abalto riesgo\u00bb donde las instituciones democr\u00e1ticas y de la sociedad civil son d\u00e9biles y el nivel de corrupci\u00f3n es alto.<\/p>\n<p>Como sistema de certificaci\u00f3n forestal, el FSC es una herramienta para la mejora de la gesti\u00f3n forestal y el aprovechamiento de los bosques, pero Greenpeace cree que no est\u00e1 haciendo lo suficiente en materia de conservaci\u00f3n. Aunque incluye normas para la conservaci\u00f3n de los bosques y puede servir para ello, Greenpeace cree que el sistema FSC se centra actualmente en las operaciones forestales comerciales y necesita llevar a cabo mejoras para lograr una protecci\u00f3n forestal a gran escala en todas las regiones forestales del mundo.<\/p>\n<h3><strong>Greenpeace cree que la transparencia es la base de la rendici\u00f3n de cuentas<\/strong><\/h3>\n<p>Es m\u00e1s, Greenpeace cree que la transparencia es la base de la rendici\u00f3n de cuentas y del abastecimiento responsable de productos. Est\u00e1 pr\u00e1ctica est\u00e1 empezando a ser la norma com\u00fan en las cadenas de suministro de materias primas. Para ser cre\u00edble, un sistema de certificaci\u00f3n forestal debe publicar mapas digitales de las unidades de gesti\u00f3n forestal certificadas y de aquellas \u00e1reas de abastecimiento que el sistema considere de \u201cbajo riesgo\u201d. En la actualidad, ni el FSC ni ning\u00fan otro sistema de certificaci\u00f3n de madera hacen p\u00fablica la cartograf\u00eda a nivel global; tampoco son p\u00fablicos los informes de las auditor\u00edas de cada uno de los certificados de la Cadena de Custodia.<\/p>\n<p>Por tanto, a nivel mundial, Greenpeace Internacional ha decidido limitar su apoyo al FSC y dejar que las oficinas nacionales decidan si seguir afiliadas, o no, en aquellas regiones donde sea correcto trabajar con el FSC para lograr est\u00e1ndares rigurosos y su aplicaci\u00f3n real sobre el terreno. Greenpeace Internacional seguir\u00e1 en contacto con FSC Internacional y sus socios para tratar temas relacionados con la conservaci\u00f3n de los bosques y con los derechos humanos.<\/p>\n<p>La postura de Greenpeace con respecto a los sistemas de certificaci\u00f3n forestal menos cre\u00edbles no ha variado. Ni apoyamos al PEFC ni a los sistemas de certificaci\u00f3n afiliados como la Sustainable Forestry Initiative (SFI) en Norteam\u00e9rica, el Malaysian Timber Certification Council (MTCC), el Australian Forestry Standard (AFS) o la Indonesian Forestry Certification Cooperation de Indonesia. Ni Greenpeace Internacional ni las oficinas nacionales son miembros de ninguno de los sistemas PEFC.<\/p>\n<p>Greenpeace tampoco respalda los productos que se encuentran en el mercado con certificaci\u00f3n PEFC porque los sistemas PEFC carecen de la base y requisitos b\u00e1sicos para proteger los valores sociales y ecol\u00f3gicos ya que est\u00e1n principalmente al servicio de los intereses de la industria maderera.<\/p>\n<p>Foto: Greenpeace<\/p>\n","protected":false},"excerpt":{"rendered":"<p>A continuaci\u00f3n se difunde de manera textual la \u201cDeclaraci\u00f3n sobre la certificaci\u00f3n forestal y recomendaciones para empresas y consumidores\u201d emitida por la sede central de Greenpeace, con sede en Amsterdam, Holanda. \u201cGreenpeace Internacional ya no pertenece a ning\u00fan sistema de certificaci\u00f3n forestal\u201d, se sentenci\u00f3 en el comunicado. Resumen de recomendaciones &#8211; Reduce, reutiliza y recicla. [&hellip;]<\/p>\n","protected":false},"author":6,"featured_media":9854,"comment_status":"open","ping_status":"open","sticky":false,"template":"","format":"standard","meta":{"footnotes":""},"categories":[3,10],"tags":[],"class_list":{"0":"post-9853","1":"post","2":"type-post","3":"status-publish","4":"format-standard","5":"has-post-thumbnail","7":"category-ambiente","8":"category-featured"},"yoast_head":"<!-- This site is optimized with the Yoast SEO plugin v27.4 - https:\/\/yoast.com\/product\/yoast-seo-wordpress\/ -->\n<title>Greenpeace Internacional decidi\u00f3 limitar a nivel mundial su apoyo a FSC<\/title>\n<meta name=\"description\" content=\"\u201cDeclaraci\u00f3n sobre la certificaci\u00f3n forestal y recomendaciones para empresas y consumidores\u201d emitida por la sede central de Greenpeace, con sede en Amsterdam, Holanda. \u201cGreenpeace Internacional ya no pertenece a ning\u00fan sistema de certificaci\u00f3n forestal\u201d, se sentenci\u00f3 en el comunicado.\" \/>\n<meta name=\"robots\" content=\"index, follow, max-snippet:-1, max-image-preview:large, max-video-preview:-1\" \/>\n<link rel=\"canonical\" href=\"https:\/\/maderamen.com.ar\/desarrollo-forestal\/2018\/05\/07\/greenpeace-limita-apoyo-fsc\/\" \/>\n<meta property=\"og:locale\" content=\"es_ES\" \/>\n<meta property=\"og:type\" content=\"article\" \/>\n<meta property=\"og:title\" content=\"Greenpeace Internacional decidi\u00f3 limitar a nivel mundial su apoyo a FSC\" \/>\n<meta property=\"og:description\" content=\"\u201cDeclaraci\u00f3n sobre la certificaci\u00f3n forestal y recomendaciones para empresas y consumidores\u201d emitida por la sede central de Greenpeace, con sede en Amsterdam, Holanda. \u201cGreenpeace Internacional ya no pertenece a ning\u00fan sistema de certificaci\u00f3n forestal\u201d, se sentenci\u00f3 en el comunicado.\" \/>\n<meta property=\"og:url\" content=\"https:\/\/maderamen.com.ar\/desarrollo-forestal\/2018\/05\/07\/greenpeace-limita-apoyo-fsc\/\" \/>\n<meta property=\"og:site_name\" content=\"Desarrollo Forestal\" \/>\n<meta property=\"article:publisher\" content=\"https:\/\/www.facebook.com\/Maderamen.Argentina\/\" \/>\n<meta property=\"article:published_time\" content=\"2018-05-07T11:30:35+00:00\" \/>\n<meta property=\"og:image\" content=\"https:\/\/maderamen.com.ar\/desarrollo-forestal\/wp-content\/uploads\/sites\/2\/2018\/05\/plantacion6.jpg\" \/>\n\t<meta property=\"og:image:width\" content=\"1287\" \/>\n\t<meta property=\"og:image:height\" content=\"967\" \/>\n\t<meta property=\"og:image:type\" content=\"image\/jpeg\" \/>\n<meta name=\"author\" content=\"Maderamen\" \/>\n<meta name=\"twitter:card\" content=\"summary_large_image\" \/>\n<meta name=\"twitter:creator\" content=\"@DesarrolloFores\" \/>\n<meta name=\"twitter:site\" content=\"@DesarrolloFores\" \/>\n<meta name=\"twitter:label1\" content=\"Escrito por\" \/>\n\t<meta name=\"twitter:data1\" content=\"Maderamen\" \/>\n\t<meta name=\"twitter:label2\" content=\"Tiempo de lectura\" \/>\n\t<meta name=\"twitter:data2\" content=\"10 minutos\" \/>\n<script type=\"application\/ld+json\" class=\"yoast-schema-graph\">{\"@context\":\"https:\\\/\\\/schema.org\",\"@graph\":[{\"@type\":\"Article\",\"@id\":\"https:\\\/\\\/maderamen.com.ar\\\/desarrollo-forestal\\\/2018\\\/05\\\/07\\\/greenpeace-limita-apoyo-fsc\\\/#article\",\"isPartOf\":{\"@id\":\"https:\\\/\\\/maderamen.com.ar\\\/desarrollo-forestal\\\/2018\\\/05\\\/07\\\/greenpeace-limita-apoyo-fsc\\\/\"},\"author\":{\"name\":\"Maderamen\",\"@id\":\"https:\\\/\\\/maderamen.com.ar\\\/desarrollo-forestal\\\/#\\\/schema\\\/person\\\/c05f216a5663a04adfc7d62d87295459\"},\"headline\":\"Greenpeace Internacional decidi\u00f3 limitar a nivel mundial su apoyo a FSC\",\"datePublished\":\"2018-05-07T11:30:35+00:00\",\"mainEntityOfPage\":{\"@id\":\"https:\\\/\\\/maderamen.com.ar\\\/desarrollo-forestal\\\/2018\\\/05\\\/07\\\/greenpeace-limita-apoyo-fsc\\\/\"},\"wordCount\":1921,\"commentCount\":0,\"publisher\":{\"@id\":\"https:\\\/\\\/maderamen.com.ar\\\/desarrollo-forestal\\\/#organization\"},\"image\":{\"@id\":\"https:\\\/\\\/maderamen.com.ar\\\/desarrollo-forestal\\\/2018\\\/05\\\/07\\\/greenpeace-limita-apoyo-fsc\\\/#primaryimage\"},\"thumbnailUrl\":\"https:\\\/\\\/maderamen.com.ar\\\/desarrollo-forestal\\\/wp-content\\\/uploads\\\/sites\\\/2\\\/2018\\\/05\\\/plantacion6.jpg\",\"articleSection\":[\"Ambiente\",\"Principal\"],\"inLanguage\":\"es\",\"potentialAction\":[{\"@type\":\"CommentAction\",\"name\":\"Comment\",\"target\":[\"https:\\\/\\\/maderamen.com.ar\\\/desarrollo-forestal\\\/2018\\\/05\\\/07\\\/greenpeace-limita-apoyo-fsc\\\/#respond\"]}]},{\"@type\":\"WebPage\",\"@id\":\"https:\\\/\\\/maderamen.com.ar\\\/desarrollo-forestal\\\/2018\\\/05\\\/07\\\/greenpeace-limita-apoyo-fsc\\\/\",\"url\":\"https:\\\/\\\/maderamen.com.ar\\\/desarrollo-forestal\\\/2018\\\/05\\\/07\\\/greenpeace-limita-apoyo-fsc\\\/\",\"name\":\"Greenpeace Internacional decidi\u00f3 limitar a nivel mundial su apoyo a FSC\",\"isPartOf\":{\"@id\":\"https:\\\/\\\/maderamen.com.ar\\\/desarrollo-forestal\\\/#website\"},\"primaryImageOfPage\":{\"@id\":\"https:\\\/\\\/maderamen.com.ar\\\/desarrollo-forestal\\\/2018\\\/05\\\/07\\\/greenpeace-limita-apoyo-fsc\\\/#primaryimage\"},\"image\":{\"@id\":\"https:\\\/\\\/maderamen.com.ar\\\/desarrollo-forestal\\\/2018\\\/05\\\/07\\\/greenpeace-limita-apoyo-fsc\\\/#primaryimage\"},\"thumbnailUrl\":\"https:\\\/\\\/maderamen.com.ar\\\/desarrollo-forestal\\\/wp-content\\\/uploads\\\/sites\\\/2\\\/2018\\\/05\\\/plantacion6.jpg\",\"datePublished\":\"2018-05-07T11:30:35+00:00\",\"description\":\"\u201cDeclaraci\u00f3n sobre la certificaci\u00f3n forestal y recomendaciones para empresas y consumidores\u201d emitida por la sede central de Greenpeace, con sede en Amsterdam, Holanda. \u201cGreenpeace Internacional ya no pertenece a ning\u00fan sistema de certificaci\u00f3n forestal\u201d, se sentenci\u00f3 en el comunicado.\",\"breadcrumb\":{\"@id\":\"https:\\\/\\\/maderamen.com.ar\\\/desarrollo-forestal\\\/2018\\\/05\\\/07\\\/greenpeace-limita-apoyo-fsc\\\/#breadcrumb\"},\"inLanguage\":\"es\",\"potentialAction\":[{\"@type\":\"ReadAction\",\"target\":[\"https:\\\/\\\/maderamen.com.ar\\\/desarrollo-forestal\\\/2018\\\/05\\\/07\\\/greenpeace-limita-apoyo-fsc\\\/\"]}]},{\"@type\":\"ImageObject\",\"inLanguage\":\"es\",\"@id\":\"https:\\\/\\\/maderamen.com.ar\\\/desarrollo-forestal\\\/2018\\\/05\\\/07\\\/greenpeace-limita-apoyo-fsc\\\/#primaryimage\",\"url\":\"https:\\\/\\\/maderamen.com.ar\\\/desarrollo-forestal\\\/wp-content\\\/uploads\\\/sites\\\/2\\\/2018\\\/05\\\/plantacion6.jpg\",\"contentUrl\":\"https:\\\/\\\/maderamen.com.ar\\\/desarrollo-forestal\\\/wp-content\\\/uploads\\\/sites\\\/2\\\/2018\\\/05\\\/plantacion6.jpg\",\"width\":1287,\"height\":967,\"caption\":\"Familias de organizaciones campesinas de mesas de tierras locales vinculadas al Movimiento Campesino de Santiago del Estero (MOCASE) y activistas de Greenpeace realizaron tareas de enriquecimiento de bosques nativos plantando cerca de 8.500 algarrobos blancos en territorio de comunidades campesinas del departamento Guasay\u00e1n.\"},{\"@type\":\"BreadcrumbList\",\"@id\":\"https:\\\/\\\/maderamen.com.ar\\\/desarrollo-forestal\\\/2018\\\/05\\\/07\\\/greenpeace-limita-apoyo-fsc\\\/#breadcrumb\",\"itemListElement\":[{\"@type\":\"ListItem\",\"position\":1,\"name\":\"Portada\",\"item\":\"https:\\\/\\\/maderamen.com.ar\\\/desarrollo-forestal\\\/\"},{\"@type\":\"ListItem\",\"position\":2,\"name\":\"Greenpeace Internacional decidi\u00f3 limitar a nivel mundial su apoyo a FSC\"}]},{\"@type\":\"WebSite\",\"@id\":\"https:\\\/\\\/maderamen.com.ar\\\/desarrollo-forestal\\\/#website\",\"url\":\"https:\\\/\\\/maderamen.com.ar\\\/desarrollo-forestal\\\/\",\"name\":\"Desarrollo Forestal\",\"description\":\"Noticias del sector forestal\",\"publisher\":{\"@id\":\"https:\\\/\\\/maderamen.com.ar\\\/desarrollo-forestal\\\/#organization\"},\"potentialAction\":[{\"@type\":\"SearchAction\",\"target\":{\"@type\":\"EntryPoint\",\"urlTemplate\":\"https:\\\/\\\/maderamen.com.ar\\\/desarrollo-forestal\\\/?s={search_term_string}\"},\"query-input\":{\"@type\":\"PropertyValueSpecification\",\"valueRequired\":true,\"valueName\":\"search_term_string\"}}],\"inLanguage\":\"es\"},{\"@type\":\"Organization\",\"@id\":\"https:\\\/\\\/maderamen.com.ar\\\/desarrollo-forestal\\\/#organization\",\"name\":\"Maderamen\",\"url\":\"https:\\\/\\\/maderamen.com.ar\\\/desarrollo-forestal\\\/\",\"logo\":{\"@type\":\"ImageObject\",\"inLanguage\":\"es\",\"@id\":\"https:\\\/\\\/maderamen.com.ar\\\/desarrollo-forestal\\\/#\\\/schema\\\/logo\\\/image\\\/\",\"url\":\"https:\\\/\\\/maderamen.com.ar\\\/desarrollo-forestal\\\/wp-content\\\/uploads\\\/sites\\\/2\\\/2026\\\/03\\\/maderamen-emago.png\",\"contentUrl\":\"https:\\\/\\\/maderamen.com.ar\\\/desarrollo-forestal\\\/wp-content\\\/uploads\\\/sites\\\/2\\\/2026\\\/03\\\/maderamen-emago.png\",\"width\":250,\"height\":246,\"caption\":\"Maderamen\"},\"image\":{\"@id\":\"https:\\\/\\\/maderamen.com.ar\\\/desarrollo-forestal\\\/#\\\/schema\\\/logo\\\/image\\\/\"},\"sameAs\":[\"https:\\\/\\\/www.facebook.com\\\/Maderamen.Argentina\\\/\",\"https:\\\/\\\/x.com\\\/DesarrolloFores\",\"https:\\\/\\\/www.youtube.com\\\/channel\\\/UCeYU2-_JRTYYpgHoyhTT2Fg\",\"https:\\\/\\\/www.instagram.com\\\/maderamen.ok\\\/\",\"https:\\\/\\\/www.linkedin.com\\\/company\\\/maderameneditorial\\\/\"]},{\"@type\":\"Person\",\"@id\":\"https:\\\/\\\/maderamen.com.ar\\\/desarrollo-forestal\\\/#\\\/schema\\\/person\\\/c05f216a5663a04adfc7d62d87295459\",\"name\":\"Maderamen\",\"image\":{\"@type\":\"ImageObject\",\"inLanguage\":\"es\",\"@id\":\"https:\\\/\\\/secure.gravatar.com\\\/avatar\\\/6ff28763266ad14d7e42092eb3998ef25a67b8fd98e7000d6029e8a2e785dc10?s=96&d=mm&r=g\",\"url\":\"https:\\\/\\\/secure.gravatar.com\\\/avatar\\\/6ff28763266ad14d7e42092eb3998ef25a67b8fd98e7000d6029e8a2e785dc10?s=96&d=mm&r=g\",\"contentUrl\":\"https:\\\/\\\/secure.gravatar.com\\\/avatar\\\/6ff28763266ad14d7e42092eb3998ef25a67b8fd98e7000d6029e8a2e785dc10?s=96&d=mm&r=g\",\"caption\":\"Maderamen\"},\"url\":\"https:\\\/\\\/maderamen.com.ar\\\/desarrollo-forestal\\\/author\\\/maderamenadmin\\\/\"}]}<\/script>\n<!-- \/ Yoast SEO plugin. -->","yoast_head_json":{"title":"Greenpeace Internacional decidi\u00f3 limitar a nivel mundial su apoyo a FSC","description":"\u201cDeclaraci\u00f3n sobre la certificaci\u00f3n forestal y recomendaciones para empresas y consumidores\u201d emitida por la sede central de Greenpeace, con sede en Amsterdam, Holanda. \u201cGreenpeace Internacional ya no pertenece a ning\u00fan sistema de certificaci\u00f3n forestal\u201d, se sentenci\u00f3 en el comunicado.","robots":{"index":"index","follow":"follow","max-snippet":"max-snippet:-1","max-image-preview":"max-image-preview:large","max-video-preview":"max-video-preview:-1"},"canonical":"https:\/\/maderamen.com.ar\/desarrollo-forestal\/2018\/05\/07\/greenpeace-limita-apoyo-fsc\/","og_locale":"es_ES","og_type":"article","og_title":"Greenpeace Internacional decidi\u00f3 limitar a nivel mundial su apoyo a FSC","og_description":"\u201cDeclaraci\u00f3n sobre la certificaci\u00f3n forestal y recomendaciones para empresas y consumidores\u201d emitida por la sede central de Greenpeace, con sede en Amsterdam, Holanda. \u201cGreenpeace Internacional ya no pertenece a ning\u00fan sistema de certificaci\u00f3n forestal\u201d, se sentenci\u00f3 en el comunicado.","og_url":"https:\/\/maderamen.com.ar\/desarrollo-forestal\/2018\/05\/07\/greenpeace-limita-apoyo-fsc\/","og_site_name":"Desarrollo Forestal","article_publisher":"https:\/\/www.facebook.com\/Maderamen.Argentina\/","article_published_time":"2018-05-07T11:30:35+00:00","og_image":[{"width":1287,"height":967,"url":"https:\/\/maderamen.com.ar\/desarrollo-forestal\/wp-content\/uploads\/sites\/2\/2018\/05\/plantacion6.jpg","type":"image\/jpeg"}],"author":"Maderamen","twitter_card":"summary_large_image","twitter_creator":"@DesarrolloFores","twitter_site":"@DesarrolloFores","twitter_misc":{"Escrito por":"Maderamen","Tiempo de lectura":"10 minutos"},"schema":{"@context":"https:\/\/schema.org","@graph":[{"@type":"Article","@id":"https:\/\/maderamen.com.ar\/desarrollo-forestal\/2018\/05\/07\/greenpeace-limita-apoyo-fsc\/#article","isPartOf":{"@id":"https:\/\/maderamen.com.ar\/desarrollo-forestal\/2018\/05\/07\/greenpeace-limita-apoyo-fsc\/"},"author":{"name":"Maderamen","@id":"https:\/\/maderamen.com.ar\/desarrollo-forestal\/#\/schema\/person\/c05f216a5663a04adfc7d62d87295459"},"headline":"Greenpeace Internacional decidi\u00f3 limitar a nivel mundial su apoyo a FSC","datePublished":"2018-05-07T11:30:35+00:00","mainEntityOfPage":{"@id":"https:\/\/maderamen.com.ar\/desarrollo-forestal\/2018\/05\/07\/greenpeace-limita-apoyo-fsc\/"},"wordCount":1921,"commentCount":0,"publisher":{"@id":"https:\/\/maderamen.com.ar\/desarrollo-forestal\/#organization"},"image":{"@id":"https:\/\/maderamen.com.ar\/desarrollo-forestal\/2018\/05\/07\/greenpeace-limita-apoyo-fsc\/#primaryimage"},"thumbnailUrl":"https:\/\/maderamen.com.ar\/desarrollo-forestal\/wp-content\/uploads\/sites\/2\/2018\/05\/plantacion6.jpg","articleSection":["Ambiente","Principal"],"inLanguage":"es","potentialAction":[{"@type":"CommentAction","name":"Comment","target":["https:\/\/maderamen.com.ar\/desarrollo-forestal\/2018\/05\/07\/greenpeace-limita-apoyo-fsc\/#respond"]}]},{"@type":"WebPage","@id":"https:\/\/maderamen.com.ar\/desarrollo-forestal\/2018\/05\/07\/greenpeace-limita-apoyo-fsc\/","url":"https:\/\/maderamen.com.ar\/desarrollo-forestal\/2018\/05\/07\/greenpeace-limita-apoyo-fsc\/","name":"Greenpeace Internacional decidi\u00f3 limitar a nivel mundial su apoyo a FSC","isPartOf":{"@id":"https:\/\/maderamen.com.ar\/desarrollo-forestal\/#website"},"primaryImageOfPage":{"@id":"https:\/\/maderamen.com.ar\/desarrollo-forestal\/2018\/05\/07\/greenpeace-limita-apoyo-fsc\/#primaryimage"},"image":{"@id":"https:\/\/maderamen.com.ar\/desarrollo-forestal\/2018\/05\/07\/greenpeace-limita-apoyo-fsc\/#primaryimage"},"thumbnailUrl":"https:\/\/maderamen.com.ar\/desarrollo-forestal\/wp-content\/uploads\/sites\/2\/2018\/05\/plantacion6.jpg","datePublished":"2018-05-07T11:30:35+00:00","description":"\u201cDeclaraci\u00f3n sobre la certificaci\u00f3n forestal y recomendaciones para empresas y consumidores\u201d emitida por la sede central de Greenpeace, con sede en Amsterdam, Holanda. \u201cGreenpeace Internacional ya no pertenece a ning\u00fan sistema de certificaci\u00f3n forestal\u201d, se sentenci\u00f3 en el comunicado.","breadcrumb":{"@id":"https:\/\/maderamen.com.ar\/desarrollo-forestal\/2018\/05\/07\/greenpeace-limita-apoyo-fsc\/#breadcrumb"},"inLanguage":"es","potentialAction":[{"@type":"ReadAction","target":["https:\/\/maderamen.com.ar\/desarrollo-forestal\/2018\/05\/07\/greenpeace-limita-apoyo-fsc\/"]}]},{"@type":"ImageObject","inLanguage":"es","@id":"https:\/\/maderamen.com.ar\/desarrollo-forestal\/2018\/05\/07\/greenpeace-limita-apoyo-fsc\/#primaryimage","url":"https:\/\/maderamen.com.ar\/desarrollo-forestal\/wp-content\/uploads\/sites\/2\/2018\/05\/plantacion6.jpg","contentUrl":"https:\/\/maderamen.com.ar\/desarrollo-forestal\/wp-content\/uploads\/sites\/2\/2018\/05\/plantacion6.jpg","width":1287,"height":967,"caption":"Familias de organizaciones campesinas de mesas de tierras locales vinculadas al Movimiento Campesino de Santiago del Estero (MOCASE) y activistas de Greenpeace realizaron tareas de enriquecimiento de bosques nativos plantando cerca de 8.500 algarrobos blancos en territorio de comunidades campesinas del departamento Guasay\u00e1n."},{"@type":"BreadcrumbList","@id":"https:\/\/maderamen.com.ar\/desarrollo-forestal\/2018\/05\/07\/greenpeace-limita-apoyo-fsc\/#breadcrumb","itemListElement":[{"@type":"ListItem","position":1,"name":"Portada","item":"https:\/\/maderamen.com.ar\/desarrollo-forestal\/"},{"@type":"ListItem","position":2,"name":"Greenpeace Internacional decidi\u00f3 limitar a nivel mundial su apoyo a FSC"}]},{"@type":"WebSite","@id":"https:\/\/maderamen.com.ar\/desarrollo-forestal\/#website","url":"https:\/\/maderamen.com.ar\/desarrollo-forestal\/","name":"Desarrollo Forestal","description":"Noticias del sector forestal","publisher":{"@id":"https:\/\/maderamen.com.ar\/desarrollo-forestal\/#organization"},"potentialAction":[{"@type":"SearchAction","target":{"@type":"EntryPoint","urlTemplate":"https:\/\/maderamen.com.ar\/desarrollo-forestal\/?s={search_term_string}"},"query-input":{"@type":"PropertyValueSpecification","valueRequired":true,"valueName":"search_term_string"}}],"inLanguage":"es"},{"@type":"Organization","@id":"https:\/\/maderamen.com.ar\/desarrollo-forestal\/#organization","name":"Maderamen","url":"https:\/\/maderamen.com.ar\/desarrollo-forestal\/","logo":{"@type":"ImageObject","inLanguage":"es","@id":"https:\/\/maderamen.com.ar\/desarrollo-forestal\/#\/schema\/logo\/image\/","url":"https:\/\/maderamen.com.ar\/desarrollo-forestal\/wp-content\/uploads\/sites\/2\/2026\/03\/maderamen-emago.png","contentUrl":"https:\/\/maderamen.com.ar\/desarrollo-forestal\/wp-content\/uploads\/sites\/2\/2026\/03\/maderamen-emago.png","width":250,"height":246,"caption":"Maderamen"},"image":{"@id":"https:\/\/maderamen.com.ar\/desarrollo-forestal\/#\/schema\/logo\/image\/"},"sameAs":["https:\/\/www.facebook.com\/Maderamen.Argentina\/","https:\/\/x.com\/DesarrolloFores","https:\/\/www.youtube.com\/channel\/UCeYU2-_JRTYYpgHoyhTT2Fg","https:\/\/www.instagram.com\/maderamen.ok\/","https:\/\/www.linkedin.com\/company\/maderameneditorial\/"]},{"@type":"Person","@id":"https:\/\/maderamen.com.ar\/desarrollo-forestal\/#\/schema\/person\/c05f216a5663a04adfc7d62d87295459","name":"Maderamen","image":{"@type":"ImageObject","inLanguage":"es","@id":"https:\/\/secure.gravatar.com\/avatar\/6ff28763266ad14d7e42092eb3998ef25a67b8fd98e7000d6029e8a2e785dc10?s=96&d=mm&r=g","url":"https:\/\/secure.gravatar.com\/avatar\/6ff28763266ad14d7e42092eb3998ef25a67b8fd98e7000d6029e8a2e785dc10?s=96&d=mm&r=g","contentUrl":"https:\/\/secure.gravatar.com\/avatar\/6ff28763266ad14d7e42092eb3998ef25a67b8fd98e7000d6029e8a2e785dc10?s=96&d=mm&r=g","caption":"Maderamen"},"url":"https:\/\/maderamen.com.ar\/desarrollo-forestal\/author\/maderamenadmin\/"}]}},"_links":{"self":[{"href":"https:\/\/maderamen.com.ar\/desarrollo-forestal\/wp-json\/wp\/v2\/posts\/9853","targetHints":{"allow":["GET"]}}],"collection":[{"href":"https:\/\/maderamen.com.ar\/desarrollo-forestal\/wp-json\/wp\/v2\/posts"}],"about":[{"href":"https:\/\/maderamen.com.ar\/desarrollo-forestal\/wp-json\/wp\/v2\/types\/post"}],"author":[{"embeddable":true,"href":"https:\/\/maderamen.com.ar\/desarrollo-forestal\/wp-json\/wp\/v2\/users\/6"}],"replies":[{"embeddable":true,"href":"https:\/\/maderamen.com.ar\/desarrollo-forestal\/wp-json\/wp\/v2\/comments?post=9853"}],"version-history":[{"count":0,"href":"https:\/\/maderamen.com.ar\/desarrollo-forestal\/wp-json\/wp\/v2\/posts\/9853\/revisions"}],"wp:featuredmedia":[{"embeddable":true,"href":"https:\/\/maderamen.com.ar\/desarrollo-forestal\/wp-json\/wp\/v2\/media\/9854"}],"wp:attachment":[{"href":"https:\/\/maderamen.com.ar\/desarrollo-forestal\/wp-json\/wp\/v2\/media?parent=9853"}],"wp:term":[{"taxonomy":"category","embeddable":true,"href":"https:\/\/maderamen.com.ar\/desarrollo-forestal\/wp-json\/wp\/v2\/categories?post=9853"},{"taxonomy":"post_tag","embeddable":true,"href":"https:\/\/maderamen.com.ar\/desarrollo-forestal\/wp-json\/wp\/v2\/tags?post=9853"}],"curies":[{"name":"wp","href":"https:\/\/api.w.org\/{rel}","templated":true}]}}