{"id":9330,"date":"2017-12-06T10:51:30","date_gmt":"2017-12-06T13:51:30","guid":{"rendered":"http:\/\/maderamen.com.ar\/desarrollo-forestal\/?p=9330"},"modified":"2018-02-15T12:30:02","modified_gmt":"2018-02-15T15:30:02","slug":"forestaciones-eucalipto-entre-rios","status":"publish","type":"post","link":"https:\/\/maderamen.com.ar\/desarrollo-forestal\/2017\/12\/06\/forestaciones-eucalipto-entre-rios\/","title":{"rendered":"\u201cEfectos sobre comunidades y servicios eco sist\u00e9micos  de las forestaciones de eucalipto en el NE de Entre R\u00edos\u201d"},"content":{"rendered":"<p><strong>El objetivo principal de estas charlas ser\u00e1 compartir y difundir los resultados de los distintos estudios realizados entre 2014 y 2017 por un grupo de investigadores internacionales dentro del marco del proyecto \u201cPIRE- Sustentabilidad, Servicios Eco sist\u00e9micos y el desarrollo de Cultivos Forestales Bioenerg\u00e9ticos en Am\u00e9rica\u201d. Ser\u00e1 el\u00a013 de diciembre : 14 a 16 hs en\u00a0INTA Concordia \u2013 Entre R\u00edos<\/strong><\/p>\n<h3>Investigadores del PIRE<\/h3>\n<p>Las charlas presentaran un resumen de estudios realizados por los siguientes expositores<\/p>\n<ul>\n<li>Julian Licata, PhD. Profesor adjunto en la Universidad Tecnol\u00f3gica de Michigan y ex investigador de INTA Concordia, especialista en ecohidrolog\u00eda y presentar\u00e1 resultados preliminares del uso del agua por las forestaciones y los modelos hidrol\u00f3gicos aplicados a la regi\u00f3n.<\/li>\n<li>Pablo Cavigliasso. Estudiante doctoral en ecolog\u00eda de polinizadores del INTA y presentar\u00e1 resultados sobre el efecto de distintos usos de la tierra sobre la diversidad de insectos y aves.<\/li>\n<li>Santiago Ver\u00f3n, PhD. Profesor en la UBA y un investigador de INTA especialista en sensores remotos y que presentar\u00e1 sobre el cambio en el uso de la tierra en el NE de Entre R\u00edos y efectos medibles por sensores remotos.<\/li>\n<li>Erik Nielsen, PhD. Profesor en la Universidad de Arizona Norte en Ciencias Sociales de la Conservaci\u00f3n y presentar\u00e1 sobre las perspectivas comunitarias respeto a los servicios ecosist\u00e9micos y el bienestar con diferentes usos de la tierra.<\/li>\n<\/ul>\n<p>Despu\u00e9s de las presentaciones, queremos entablar un di\u00e1logo con Uds. y los dem\u00e1s invitados sobre estos resultados y las investigaciones a futuro.<\/p>\n<p>Contacto: <a href=\"mailto:mastrandrea.ciro@inta.gob.ar\">mastrandrea.ciro@inta.gob.ar<\/a><\/p>\n","protected":false},"excerpt":{"rendered":"<p>El objetivo principal de estas charlas ser\u00e1 compartir y difundir los resultados de los distintos estudios realizados entre 2014 y 2017 por un grupo de investigadores internacionales dentro del marco del proyecto \u201cPIRE- Sustentabilidad, Servicios Eco sist\u00e9micos y el desarrollo de Cultivos Forestales Bioenerg\u00e9ticos en Am\u00e9rica\u201d. Ser\u00e1 el\u00a013 de diciembre : 14 a 16 hs [&hellip;]<\/p>\n","protected":false},"author":7,"featured_media":9331,"comment_status":"open","ping_status":"open","sticky":false,"template":"","format":"standard","meta":{"footnotes":""},"categories":[5],"tags":[],"class_list":{"0":"post-9330","1":"post","2":"type-post","3":"status-publish","4":"format-standard","5":"has-post-thumbnail","7":"category-noticias"},"yoast_head":"<!-- This site is optimized with the Yoast SEO plugin v27.4 - https:\/\/yoast.com\/product\/yoast-seo-wordpress\/ -->\n<title>Servicios eco sist\u00e9micos de forestaciones de eucalipto en Entre R\u00edos<\/title>\n<meta name=\"description\" content=\"Compartir y difundir resultados del proyecto PIRE: Sustentabilidad, Servicios Eco sist\u00e9micos y desarrollo de Cultivos Forestales Bioenerg\u00e9ticos en Am\u00e9rica\" \/>\n<meta name=\"robots\" content=\"index, follow, max-snippet:-1, max-image-preview:large, max-video-preview:-1\" \/>\n<link rel=\"canonical\" href=\"https:\/\/maderamen.com.ar\/desarrollo-forestal\/2017\/12\/06\/forestaciones-eucalipto-entre-rios\/\" \/>\n<meta property=\"og:locale\" content=\"es_ES\" \/>\n<meta property=\"og:type\" content=\"article\" \/>\n<meta property=\"og:title\" content=\"Servicios eco sist\u00e9micos de forestaciones de eucalipto en Entre R\u00edos\" \/>\n<meta property=\"og:description\" content=\"Compartir y difundir resultados del proyecto PIRE: Sustentabilidad, Servicios Eco sist\u00e9micos y desarrollo de Cultivos Forestales Bioenerg\u00e9ticos en Am\u00e9rica\" \/>\n<meta property=\"og:url\" content=\"https:\/\/maderamen.com.ar\/desarrollo-forestal\/2017\/12\/06\/forestaciones-eucalipto-entre-rios\/\" \/>\n<meta property=\"og:site_name\" content=\"Desarrollo Forestal\" \/>\n<meta property=\"article:publisher\" content=\"https:\/\/www.facebook.com\/Maderamen.Argentina\/\" \/>\n<meta property=\"article:published_time\" content=\"2017-12-06T13:51:30+00:00\" \/>\n<meta property=\"article:modified_time\" content=\"2018-02-15T15:30:02+00:00\" \/>\n<meta property=\"og:image\" content=\"https:\/\/maderamen.com.ar\/desarrollo-forestal\/wp-content\/uploads\/sites\/2\/2017\/12\/clones_intermediaria_3.jpg\" \/>\n\t<meta property=\"og:image:width\" content=\"1400\" \/>\n\t<meta property=\"og:image:height\" content=\"788\" \/>\n\t<meta property=\"og:image:type\" content=\"image\/jpeg\" \/>\n<meta name=\"author\" content=\"Maderamen\" \/>\n<meta name=\"twitter:card\" content=\"summary_large_image\" \/>\n<meta name=\"twitter:creator\" content=\"@DesarrolloFores\" \/>\n<meta name=\"twitter:site\" content=\"@DesarrolloFores\" \/>\n<meta name=\"twitter:label1\" content=\"Escrito por\" \/>\n\t<meta name=\"twitter:data1\" content=\"Maderamen\" \/>\n\t<meta name=\"twitter:label2\" content=\"Tiempo de lectura\" \/>\n\t<meta name=\"twitter:data2\" content=\"1 minuto\" \/>\n<script type=\"application\/ld+json\" class=\"yoast-schema-graph\">{\"@context\":\"https:\\\/\\\/schema.org\",\"@graph\":[{\"@type\":\"Article\",\"@id\":\"https:\\\/\\\/maderamen.com.ar\\\/desarrollo-forestal\\\/2017\\\/12\\\/06\\\/forestaciones-eucalipto-entre-rios\\\/#article\",\"isPartOf\":{\"@id\":\"https:\\\/\\\/maderamen.com.ar\\\/desarrollo-forestal\\\/2017\\\/12\\\/06\\\/forestaciones-eucalipto-entre-rios\\\/\"},\"author\":{\"name\":\"Maderamen\",\"@id\":\"https:\\\/\\\/maderamen.com.ar\\\/desarrollo-forestal\\\/#\\\/schema\\\/person\\\/81237cb585ad2f10f2acafa58c3039be\"},\"headline\":\"\u201cEfectos sobre comunidades y servicios eco sist\u00e9micos de las forestaciones de eucalipto en el NE de Entre R\u00edos\u201d\",\"datePublished\":\"2017-12-06T13:51:30+00:00\",\"dateModified\":\"2018-02-15T15:30:02+00:00\",\"mainEntityOfPage\":{\"@id\":\"https:\\\/\\\/maderamen.com.ar\\\/desarrollo-forestal\\\/2017\\\/12\\\/06\\\/forestaciones-eucalipto-entre-rios\\\/\"},\"wordCount\":278,\"commentCount\":0,\"publisher\":{\"@id\":\"https:\\\/\\\/maderamen.com.ar\\\/desarrollo-forestal\\\/#organization\"},\"image\":{\"@id\":\"https:\\\/\\\/maderamen.com.ar\\\/desarrollo-forestal\\\/2017\\\/12\\\/06\\\/forestaciones-eucalipto-entre-rios\\\/#primaryimage\"},\"thumbnailUrl\":\"https:\\\/\\\/maderamen.com.ar\\\/desarrollo-forestal\\\/wp-content\\\/uploads\\\/sites\\\/2\\\/2017\\\/12\\\/clones_intermediaria_3.jpg\",\"articleSection\":[\"Noticias\"],\"inLanguage\":\"es\",\"potentialAction\":[{\"@type\":\"CommentAction\",\"name\":\"Comment\",\"target\":[\"https:\\\/\\\/maderamen.com.ar\\\/desarrollo-forestal\\\/2017\\\/12\\\/06\\\/forestaciones-eucalipto-entre-rios\\\/#respond\"]}]},{\"@type\":\"WebPage\",\"@id\":\"https:\\\/\\\/maderamen.com.ar\\\/desarrollo-forestal\\\/2017\\\/12\\\/06\\\/forestaciones-eucalipto-entre-rios\\\/\",\"url\":\"https:\\\/\\\/maderamen.com.ar\\\/desarrollo-forestal\\\/2017\\\/12\\\/06\\\/forestaciones-eucalipto-entre-rios\\\/\",\"name\":\"Servicios eco sist\u00e9micos de forestaciones de eucalipto en Entre R\u00edos\",\"isPartOf\":{\"@id\":\"https:\\\/\\\/maderamen.com.ar\\\/desarrollo-forestal\\\/#website\"},\"primaryImageOfPage\":{\"@id\":\"https:\\\/\\\/maderamen.com.ar\\\/desarrollo-forestal\\\/2017\\\/12\\\/06\\\/forestaciones-eucalipto-entre-rios\\\/#primaryimage\"},\"image\":{\"@id\":\"https:\\\/\\\/maderamen.com.ar\\\/desarrollo-forestal\\\/2017\\\/12\\\/06\\\/forestaciones-eucalipto-entre-rios\\\/#primaryimage\"},\"thumbnailUrl\":\"https:\\\/\\\/maderamen.com.ar\\\/desarrollo-forestal\\\/wp-content\\\/uploads\\\/sites\\\/2\\\/2017\\\/12\\\/clones_intermediaria_3.jpg\",\"datePublished\":\"2017-12-06T13:51:30+00:00\",\"dateModified\":\"2018-02-15T15:30:02+00:00\",\"description\":\"Compartir y difundir resultados del proyecto PIRE: Sustentabilidad, Servicios Eco sist\u00e9micos y desarrollo de Cultivos Forestales Bioenerg\u00e9ticos en Am\u00e9rica\",\"breadcrumb\":{\"@id\":\"https:\\\/\\\/maderamen.com.ar\\\/desarrollo-forestal\\\/2017\\\/12\\\/06\\\/forestaciones-eucalipto-entre-rios\\\/#breadcrumb\"},\"inLanguage\":\"es\",\"potentialAction\":[{\"@type\":\"ReadAction\",\"target\":[\"https:\\\/\\\/maderamen.com.ar\\\/desarrollo-forestal\\\/2017\\\/12\\\/06\\\/forestaciones-eucalipto-entre-rios\\\/\"]}]},{\"@type\":\"ImageObject\",\"inLanguage\":\"es\",\"@id\":\"https:\\\/\\\/maderamen.com.ar\\\/desarrollo-forestal\\\/2017\\\/12\\\/06\\\/forestaciones-eucalipto-entre-rios\\\/#primaryimage\",\"url\":\"https:\\\/\\\/maderamen.com.ar\\\/desarrollo-forestal\\\/wp-content\\\/uploads\\\/sites\\\/2\\\/2017\\\/12\\\/clones_intermediaria_3.jpg\",\"contentUrl\":\"https:\\\/\\\/maderamen.com.ar\\\/desarrollo-forestal\\\/wp-content\\\/uploads\\\/sites\\\/2\\\/2017\\\/12\\\/clones_intermediaria_3.jpg\",\"width\":1400,\"height\":788},{\"@type\":\"BreadcrumbList\",\"@id\":\"https:\\\/\\\/maderamen.com.ar\\\/desarrollo-forestal\\\/2017\\\/12\\\/06\\\/forestaciones-eucalipto-entre-rios\\\/#breadcrumb\",\"itemListElement\":[{\"@type\":\"ListItem\",\"position\":1,\"name\":\"Portada\",\"item\":\"https:\\\/\\\/maderamen.com.ar\\\/desarrollo-forestal\\\/\"},{\"@type\":\"ListItem\",\"position\":2,\"name\":\"\u201cEfectos sobre comunidades y servicios eco sist\u00e9micos de las forestaciones de eucalipto en el NE de Entre R\u00edos\u201d\"}]},{\"@type\":\"WebSite\",\"@id\":\"https:\\\/\\\/maderamen.com.ar\\\/desarrollo-forestal\\\/#website\",\"url\":\"https:\\\/\\\/maderamen.com.ar\\\/desarrollo-forestal\\\/\",\"name\":\"Desarrollo Forestal\",\"description\":\"Noticias del sector forestal\",\"publisher\":{\"@id\":\"https:\\\/\\\/maderamen.com.ar\\\/desarrollo-forestal\\\/#organization\"},\"potentialAction\":[{\"@type\":\"SearchAction\",\"target\":{\"@type\":\"EntryPoint\",\"urlTemplate\":\"https:\\\/\\\/maderamen.com.ar\\\/desarrollo-forestal\\\/?s={search_term_string}\"},\"query-input\":{\"@type\":\"PropertyValueSpecification\",\"valueRequired\":true,\"valueName\":\"search_term_string\"}}],\"inLanguage\":\"es\"},{\"@type\":\"Organization\",\"@id\":\"https:\\\/\\\/maderamen.com.ar\\\/desarrollo-forestal\\\/#organization\",\"name\":\"Maderamen\",\"url\":\"https:\\\/\\\/maderamen.com.ar\\\/desarrollo-forestal\\\/\",\"logo\":{\"@type\":\"ImageObject\",\"inLanguage\":\"es\",\"@id\":\"https:\\\/\\\/maderamen.com.ar\\\/desarrollo-forestal\\\/#\\\/schema\\\/logo\\\/image\\\/\",\"url\":\"https:\\\/\\\/maderamen.com.ar\\\/desarrollo-forestal\\\/wp-content\\\/uploads\\\/sites\\\/2\\\/2026\\\/03\\\/maderamen-emago.png\",\"contentUrl\":\"https:\\\/\\\/maderamen.com.ar\\\/desarrollo-forestal\\\/wp-content\\\/uploads\\\/sites\\\/2\\\/2026\\\/03\\\/maderamen-emago.png\",\"width\":250,\"height\":246,\"caption\":\"Maderamen\"},\"image\":{\"@id\":\"https:\\\/\\\/maderamen.com.ar\\\/desarrollo-forestal\\\/#\\\/schema\\\/logo\\\/image\\\/\"},\"sameAs\":[\"https:\\\/\\\/www.facebook.com\\\/Maderamen.Argentina\\\/\",\"https:\\\/\\\/x.com\\\/DesarrolloFores\",\"https:\\\/\\\/www.youtube.com\\\/channel\\\/UCeYU2-_JRTYYpgHoyhTT2Fg\",\"https:\\\/\\\/www.instagram.com\\\/maderamen.ok\\\/\",\"https:\\\/\\\/www.linkedin.com\\\/company\\\/maderameneditorial\\\/\"]},{\"@type\":\"Person\",\"@id\":\"https:\\\/\\\/maderamen.com.ar\\\/desarrollo-forestal\\\/#\\\/schema\\\/person\\\/81237cb585ad2f10f2acafa58c3039be\",\"name\":\"Maderamen\",\"image\":{\"@type\":\"ImageObject\",\"inLanguage\":\"es\",\"@id\":\"https:\\\/\\\/secure.gravatar.com\\\/avatar\\\/a1b1f0c9d2022e41abb183e86a64d5f6f0b4ded802929b19f98f6623f6c677c7?s=96&d=mm&r=g\",\"url\":\"https:\\\/\\\/secure.gravatar.com\\\/avatar\\\/a1b1f0c9d2022e41abb183e86a64d5f6f0b4ded802929b19f98f6623f6c677c7?s=96&d=mm&r=g\",\"contentUrl\":\"https:\\\/\\\/secure.gravatar.com\\\/avatar\\\/a1b1f0c9d2022e41abb183e86a64d5f6f0b4ded802929b19f98f6623f6c677c7?s=96&d=mm&r=g\",\"caption\":\"Maderamen\"},\"url\":\"https:\\\/\\\/maderamen.com.ar\\\/desarrollo-forestal\\\/author\\\/maderameneditor\\\/\"}]}<\/script>\n<!-- \/ Yoast SEO plugin. -->","yoast_head_json":{"title":"Servicios eco sist\u00e9micos de forestaciones de eucalipto en Entre R\u00edos","description":"Compartir y difundir resultados del proyecto PIRE: Sustentabilidad, Servicios Eco sist\u00e9micos y desarrollo de Cultivos Forestales Bioenerg\u00e9ticos en Am\u00e9rica","robots":{"index":"index","follow":"follow","max-snippet":"max-snippet:-1","max-image-preview":"max-image-preview:large","max-video-preview":"max-video-preview:-1"},"canonical":"https:\/\/maderamen.com.ar\/desarrollo-forestal\/2017\/12\/06\/forestaciones-eucalipto-entre-rios\/","og_locale":"es_ES","og_type":"article","og_title":"Servicios eco sist\u00e9micos de forestaciones de eucalipto en Entre R\u00edos","og_description":"Compartir y difundir resultados del proyecto PIRE: Sustentabilidad, Servicios Eco sist\u00e9micos y desarrollo de Cultivos Forestales Bioenerg\u00e9ticos en Am\u00e9rica","og_url":"https:\/\/maderamen.com.ar\/desarrollo-forestal\/2017\/12\/06\/forestaciones-eucalipto-entre-rios\/","og_site_name":"Desarrollo Forestal","article_publisher":"https:\/\/www.facebook.com\/Maderamen.Argentina\/","article_published_time":"2017-12-06T13:51:30+00:00","article_modified_time":"2018-02-15T15:30:02+00:00","og_image":[{"width":1400,"height":788,"url":"https:\/\/maderamen.com.ar\/desarrollo-forestal\/wp-content\/uploads\/sites\/2\/2017\/12\/clones_intermediaria_3.jpg","type":"image\/jpeg"}],"author":"Maderamen","twitter_card":"summary_large_image","twitter_creator":"@DesarrolloFores","twitter_site":"@DesarrolloFores","twitter_misc":{"Escrito por":"Maderamen","Tiempo de lectura":"1 minuto"},"schema":{"@context":"https:\/\/schema.org","@graph":[{"@type":"Article","@id":"https:\/\/maderamen.com.ar\/desarrollo-forestal\/2017\/12\/06\/forestaciones-eucalipto-entre-rios\/#article","isPartOf":{"@id":"https:\/\/maderamen.com.ar\/desarrollo-forestal\/2017\/12\/06\/forestaciones-eucalipto-entre-rios\/"},"author":{"name":"Maderamen","@id":"https:\/\/maderamen.com.ar\/desarrollo-forestal\/#\/schema\/person\/81237cb585ad2f10f2acafa58c3039be"},"headline":"\u201cEfectos sobre comunidades y servicios eco sist\u00e9micos de las forestaciones de eucalipto en el NE de Entre R\u00edos\u201d","datePublished":"2017-12-06T13:51:30+00:00","dateModified":"2018-02-15T15:30:02+00:00","mainEntityOfPage":{"@id":"https:\/\/maderamen.com.ar\/desarrollo-forestal\/2017\/12\/06\/forestaciones-eucalipto-entre-rios\/"},"wordCount":278,"commentCount":0,"publisher":{"@id":"https:\/\/maderamen.com.ar\/desarrollo-forestal\/#organization"},"image":{"@id":"https:\/\/maderamen.com.ar\/desarrollo-forestal\/2017\/12\/06\/forestaciones-eucalipto-entre-rios\/#primaryimage"},"thumbnailUrl":"https:\/\/maderamen.com.ar\/desarrollo-forestal\/wp-content\/uploads\/sites\/2\/2017\/12\/clones_intermediaria_3.jpg","articleSection":["Noticias"],"inLanguage":"es","potentialAction":[{"@type":"CommentAction","name":"Comment","target":["https:\/\/maderamen.com.ar\/desarrollo-forestal\/2017\/12\/06\/forestaciones-eucalipto-entre-rios\/#respond"]}]},{"@type":"WebPage","@id":"https:\/\/maderamen.com.ar\/desarrollo-forestal\/2017\/12\/06\/forestaciones-eucalipto-entre-rios\/","url":"https:\/\/maderamen.com.ar\/desarrollo-forestal\/2017\/12\/06\/forestaciones-eucalipto-entre-rios\/","name":"Servicios eco sist\u00e9micos de forestaciones de eucalipto en Entre R\u00edos","isPartOf":{"@id":"https:\/\/maderamen.com.ar\/desarrollo-forestal\/#website"},"primaryImageOfPage":{"@id":"https:\/\/maderamen.com.ar\/desarrollo-forestal\/2017\/12\/06\/forestaciones-eucalipto-entre-rios\/#primaryimage"},"image":{"@id":"https:\/\/maderamen.com.ar\/desarrollo-forestal\/2017\/12\/06\/forestaciones-eucalipto-entre-rios\/#primaryimage"},"thumbnailUrl":"https:\/\/maderamen.com.ar\/desarrollo-forestal\/wp-content\/uploads\/sites\/2\/2017\/12\/clones_intermediaria_3.jpg","datePublished":"2017-12-06T13:51:30+00:00","dateModified":"2018-02-15T15:30:02+00:00","description":"Compartir y difundir resultados del proyecto PIRE: Sustentabilidad, Servicios Eco sist\u00e9micos y desarrollo de Cultivos Forestales Bioenerg\u00e9ticos en Am\u00e9rica","breadcrumb":{"@id":"https:\/\/maderamen.com.ar\/desarrollo-forestal\/2017\/12\/06\/forestaciones-eucalipto-entre-rios\/#breadcrumb"},"inLanguage":"es","potentialAction":[{"@type":"ReadAction","target":["https:\/\/maderamen.com.ar\/desarrollo-forestal\/2017\/12\/06\/forestaciones-eucalipto-entre-rios\/"]}]},{"@type":"ImageObject","inLanguage":"es","@id":"https:\/\/maderamen.com.ar\/desarrollo-forestal\/2017\/12\/06\/forestaciones-eucalipto-entre-rios\/#primaryimage","url":"https:\/\/maderamen.com.ar\/desarrollo-forestal\/wp-content\/uploads\/sites\/2\/2017\/12\/clones_intermediaria_3.jpg","contentUrl":"https:\/\/maderamen.com.ar\/desarrollo-forestal\/wp-content\/uploads\/sites\/2\/2017\/12\/clones_intermediaria_3.jpg","width":1400,"height":788},{"@type":"BreadcrumbList","@id":"https:\/\/maderamen.com.ar\/desarrollo-forestal\/2017\/12\/06\/forestaciones-eucalipto-entre-rios\/#breadcrumb","itemListElement":[{"@type":"ListItem","position":1,"name":"Portada","item":"https:\/\/maderamen.com.ar\/desarrollo-forestal\/"},{"@type":"ListItem","position":2,"name":"\u201cEfectos sobre comunidades y servicios eco sist\u00e9micos de las forestaciones de eucalipto en el NE de Entre R\u00edos\u201d"}]},{"@type":"WebSite","@id":"https:\/\/maderamen.com.ar\/desarrollo-forestal\/#website","url":"https:\/\/maderamen.com.ar\/desarrollo-forestal\/","name":"Desarrollo Forestal","description":"Noticias del sector forestal","publisher":{"@id":"https:\/\/maderamen.com.ar\/desarrollo-forestal\/#organization"},"potentialAction":[{"@type":"SearchAction","target":{"@type":"EntryPoint","urlTemplate":"https:\/\/maderamen.com.ar\/desarrollo-forestal\/?s={search_term_string}"},"query-input":{"@type":"PropertyValueSpecification","valueRequired":true,"valueName":"search_term_string"}}],"inLanguage":"es"},{"@type":"Organization","@id":"https:\/\/maderamen.com.ar\/desarrollo-forestal\/#organization","name":"Maderamen","url":"https:\/\/maderamen.com.ar\/desarrollo-forestal\/","logo":{"@type":"ImageObject","inLanguage":"es","@id":"https:\/\/maderamen.com.ar\/desarrollo-forestal\/#\/schema\/logo\/image\/","url":"https:\/\/maderamen.com.ar\/desarrollo-forestal\/wp-content\/uploads\/sites\/2\/2026\/03\/maderamen-emago.png","contentUrl":"https:\/\/maderamen.com.ar\/desarrollo-forestal\/wp-content\/uploads\/sites\/2\/2026\/03\/maderamen-emago.png","width":250,"height":246,"caption":"Maderamen"},"image":{"@id":"https:\/\/maderamen.com.ar\/desarrollo-forestal\/#\/schema\/logo\/image\/"},"sameAs":["https:\/\/www.facebook.com\/Maderamen.Argentina\/","https:\/\/x.com\/DesarrolloFores","https:\/\/www.youtube.com\/channel\/UCeYU2-_JRTYYpgHoyhTT2Fg","https:\/\/www.instagram.com\/maderamen.ok\/","https:\/\/www.linkedin.com\/company\/maderameneditorial\/"]},{"@type":"Person","@id":"https:\/\/maderamen.com.ar\/desarrollo-forestal\/#\/schema\/person\/81237cb585ad2f10f2acafa58c3039be","name":"Maderamen","image":{"@type":"ImageObject","inLanguage":"es","@id":"https:\/\/secure.gravatar.com\/avatar\/a1b1f0c9d2022e41abb183e86a64d5f6f0b4ded802929b19f98f6623f6c677c7?s=96&d=mm&r=g","url":"https:\/\/secure.gravatar.com\/avatar\/a1b1f0c9d2022e41abb183e86a64d5f6f0b4ded802929b19f98f6623f6c677c7?s=96&d=mm&r=g","contentUrl":"https:\/\/secure.gravatar.com\/avatar\/a1b1f0c9d2022e41abb183e86a64d5f6f0b4ded802929b19f98f6623f6c677c7?s=96&d=mm&r=g","caption":"Maderamen"},"url":"https:\/\/maderamen.com.ar\/desarrollo-forestal\/author\/maderameneditor\/"}]}},"_links":{"self":[{"href":"https:\/\/maderamen.com.ar\/desarrollo-forestal\/wp-json\/wp\/v2\/posts\/9330","targetHints":{"allow":["GET"]}}],"collection":[{"href":"https:\/\/maderamen.com.ar\/desarrollo-forestal\/wp-json\/wp\/v2\/posts"}],"about":[{"href":"https:\/\/maderamen.com.ar\/desarrollo-forestal\/wp-json\/wp\/v2\/types\/post"}],"author":[{"embeddable":true,"href":"https:\/\/maderamen.com.ar\/desarrollo-forestal\/wp-json\/wp\/v2\/users\/7"}],"replies":[{"embeddable":true,"href":"https:\/\/maderamen.com.ar\/desarrollo-forestal\/wp-json\/wp\/v2\/comments?post=9330"}],"version-history":[{"count":0,"href":"https:\/\/maderamen.com.ar\/desarrollo-forestal\/wp-json\/wp\/v2\/posts\/9330\/revisions"}],"wp:featuredmedia":[{"embeddable":true,"href":"https:\/\/maderamen.com.ar\/desarrollo-forestal\/wp-json\/wp\/v2\/media\/9331"}],"wp:attachment":[{"href":"https:\/\/maderamen.com.ar\/desarrollo-forestal\/wp-json\/wp\/v2\/media?parent=9330"}],"wp:term":[{"taxonomy":"category","embeddable":true,"href":"https:\/\/maderamen.com.ar\/desarrollo-forestal\/wp-json\/wp\/v2\/categories?post=9330"},{"taxonomy":"post_tag","embeddable":true,"href":"https:\/\/maderamen.com.ar\/desarrollo-forestal\/wp-json\/wp\/v2\/tags?post=9330"}],"curies":[{"name":"wp","href":"https:\/\/api.w.org\/{rel}","templated":true}]}}