{"id":9009,"date":"2017-10-19T11:08:45","date_gmt":"2017-10-19T14:08:45","guid":{"rendered":"http:\/\/maderamen.com.ar\/desarrollo-forestal\/?p=9009"},"modified":"2018-02-15T12:44:27","modified_gmt":"2018-02-15T15:44:27","slug":"avanza-europa-investigacion-dirigida-crear-biocombustible-partir-la-madera","status":"publish","type":"post","link":"https:\/\/maderamen.com.ar\/desarrollo-forestal\/2017\/10\/19\/avanza-europa-investigacion-dirigida-crear-biocombustible-partir-la-madera\/","title":{"rendered":"Avanza en Europa investigaci\u00f3n dirigida a crear biocombustible a partir de la madera"},"content":{"rendered":"<p><strong>El proyecto est\u00e1 enfocado en el mejoramiento catal\u00edtico del oportunibio-oil que se obtiene de la pirolisis de biomasa, transformando termoqu\u00edmicamente la madera, inform\u00f3 Lignum.<\/strong><\/p>\n<p>En noviembre pr\u00f3ximo finaliza en Chile el proyecto Fondecyt \u201cMejoramiento del bio-oil obtenido de la pir\u00f3lisis de biomasa: Influencia de las caracter\u00edsticas superficiales de la zeolita natural y modificada\u201d, del acad\u00e9mico del Departamento de Ingenier\u00eda en Maderas de la Universidad del B\u00edo B\u00edo (UBB), Dr. Serguei Alejandro Mart\u00edn. No obstante, la investigaci\u00f3n se postul\u00f3 a un proyecto de redes internacionales con miras a la continuidad de lo realizado hasta ahora.<\/p>\n<p>En ese contexto, el acad\u00e9mico de la UBB invit\u00f3 al Dr. Daniel Nowakowski del European Bioenergy Reserch Institute de Aston University (Inglaterra), para que diera una charla sobre el trabajo colaborativo realizado.<\/p>\n<p>\u201cLa charla busc\u00f3 traer conocimiento de un instituto de primer orden mundial como lo es el European Bioenergy Reserch Institute. Adem\u00e1s, hemos estado trabajando con el Dr. Nowakowski en la presentaci\u00f3n de un nuevo proyecto de investigaci\u00f3n y as\u00ed continuar con la colaboraci\u00f3n que tenemos entre el Departamento de Ingenier\u00eda en Maderas y la Aston University\u201d, coment\u00f3 Mart\u00edn.<\/p>\n<p>La investigaci\u00f3n del acad\u00e9mico de la UBB est\u00e1 enfocada en el mejoramiento catal\u00edtico del bio-oil que se obtiene de la pirolisis de biomasa, transformando termoqu\u00edmicamente la madera. \u201cEs muy conocido y muchas veces repetido que los combustibles f\u00f3siles se acabar\u00e1n en alg\u00fan momento, y por eso el esfuerzo de buscar otras alternativas de biocombustible. Es un proceso caro, que no compite el combustible f\u00f3sil, pero lo importante es que el biocombustible es neutro en CO2\u201d, explic\u00f3.<\/p>\n<p>El profesional, que tambi\u00e9n es director del grupo de Investigaci\u00f3n \u201cNanoCatpPS\u201d, destac\u00f3 la adjudicaci\u00f3n de un proyecto Fondequip, denominado \u201cFortalecimiento de las capacidades anal\u00edticas para el desarrollo de biomateriales y biocombustibles en las Regiones del Biob\u00edo y La Araucan\u00eda, a trav\u00e9s de un Micropirolizador y ATD acoplados a un GC\/MS\u201d, el que tiene directa relaci\u00f3n con su trabajo actual.<\/p>\n<p>El equipo permite dotar a la UBB con tecnolog\u00eda anal\u00edtica de primer nivel en el \u00e1rea de la transformaci\u00f3n termoqu\u00edmica de biomasa.<\/p>\n<p>Ver <a href=\"\/\/maderamen.com.ar\/desarrollo-forestal\/empresas\/probiomasa\/\">Proyecto PROBIOMASA FAO<\/a>\u00a0en Argentina<\/p>\n","protected":false},"excerpt":{"rendered":"<p>El proyecto est\u00e1 enfocado en el mejoramiento catal\u00edtico del oportunibio-oil que se obtiene de la pirolisis de biomasa, transformando termoqu\u00edmicamente la madera, inform\u00f3 Lignum. En noviembre pr\u00f3ximo finaliza en Chile el proyecto Fondecyt \u201cMejoramiento del bio-oil obtenido de la pir\u00f3lisis de biomasa: Influencia de las caracter\u00edsticas superficiales de la zeolita natural y modificada\u201d, del acad\u00e9mico [&hellip;]<\/p>\n","protected":false},"author":7,"featured_media":9010,"comment_status":"open","ping_status":"open","sticky":false,"template":"","format":"standard","meta":{"footnotes":""},"categories":[3],"tags":[],"class_list":{"0":"post-9009","1":"post","2":"type-post","3":"status-publish","4":"format-standard","5":"has-post-thumbnail","7":"category-ambiente"},"yoast_head":"<!-- This site is optimized with the Yoast SEO plugin v27.4 - https:\/\/yoast.com\/product\/yoast-seo-wordpress\/ -->\n<title>Europa: investigaci\u00f3n dirigida a crear biocombustible a partir de la madera<\/title>\n<meta name=\"description\" content=\"Avanza en Europa investigaci\u00f3n dirigida a crear biocombustible a partir de la madera. la investigaci\u00f3n se postul\u00f3 a un proyecto de redes internacionales\" \/>\n<meta name=\"robots\" content=\"index, follow, max-snippet:-1, max-image-preview:large, max-video-preview:-1\" \/>\n<link rel=\"canonical\" href=\"https:\/\/maderamen.com.ar\/desarrollo-forestal\/2017\/10\/19\/avanza-europa-investigacion-dirigida-crear-biocombustible-partir-la-madera\/\" \/>\n<meta property=\"og:locale\" content=\"es_ES\" \/>\n<meta property=\"og:type\" content=\"article\" \/>\n<meta property=\"og:title\" content=\"Europa: investigaci\u00f3n dirigida a crear biocombustible a partir de la madera\" \/>\n<meta property=\"og:description\" content=\"Avanza en Europa investigaci\u00f3n dirigida a crear biocombustible a partir de la madera. la investigaci\u00f3n se postul\u00f3 a un proyecto de redes internacionales\" \/>\n<meta property=\"og:url\" content=\"https:\/\/maderamen.com.ar\/desarrollo-forestal\/2017\/10\/19\/avanza-europa-investigacion-dirigida-crear-biocombustible-partir-la-madera\/\" \/>\n<meta property=\"og:site_name\" content=\"Desarrollo Forestal\" \/>\n<meta property=\"article:publisher\" content=\"https:\/\/www.facebook.com\/Maderamen.Argentina\/\" \/>\n<meta property=\"article:published_time\" content=\"2017-10-19T14:08:45+00:00\" \/>\n<meta property=\"article:modified_time\" content=\"2018-02-15T15:44:27+00:00\" \/>\n<meta property=\"og:image\" content=\"https:\/\/maderamen.com.ar\/desarrollo-forestal\/wp-content\/uploads\/sites\/2\/2017\/10\/biomasa.jpg\" \/>\n\t<meta property=\"og:image:width\" content=\"1400\" \/>\n\t<meta property=\"og:image:height\" content=\"788\" \/>\n\t<meta property=\"og:image:type\" content=\"image\/jpeg\" \/>\n<meta name=\"author\" content=\"Maderamen\" \/>\n<meta name=\"twitter:card\" content=\"summary_large_image\" \/>\n<meta name=\"twitter:creator\" content=\"@DesarrolloFores\" \/>\n<meta name=\"twitter:site\" content=\"@DesarrolloFores\" \/>\n<meta name=\"twitter:label1\" content=\"Escrito por\" \/>\n\t<meta name=\"twitter:data1\" content=\"Maderamen\" \/>\n\t<meta name=\"twitter:label2\" content=\"Tiempo de lectura\" \/>\n\t<meta name=\"twitter:data2\" content=\"2 minutos\" \/>\n<script type=\"application\/ld+json\" class=\"yoast-schema-graph\">{\"@context\":\"https:\\\/\\\/schema.org\",\"@graph\":[{\"@type\":\"Article\",\"@id\":\"https:\\\/\\\/maderamen.com.ar\\\/desarrollo-forestal\\\/2017\\\/10\\\/19\\\/avanza-europa-investigacion-dirigida-crear-biocombustible-partir-la-madera\\\/#article\",\"isPartOf\":{\"@id\":\"https:\\\/\\\/maderamen.com.ar\\\/desarrollo-forestal\\\/2017\\\/10\\\/19\\\/avanza-europa-investigacion-dirigida-crear-biocombustible-partir-la-madera\\\/\"},\"author\":{\"name\":\"Maderamen\",\"@id\":\"https:\\\/\\\/maderamen.com.ar\\\/desarrollo-forestal\\\/#\\\/schema\\\/person\\\/81237cb585ad2f10f2acafa58c3039be\"},\"headline\":\"Avanza en Europa investigaci\u00f3n dirigida a crear biocombustible a partir de la madera\",\"datePublished\":\"2017-10-19T14:08:45+00:00\",\"dateModified\":\"2018-02-15T15:44:27+00:00\",\"mainEntityOfPage\":{\"@id\":\"https:\\\/\\\/maderamen.com.ar\\\/desarrollo-forestal\\\/2017\\\/10\\\/19\\\/avanza-europa-investigacion-dirigida-crear-biocombustible-partir-la-madera\\\/\"},\"wordCount\":400,\"commentCount\":0,\"publisher\":{\"@id\":\"https:\\\/\\\/maderamen.com.ar\\\/desarrollo-forestal\\\/#organization\"},\"image\":{\"@id\":\"https:\\\/\\\/maderamen.com.ar\\\/desarrollo-forestal\\\/2017\\\/10\\\/19\\\/avanza-europa-investigacion-dirigida-crear-biocombustible-partir-la-madera\\\/#primaryimage\"},\"thumbnailUrl\":\"https:\\\/\\\/maderamen.com.ar\\\/desarrollo-forestal\\\/wp-content\\\/uploads\\\/sites\\\/2\\\/2017\\\/10\\\/biomasa.jpg\",\"articleSection\":[\"Ambiente\"],\"inLanguage\":\"es\",\"potentialAction\":[{\"@type\":\"CommentAction\",\"name\":\"Comment\",\"target\":[\"https:\\\/\\\/maderamen.com.ar\\\/desarrollo-forestal\\\/2017\\\/10\\\/19\\\/avanza-europa-investigacion-dirigida-crear-biocombustible-partir-la-madera\\\/#respond\"]}]},{\"@type\":\"WebPage\",\"@id\":\"https:\\\/\\\/maderamen.com.ar\\\/desarrollo-forestal\\\/2017\\\/10\\\/19\\\/avanza-europa-investigacion-dirigida-crear-biocombustible-partir-la-madera\\\/\",\"url\":\"https:\\\/\\\/maderamen.com.ar\\\/desarrollo-forestal\\\/2017\\\/10\\\/19\\\/avanza-europa-investigacion-dirigida-crear-biocombustible-partir-la-madera\\\/\",\"name\":\"Europa: investigaci\u00f3n dirigida a crear biocombustible a partir de la madera\",\"isPartOf\":{\"@id\":\"https:\\\/\\\/maderamen.com.ar\\\/desarrollo-forestal\\\/#website\"},\"primaryImageOfPage\":{\"@id\":\"https:\\\/\\\/maderamen.com.ar\\\/desarrollo-forestal\\\/2017\\\/10\\\/19\\\/avanza-europa-investigacion-dirigida-crear-biocombustible-partir-la-madera\\\/#primaryimage\"},\"image\":{\"@id\":\"https:\\\/\\\/maderamen.com.ar\\\/desarrollo-forestal\\\/2017\\\/10\\\/19\\\/avanza-europa-investigacion-dirigida-crear-biocombustible-partir-la-madera\\\/#primaryimage\"},\"thumbnailUrl\":\"https:\\\/\\\/maderamen.com.ar\\\/desarrollo-forestal\\\/wp-content\\\/uploads\\\/sites\\\/2\\\/2017\\\/10\\\/biomasa.jpg\",\"datePublished\":\"2017-10-19T14:08:45+00:00\",\"dateModified\":\"2018-02-15T15:44:27+00:00\",\"description\":\"Avanza en Europa investigaci\u00f3n dirigida a crear biocombustible a partir de la madera. la investigaci\u00f3n se postul\u00f3 a un proyecto de redes internacionales\",\"breadcrumb\":{\"@id\":\"https:\\\/\\\/maderamen.com.ar\\\/desarrollo-forestal\\\/2017\\\/10\\\/19\\\/avanza-europa-investigacion-dirigida-crear-biocombustible-partir-la-madera\\\/#breadcrumb\"},\"inLanguage\":\"es\",\"potentialAction\":[{\"@type\":\"ReadAction\",\"target\":[\"https:\\\/\\\/maderamen.com.ar\\\/desarrollo-forestal\\\/2017\\\/10\\\/19\\\/avanza-europa-investigacion-dirigida-crear-biocombustible-partir-la-madera\\\/\"]}]},{\"@type\":\"ImageObject\",\"inLanguage\":\"es\",\"@id\":\"https:\\\/\\\/maderamen.com.ar\\\/desarrollo-forestal\\\/2017\\\/10\\\/19\\\/avanza-europa-investigacion-dirigida-crear-biocombustible-partir-la-madera\\\/#primaryimage\",\"url\":\"https:\\\/\\\/maderamen.com.ar\\\/desarrollo-forestal\\\/wp-content\\\/uploads\\\/sites\\\/2\\\/2017\\\/10\\\/biomasa.jpg\",\"contentUrl\":\"https:\\\/\\\/maderamen.com.ar\\\/desarrollo-forestal\\\/wp-content\\\/uploads\\\/sites\\\/2\\\/2017\\\/10\\\/biomasa.jpg\",\"width\":1400,\"height\":788,\"caption\":\"Curso Provincial de Biog\u00e1s para Energ\u00eda en Col\u00f3n, Entre R\u00edos\"},{\"@type\":\"BreadcrumbList\",\"@id\":\"https:\\\/\\\/maderamen.com.ar\\\/desarrollo-forestal\\\/2017\\\/10\\\/19\\\/avanza-europa-investigacion-dirigida-crear-biocombustible-partir-la-madera\\\/#breadcrumb\",\"itemListElement\":[{\"@type\":\"ListItem\",\"position\":1,\"name\":\"Portada\",\"item\":\"https:\\\/\\\/maderamen.com.ar\\\/desarrollo-forestal\\\/\"},{\"@type\":\"ListItem\",\"position\":2,\"name\":\"Avanza en Europa investigaci\u00f3n dirigida a crear biocombustible a partir de la madera\"}]},{\"@type\":\"WebSite\",\"@id\":\"https:\\\/\\\/maderamen.com.ar\\\/desarrollo-forestal\\\/#website\",\"url\":\"https:\\\/\\\/maderamen.com.ar\\\/desarrollo-forestal\\\/\",\"name\":\"Desarrollo Forestal\",\"description\":\"Noticias del sector forestal\",\"publisher\":{\"@id\":\"https:\\\/\\\/maderamen.com.ar\\\/desarrollo-forestal\\\/#organization\"},\"potentialAction\":[{\"@type\":\"SearchAction\",\"target\":{\"@type\":\"EntryPoint\",\"urlTemplate\":\"https:\\\/\\\/maderamen.com.ar\\\/desarrollo-forestal\\\/?s={search_term_string}\"},\"query-input\":{\"@type\":\"PropertyValueSpecification\",\"valueRequired\":true,\"valueName\":\"search_term_string\"}}],\"inLanguage\":\"es\"},{\"@type\":\"Organization\",\"@id\":\"https:\\\/\\\/maderamen.com.ar\\\/desarrollo-forestal\\\/#organization\",\"name\":\"Maderamen\",\"url\":\"https:\\\/\\\/maderamen.com.ar\\\/desarrollo-forestal\\\/\",\"logo\":{\"@type\":\"ImageObject\",\"inLanguage\":\"es\",\"@id\":\"https:\\\/\\\/maderamen.com.ar\\\/desarrollo-forestal\\\/#\\\/schema\\\/logo\\\/image\\\/\",\"url\":\"https:\\\/\\\/maderamen.com.ar\\\/desarrollo-forestal\\\/wp-content\\\/uploads\\\/sites\\\/2\\\/2026\\\/03\\\/maderamen-emago.png\",\"contentUrl\":\"https:\\\/\\\/maderamen.com.ar\\\/desarrollo-forestal\\\/wp-content\\\/uploads\\\/sites\\\/2\\\/2026\\\/03\\\/maderamen-emago.png\",\"width\":250,\"height\":246,\"caption\":\"Maderamen\"},\"image\":{\"@id\":\"https:\\\/\\\/maderamen.com.ar\\\/desarrollo-forestal\\\/#\\\/schema\\\/logo\\\/image\\\/\"},\"sameAs\":[\"https:\\\/\\\/www.facebook.com\\\/Maderamen.Argentina\\\/\",\"https:\\\/\\\/x.com\\\/DesarrolloFores\",\"https:\\\/\\\/www.youtube.com\\\/channel\\\/UCeYU2-_JRTYYpgHoyhTT2Fg\",\"https:\\\/\\\/www.instagram.com\\\/maderamen.ok\\\/\",\"https:\\\/\\\/www.linkedin.com\\\/company\\\/maderameneditorial\\\/\"]},{\"@type\":\"Person\",\"@id\":\"https:\\\/\\\/maderamen.com.ar\\\/desarrollo-forestal\\\/#\\\/schema\\\/person\\\/81237cb585ad2f10f2acafa58c3039be\",\"name\":\"Maderamen\",\"image\":{\"@type\":\"ImageObject\",\"inLanguage\":\"es\",\"@id\":\"https:\\\/\\\/secure.gravatar.com\\\/avatar\\\/a1b1f0c9d2022e41abb183e86a64d5f6f0b4ded802929b19f98f6623f6c677c7?s=96&d=mm&r=g\",\"url\":\"https:\\\/\\\/secure.gravatar.com\\\/avatar\\\/a1b1f0c9d2022e41abb183e86a64d5f6f0b4ded802929b19f98f6623f6c677c7?s=96&d=mm&r=g\",\"contentUrl\":\"https:\\\/\\\/secure.gravatar.com\\\/avatar\\\/a1b1f0c9d2022e41abb183e86a64d5f6f0b4ded802929b19f98f6623f6c677c7?s=96&d=mm&r=g\",\"caption\":\"Maderamen\"},\"url\":\"https:\\\/\\\/maderamen.com.ar\\\/desarrollo-forestal\\\/author\\\/maderameneditor\\\/\"}]}<\/script>\n<!-- \/ Yoast SEO plugin. -->","yoast_head_json":{"title":"Europa: investigaci\u00f3n dirigida a crear biocombustible a partir de la madera","description":"Avanza en Europa investigaci\u00f3n dirigida a crear biocombustible a partir de la madera. la investigaci\u00f3n se postul\u00f3 a un proyecto de redes internacionales","robots":{"index":"index","follow":"follow","max-snippet":"max-snippet:-1","max-image-preview":"max-image-preview:large","max-video-preview":"max-video-preview:-1"},"canonical":"https:\/\/maderamen.com.ar\/desarrollo-forestal\/2017\/10\/19\/avanza-europa-investigacion-dirigida-crear-biocombustible-partir-la-madera\/","og_locale":"es_ES","og_type":"article","og_title":"Europa: investigaci\u00f3n dirigida a crear biocombustible a partir de la madera","og_description":"Avanza en Europa investigaci\u00f3n dirigida a crear biocombustible a partir de la madera. la investigaci\u00f3n se postul\u00f3 a un proyecto de redes internacionales","og_url":"https:\/\/maderamen.com.ar\/desarrollo-forestal\/2017\/10\/19\/avanza-europa-investigacion-dirigida-crear-biocombustible-partir-la-madera\/","og_site_name":"Desarrollo Forestal","article_publisher":"https:\/\/www.facebook.com\/Maderamen.Argentina\/","article_published_time":"2017-10-19T14:08:45+00:00","article_modified_time":"2018-02-15T15:44:27+00:00","og_image":[{"width":1400,"height":788,"url":"https:\/\/maderamen.com.ar\/desarrollo-forestal\/wp-content\/uploads\/sites\/2\/2017\/10\/biomasa.jpg","type":"image\/jpeg"}],"author":"Maderamen","twitter_card":"summary_large_image","twitter_creator":"@DesarrolloFores","twitter_site":"@DesarrolloFores","twitter_misc":{"Escrito por":"Maderamen","Tiempo de lectura":"2 minutos"},"schema":{"@context":"https:\/\/schema.org","@graph":[{"@type":"Article","@id":"https:\/\/maderamen.com.ar\/desarrollo-forestal\/2017\/10\/19\/avanza-europa-investigacion-dirigida-crear-biocombustible-partir-la-madera\/#article","isPartOf":{"@id":"https:\/\/maderamen.com.ar\/desarrollo-forestal\/2017\/10\/19\/avanza-europa-investigacion-dirigida-crear-biocombustible-partir-la-madera\/"},"author":{"name":"Maderamen","@id":"https:\/\/maderamen.com.ar\/desarrollo-forestal\/#\/schema\/person\/81237cb585ad2f10f2acafa58c3039be"},"headline":"Avanza en Europa investigaci\u00f3n dirigida a crear biocombustible a partir de la madera","datePublished":"2017-10-19T14:08:45+00:00","dateModified":"2018-02-15T15:44:27+00:00","mainEntityOfPage":{"@id":"https:\/\/maderamen.com.ar\/desarrollo-forestal\/2017\/10\/19\/avanza-europa-investigacion-dirigida-crear-biocombustible-partir-la-madera\/"},"wordCount":400,"commentCount":0,"publisher":{"@id":"https:\/\/maderamen.com.ar\/desarrollo-forestal\/#organization"},"image":{"@id":"https:\/\/maderamen.com.ar\/desarrollo-forestal\/2017\/10\/19\/avanza-europa-investigacion-dirigida-crear-biocombustible-partir-la-madera\/#primaryimage"},"thumbnailUrl":"https:\/\/maderamen.com.ar\/desarrollo-forestal\/wp-content\/uploads\/sites\/2\/2017\/10\/biomasa.jpg","articleSection":["Ambiente"],"inLanguage":"es","potentialAction":[{"@type":"CommentAction","name":"Comment","target":["https:\/\/maderamen.com.ar\/desarrollo-forestal\/2017\/10\/19\/avanza-europa-investigacion-dirigida-crear-biocombustible-partir-la-madera\/#respond"]}]},{"@type":"WebPage","@id":"https:\/\/maderamen.com.ar\/desarrollo-forestal\/2017\/10\/19\/avanza-europa-investigacion-dirigida-crear-biocombustible-partir-la-madera\/","url":"https:\/\/maderamen.com.ar\/desarrollo-forestal\/2017\/10\/19\/avanza-europa-investigacion-dirigida-crear-biocombustible-partir-la-madera\/","name":"Europa: investigaci\u00f3n dirigida a crear biocombustible a partir de la madera","isPartOf":{"@id":"https:\/\/maderamen.com.ar\/desarrollo-forestal\/#website"},"primaryImageOfPage":{"@id":"https:\/\/maderamen.com.ar\/desarrollo-forestal\/2017\/10\/19\/avanza-europa-investigacion-dirigida-crear-biocombustible-partir-la-madera\/#primaryimage"},"image":{"@id":"https:\/\/maderamen.com.ar\/desarrollo-forestal\/2017\/10\/19\/avanza-europa-investigacion-dirigida-crear-biocombustible-partir-la-madera\/#primaryimage"},"thumbnailUrl":"https:\/\/maderamen.com.ar\/desarrollo-forestal\/wp-content\/uploads\/sites\/2\/2017\/10\/biomasa.jpg","datePublished":"2017-10-19T14:08:45+00:00","dateModified":"2018-02-15T15:44:27+00:00","description":"Avanza en Europa investigaci\u00f3n dirigida a crear biocombustible a partir de la madera. la investigaci\u00f3n se postul\u00f3 a un proyecto de redes internacionales","breadcrumb":{"@id":"https:\/\/maderamen.com.ar\/desarrollo-forestal\/2017\/10\/19\/avanza-europa-investigacion-dirigida-crear-biocombustible-partir-la-madera\/#breadcrumb"},"inLanguage":"es","potentialAction":[{"@type":"ReadAction","target":["https:\/\/maderamen.com.ar\/desarrollo-forestal\/2017\/10\/19\/avanza-europa-investigacion-dirigida-crear-biocombustible-partir-la-madera\/"]}]},{"@type":"ImageObject","inLanguage":"es","@id":"https:\/\/maderamen.com.ar\/desarrollo-forestal\/2017\/10\/19\/avanza-europa-investigacion-dirigida-crear-biocombustible-partir-la-madera\/#primaryimage","url":"https:\/\/maderamen.com.ar\/desarrollo-forestal\/wp-content\/uploads\/sites\/2\/2017\/10\/biomasa.jpg","contentUrl":"https:\/\/maderamen.com.ar\/desarrollo-forestal\/wp-content\/uploads\/sites\/2\/2017\/10\/biomasa.jpg","width":1400,"height":788,"caption":"Curso Provincial de Biog\u00e1s para Energ\u00eda en Col\u00f3n, Entre R\u00edos"},{"@type":"BreadcrumbList","@id":"https:\/\/maderamen.com.ar\/desarrollo-forestal\/2017\/10\/19\/avanza-europa-investigacion-dirigida-crear-biocombustible-partir-la-madera\/#breadcrumb","itemListElement":[{"@type":"ListItem","position":1,"name":"Portada","item":"https:\/\/maderamen.com.ar\/desarrollo-forestal\/"},{"@type":"ListItem","position":2,"name":"Avanza en Europa investigaci\u00f3n dirigida a crear biocombustible a partir de la madera"}]},{"@type":"WebSite","@id":"https:\/\/maderamen.com.ar\/desarrollo-forestal\/#website","url":"https:\/\/maderamen.com.ar\/desarrollo-forestal\/","name":"Desarrollo Forestal","description":"Noticias del sector forestal","publisher":{"@id":"https:\/\/maderamen.com.ar\/desarrollo-forestal\/#organization"},"potentialAction":[{"@type":"SearchAction","target":{"@type":"EntryPoint","urlTemplate":"https:\/\/maderamen.com.ar\/desarrollo-forestal\/?s={search_term_string}"},"query-input":{"@type":"PropertyValueSpecification","valueRequired":true,"valueName":"search_term_string"}}],"inLanguage":"es"},{"@type":"Organization","@id":"https:\/\/maderamen.com.ar\/desarrollo-forestal\/#organization","name":"Maderamen","url":"https:\/\/maderamen.com.ar\/desarrollo-forestal\/","logo":{"@type":"ImageObject","inLanguage":"es","@id":"https:\/\/maderamen.com.ar\/desarrollo-forestal\/#\/schema\/logo\/image\/","url":"https:\/\/maderamen.com.ar\/desarrollo-forestal\/wp-content\/uploads\/sites\/2\/2026\/03\/maderamen-emago.png","contentUrl":"https:\/\/maderamen.com.ar\/desarrollo-forestal\/wp-content\/uploads\/sites\/2\/2026\/03\/maderamen-emago.png","width":250,"height":246,"caption":"Maderamen"},"image":{"@id":"https:\/\/maderamen.com.ar\/desarrollo-forestal\/#\/schema\/logo\/image\/"},"sameAs":["https:\/\/www.facebook.com\/Maderamen.Argentina\/","https:\/\/x.com\/DesarrolloFores","https:\/\/www.youtube.com\/channel\/UCeYU2-_JRTYYpgHoyhTT2Fg","https:\/\/www.instagram.com\/maderamen.ok\/","https:\/\/www.linkedin.com\/company\/maderameneditorial\/"]},{"@type":"Person","@id":"https:\/\/maderamen.com.ar\/desarrollo-forestal\/#\/schema\/person\/81237cb585ad2f10f2acafa58c3039be","name":"Maderamen","image":{"@type":"ImageObject","inLanguage":"es","@id":"https:\/\/secure.gravatar.com\/avatar\/a1b1f0c9d2022e41abb183e86a64d5f6f0b4ded802929b19f98f6623f6c677c7?s=96&d=mm&r=g","url":"https:\/\/secure.gravatar.com\/avatar\/a1b1f0c9d2022e41abb183e86a64d5f6f0b4ded802929b19f98f6623f6c677c7?s=96&d=mm&r=g","contentUrl":"https:\/\/secure.gravatar.com\/avatar\/a1b1f0c9d2022e41abb183e86a64d5f6f0b4ded802929b19f98f6623f6c677c7?s=96&d=mm&r=g","caption":"Maderamen"},"url":"https:\/\/maderamen.com.ar\/desarrollo-forestal\/author\/maderameneditor\/"}]}},"_links":{"self":[{"href":"https:\/\/maderamen.com.ar\/desarrollo-forestal\/wp-json\/wp\/v2\/posts\/9009","targetHints":{"allow":["GET"]}}],"collection":[{"href":"https:\/\/maderamen.com.ar\/desarrollo-forestal\/wp-json\/wp\/v2\/posts"}],"about":[{"href":"https:\/\/maderamen.com.ar\/desarrollo-forestal\/wp-json\/wp\/v2\/types\/post"}],"author":[{"embeddable":true,"href":"https:\/\/maderamen.com.ar\/desarrollo-forestal\/wp-json\/wp\/v2\/users\/7"}],"replies":[{"embeddable":true,"href":"https:\/\/maderamen.com.ar\/desarrollo-forestal\/wp-json\/wp\/v2\/comments?post=9009"}],"version-history":[{"count":0,"href":"https:\/\/maderamen.com.ar\/desarrollo-forestal\/wp-json\/wp\/v2\/posts\/9009\/revisions"}],"wp:featuredmedia":[{"embeddable":true,"href":"https:\/\/maderamen.com.ar\/desarrollo-forestal\/wp-json\/wp\/v2\/media\/9010"}],"wp:attachment":[{"href":"https:\/\/maderamen.com.ar\/desarrollo-forestal\/wp-json\/wp\/v2\/media?parent=9009"}],"wp:term":[{"taxonomy":"category","embeddable":true,"href":"https:\/\/maderamen.com.ar\/desarrollo-forestal\/wp-json\/wp\/v2\/categories?post=9009"},{"taxonomy":"post_tag","embeddable":true,"href":"https:\/\/maderamen.com.ar\/desarrollo-forestal\/wp-json\/wp\/v2\/tags?post=9009"}],"curies":[{"name":"wp","href":"https:\/\/api.w.org\/{rel}","templated":true}]}}