{"id":8970,"date":"2017-10-11T16:33:22","date_gmt":"2017-10-11T19:33:22","guid":{"rendered":"http:\/\/maderamen.com.ar\/desarrollo-forestal\/?p=8970"},"modified":"2018-02-15T12:46:37","modified_gmt":"2018-02-15T15:46:37","slug":"se-realizaron-concordia-las-xxxi-jornadas-forestales-rios","status":"publish","type":"post","link":"https:\/\/maderamen.com.ar\/desarrollo-forestal\/2017\/10\/11\/se-realizaron-concordia-las-xxxi-jornadas-forestales-rios\/","title":{"rendered":"Se realizaron en Concordia las XXXI Jornadas Forestales de Entre R\u00edos"},"content":{"rendered":"<p><strong>Una nueva edici\u00f3n de las Jornadas Forestales de Entre R\u00edos se celebr\u00f3 el 5 y 6 de octubre, organizadas por el INTA y la Asociaci\u00f3n de Ingenieros Agr\u00f3nomos del Noreste de Entre R\u00edos (AIANER). El encuentro, que cuenta con m\u00e1s de 30 a\u00f1os de experiencia, cont\u00f3 con m\u00e1s de 220 asistentes de distintos puntos del pa\u00eds y de Uruguay. Desarrollo Forestal tuvo dos Enviados Especiales. Gacetilla de los organizadores.<\/strong><\/p>\n<figure id=\"attachment_8972\" aria-describedby=\"caption-attachment-8972\" style=\"width: 680px\" class=\"wp-caption alignnone\"><img loading=\"lazy\" decoding=\"async\" class=\" wp-image-8972\" src=\"\/\/maderamen.com.ar\/desarrollo-forestal\/wp-content\/uploads\/sites\/2\/2017\/10\/jfer1-10-10-17-300x150.jpg\" alt=\"jornadas forestales entre rios\" width=\"680\" height=\"340\" srcset=\"https:\/\/maderamen.com.ar\/desarrollo-forestal\/wp-content\/uploads\/sites\/2\/2017\/10\/jfer1-10-10-17-300x150.jpg 300w, https:\/\/maderamen.com.ar\/desarrollo-forestal\/wp-content\/uploads\/sites\/2\/2017\/10\/jfer1-10-10-17-768x384.jpg 768w, https:\/\/maderamen.com.ar\/desarrollo-forestal\/wp-content\/uploads\/sites\/2\/2017\/10\/jfer1-10-10-17-1024x512.jpg 1024w, https:\/\/maderamen.com.ar\/desarrollo-forestal\/wp-content\/uploads\/sites\/2\/2017\/10\/jfer1-10-10-17-696x348.jpg 696w, https:\/\/maderamen.com.ar\/desarrollo-forestal\/wp-content\/uploads\/sites\/2\/2017\/10\/jfer1-10-10-17-1068x534.jpg 1068w, https:\/\/maderamen.com.ar\/desarrollo-forestal\/wp-content\/uploads\/sites\/2\/2017\/10\/jfer1-10-10-17-840x420.jpg 840w, https:\/\/maderamen.com.ar\/desarrollo-forestal\/wp-content\/uploads\/sites\/2\/2017\/10\/jfer1-10-10-17.jpg 1400w\" sizes=\"auto, (max-width: 680px) 100vw, 680px\" \/><figcaption id=\"caption-attachment-8972\" class=\"wp-caption-text\"><strong>Las Jornadas contaron con 220 asistentes.<\/strong><\/figcaption><\/figure>\n<p>Durante el jueves 5 se desarrollaron las disertaciones las cuales se iniciaron con las palabras de bienvenida de Guillermo Meier, director del INTA Concordia qui\u00e9n resalt\u00f3 que \u201ces un gusto ver en el p\u00fablico mucha gente joven, profesionales y estudiantes y tambi\u00e9n gente con mucha experiencia\u201d, y destac\u00f3 que \u201cva a ser una jornada muy constructiva y de intercambio de saberes<em>\u201d.<\/em> Por su parte, el ingeniero Marcos Larocca, presidente de AIANER, dese\u00f3 una muy buena jornada a los presentes, e inst\u00f3 al p\u00fablico a que no deje de participar.<\/p>\n<p>Luego de las palabras de bienvenida, los ingenieros Mart\u00edn S\u00e1nchez Acosta y Gustavo Lavista Llanos, del INTA Concordia y la empresa Pinos Verdes S.A., respectivamente, brindaron palabras en memoria del recientemente fallecido Ing. Ariel Stella, propietario del aserradero Stella S.A. de la localidad de Ubajay, quien fue un referente para el sector y muy apreciado entre sus colegas.<\/p>\n<h4>Cambio clim\u00e1tico y bioenerg\u00eda<\/h4>\n<p>El licenciado Carlos Norverto, del Ministerio de Agroindustria, fue el encargado de abrir este espacio mediante su ponencia de \u201cCambio clim\u00e1tico a nivel global y nacional. Compromisos asumidos por el pa\u00eds y oportunidades para el desarrollo forestal sostenible\u201d. A continuaci\u00f3n el Ing. Francisco Moyano, especialista en gesti\u00f3n de recursos naturales, expuso sobre \u201cEl rol de los proyectos forestales de captura de carbono en el contexto del Acuerdo de Par\u00eds. El caso del Proyecto MDL Santo Domingo\u201d.<\/p>\n<figure id=\"attachment_8973\" aria-describedby=\"caption-attachment-8973\" style=\"width: 703px\" class=\"wp-caption alignnone\"><img loading=\"lazy\" decoding=\"async\" class=\" wp-image-8973\" src=\"\/\/maderamen.com.ar\/desarrollo-forestal\/wp-content\/uploads\/sites\/2\/2017\/10\/jfer2-10-10-17-300x150.jpg\" alt=\"jornadas forestales entre rios\" width=\"703\" height=\"353\" srcset=\"https:\/\/maderamen.com.ar\/desarrollo-forestal\/wp-content\/uploads\/sites\/2\/2017\/10\/jfer2-10-10-17-300x150.jpg 300w, https:\/\/maderamen.com.ar\/desarrollo-forestal\/wp-content\/uploads\/sites\/2\/2017\/10\/jfer2-10-10-17-768x384.jpg 768w, https:\/\/maderamen.com.ar\/desarrollo-forestal\/wp-content\/uploads\/sites\/2\/2017\/10\/jfer2-10-10-17-1024x512.jpg 1024w, https:\/\/maderamen.com.ar\/desarrollo-forestal\/wp-content\/uploads\/sites\/2\/2017\/10\/jfer2-10-10-17-696x348.jpg 696w, https:\/\/maderamen.com.ar\/desarrollo-forestal\/wp-content\/uploads\/sites\/2\/2017\/10\/jfer2-10-10-17-1068x534.jpg 1068w, https:\/\/maderamen.com.ar\/desarrollo-forestal\/wp-content\/uploads\/sites\/2\/2017\/10\/jfer2-10-10-17-840x420.jpg 840w, https:\/\/maderamen.com.ar\/desarrollo-forestal\/wp-content\/uploads\/sites\/2\/2017\/10\/jfer2-10-10-17.jpg 1400w\" sizes=\"auto, (max-width: 703px) 100vw, 703px\" \/><figcaption id=\"caption-attachment-8973\" class=\"wp-caption-text\">Francisco Moyano expuso sobre \u201cEl rol de los proyectos forestales de captura de carbono en el contexto del Acuerdo de Par\u00eds. El caso del Proyecto MDL Santo Domingo\u201d.<\/figcaption><\/figure>\n<p>En este caso, el profesional coment\u00f3 que el proyecto tiene como objetivo principal lograr la captura de carbono verificable y generar, de forma sustentable, productos forestales de alto valor.<\/p>\n<p>Por su parte, los ingenieros Eduardo Manghi y Lucas Fanoni, del Ministerio de Ambiente y Desarrollo Sustentable de la Naci\u00f3n y de la Direcci\u00f3n de Gesti\u00f3n de Uso Sustentable de Recursos Naturales de la Provincia de Entre R\u00edos respectivamente, presentaron la tem\u00e1tica \u201cEscenario nacional de la Ley n\u00b0 26.331 de presupuestos m\u00ednimos de protecci\u00f3n ambiental de los bosques nativo\u201d, donde explicaron que la ley busca regular la disminuci\u00f3n de las superficies de bosques y promueve su manejo sostenible y su conservaci\u00f3n. Para finalizar la primera parte del panel, Jorge Esquivel abord\u00f3 el tema \u201cSistemas silvopastoriles: un aporte a la ganader\u00eda carbono neutro\u201d.<\/p>\n<p>La segunda parte del panel de cambio clim\u00e1tico y bioenerg\u00eda fue abierta por el Ing. Roberto Fern\u00e1ndez, quien disert\u00f3 sobre \u201cPlantaciones con fines energ\u00e9ticos: consideraciones tecnol\u00f3gicas y ambientales frente a su implementaci\u00f3n\u201d. Posteriormente, el Ing. M\u00e1ximo Gauto, especialista en bioenerg\u00eda, plante\u00f3 los desaf\u00edos y oportunidades de la biomasa como combustible t\u00e9rmico industrial y dom\u00e9stico.<\/p>\n<figure id=\"attachment_8974\" aria-describedby=\"caption-attachment-8974\" style=\"width: 663px\" class=\"wp-caption alignnone\"><img loading=\"lazy\" decoding=\"async\" class=\" wp-image-8974\" src=\"\/\/maderamen.com.ar\/desarrollo-forestal\/wp-content\/uploads\/sites\/2\/2017\/10\/jfer3-10-10-17-300x146.jpg\" alt=\"jornadas forestales entre rios\" width=\"663\" height=\"322\" srcset=\"https:\/\/maderamen.com.ar\/desarrollo-forestal\/wp-content\/uploads\/sites\/2\/2017\/10\/jfer3-10-10-17-300x146.jpg 300w, https:\/\/maderamen.com.ar\/desarrollo-forestal\/wp-content\/uploads\/sites\/2\/2017\/10\/jfer3-10-10-17-768x374.jpg 768w, https:\/\/maderamen.com.ar\/desarrollo-forestal\/wp-content\/uploads\/sites\/2\/2017\/10\/jfer3-10-10-17-1024x499.jpg 1024w, https:\/\/maderamen.com.ar\/desarrollo-forestal\/wp-content\/uploads\/sites\/2\/2017\/10\/jfer3-10-10-17-696x339.jpg 696w, https:\/\/maderamen.com.ar\/desarrollo-forestal\/wp-content\/uploads\/sites\/2\/2017\/10\/jfer3-10-10-17-1068x520.jpg 1068w, https:\/\/maderamen.com.ar\/desarrollo-forestal\/wp-content\/uploads\/sites\/2\/2017\/10\/jfer3-10-10-17-862x420.jpg 862w, https:\/\/maderamen.com.ar\/desarrollo-forestal\/wp-content\/uploads\/sites\/2\/2017\/10\/jfer3-10-10-17.jpg 1400w\" sizes=\"auto, (max-width: 663px) 100vw, 663px\" \/><figcaption id=\"caption-attachment-8974\" class=\"wp-caption-text\">M\u00e1ximo Gauto, especialista en bioenerg\u00eda, plante\u00f3 los desaf\u00edos y oportunidades de la biomasa como combustible t\u00e9rmico industrial y dom\u00e9stico.<\/figcaption><\/figure>\n<p>Para finalizar el panel, el contador Arisbel Ambrossi, director de Liderdat S.A., usina de generaci\u00f3n de energ\u00eda el\u00e9ctrica a partir de biomasa forestal en Uruguay, expuso sobre \u201cAzucarlito: Experiencia en la generaci\u00f3n de bioenerg\u00eda para proceso productivo y venta a la red\u201d. En su charla coment\u00f3 que la refiner\u00eda aporta capacidad tecnol\u00f3gica ociosa de generaci\u00f3n de vapor para los meses que no se refina az\u00facar, y que el excedente de energ\u00eda el\u00e9ctrica generada con biomasa se vende a la red.<\/p>\n<p>Luego del almuerzo, se realiz\u00f3 una demostraci\u00f3n de herramientas de poda en un lote ubicado dentro de la estaci\u00f3n experimental. La empresa Albatros maquinaria, representante de Stihl en Concordia, fue la encargada de mostrar en funcionamiento equipos de la citada marca.<\/p>\n<figure id=\"attachment_8978\" aria-describedby=\"caption-attachment-8978\" style=\"width: 679px\" class=\"wp-caption alignnone\"><img loading=\"lazy\" decoding=\"async\" class=\"wp-image-8978 \" src=\"\/\/maderamen.com.ar\/desarrollo-forestal\/wp-content\/uploads\/sites\/2\/2017\/10\/jfer7-10-10-17-300x150.jpg\" alt=\"jornadas forestales entre rios\" width=\"679\" height=\"341\" srcset=\"https:\/\/maderamen.com.ar\/desarrollo-forestal\/wp-content\/uploads\/sites\/2\/2017\/10\/jfer7-10-10-17-300x150.jpg 300w, https:\/\/maderamen.com.ar\/desarrollo-forestal\/wp-content\/uploads\/sites\/2\/2017\/10\/jfer7-10-10-17-768x384.jpg 768w, https:\/\/maderamen.com.ar\/desarrollo-forestal\/wp-content\/uploads\/sites\/2\/2017\/10\/jfer7-10-10-17-1024x512.jpg 1024w, https:\/\/maderamen.com.ar\/desarrollo-forestal\/wp-content\/uploads\/sites\/2\/2017\/10\/jfer7-10-10-17-696x348.jpg 696w, https:\/\/maderamen.com.ar\/desarrollo-forestal\/wp-content\/uploads\/sites\/2\/2017\/10\/jfer7-10-10-17-1068x534.jpg 1068w, https:\/\/maderamen.com.ar\/desarrollo-forestal\/wp-content\/uploads\/sites\/2\/2017\/10\/jfer7-10-10-17-840x420.jpg 840w, https:\/\/maderamen.com.ar\/desarrollo-forestal\/wp-content\/uploads\/sites\/2\/2017\/10\/jfer7-10-10-17.jpg 1400w\" sizes=\"auto, (max-width: 679px) 100vw, 679px\" \/><figcaption id=\"caption-attachment-8978\" class=\"wp-caption-text\">Demostraci\u00f3n de Stihl.<\/figcaption><\/figure>\n<h4>Panel de producci\u00f3n<\/h4>\n<p>Posterior a la demostraci\u00f3n, se dio lugar a las disertaciones del segundo panel abocadas a las tem\u00e1ticas productivas. La ing. Beatriz Reitano de la empresa Masisa fue la encargada de abrir el segundo panel, con una charla en la que explic\u00f3 el manejo que realiza la empresa de los agroqu\u00edmicos desde la perspectiva social y ambiental. A continuaci\u00f3n Ing. Bruno Acevedo, gerente de la unidad de negocios del Grupo Bermejo S.A. cont\u00f3 sobre el uso de t\u00e9cnicas de percepci\u00f3n remota para la estimaci\u00f3n de temperatura superficial.<\/p>\n<p>Luego el Ing. Juan L\u00f3pez desarroll\u00f3 la caracterizaci\u00f3n f\u00edsico-mec\u00e1nica de materiales clonales de eucalipto. Por su parte el T\u00e9c. <em>P<\/em>ablo Ta\u00f1o y el Ing. Dan Guapur\u00e1, de la empresa de servicios forestales AF S.A. de Uruguay, se abocaron a explicar la producci\u00f3n y comercializaci\u00f3n de madera de eucalipto para usos s\u00f3lidos que realizan desde la empresa. Para finalizar las disertaciones, el Lic.\u00a0 Leandro Mora Alfons\u00edn, director de FAIMA, habl\u00f3 sobre la cadena de valor foresto industrial en el rompecabezas del desarrollo, analizando los futuros posibles para la actividad.<\/p>\n<figure id=\"attachment_8975\" aria-describedby=\"caption-attachment-8975\" style=\"width: 688px\" class=\"wp-caption alignnone\"><img loading=\"lazy\" decoding=\"async\" class=\" wp-image-8975\" src=\"\/\/maderamen.com.ar\/desarrollo-forestal\/wp-content\/uploads\/sites\/2\/2017\/10\/jfer4-10-10-17-300x150.jpg\" alt=\"jornadas forestales entre rios\" width=\"688\" height=\"344\" srcset=\"https:\/\/maderamen.com.ar\/desarrollo-forestal\/wp-content\/uploads\/sites\/2\/2017\/10\/jfer4-10-10-17-300x150.jpg 300w, https:\/\/maderamen.com.ar\/desarrollo-forestal\/wp-content\/uploads\/sites\/2\/2017\/10\/jfer4-10-10-17-768x384.jpg 768w, https:\/\/maderamen.com.ar\/desarrollo-forestal\/wp-content\/uploads\/sites\/2\/2017\/10\/jfer4-10-10-17-1024x512.jpg 1024w, https:\/\/maderamen.com.ar\/desarrollo-forestal\/wp-content\/uploads\/sites\/2\/2017\/10\/jfer4-10-10-17-696x348.jpg 696w, https:\/\/maderamen.com.ar\/desarrollo-forestal\/wp-content\/uploads\/sites\/2\/2017\/10\/jfer4-10-10-17-1068x534.jpg 1068w, https:\/\/maderamen.com.ar\/desarrollo-forestal\/wp-content\/uploads\/sites\/2\/2017\/10\/jfer4-10-10-17-840x420.jpg 840w, https:\/\/maderamen.com.ar\/desarrollo-forestal\/wp-content\/uploads\/sites\/2\/2017\/10\/jfer4-10-10-17.jpg 1400w\" sizes=\"auto, (max-width: 688px) 100vw, 688px\" \/><figcaption id=\"caption-attachment-8975\" class=\"wp-caption-text\">Lic. Leandro Mora Alfons\u00edn, director ejecutivo de FAIMA.<\/figcaption><\/figure>\n<h4>Reconocimiento anual<\/h4>\n<p>En el marco de las jornadas, se entreg\u00f3 la tradicional rodaja de \u00f1andubay como s\u00edmbolo de reconocimiento a la labor llevada adelante durante muchos a\u00f1os en pos del fortalecimiento del sector forestal a la Ing. Diana D\u00edaz, quien trabaj\u00f3 en el INTA Concordia y ha coordinado numerosos proyectos de investigaci\u00f3n. En su vasta trayectoria profesional se ha comprometido con el sector forestal, y se ha destacado su obrar criterioso y responsable, as\u00ed como los valores y cualidades personales que la caracterizan.<\/p>\n<figure id=\"attachment_8976\" aria-describedby=\"caption-attachment-8976\" style=\"width: 713px\" class=\"wp-caption alignnone\"><img loading=\"lazy\" decoding=\"async\" class=\" wp-image-8976\" src=\"\/\/maderamen.com.ar\/desarrollo-forestal\/wp-content\/uploads\/sites\/2\/2017\/10\/jfer5-10-10-17-300x146.jpg\" alt=\"\" width=\"713\" height=\"348\" srcset=\"https:\/\/maderamen.com.ar\/desarrollo-forestal\/wp-content\/uploads\/sites\/2\/2017\/10\/jfer5-10-10-17-300x146.jpg 300w, https:\/\/maderamen.com.ar\/desarrollo-forestal\/wp-content\/uploads\/sites\/2\/2017\/10\/jfer5-10-10-17-768x374.jpg 768w, https:\/\/maderamen.com.ar\/desarrollo-forestal\/wp-content\/uploads\/sites\/2\/2017\/10\/jfer5-10-10-17-1024x499.jpg 1024w, https:\/\/maderamen.com.ar\/desarrollo-forestal\/wp-content\/uploads\/sites\/2\/2017\/10\/jfer5-10-10-17-533x261.jpg 533w, https:\/\/maderamen.com.ar\/desarrollo-forestal\/wp-content\/uploads\/sites\/2\/2017\/10\/jfer5-10-10-17-696x339.jpg 696w, https:\/\/maderamen.com.ar\/desarrollo-forestal\/wp-content\/uploads\/sites\/2\/2017\/10\/jfer5-10-10-17-1068x520.jpg 1068w, https:\/\/maderamen.com.ar\/desarrollo-forestal\/wp-content\/uploads\/sites\/2\/2017\/10\/jfer5-10-10-17-862x420.jpg 862w, https:\/\/maderamen.com.ar\/desarrollo-forestal\/wp-content\/uploads\/sites\/2\/2017\/10\/jfer5-10-10-17.jpg 1400w\" sizes=\"auto, (max-width: 713px) 100vw, 713px\" \/><figcaption id=\"caption-attachment-8976\" class=\"wp-caption-text\">La Rodaja de \u00d1andubay, s\u00edmbolo del reconocimiento anual, fue para Ing. Diana D\u00edaz, quien trabaj\u00f3 en el INTA Concordia y ha coordinado numerosos proyectos de investigaci\u00f3n.<\/figcaption><\/figure>\n<h4>Panel de autoridades<\/h4>\n<p>El cierre de la jornada de disertaciones cont\u00f3 con un panel de autoridades integrado por la Subsecretaria de Desarrollo Foresto Industrial del Ministerio de Agroindustria de la Naci\u00f3n, <a href=\"\/\/maderamen.com.ar\/desarrollo-forestal\/2017\/10\/05\/central-trabajar-la-redaccion-proyecto-ley-prorrogar-la-promocion-forestal-dijo-santinoni\/\" target=\"_blank\" rel=\"noopener\">Ing. Lucrecia Santinoni<\/a>, el Secretario de Producci\u00f3n Primaria del Ministerio de la Producci\u00f3n de la provincia de Entre R\u00edos, Ing. Mart\u00edn Barbieri, el Director de Recursos Forestales de la provincia de Corrientes, Ing. Roberto Rojas, el Presidente de la Regional R\u00edo Uruguay de la Asociaci\u00f3n Forestal Argentina (AFoA), Ing. Alejandro Giudici, y el Presidente de la C\u00e1mara de Industriales Madereros de Entre R\u00edos y Sur de Corrientes (IMFER), T\u00e9c. Foresto Industrial Sergio Piana.<\/p>\n<p>En general, se destac\u00f3 el posicionamiento que el sector viene logrando y la trascendente reuni\u00f3n que representantes del sector p\u00fablico y privado mantuvieron recientemente con el presidente de la Naci\u00f3n y funcionarios de los principales Ministerios. Tambi\u00e9n se remarc\u00f3 la importancia de la firma del Convenio de Colaboraci\u00f3n para la Promoci\u00f3n de la construcci\u00f3n con madera al que suscribieron los Ministerios del Interior, Obras P\u00fablicas y Vivienda, de Producci\u00f3n, de Agroindustria, y de Medio Ambiente y Desarrollo Sustentable, junto a las C\u00e1maras del sector foresto-industrial, a los bancos, a las compa\u00f1\u00edas de seguro y a la C\u00e1mara Argentina de la Construcci\u00f3n.<\/p>\n<p>Dicho convenio, que tiene un plazo de 10 a\u00f1os,\u00a0establece que al menos el 10% de las viviendas sociales financiadas por el Estado a trav\u00e9s de la <a href=\"\/\/maderamen.com.ar\/desarrollo-forestal\/2017\/09\/26\/nacion-firmo-hoy-convenio-historico-da-cupo-del-10-ciento-viviendas-sociales-madera\/\" target=\"_blank\" rel=\"noopener\">Subsecretar\u00eda de Vivienda y Desarrollo Urbano ser\u00e1n construidas con madera<\/a>, y prev\u00e9, adem\u00e1s, brindar capacitaci\u00f3n en este tipo de construcci\u00f3n a los institutos provinciales de Vivienda. Tanto desde AFoA como desde el IMFER visualizan el uso de la madera en la construcci\u00f3n de viviendas sociales como una oportunidad para impulsar fuertemente la demanda y acentuar una tendencia leve de recuperaci\u00f3n que se viene observando en los \u00faltimos meses. Asimismo, desde las c\u00e1maras se reclam\u00f3 a la provincia mayor compromiso e inter\u00e9s por el sector y el cumplimiento a algunas promesas que se han realizado, como la derogaci\u00f3n de la denominada Ley de la Madera, en el marco de un plan estrat\u00e9gico maderero provincial.<\/p>\n<p><img loading=\"lazy\" decoding=\"async\" class=\"alignnone wp-image-8971\" src=\"\/\/maderamen.com.ar\/desarrollo-forestal\/wp-content\/uploads\/sites\/2\/2017\/10\/jfer8-10-10-17-300x146.jpg\" alt=\"jornadas forestales entre rios\" width=\"687\" height=\"333\" srcset=\"https:\/\/maderamen.com.ar\/desarrollo-forestal\/wp-content\/uploads\/sites\/2\/2017\/10\/jfer8-10-10-17-300x146.jpg 300w, https:\/\/maderamen.com.ar\/desarrollo-forestal\/wp-content\/uploads\/sites\/2\/2017\/10\/jfer8-10-10-17-768x373.jpg 768w, https:\/\/maderamen.com.ar\/desarrollo-forestal\/wp-content\/uploads\/sites\/2\/2017\/10\/jfer8-10-10-17-1024x497.jpg 1024w, https:\/\/maderamen.com.ar\/desarrollo-forestal\/wp-content\/uploads\/sites\/2\/2017\/10\/jfer8-10-10-17-696x338.jpg 696w, https:\/\/maderamen.com.ar\/desarrollo-forestal\/wp-content\/uploads\/sites\/2\/2017\/10\/jfer8-10-10-17-1068x519.jpg 1068w, https:\/\/maderamen.com.ar\/desarrollo-forestal\/wp-content\/uploads\/sites\/2\/2017\/10\/jfer8-10-10-17-865x420.jpg 865w, https:\/\/maderamen.com.ar\/desarrollo-forestal\/wp-content\/uploads\/sites\/2\/2017\/10\/jfer8-10-10-17.jpg 1400w\" sizes=\"auto, (max-width: 687px) 100vw, 687px\" \/><\/p>\n<p>Fotos: Desarrollo Forestales (Enviados Especiales a Concordia) y gentileza Mart\u00edn S\u00e1nchez Acosta.<\/p>\n","protected":false},"excerpt":{"rendered":"<p>Una nueva edici\u00f3n de las Jornadas Forestales de Entre R\u00edos se celebr\u00f3 el 5 y 6 de octubre, organizadas por el INTA y la Asociaci\u00f3n de Ingenieros Agr\u00f3nomos del Noreste de Entre R\u00edos (AIANER). El encuentro, que cuenta con m\u00e1s de 30 a\u00f1os de experiencia, cont\u00f3 con m\u00e1s de 220 asistentes de distintos puntos del [&hellip;]<\/p>\n","protected":false},"author":7,"featured_media":8977,"comment_status":"open","ping_status":"open","sticky":false,"template":"","format":"standard","meta":{"footnotes":""},"categories":[2],"tags":[],"class_list":{"0":"post-8970","1":"post","2":"type-post","3":"status-publish","4":"format-standard","5":"has-post-thumbnail","7":"category-ferias-y-congresos"},"yoast_head":"<!-- This site is optimized with the Yoast SEO plugin v27.4 - https:\/\/yoast.com\/product\/yoast-seo-wordpress\/ -->\n<title>Se realizaron en Concordia las XXXI Jornadas Forestales de Entre R\u00edos<\/title>\n<meta name=\"description\" content=\"Una nueva edici\u00f3n de las Jornadas Forestales de Entre R\u00edos se celebr\u00f3 el 5 y 6 de octubre, organizadas por INTA y AIANER.\" \/>\n<meta name=\"robots\" content=\"index, follow, max-snippet:-1, max-image-preview:large, max-video-preview:-1\" \/>\n<link rel=\"canonical\" href=\"https:\/\/maderamen.com.ar\/desarrollo-forestal\/2017\/10\/11\/se-realizaron-concordia-las-xxxi-jornadas-forestales-rios\/\" \/>\n<meta property=\"og:locale\" content=\"es_ES\" \/>\n<meta property=\"og:type\" content=\"article\" \/>\n<meta property=\"og:title\" content=\"Se realizaron en Concordia las XXXI Jornadas Forestales de Entre R\u00edos\" \/>\n<meta property=\"og:description\" content=\"Una nueva edici\u00f3n de las Jornadas Forestales de Entre R\u00edos se celebr\u00f3 el 5 y 6 de octubre, organizadas por INTA y AIANER.\" \/>\n<meta property=\"og:url\" content=\"https:\/\/maderamen.com.ar\/desarrollo-forestal\/2017\/10\/11\/se-realizaron-concordia-las-xxxi-jornadas-forestales-rios\/\" \/>\n<meta property=\"og:site_name\" content=\"Desarrollo Forestal\" \/>\n<meta property=\"article:publisher\" content=\"https:\/\/www.facebook.com\/Maderamen.Argentina\/\" \/>\n<meta property=\"article:published_time\" content=\"2017-10-11T19:33:22+00:00\" \/>\n<meta property=\"article:modified_time\" content=\"2018-02-15T15:46:37+00:00\" \/>\n<meta property=\"og:image\" content=\"https:\/\/maderamen.com.ar\/desarrollo-forestal\/wp-content\/uploads\/sites\/2\/2017\/10\/jfer6-10-10-17.jpg\" \/>\n\t<meta property=\"og:image:width\" content=\"1400\" \/>\n\t<meta property=\"og:image:height\" content=\"700\" \/>\n\t<meta property=\"og:image:type\" content=\"image\/jpeg\" \/>\n<meta name=\"author\" content=\"Maderamen\" \/>\n<meta name=\"twitter:card\" content=\"summary_large_image\" \/>\n<meta name=\"twitter:creator\" content=\"@DesarrolloFores\" \/>\n<meta name=\"twitter:site\" content=\"@DesarrolloFores\" \/>\n<meta name=\"twitter:label1\" content=\"Escrito por\" \/>\n\t<meta name=\"twitter:data1\" content=\"Maderamen\" \/>\n\t<meta name=\"twitter:label2\" content=\"Tiempo de lectura\" \/>\n\t<meta name=\"twitter:data2\" content=\"7 minutos\" \/>\n<script type=\"application\/ld+json\" class=\"yoast-schema-graph\">{\"@context\":\"https:\\\/\\\/schema.org\",\"@graph\":[{\"@type\":\"Article\",\"@id\":\"https:\\\/\\\/maderamen.com.ar\\\/desarrollo-forestal\\\/2017\\\/10\\\/11\\\/se-realizaron-concordia-las-xxxi-jornadas-forestales-rios\\\/#article\",\"isPartOf\":{\"@id\":\"https:\\\/\\\/maderamen.com.ar\\\/desarrollo-forestal\\\/2017\\\/10\\\/11\\\/se-realizaron-concordia-las-xxxi-jornadas-forestales-rios\\\/\"},\"author\":{\"name\":\"Maderamen\",\"@id\":\"https:\\\/\\\/maderamen.com.ar\\\/desarrollo-forestal\\\/#\\\/schema\\\/person\\\/81237cb585ad2f10f2acafa58c3039be\"},\"headline\":\"Se realizaron en Concordia las XXXI Jornadas Forestales de Entre R\u00edos\",\"datePublished\":\"2017-10-11T19:33:22+00:00\",\"dateModified\":\"2018-02-15T15:46:37+00:00\",\"mainEntityOfPage\":{\"@id\":\"https:\\\/\\\/maderamen.com.ar\\\/desarrollo-forestal\\\/2017\\\/10\\\/11\\\/se-realizaron-concordia-las-xxxi-jornadas-forestales-rios\\\/\"},\"wordCount\":1486,\"commentCount\":0,\"publisher\":{\"@id\":\"https:\\\/\\\/maderamen.com.ar\\\/desarrollo-forestal\\\/#organization\"},\"image\":{\"@id\":\"https:\\\/\\\/maderamen.com.ar\\\/desarrollo-forestal\\\/2017\\\/10\\\/11\\\/se-realizaron-concordia-las-xxxi-jornadas-forestales-rios\\\/#primaryimage\"},\"thumbnailUrl\":\"https:\\\/\\\/maderamen.com.ar\\\/desarrollo-forestal\\\/wp-content\\\/uploads\\\/sites\\\/2\\\/2017\\\/10\\\/jfer6-10-10-17.jpg\",\"articleSection\":[\"Ferias y Congresos\"],\"inLanguage\":\"es\",\"potentialAction\":[{\"@type\":\"CommentAction\",\"name\":\"Comment\",\"target\":[\"https:\\\/\\\/maderamen.com.ar\\\/desarrollo-forestal\\\/2017\\\/10\\\/11\\\/se-realizaron-concordia-las-xxxi-jornadas-forestales-rios\\\/#respond\"]}]},{\"@type\":\"WebPage\",\"@id\":\"https:\\\/\\\/maderamen.com.ar\\\/desarrollo-forestal\\\/2017\\\/10\\\/11\\\/se-realizaron-concordia-las-xxxi-jornadas-forestales-rios\\\/\",\"url\":\"https:\\\/\\\/maderamen.com.ar\\\/desarrollo-forestal\\\/2017\\\/10\\\/11\\\/se-realizaron-concordia-las-xxxi-jornadas-forestales-rios\\\/\",\"name\":\"Se realizaron en Concordia las XXXI Jornadas Forestales de Entre R\u00edos\",\"isPartOf\":{\"@id\":\"https:\\\/\\\/maderamen.com.ar\\\/desarrollo-forestal\\\/#website\"},\"primaryImageOfPage\":{\"@id\":\"https:\\\/\\\/maderamen.com.ar\\\/desarrollo-forestal\\\/2017\\\/10\\\/11\\\/se-realizaron-concordia-las-xxxi-jornadas-forestales-rios\\\/#primaryimage\"},\"image\":{\"@id\":\"https:\\\/\\\/maderamen.com.ar\\\/desarrollo-forestal\\\/2017\\\/10\\\/11\\\/se-realizaron-concordia-las-xxxi-jornadas-forestales-rios\\\/#primaryimage\"},\"thumbnailUrl\":\"https:\\\/\\\/maderamen.com.ar\\\/desarrollo-forestal\\\/wp-content\\\/uploads\\\/sites\\\/2\\\/2017\\\/10\\\/jfer6-10-10-17.jpg\",\"datePublished\":\"2017-10-11T19:33:22+00:00\",\"dateModified\":\"2018-02-15T15:46:37+00:00\",\"description\":\"Una nueva edici\u00f3n de las Jornadas Forestales de Entre R\u00edos se celebr\u00f3 el 5 y 6 de octubre, organizadas por INTA y AIANER.\",\"breadcrumb\":{\"@id\":\"https:\\\/\\\/maderamen.com.ar\\\/desarrollo-forestal\\\/2017\\\/10\\\/11\\\/se-realizaron-concordia-las-xxxi-jornadas-forestales-rios\\\/#breadcrumb\"},\"inLanguage\":\"es\",\"potentialAction\":[{\"@type\":\"ReadAction\",\"target\":[\"https:\\\/\\\/maderamen.com.ar\\\/desarrollo-forestal\\\/2017\\\/10\\\/11\\\/se-realizaron-concordia-las-xxxi-jornadas-forestales-rios\\\/\"]}]},{\"@type\":\"ImageObject\",\"inLanguage\":\"es\",\"@id\":\"https:\\\/\\\/maderamen.com.ar\\\/desarrollo-forestal\\\/2017\\\/10\\\/11\\\/se-realizaron-concordia-las-xxxi-jornadas-forestales-rios\\\/#primaryimage\",\"url\":\"https:\\\/\\\/maderamen.com.ar\\\/desarrollo-forestal\\\/wp-content\\\/uploads\\\/sites\\\/2\\\/2017\\\/10\\\/jfer6-10-10-17.jpg\",\"contentUrl\":\"https:\\\/\\\/maderamen.com.ar\\\/desarrollo-forestal\\\/wp-content\\\/uploads\\\/sites\\\/2\\\/2017\\\/10\\\/jfer6-10-10-17.jpg\",\"width\":1400,\"height\":700,\"caption\":\"El cierre de la jornada de disertaciones cont\u00f3 con un panel de autoridades.\"},{\"@type\":\"BreadcrumbList\",\"@id\":\"https:\\\/\\\/maderamen.com.ar\\\/desarrollo-forestal\\\/2017\\\/10\\\/11\\\/se-realizaron-concordia-las-xxxi-jornadas-forestales-rios\\\/#breadcrumb\",\"itemListElement\":[{\"@type\":\"ListItem\",\"position\":1,\"name\":\"Portada\",\"item\":\"https:\\\/\\\/maderamen.com.ar\\\/desarrollo-forestal\\\/\"},{\"@type\":\"ListItem\",\"position\":2,\"name\":\"Se realizaron en Concordia las XXXI Jornadas Forestales de Entre R\u00edos\"}]},{\"@type\":\"WebSite\",\"@id\":\"https:\\\/\\\/maderamen.com.ar\\\/desarrollo-forestal\\\/#website\",\"url\":\"https:\\\/\\\/maderamen.com.ar\\\/desarrollo-forestal\\\/\",\"name\":\"Desarrollo Forestal\",\"description\":\"Noticias del sector forestal\",\"publisher\":{\"@id\":\"https:\\\/\\\/maderamen.com.ar\\\/desarrollo-forestal\\\/#organization\"},\"potentialAction\":[{\"@type\":\"SearchAction\",\"target\":{\"@type\":\"EntryPoint\",\"urlTemplate\":\"https:\\\/\\\/maderamen.com.ar\\\/desarrollo-forestal\\\/?s={search_term_string}\"},\"query-input\":{\"@type\":\"PropertyValueSpecification\",\"valueRequired\":true,\"valueName\":\"search_term_string\"}}],\"inLanguage\":\"es\"},{\"@type\":\"Organization\",\"@id\":\"https:\\\/\\\/maderamen.com.ar\\\/desarrollo-forestal\\\/#organization\",\"name\":\"Maderamen\",\"url\":\"https:\\\/\\\/maderamen.com.ar\\\/desarrollo-forestal\\\/\",\"logo\":{\"@type\":\"ImageObject\",\"inLanguage\":\"es\",\"@id\":\"https:\\\/\\\/maderamen.com.ar\\\/desarrollo-forestal\\\/#\\\/schema\\\/logo\\\/image\\\/\",\"url\":\"https:\\\/\\\/maderamen.com.ar\\\/desarrollo-forestal\\\/wp-content\\\/uploads\\\/sites\\\/2\\\/2026\\\/03\\\/maderamen-emago.png\",\"contentUrl\":\"https:\\\/\\\/maderamen.com.ar\\\/desarrollo-forestal\\\/wp-content\\\/uploads\\\/sites\\\/2\\\/2026\\\/03\\\/maderamen-emago.png\",\"width\":250,\"height\":246,\"caption\":\"Maderamen\"},\"image\":{\"@id\":\"https:\\\/\\\/maderamen.com.ar\\\/desarrollo-forestal\\\/#\\\/schema\\\/logo\\\/image\\\/\"},\"sameAs\":[\"https:\\\/\\\/www.facebook.com\\\/Maderamen.Argentina\\\/\",\"https:\\\/\\\/x.com\\\/DesarrolloFores\",\"https:\\\/\\\/www.youtube.com\\\/channel\\\/UCeYU2-_JRTYYpgHoyhTT2Fg\",\"https:\\\/\\\/www.instagram.com\\\/maderamen.ok\\\/\",\"https:\\\/\\\/www.linkedin.com\\\/company\\\/maderameneditorial\\\/\"]},{\"@type\":\"Person\",\"@id\":\"https:\\\/\\\/maderamen.com.ar\\\/desarrollo-forestal\\\/#\\\/schema\\\/person\\\/81237cb585ad2f10f2acafa58c3039be\",\"name\":\"Maderamen\",\"image\":{\"@type\":\"ImageObject\",\"inLanguage\":\"es\",\"@id\":\"https:\\\/\\\/secure.gravatar.com\\\/avatar\\\/a1b1f0c9d2022e41abb183e86a64d5f6f0b4ded802929b19f98f6623f6c677c7?s=96&d=mm&r=g\",\"url\":\"https:\\\/\\\/secure.gravatar.com\\\/avatar\\\/a1b1f0c9d2022e41abb183e86a64d5f6f0b4ded802929b19f98f6623f6c677c7?s=96&d=mm&r=g\",\"contentUrl\":\"https:\\\/\\\/secure.gravatar.com\\\/avatar\\\/a1b1f0c9d2022e41abb183e86a64d5f6f0b4ded802929b19f98f6623f6c677c7?s=96&d=mm&r=g\",\"caption\":\"Maderamen\"},\"url\":\"https:\\\/\\\/maderamen.com.ar\\\/desarrollo-forestal\\\/author\\\/maderameneditor\\\/\"}]}<\/script>\n<!-- \/ Yoast SEO plugin. -->","yoast_head_json":{"title":"Se realizaron en Concordia las XXXI Jornadas Forestales de Entre R\u00edos","description":"Una nueva edici\u00f3n de las Jornadas Forestales de Entre R\u00edos se celebr\u00f3 el 5 y 6 de octubre, organizadas por INTA y AIANER.","robots":{"index":"index","follow":"follow","max-snippet":"max-snippet:-1","max-image-preview":"max-image-preview:large","max-video-preview":"max-video-preview:-1"},"canonical":"https:\/\/maderamen.com.ar\/desarrollo-forestal\/2017\/10\/11\/se-realizaron-concordia-las-xxxi-jornadas-forestales-rios\/","og_locale":"es_ES","og_type":"article","og_title":"Se realizaron en Concordia las XXXI Jornadas Forestales de Entre R\u00edos","og_description":"Una nueva edici\u00f3n de las Jornadas Forestales de Entre R\u00edos se celebr\u00f3 el 5 y 6 de octubre, organizadas por INTA y AIANER.","og_url":"https:\/\/maderamen.com.ar\/desarrollo-forestal\/2017\/10\/11\/se-realizaron-concordia-las-xxxi-jornadas-forestales-rios\/","og_site_name":"Desarrollo Forestal","article_publisher":"https:\/\/www.facebook.com\/Maderamen.Argentina\/","article_published_time":"2017-10-11T19:33:22+00:00","article_modified_time":"2018-02-15T15:46:37+00:00","og_image":[{"width":1400,"height":700,"url":"https:\/\/maderamen.com.ar\/desarrollo-forestal\/wp-content\/uploads\/sites\/2\/2017\/10\/jfer6-10-10-17.jpg","type":"image\/jpeg"}],"author":"Maderamen","twitter_card":"summary_large_image","twitter_creator":"@DesarrolloFores","twitter_site":"@DesarrolloFores","twitter_misc":{"Escrito por":"Maderamen","Tiempo de lectura":"7 minutos"},"schema":{"@context":"https:\/\/schema.org","@graph":[{"@type":"Article","@id":"https:\/\/maderamen.com.ar\/desarrollo-forestal\/2017\/10\/11\/se-realizaron-concordia-las-xxxi-jornadas-forestales-rios\/#article","isPartOf":{"@id":"https:\/\/maderamen.com.ar\/desarrollo-forestal\/2017\/10\/11\/se-realizaron-concordia-las-xxxi-jornadas-forestales-rios\/"},"author":{"name":"Maderamen","@id":"https:\/\/maderamen.com.ar\/desarrollo-forestal\/#\/schema\/person\/81237cb585ad2f10f2acafa58c3039be"},"headline":"Se realizaron en Concordia las XXXI Jornadas Forestales de Entre R\u00edos","datePublished":"2017-10-11T19:33:22+00:00","dateModified":"2018-02-15T15:46:37+00:00","mainEntityOfPage":{"@id":"https:\/\/maderamen.com.ar\/desarrollo-forestal\/2017\/10\/11\/se-realizaron-concordia-las-xxxi-jornadas-forestales-rios\/"},"wordCount":1486,"commentCount":0,"publisher":{"@id":"https:\/\/maderamen.com.ar\/desarrollo-forestal\/#organization"},"image":{"@id":"https:\/\/maderamen.com.ar\/desarrollo-forestal\/2017\/10\/11\/se-realizaron-concordia-las-xxxi-jornadas-forestales-rios\/#primaryimage"},"thumbnailUrl":"https:\/\/maderamen.com.ar\/desarrollo-forestal\/wp-content\/uploads\/sites\/2\/2017\/10\/jfer6-10-10-17.jpg","articleSection":["Ferias y Congresos"],"inLanguage":"es","potentialAction":[{"@type":"CommentAction","name":"Comment","target":["https:\/\/maderamen.com.ar\/desarrollo-forestal\/2017\/10\/11\/se-realizaron-concordia-las-xxxi-jornadas-forestales-rios\/#respond"]}]},{"@type":"WebPage","@id":"https:\/\/maderamen.com.ar\/desarrollo-forestal\/2017\/10\/11\/se-realizaron-concordia-las-xxxi-jornadas-forestales-rios\/","url":"https:\/\/maderamen.com.ar\/desarrollo-forestal\/2017\/10\/11\/se-realizaron-concordia-las-xxxi-jornadas-forestales-rios\/","name":"Se realizaron en Concordia las XXXI Jornadas Forestales de Entre R\u00edos","isPartOf":{"@id":"https:\/\/maderamen.com.ar\/desarrollo-forestal\/#website"},"primaryImageOfPage":{"@id":"https:\/\/maderamen.com.ar\/desarrollo-forestal\/2017\/10\/11\/se-realizaron-concordia-las-xxxi-jornadas-forestales-rios\/#primaryimage"},"image":{"@id":"https:\/\/maderamen.com.ar\/desarrollo-forestal\/2017\/10\/11\/se-realizaron-concordia-las-xxxi-jornadas-forestales-rios\/#primaryimage"},"thumbnailUrl":"https:\/\/maderamen.com.ar\/desarrollo-forestal\/wp-content\/uploads\/sites\/2\/2017\/10\/jfer6-10-10-17.jpg","datePublished":"2017-10-11T19:33:22+00:00","dateModified":"2018-02-15T15:46:37+00:00","description":"Una nueva edici\u00f3n de las Jornadas Forestales de Entre R\u00edos se celebr\u00f3 el 5 y 6 de octubre, organizadas por INTA y AIANER.","breadcrumb":{"@id":"https:\/\/maderamen.com.ar\/desarrollo-forestal\/2017\/10\/11\/se-realizaron-concordia-las-xxxi-jornadas-forestales-rios\/#breadcrumb"},"inLanguage":"es","potentialAction":[{"@type":"ReadAction","target":["https:\/\/maderamen.com.ar\/desarrollo-forestal\/2017\/10\/11\/se-realizaron-concordia-las-xxxi-jornadas-forestales-rios\/"]}]},{"@type":"ImageObject","inLanguage":"es","@id":"https:\/\/maderamen.com.ar\/desarrollo-forestal\/2017\/10\/11\/se-realizaron-concordia-las-xxxi-jornadas-forestales-rios\/#primaryimage","url":"https:\/\/maderamen.com.ar\/desarrollo-forestal\/wp-content\/uploads\/sites\/2\/2017\/10\/jfer6-10-10-17.jpg","contentUrl":"https:\/\/maderamen.com.ar\/desarrollo-forestal\/wp-content\/uploads\/sites\/2\/2017\/10\/jfer6-10-10-17.jpg","width":1400,"height":700,"caption":"El cierre de la jornada de disertaciones cont\u00f3 con un panel de autoridades."},{"@type":"BreadcrumbList","@id":"https:\/\/maderamen.com.ar\/desarrollo-forestal\/2017\/10\/11\/se-realizaron-concordia-las-xxxi-jornadas-forestales-rios\/#breadcrumb","itemListElement":[{"@type":"ListItem","position":1,"name":"Portada","item":"https:\/\/maderamen.com.ar\/desarrollo-forestal\/"},{"@type":"ListItem","position":2,"name":"Se realizaron en Concordia las XXXI Jornadas Forestales de Entre R\u00edos"}]},{"@type":"WebSite","@id":"https:\/\/maderamen.com.ar\/desarrollo-forestal\/#website","url":"https:\/\/maderamen.com.ar\/desarrollo-forestal\/","name":"Desarrollo Forestal","description":"Noticias del sector forestal","publisher":{"@id":"https:\/\/maderamen.com.ar\/desarrollo-forestal\/#organization"},"potentialAction":[{"@type":"SearchAction","target":{"@type":"EntryPoint","urlTemplate":"https:\/\/maderamen.com.ar\/desarrollo-forestal\/?s={search_term_string}"},"query-input":{"@type":"PropertyValueSpecification","valueRequired":true,"valueName":"search_term_string"}}],"inLanguage":"es"},{"@type":"Organization","@id":"https:\/\/maderamen.com.ar\/desarrollo-forestal\/#organization","name":"Maderamen","url":"https:\/\/maderamen.com.ar\/desarrollo-forestal\/","logo":{"@type":"ImageObject","inLanguage":"es","@id":"https:\/\/maderamen.com.ar\/desarrollo-forestal\/#\/schema\/logo\/image\/","url":"https:\/\/maderamen.com.ar\/desarrollo-forestal\/wp-content\/uploads\/sites\/2\/2026\/03\/maderamen-emago.png","contentUrl":"https:\/\/maderamen.com.ar\/desarrollo-forestal\/wp-content\/uploads\/sites\/2\/2026\/03\/maderamen-emago.png","width":250,"height":246,"caption":"Maderamen"},"image":{"@id":"https:\/\/maderamen.com.ar\/desarrollo-forestal\/#\/schema\/logo\/image\/"},"sameAs":["https:\/\/www.facebook.com\/Maderamen.Argentina\/","https:\/\/x.com\/DesarrolloFores","https:\/\/www.youtube.com\/channel\/UCeYU2-_JRTYYpgHoyhTT2Fg","https:\/\/www.instagram.com\/maderamen.ok\/","https:\/\/www.linkedin.com\/company\/maderameneditorial\/"]},{"@type":"Person","@id":"https:\/\/maderamen.com.ar\/desarrollo-forestal\/#\/schema\/person\/81237cb585ad2f10f2acafa58c3039be","name":"Maderamen","image":{"@type":"ImageObject","inLanguage":"es","@id":"https:\/\/secure.gravatar.com\/avatar\/a1b1f0c9d2022e41abb183e86a64d5f6f0b4ded802929b19f98f6623f6c677c7?s=96&d=mm&r=g","url":"https:\/\/secure.gravatar.com\/avatar\/a1b1f0c9d2022e41abb183e86a64d5f6f0b4ded802929b19f98f6623f6c677c7?s=96&d=mm&r=g","contentUrl":"https:\/\/secure.gravatar.com\/avatar\/a1b1f0c9d2022e41abb183e86a64d5f6f0b4ded802929b19f98f6623f6c677c7?s=96&d=mm&r=g","caption":"Maderamen"},"url":"https:\/\/maderamen.com.ar\/desarrollo-forestal\/author\/maderameneditor\/"}]}},"_links":{"self":[{"href":"https:\/\/maderamen.com.ar\/desarrollo-forestal\/wp-json\/wp\/v2\/posts\/8970","targetHints":{"allow":["GET"]}}],"collection":[{"href":"https:\/\/maderamen.com.ar\/desarrollo-forestal\/wp-json\/wp\/v2\/posts"}],"about":[{"href":"https:\/\/maderamen.com.ar\/desarrollo-forestal\/wp-json\/wp\/v2\/types\/post"}],"author":[{"embeddable":true,"href":"https:\/\/maderamen.com.ar\/desarrollo-forestal\/wp-json\/wp\/v2\/users\/7"}],"replies":[{"embeddable":true,"href":"https:\/\/maderamen.com.ar\/desarrollo-forestal\/wp-json\/wp\/v2\/comments?post=8970"}],"version-history":[{"count":0,"href":"https:\/\/maderamen.com.ar\/desarrollo-forestal\/wp-json\/wp\/v2\/posts\/8970\/revisions"}],"wp:featuredmedia":[{"embeddable":true,"href":"https:\/\/maderamen.com.ar\/desarrollo-forestal\/wp-json\/wp\/v2\/media\/8977"}],"wp:attachment":[{"href":"https:\/\/maderamen.com.ar\/desarrollo-forestal\/wp-json\/wp\/v2\/media?parent=8970"}],"wp:term":[{"taxonomy":"category","embeddable":true,"href":"https:\/\/maderamen.com.ar\/desarrollo-forestal\/wp-json\/wp\/v2\/categories?post=8970"},{"taxonomy":"post_tag","embeddable":true,"href":"https:\/\/maderamen.com.ar\/desarrollo-forestal\/wp-json\/wp\/v2\/tags?post=8970"}],"curies":[{"name":"wp","href":"https:\/\/api.w.org\/{rel}","templated":true}]}}