{"id":8957,"date":"2017-10-10T18:55:57","date_gmt":"2017-10-10T21:55:57","guid":{"rendered":"http:\/\/maderamen.com.ar\/desarrollo-forestal\/?p=8957"},"modified":"2018-02-15T13:04:34","modified_gmt":"2018-02-15T16:04:34","slug":"dia-campo-las-xxxi-jornadas-forestales-rios-conto-cuatro-paradas","status":"publish","type":"post","link":"https:\/\/maderamen.com.ar\/desarrollo-forestal\/2017\/10\/10\/dia-campo-las-xxxi-jornadas-forestales-rios-conto-cuatro-paradas\/","title":{"rendered":"D\u00eda de Campo de las XXXI Jornadas Forestales de Entre R\u00edos cont\u00f3 con cuatro paradas"},"content":{"rendered":"<p><strong>En esta oportunidad el D\u00eda de Campo se realiz\u00f3 el viernes 6 de octubre en el departamento Federaci\u00f3n, 40 kil\u00f3metros al norte de Concordia, siempre en la provincia de Entre R\u00edos. Si visitaron una forestaci\u00f3n de rebrote de eucaliptus grandis, dos aserraderos y la Reserva Municipal Chaviy\u00fa. Desarrollo Forestal tuvo dos enviados especiales.<\/strong><\/p>\n<p>La recorrida comenz\u00f3 con una demostraci\u00f3n activa de un cabezal de cosecha marca KESLA operando en un rebrote de eucaliptus grandis de unos 10 a\u00f1os de edad. Dicho equipamiento es comercializado por la empresa Inderfor S.A.<\/p>\n<figure id=\"attachment_8958\" aria-describedby=\"caption-attachment-8958\" style=\"width: 696px\" class=\"wp-caption alignnone\"><img loading=\"lazy\" decoding=\"async\" class=\"wp-image-8958 size-large\" src=\"\/\/maderamen.com.ar\/desarrollo-forestal\/wp-content\/uploads\/sites\/2\/2017\/10\/jferdiacampo1-10-10-17-1024x504.jpg\" alt=\"jornadas forestales entre rios\" width=\"696\" height=\"343\" srcset=\"https:\/\/maderamen.com.ar\/desarrollo-forestal\/wp-content\/uploads\/sites\/2\/2017\/10\/jferdiacampo1-10-10-17-1024x504.jpg 1024w, https:\/\/maderamen.com.ar\/desarrollo-forestal\/wp-content\/uploads\/sites\/2\/2017\/10\/jferdiacampo1-10-10-17-300x148.jpg 300w, https:\/\/maderamen.com.ar\/desarrollo-forestal\/wp-content\/uploads\/sites\/2\/2017\/10\/jferdiacampo1-10-10-17-768x378.jpg 768w, https:\/\/maderamen.com.ar\/desarrollo-forestal\/wp-content\/uploads\/sites\/2\/2017\/10\/jferdiacampo1-10-10-17-324x160.jpg 324w, https:\/\/maderamen.com.ar\/desarrollo-forestal\/wp-content\/uploads\/sites\/2\/2017\/10\/jferdiacampo1-10-10-17-696x343.jpg 696w, https:\/\/maderamen.com.ar\/desarrollo-forestal\/wp-content\/uploads\/sites\/2\/2017\/10\/jferdiacampo1-10-10-17-1068x526.jpg 1068w, https:\/\/maderamen.com.ar\/desarrollo-forestal\/wp-content\/uploads\/sites\/2\/2017\/10\/jferdiacampo1-10-10-17-853x420.jpg 853w, https:\/\/maderamen.com.ar\/desarrollo-forestal\/wp-content\/uploads\/sites\/2\/2017\/10\/jferdiacampo1-10-10-17.jpg 1400w\" sizes=\"auto, (max-width: 696px) 100vw, 696px\" \/><figcaption id=\"caption-attachment-8958\" class=\"wp-caption-text\">Visita a forestaci\u00f3n de eucaliptus grandis en Federaci\u00f3n, Entre R\u00edos.<\/figcaption><\/figure>\n<p>Posteriormente se recorrieron los aserraderos \u00abSan Sebasti\u00e1n\u00bb y \u00abJul &amp; Ana\u00bb, situados en el \u00e1rea industrial de la ciudad de Federaci\u00f3n.<\/p>\n<figure id=\"attachment_8966\" aria-describedby=\"caption-attachment-8966\" style=\"width: 696px\" class=\"wp-caption alignnone\"><img loading=\"lazy\" decoding=\"async\" class=\"wp-image-8966 size-large\" src=\"\/\/maderamen.com.ar\/desarrollo-forestal\/wp-content\/uploads\/sites\/2\/2017\/10\/jferdiacampo3-10-10-17-1024x509.jpg\" alt=\"jornadas forestales entre rios\" width=\"696\" height=\"346\" srcset=\"https:\/\/maderamen.com.ar\/desarrollo-forestal\/wp-content\/uploads\/sites\/2\/2017\/10\/jferdiacampo3-10-10-17-1024x509.jpg 1024w, https:\/\/maderamen.com.ar\/desarrollo-forestal\/wp-content\/uploads\/sites\/2\/2017\/10\/jferdiacampo3-10-10-17-300x149.jpg 300w, https:\/\/maderamen.com.ar\/desarrollo-forestal\/wp-content\/uploads\/sites\/2\/2017\/10\/jferdiacampo3-10-10-17-768x382.jpg 768w, https:\/\/maderamen.com.ar\/desarrollo-forestal\/wp-content\/uploads\/sites\/2\/2017\/10\/jferdiacampo3-10-10-17-324x160.jpg 324w, https:\/\/maderamen.com.ar\/desarrollo-forestal\/wp-content\/uploads\/sites\/2\/2017\/10\/jferdiacampo3-10-10-17-696x346.jpg 696w, https:\/\/maderamen.com.ar\/desarrollo-forestal\/wp-content\/uploads\/sites\/2\/2017\/10\/jferdiacampo3-10-10-17-1068x531.jpg 1068w, https:\/\/maderamen.com.ar\/desarrollo-forestal\/wp-content\/uploads\/sites\/2\/2017\/10\/jferdiacampo3-10-10-17-845x420.jpg 845w, https:\/\/maderamen.com.ar\/desarrollo-forestal\/wp-content\/uploads\/sites\/2\/2017\/10\/jferdiacampo3-10-10-17.jpg 1400w\" sizes=\"auto, (max-width: 696px) 100vw, 696px\" \/><figcaption id=\"caption-attachment-8966\" class=\"wp-caption-text\">Movimiento de rollos en playa de aserradero San Sebasti\u00e1n.<\/figcaption><\/figure>\n<p>Se pudieron observar modernas l\u00edneas de corte, de alta productividad, orientadas a abastecer procesos de remanufactura para obtenci\u00f3n de productos con valor agregado, como tableros de listones, vigas multilaminadas, pisos, molduras, machimbres y decks.<\/p>\n<p>Sergio Piana, presidente de IMFER (C\u00e1mara de Industriales Madereros de Entre R\u00edos y Sur de Corrientes) y socio gerente San Sebasti\u00e1n, explic\u00f3 que la estrategia del aserradero fue genera la mayor cantidad de madera de calidad posible para abastecer al \u00e1rea de remanufactura. Esto le ocasiona cierta demora y una menor eficiencia al \u00e1rea estrictamente de aserrado, pero fue el camino elegido por la empresa para genera mayor valor agregado.<\/p>\n<figure id=\"attachment_8967\" aria-describedby=\"caption-attachment-8967\" style=\"width: 696px\" class=\"wp-caption alignnone\"><img loading=\"lazy\" decoding=\"async\" class=\"wp-image-8967 size-large\" src=\"\/\/maderamen.com.ar\/desarrollo-forestal\/wp-content\/uploads\/sites\/2\/2017\/10\/jferdiacampo4-10-10-17-1024x506.jpg\" alt=\"jornadas forestales entre rios\" width=\"696\" height=\"344\" srcset=\"https:\/\/maderamen.com.ar\/desarrollo-forestal\/wp-content\/uploads\/sites\/2\/2017\/10\/jferdiacampo4-10-10-17-1024x506.jpg 1024w, https:\/\/maderamen.com.ar\/desarrollo-forestal\/wp-content\/uploads\/sites\/2\/2017\/10\/jferdiacampo4-10-10-17-300x148.jpg 300w, https:\/\/maderamen.com.ar\/desarrollo-forestal\/wp-content\/uploads\/sites\/2\/2017\/10\/jferdiacampo4-10-10-17-768x380.jpg 768w, https:\/\/maderamen.com.ar\/desarrollo-forestal\/wp-content\/uploads\/sites\/2\/2017\/10\/jferdiacampo4-10-10-17-324x160.jpg 324w, https:\/\/maderamen.com.ar\/desarrollo-forestal\/wp-content\/uploads\/sites\/2\/2017\/10\/jferdiacampo4-10-10-17-696x344.jpg 696w, https:\/\/maderamen.com.ar\/desarrollo-forestal\/wp-content\/uploads\/sites\/2\/2017\/10\/jferdiacampo4-10-10-17-1068x528.jpg 1068w, https:\/\/maderamen.com.ar\/desarrollo-forestal\/wp-content\/uploads\/sites\/2\/2017\/10\/jferdiacampo4-10-10-17-850x420.jpg 850w, https:\/\/maderamen.com.ar\/desarrollo-forestal\/wp-content\/uploads\/sites\/2\/2017\/10\/jferdiacampo4-10-10-17.jpg 1400w\" sizes=\"auto, (max-width: 696px) 100vw, 696px\" \/><figcaption id=\"caption-attachment-8967\" class=\"wp-caption-text\">L\u00ednea de aserrado de Aserradero San Sebasti\u00e1n.<\/figcaption><\/figure>\n<p>En un futuro la empresa tiene como objetivo instalar c\u00e1maras de secado, pero \u201cno es sencillo para las PyMEs obtener cr\u00e9ditos. Somos conscientes de que necesitamos registrar todos nuestros procesos y eso lleva su tiempo\u201d, dijo Piana en la recorrida en la que participaron dos enviados especiales de Desarrollo Forestal a las XXXI Jornadas Forestales de Entre R\u00edos.<\/p>\n<figure id=\"attachment_8968\" aria-describedby=\"caption-attachment-8968\" style=\"width: 696px\" class=\"wp-caption alignnone\"><img loading=\"lazy\" decoding=\"async\" class=\"wp-image-8968 size-large\" src=\"\/\/maderamen.com.ar\/desarrollo-forestal\/wp-content\/uploads\/sites\/2\/2017\/10\/jferdiacampo5-10-10-17-1024x512.jpg\" alt=\"\" width=\"696\" height=\"348\" srcset=\"https:\/\/maderamen.com.ar\/desarrollo-forestal\/wp-content\/uploads\/sites\/2\/2017\/10\/jferdiacampo5-10-10-17-1024x512.jpg 1024w, https:\/\/maderamen.com.ar\/desarrollo-forestal\/wp-content\/uploads\/sites\/2\/2017\/10\/jferdiacampo5-10-10-17-300x150.jpg 300w, https:\/\/maderamen.com.ar\/desarrollo-forestal\/wp-content\/uploads\/sites\/2\/2017\/10\/jferdiacampo5-10-10-17-768x384.jpg 768w, https:\/\/maderamen.com.ar\/desarrollo-forestal\/wp-content\/uploads\/sites\/2\/2017\/10\/jferdiacampo5-10-10-17-696x348.jpg 696w, https:\/\/maderamen.com.ar\/desarrollo-forestal\/wp-content\/uploads\/sites\/2\/2017\/10\/jferdiacampo5-10-10-17-1068x534.jpg 1068w, https:\/\/maderamen.com.ar\/desarrollo-forestal\/wp-content\/uploads\/sites\/2\/2017\/10\/jferdiacampo5-10-10-17-840x420.jpg 840w, https:\/\/maderamen.com.ar\/desarrollo-forestal\/wp-content\/uploads\/sites\/2\/2017\/10\/jferdiacampo5-10-10-17.jpg 1400w\" sizes=\"auto, (max-width: 696px) 100vw, 696px\" \/><figcaption id=\"caption-attachment-8968\" class=\"wp-caption-text\">Galp\u00f3n de Aserradero Jul&amp;Ana. Rub\u00e9n Franzoy, su propietario, explic\u00f3 c\u00f3mo trabajan y los productos que elaboran.<\/figcaption><\/figure>\n<p>El D\u00eda de Campo finaliz\u00f3 con la visita a la Reserva Municipal Chaviy\u00fa, donde se pudo apreciar una casa construida con madera de eucaliptus grandis de la zona para fines tur\u00edsticos y de control de las actividades de la reserva (vivienda del guardaparque).<\/p>\n<p>El proyecto fue impulsado fuertemente por IMFER y la Municipalidad de Federaci\u00f3n, y cont\u00f3 con la direcci\u00f3n t\u00e9cnica de la arquitecta Evangelina Pulidori. La construcci\u00f3n se realiz\u00f3 de acuerdo a las pautas t\u00e9cnicas establecidas por el Certificado de Aptitud T\u00e9cnica (CAT) del CeDeFI, N\u00b0 2959 \u00abViviendas Sustentables de alta prestaci\u00f3n\u00bb.<\/p>\n<figure id=\"attachment_8965\" aria-describedby=\"caption-attachment-8965\" style=\"width: 696px\" class=\"wp-caption alignnone\"><img loading=\"lazy\" decoding=\"async\" class=\"wp-image-8965 size-large\" src=\"\/\/maderamen.com.ar\/desarrollo-forestal\/wp-content\/uploads\/sites\/2\/2017\/10\/jferdiacampo6-10-10-17-1024x512.jpg\" alt=\"jornadas forestales entre rios\" width=\"696\" height=\"348\" srcset=\"https:\/\/maderamen.com.ar\/desarrollo-forestal\/wp-content\/uploads\/sites\/2\/2017\/10\/jferdiacampo6-10-10-17-1024x512.jpg 1024w, https:\/\/maderamen.com.ar\/desarrollo-forestal\/wp-content\/uploads\/sites\/2\/2017\/10\/jferdiacampo6-10-10-17-300x150.jpg 300w, https:\/\/maderamen.com.ar\/desarrollo-forestal\/wp-content\/uploads\/sites\/2\/2017\/10\/jferdiacampo6-10-10-17-768x384.jpg 768w, https:\/\/maderamen.com.ar\/desarrollo-forestal\/wp-content\/uploads\/sites\/2\/2017\/10\/jferdiacampo6-10-10-17-696x348.jpg 696w, https:\/\/maderamen.com.ar\/desarrollo-forestal\/wp-content\/uploads\/sites\/2\/2017\/10\/jferdiacampo6-10-10-17-1068x534.jpg 1068w, https:\/\/maderamen.com.ar\/desarrollo-forestal\/wp-content\/uploads\/sites\/2\/2017\/10\/jferdiacampo6-10-10-17-840x420.jpg 840w, https:\/\/maderamen.com.ar\/desarrollo-forestal\/wp-content\/uploads\/sites\/2\/2017\/10\/jferdiacampo6-10-10-17.jpg 1400w\" sizes=\"auto, (max-width: 696px) 100vw, 696px\" \/><figcaption id=\"caption-attachment-8965\" class=\"wp-caption-text\">Casa de madera construida en el ingreso de Reserva Forestal Chaviy\u00fa.<\/figcaption><\/figure>\n<p>Luego de los cl\u00e1sicos choripanes que se sirvieron de almuerzo, los asistentes pudieron recorrer los senderos del lugar y apreciar las pintorescas vistas al Lago Salto Grande que ofrece la Reserva Chaviy\u00fa.<\/p>\n<p>Fotos y video: Desarrollo Forestal (Enviados Especiales a XXXI Concordia Jornadas Forestales de Entre R\u00edos).<\/p>\n","protected":false},"excerpt":{"rendered":"<p>En esta oportunidad el D\u00eda de Campo se realiz\u00f3 el viernes 6 de octubre en el departamento Federaci\u00f3n, 40 kil\u00f3metros al norte de Concordia, siempre en la provincia de Entre R\u00edos. Si visitaron una forestaci\u00f3n de rebrote de eucaliptus grandis, dos aserraderos y la Reserva Municipal Chaviy\u00fa. Desarrollo Forestal tuvo dos enviados especiales. La recorrida [&hellip;]<\/p>\n","protected":false},"author":7,"featured_media":8963,"comment_status":"open","ping_status":"open","sticky":false,"template":"","format":"video","meta":{"footnotes":""},"categories":[2],"tags":[],"class_list":{"0":"post-8957","1":"post","2":"type-post","3":"status-publish","4":"format-video","5":"has-post-thumbnail","7":"category-ferias-y-congresos","8":"post_format-post-format-video"},"yoast_head":"<!-- This site is optimized with the Yoast SEO plugin v27.4 - https:\/\/yoast.com\/product\/yoast-seo-wordpress\/ -->\n<title>D\u00eda de Campo en XXXI Jornadas Forestales de Entre R\u00edos<\/title>\n<meta name=\"description\" content=\"El D\u00eda de Campo se realiz\u00f3 el 6 de octubre en el departamento Federaci\u00f3n, 40 kil\u00f3metros al norte de Concordia, siempre en la provincia de Entre R\u00edos.\" \/>\n<meta name=\"robots\" content=\"index, follow, max-snippet:-1, max-image-preview:large, max-video-preview:-1\" \/>\n<link rel=\"canonical\" href=\"https:\/\/maderamen.com.ar\/desarrollo-forestal\/2017\/10\/10\/dia-campo-las-xxxi-jornadas-forestales-rios-conto-cuatro-paradas\/\" \/>\n<meta property=\"og:locale\" content=\"es_ES\" \/>\n<meta property=\"og:type\" content=\"article\" \/>\n<meta property=\"og:title\" content=\"D\u00eda de Campo en XXXI Jornadas Forestales de Entre R\u00edos\" \/>\n<meta property=\"og:description\" content=\"El D\u00eda de Campo se realiz\u00f3 el 6 de octubre en el departamento Federaci\u00f3n, 40 kil\u00f3metros al norte de Concordia, siempre en la provincia de Entre R\u00edos.\" \/>\n<meta property=\"og:url\" content=\"https:\/\/maderamen.com.ar\/desarrollo-forestal\/2017\/10\/10\/dia-campo-las-xxxi-jornadas-forestales-rios-conto-cuatro-paradas\/\" \/>\n<meta property=\"og:site_name\" content=\"Desarrollo Forestal\" \/>\n<meta property=\"article:publisher\" content=\"https:\/\/www.facebook.com\/Maderamen.Argentina\/\" \/>\n<meta property=\"article:published_time\" content=\"2017-10-10T21:55:57+00:00\" \/>\n<meta property=\"article:modified_time\" content=\"2018-02-15T16:04:34+00:00\" \/>\n<meta property=\"og:image\" content=\"https:\/\/maderamen.com.ar\/desarrollo-forestal\/wp-content\/uploads\/sites\/2\/2017\/10\/jferdiacampo2-10-10-17.jpg\" \/>\n\t<meta property=\"og:image:width\" content=\"1400\" \/>\n\t<meta property=\"og:image:height\" content=\"700\" \/>\n\t<meta property=\"og:image:type\" content=\"image\/jpeg\" \/>\n<meta name=\"author\" content=\"Maderamen\" \/>\n<meta name=\"twitter:card\" content=\"summary_large_image\" \/>\n<meta name=\"twitter:creator\" content=\"@DesarrolloFores\" \/>\n<meta name=\"twitter:site\" content=\"@DesarrolloFores\" \/>\n<meta name=\"twitter:label1\" content=\"Escrito por\" \/>\n\t<meta name=\"twitter:data1\" content=\"Maderamen\" \/>\n\t<meta name=\"twitter:label2\" content=\"Tiempo de lectura\" \/>\n\t<meta name=\"twitter:data2\" content=\"3 minutos\" \/>\n<script type=\"application\/ld+json\" class=\"yoast-schema-graph\">{\"@context\":\"https:\\\/\\\/schema.org\",\"@graph\":[{\"@type\":\"Article\",\"@id\":\"https:\\\/\\\/maderamen.com.ar\\\/desarrollo-forestal\\\/2017\\\/10\\\/10\\\/dia-campo-las-xxxi-jornadas-forestales-rios-conto-cuatro-paradas\\\/#article\",\"isPartOf\":{\"@id\":\"https:\\\/\\\/maderamen.com.ar\\\/desarrollo-forestal\\\/2017\\\/10\\\/10\\\/dia-campo-las-xxxi-jornadas-forestales-rios-conto-cuatro-paradas\\\/\"},\"author\":{\"name\":\"Maderamen\",\"@id\":\"https:\\\/\\\/maderamen.com.ar\\\/desarrollo-forestal\\\/#\\\/schema\\\/person\\\/81237cb585ad2f10f2acafa58c3039be\"},\"headline\":\"D\u00eda de Campo de las XXXI Jornadas Forestales de Entre R\u00edos cont\u00f3 con cuatro paradas\",\"datePublished\":\"2017-10-10T21:55:57+00:00\",\"dateModified\":\"2018-02-15T16:04:34+00:00\",\"mainEntityOfPage\":{\"@id\":\"https:\\\/\\\/maderamen.com.ar\\\/desarrollo-forestal\\\/2017\\\/10\\\/10\\\/dia-campo-las-xxxi-jornadas-forestales-rios-conto-cuatro-paradas\\\/\"},\"wordCount\":553,\"commentCount\":0,\"publisher\":{\"@id\":\"https:\\\/\\\/maderamen.com.ar\\\/desarrollo-forestal\\\/#organization\"},\"image\":{\"@id\":\"https:\\\/\\\/maderamen.com.ar\\\/desarrollo-forestal\\\/2017\\\/10\\\/10\\\/dia-campo-las-xxxi-jornadas-forestales-rios-conto-cuatro-paradas\\\/#primaryimage\"},\"thumbnailUrl\":\"https:\\\/\\\/maderamen.com.ar\\\/desarrollo-forestal\\\/wp-content\\\/uploads\\\/sites\\\/2\\\/2017\\\/10\\\/jferdiacampo2-10-10-17.jpg\",\"articleSection\":[\"Ferias y Congresos\"],\"inLanguage\":\"es\",\"potentialAction\":[{\"@type\":\"CommentAction\",\"name\":\"Comment\",\"target\":[\"https:\\\/\\\/maderamen.com.ar\\\/desarrollo-forestal\\\/2017\\\/10\\\/10\\\/dia-campo-las-xxxi-jornadas-forestales-rios-conto-cuatro-paradas\\\/#respond\"]}]},{\"@type\":\"WebPage\",\"@id\":\"https:\\\/\\\/maderamen.com.ar\\\/desarrollo-forestal\\\/2017\\\/10\\\/10\\\/dia-campo-las-xxxi-jornadas-forestales-rios-conto-cuatro-paradas\\\/\",\"url\":\"https:\\\/\\\/maderamen.com.ar\\\/desarrollo-forestal\\\/2017\\\/10\\\/10\\\/dia-campo-las-xxxi-jornadas-forestales-rios-conto-cuatro-paradas\\\/\",\"name\":\"D\u00eda de Campo en XXXI Jornadas Forestales de Entre R\u00edos\",\"isPartOf\":{\"@id\":\"https:\\\/\\\/maderamen.com.ar\\\/desarrollo-forestal\\\/#website\"},\"primaryImageOfPage\":{\"@id\":\"https:\\\/\\\/maderamen.com.ar\\\/desarrollo-forestal\\\/2017\\\/10\\\/10\\\/dia-campo-las-xxxi-jornadas-forestales-rios-conto-cuatro-paradas\\\/#primaryimage\"},\"image\":{\"@id\":\"https:\\\/\\\/maderamen.com.ar\\\/desarrollo-forestal\\\/2017\\\/10\\\/10\\\/dia-campo-las-xxxi-jornadas-forestales-rios-conto-cuatro-paradas\\\/#primaryimage\"},\"thumbnailUrl\":\"https:\\\/\\\/maderamen.com.ar\\\/desarrollo-forestal\\\/wp-content\\\/uploads\\\/sites\\\/2\\\/2017\\\/10\\\/jferdiacampo2-10-10-17.jpg\",\"datePublished\":\"2017-10-10T21:55:57+00:00\",\"dateModified\":\"2018-02-15T16:04:34+00:00\",\"description\":\"El D\u00eda de Campo se realiz\u00f3 el 6 de octubre en el departamento Federaci\u00f3n, 40 kil\u00f3metros al norte de Concordia, siempre en la provincia de Entre R\u00edos.\",\"breadcrumb\":{\"@id\":\"https:\\\/\\\/maderamen.com.ar\\\/desarrollo-forestal\\\/2017\\\/10\\\/10\\\/dia-campo-las-xxxi-jornadas-forestales-rios-conto-cuatro-paradas\\\/#breadcrumb\"},\"inLanguage\":\"es\",\"potentialAction\":[{\"@type\":\"ReadAction\",\"target\":[\"https:\\\/\\\/maderamen.com.ar\\\/desarrollo-forestal\\\/2017\\\/10\\\/10\\\/dia-campo-las-xxxi-jornadas-forestales-rios-conto-cuatro-paradas\\\/\"]}]},{\"@type\":\"ImageObject\",\"inLanguage\":\"es\",\"@id\":\"https:\\\/\\\/maderamen.com.ar\\\/desarrollo-forestal\\\/2017\\\/10\\\/10\\\/dia-campo-las-xxxi-jornadas-forestales-rios-conto-cuatro-paradas\\\/#primaryimage\",\"url\":\"https:\\\/\\\/maderamen.com.ar\\\/desarrollo-forestal\\\/wp-content\\\/uploads\\\/sites\\\/2\\\/2017\\\/10\\\/jferdiacampo2-10-10-17.jpg\",\"contentUrl\":\"https:\\\/\\\/maderamen.com.ar\\\/desarrollo-forestal\\\/wp-content\\\/uploads\\\/sites\\\/2\\\/2017\\\/10\\\/jferdiacampo2-10-10-17.jpg\",\"width\":1400,\"height\":700,\"caption\":\"Aserradero San Sebasti\u00e1n, en Parque Industrial de Federaci\u00f3n.\"},{\"@type\":\"BreadcrumbList\",\"@id\":\"https:\\\/\\\/maderamen.com.ar\\\/desarrollo-forestal\\\/2017\\\/10\\\/10\\\/dia-campo-las-xxxi-jornadas-forestales-rios-conto-cuatro-paradas\\\/#breadcrumb\",\"itemListElement\":[{\"@type\":\"ListItem\",\"position\":1,\"name\":\"Portada\",\"item\":\"https:\\\/\\\/maderamen.com.ar\\\/desarrollo-forestal\\\/\"},{\"@type\":\"ListItem\",\"position\":2,\"name\":\"D\u00eda de Campo de las XXXI Jornadas Forestales de Entre R\u00edos cont\u00f3 con cuatro paradas\"}]},{\"@type\":\"WebSite\",\"@id\":\"https:\\\/\\\/maderamen.com.ar\\\/desarrollo-forestal\\\/#website\",\"url\":\"https:\\\/\\\/maderamen.com.ar\\\/desarrollo-forestal\\\/\",\"name\":\"Desarrollo Forestal\",\"description\":\"Noticias del sector forestal\",\"publisher\":{\"@id\":\"https:\\\/\\\/maderamen.com.ar\\\/desarrollo-forestal\\\/#organization\"},\"potentialAction\":[{\"@type\":\"SearchAction\",\"target\":{\"@type\":\"EntryPoint\",\"urlTemplate\":\"https:\\\/\\\/maderamen.com.ar\\\/desarrollo-forestal\\\/?s={search_term_string}\"},\"query-input\":{\"@type\":\"PropertyValueSpecification\",\"valueRequired\":true,\"valueName\":\"search_term_string\"}}],\"inLanguage\":\"es\"},{\"@type\":\"Organization\",\"@id\":\"https:\\\/\\\/maderamen.com.ar\\\/desarrollo-forestal\\\/#organization\",\"name\":\"Maderamen\",\"url\":\"https:\\\/\\\/maderamen.com.ar\\\/desarrollo-forestal\\\/\",\"logo\":{\"@type\":\"ImageObject\",\"inLanguage\":\"es\",\"@id\":\"https:\\\/\\\/maderamen.com.ar\\\/desarrollo-forestal\\\/#\\\/schema\\\/logo\\\/image\\\/\",\"url\":\"https:\\\/\\\/maderamen.com.ar\\\/desarrollo-forestal\\\/wp-content\\\/uploads\\\/sites\\\/2\\\/2026\\\/03\\\/maderamen-emago.png\",\"contentUrl\":\"https:\\\/\\\/maderamen.com.ar\\\/desarrollo-forestal\\\/wp-content\\\/uploads\\\/sites\\\/2\\\/2026\\\/03\\\/maderamen-emago.png\",\"width\":250,\"height\":246,\"caption\":\"Maderamen\"},\"image\":{\"@id\":\"https:\\\/\\\/maderamen.com.ar\\\/desarrollo-forestal\\\/#\\\/schema\\\/logo\\\/image\\\/\"},\"sameAs\":[\"https:\\\/\\\/www.facebook.com\\\/Maderamen.Argentina\\\/\",\"https:\\\/\\\/x.com\\\/DesarrolloFores\",\"https:\\\/\\\/www.youtube.com\\\/channel\\\/UCeYU2-_JRTYYpgHoyhTT2Fg\",\"https:\\\/\\\/www.instagram.com\\\/maderamen.ok\\\/\",\"https:\\\/\\\/www.linkedin.com\\\/company\\\/maderameneditorial\\\/\"]},{\"@type\":\"Person\",\"@id\":\"https:\\\/\\\/maderamen.com.ar\\\/desarrollo-forestal\\\/#\\\/schema\\\/person\\\/81237cb585ad2f10f2acafa58c3039be\",\"name\":\"Maderamen\",\"image\":{\"@type\":\"ImageObject\",\"inLanguage\":\"es\",\"@id\":\"https:\\\/\\\/secure.gravatar.com\\\/avatar\\\/a1b1f0c9d2022e41abb183e86a64d5f6f0b4ded802929b19f98f6623f6c677c7?s=96&d=mm&r=g\",\"url\":\"https:\\\/\\\/secure.gravatar.com\\\/avatar\\\/a1b1f0c9d2022e41abb183e86a64d5f6f0b4ded802929b19f98f6623f6c677c7?s=96&d=mm&r=g\",\"contentUrl\":\"https:\\\/\\\/secure.gravatar.com\\\/avatar\\\/a1b1f0c9d2022e41abb183e86a64d5f6f0b4ded802929b19f98f6623f6c677c7?s=96&d=mm&r=g\",\"caption\":\"Maderamen\"},\"url\":\"https:\\\/\\\/maderamen.com.ar\\\/desarrollo-forestal\\\/author\\\/maderameneditor\\\/\"}]}<\/script>\n<!-- \/ Yoast SEO plugin. -->","yoast_head_json":{"title":"D\u00eda de Campo en XXXI Jornadas Forestales de Entre R\u00edos","description":"El D\u00eda de Campo se realiz\u00f3 el 6 de octubre en el departamento Federaci\u00f3n, 40 kil\u00f3metros al norte de Concordia, siempre en la provincia de Entre R\u00edos.","robots":{"index":"index","follow":"follow","max-snippet":"max-snippet:-1","max-image-preview":"max-image-preview:large","max-video-preview":"max-video-preview:-1"},"canonical":"https:\/\/maderamen.com.ar\/desarrollo-forestal\/2017\/10\/10\/dia-campo-las-xxxi-jornadas-forestales-rios-conto-cuatro-paradas\/","og_locale":"es_ES","og_type":"article","og_title":"D\u00eda de Campo en XXXI Jornadas Forestales de Entre R\u00edos","og_description":"El D\u00eda de Campo se realiz\u00f3 el 6 de octubre en el departamento Federaci\u00f3n, 40 kil\u00f3metros al norte de Concordia, siempre en la provincia de Entre R\u00edos.","og_url":"https:\/\/maderamen.com.ar\/desarrollo-forestal\/2017\/10\/10\/dia-campo-las-xxxi-jornadas-forestales-rios-conto-cuatro-paradas\/","og_site_name":"Desarrollo Forestal","article_publisher":"https:\/\/www.facebook.com\/Maderamen.Argentina\/","article_published_time":"2017-10-10T21:55:57+00:00","article_modified_time":"2018-02-15T16:04:34+00:00","og_image":[{"width":1400,"height":700,"url":"https:\/\/maderamen.com.ar\/desarrollo-forestal\/wp-content\/uploads\/sites\/2\/2017\/10\/jferdiacampo2-10-10-17.jpg","type":"image\/jpeg"}],"author":"Maderamen","twitter_card":"summary_large_image","twitter_creator":"@DesarrolloFores","twitter_site":"@DesarrolloFores","twitter_misc":{"Escrito por":"Maderamen","Tiempo de lectura":"3 minutos"},"schema":{"@context":"https:\/\/schema.org","@graph":[{"@type":"Article","@id":"https:\/\/maderamen.com.ar\/desarrollo-forestal\/2017\/10\/10\/dia-campo-las-xxxi-jornadas-forestales-rios-conto-cuatro-paradas\/#article","isPartOf":{"@id":"https:\/\/maderamen.com.ar\/desarrollo-forestal\/2017\/10\/10\/dia-campo-las-xxxi-jornadas-forestales-rios-conto-cuatro-paradas\/"},"author":{"name":"Maderamen","@id":"https:\/\/maderamen.com.ar\/desarrollo-forestal\/#\/schema\/person\/81237cb585ad2f10f2acafa58c3039be"},"headline":"D\u00eda de Campo de las XXXI Jornadas Forestales de Entre R\u00edos cont\u00f3 con cuatro paradas","datePublished":"2017-10-10T21:55:57+00:00","dateModified":"2018-02-15T16:04:34+00:00","mainEntityOfPage":{"@id":"https:\/\/maderamen.com.ar\/desarrollo-forestal\/2017\/10\/10\/dia-campo-las-xxxi-jornadas-forestales-rios-conto-cuatro-paradas\/"},"wordCount":553,"commentCount":0,"publisher":{"@id":"https:\/\/maderamen.com.ar\/desarrollo-forestal\/#organization"},"image":{"@id":"https:\/\/maderamen.com.ar\/desarrollo-forestal\/2017\/10\/10\/dia-campo-las-xxxi-jornadas-forestales-rios-conto-cuatro-paradas\/#primaryimage"},"thumbnailUrl":"https:\/\/maderamen.com.ar\/desarrollo-forestal\/wp-content\/uploads\/sites\/2\/2017\/10\/jferdiacampo2-10-10-17.jpg","articleSection":["Ferias y Congresos"],"inLanguage":"es","potentialAction":[{"@type":"CommentAction","name":"Comment","target":["https:\/\/maderamen.com.ar\/desarrollo-forestal\/2017\/10\/10\/dia-campo-las-xxxi-jornadas-forestales-rios-conto-cuatro-paradas\/#respond"]}]},{"@type":"WebPage","@id":"https:\/\/maderamen.com.ar\/desarrollo-forestal\/2017\/10\/10\/dia-campo-las-xxxi-jornadas-forestales-rios-conto-cuatro-paradas\/","url":"https:\/\/maderamen.com.ar\/desarrollo-forestal\/2017\/10\/10\/dia-campo-las-xxxi-jornadas-forestales-rios-conto-cuatro-paradas\/","name":"D\u00eda de Campo en XXXI Jornadas Forestales de Entre R\u00edos","isPartOf":{"@id":"https:\/\/maderamen.com.ar\/desarrollo-forestal\/#website"},"primaryImageOfPage":{"@id":"https:\/\/maderamen.com.ar\/desarrollo-forestal\/2017\/10\/10\/dia-campo-las-xxxi-jornadas-forestales-rios-conto-cuatro-paradas\/#primaryimage"},"image":{"@id":"https:\/\/maderamen.com.ar\/desarrollo-forestal\/2017\/10\/10\/dia-campo-las-xxxi-jornadas-forestales-rios-conto-cuatro-paradas\/#primaryimage"},"thumbnailUrl":"https:\/\/maderamen.com.ar\/desarrollo-forestal\/wp-content\/uploads\/sites\/2\/2017\/10\/jferdiacampo2-10-10-17.jpg","datePublished":"2017-10-10T21:55:57+00:00","dateModified":"2018-02-15T16:04:34+00:00","description":"El D\u00eda de Campo se realiz\u00f3 el 6 de octubre en el departamento Federaci\u00f3n, 40 kil\u00f3metros al norte de Concordia, siempre en la provincia de Entre R\u00edos.","breadcrumb":{"@id":"https:\/\/maderamen.com.ar\/desarrollo-forestal\/2017\/10\/10\/dia-campo-las-xxxi-jornadas-forestales-rios-conto-cuatro-paradas\/#breadcrumb"},"inLanguage":"es","potentialAction":[{"@type":"ReadAction","target":["https:\/\/maderamen.com.ar\/desarrollo-forestal\/2017\/10\/10\/dia-campo-las-xxxi-jornadas-forestales-rios-conto-cuatro-paradas\/"]}]},{"@type":"ImageObject","inLanguage":"es","@id":"https:\/\/maderamen.com.ar\/desarrollo-forestal\/2017\/10\/10\/dia-campo-las-xxxi-jornadas-forestales-rios-conto-cuatro-paradas\/#primaryimage","url":"https:\/\/maderamen.com.ar\/desarrollo-forestal\/wp-content\/uploads\/sites\/2\/2017\/10\/jferdiacampo2-10-10-17.jpg","contentUrl":"https:\/\/maderamen.com.ar\/desarrollo-forestal\/wp-content\/uploads\/sites\/2\/2017\/10\/jferdiacampo2-10-10-17.jpg","width":1400,"height":700,"caption":"Aserradero San Sebasti\u00e1n, en Parque Industrial de Federaci\u00f3n."},{"@type":"BreadcrumbList","@id":"https:\/\/maderamen.com.ar\/desarrollo-forestal\/2017\/10\/10\/dia-campo-las-xxxi-jornadas-forestales-rios-conto-cuatro-paradas\/#breadcrumb","itemListElement":[{"@type":"ListItem","position":1,"name":"Portada","item":"https:\/\/maderamen.com.ar\/desarrollo-forestal\/"},{"@type":"ListItem","position":2,"name":"D\u00eda de Campo de las XXXI Jornadas Forestales de Entre R\u00edos cont\u00f3 con cuatro paradas"}]},{"@type":"WebSite","@id":"https:\/\/maderamen.com.ar\/desarrollo-forestal\/#website","url":"https:\/\/maderamen.com.ar\/desarrollo-forestal\/","name":"Desarrollo Forestal","description":"Noticias del sector forestal","publisher":{"@id":"https:\/\/maderamen.com.ar\/desarrollo-forestal\/#organization"},"potentialAction":[{"@type":"SearchAction","target":{"@type":"EntryPoint","urlTemplate":"https:\/\/maderamen.com.ar\/desarrollo-forestal\/?s={search_term_string}"},"query-input":{"@type":"PropertyValueSpecification","valueRequired":true,"valueName":"search_term_string"}}],"inLanguage":"es"},{"@type":"Organization","@id":"https:\/\/maderamen.com.ar\/desarrollo-forestal\/#organization","name":"Maderamen","url":"https:\/\/maderamen.com.ar\/desarrollo-forestal\/","logo":{"@type":"ImageObject","inLanguage":"es","@id":"https:\/\/maderamen.com.ar\/desarrollo-forestal\/#\/schema\/logo\/image\/","url":"https:\/\/maderamen.com.ar\/desarrollo-forestal\/wp-content\/uploads\/sites\/2\/2026\/03\/maderamen-emago.png","contentUrl":"https:\/\/maderamen.com.ar\/desarrollo-forestal\/wp-content\/uploads\/sites\/2\/2026\/03\/maderamen-emago.png","width":250,"height":246,"caption":"Maderamen"},"image":{"@id":"https:\/\/maderamen.com.ar\/desarrollo-forestal\/#\/schema\/logo\/image\/"},"sameAs":["https:\/\/www.facebook.com\/Maderamen.Argentina\/","https:\/\/x.com\/DesarrolloFores","https:\/\/www.youtube.com\/channel\/UCeYU2-_JRTYYpgHoyhTT2Fg","https:\/\/www.instagram.com\/maderamen.ok\/","https:\/\/www.linkedin.com\/company\/maderameneditorial\/"]},{"@type":"Person","@id":"https:\/\/maderamen.com.ar\/desarrollo-forestal\/#\/schema\/person\/81237cb585ad2f10f2acafa58c3039be","name":"Maderamen","image":{"@type":"ImageObject","inLanguage":"es","@id":"https:\/\/secure.gravatar.com\/avatar\/a1b1f0c9d2022e41abb183e86a64d5f6f0b4ded802929b19f98f6623f6c677c7?s=96&d=mm&r=g","url":"https:\/\/secure.gravatar.com\/avatar\/a1b1f0c9d2022e41abb183e86a64d5f6f0b4ded802929b19f98f6623f6c677c7?s=96&d=mm&r=g","contentUrl":"https:\/\/secure.gravatar.com\/avatar\/a1b1f0c9d2022e41abb183e86a64d5f6f0b4ded802929b19f98f6623f6c677c7?s=96&d=mm&r=g","caption":"Maderamen"},"url":"https:\/\/maderamen.com.ar\/desarrollo-forestal\/author\/maderameneditor\/"}]}},"_links":{"self":[{"href":"https:\/\/maderamen.com.ar\/desarrollo-forestal\/wp-json\/wp\/v2\/posts\/8957","targetHints":{"allow":["GET"]}}],"collection":[{"href":"https:\/\/maderamen.com.ar\/desarrollo-forestal\/wp-json\/wp\/v2\/posts"}],"about":[{"href":"https:\/\/maderamen.com.ar\/desarrollo-forestal\/wp-json\/wp\/v2\/types\/post"}],"author":[{"embeddable":true,"href":"https:\/\/maderamen.com.ar\/desarrollo-forestal\/wp-json\/wp\/v2\/users\/7"}],"replies":[{"embeddable":true,"href":"https:\/\/maderamen.com.ar\/desarrollo-forestal\/wp-json\/wp\/v2\/comments?post=8957"}],"version-history":[{"count":0,"href":"https:\/\/maderamen.com.ar\/desarrollo-forestal\/wp-json\/wp\/v2\/posts\/8957\/revisions"}],"wp:featuredmedia":[{"embeddable":true,"href":"https:\/\/maderamen.com.ar\/desarrollo-forestal\/wp-json\/wp\/v2\/media\/8963"}],"wp:attachment":[{"href":"https:\/\/maderamen.com.ar\/desarrollo-forestal\/wp-json\/wp\/v2\/media?parent=8957"}],"wp:term":[{"taxonomy":"category","embeddable":true,"href":"https:\/\/maderamen.com.ar\/desarrollo-forestal\/wp-json\/wp\/v2\/categories?post=8957"},{"taxonomy":"post_tag","embeddable":true,"href":"https:\/\/maderamen.com.ar\/desarrollo-forestal\/wp-json\/wp\/v2\/tags?post=8957"}],"curies":[{"name":"wp","href":"https:\/\/api.w.org\/{rel}","templated":true}]}}