{"id":6325,"date":"2009-07-07T00:00:00","date_gmt":"2009-07-07T00:00:00","guid":{"rendered":"http:\/\/maderamen.com.ar\/desarrollo-forestal\/2009\/07\/07\/congreso-forestal-mundial-2009-abrio-la-inscripcion-para-las-rondas-de-negocios\/"},"modified":"2009-07-07T00:00:00","modified_gmt":"2009-07-07T00:00:00","slug":"congreso-forestal-mundial-2009-abrio-la-inscripcion-para-las-rondas-de-negocios","status":"publish","type":"post","link":"https:\/\/maderamen.com.ar\/desarrollo-forestal\/2009\/07\/07\/congreso-forestal-mundial-2009-abrio-la-inscripcion-para-las-rondas-de-negocios\/","title":{"rendered":"Congreso Forestal Mundial 2009: abri\u00f3 la inscripci\u00f3n para las Rondas de Negocios"},"content":{"rendered":"<p>El Comit\u00e9 Organizador de CFM 2009 invita a representantes del sector a participar de las Rondas de Negocios que tendr\u00e1 el evento, a las que ya confirmaron su participaci\u00f3n 5.000 empresarios de m\u00e1s de 100 pa\u00edses. Ser\u00e1 coordinador Daniel Maradei (dmaradei@cfm2009.org), ex titular de la Comisi\u00f3n Asesora de SAGPyA, ex gerente forestal de la desaparecida Pecom Forestal y actual directivo de Grupo Tapebicu\u00e1.<\/p>\n<p>Todos aquellos que est\u00e9n inscriptos en el Congreso tendr\u00e1n acceso libre a la Ronda y al Foro de Inversiones y Financiamiento. Las personas, empresas o instituciones que s\u00f3lo pretendan participar de estos dos eventos, deber\u00e1n abonar una inscripci\u00f3n que, de manera promocional, cuenta US$ 100 hasta el 17 de agosto. A partir de esa fecha el monto ser\u00e1 de US$ 150. CFM 2009 se desarrollar\u00e1 del 18 al 23 de octubre en La Rural, Capital Federal, Argentina. <\/p>\n<p>CFM 2009 tendr\u00e1 dos foros destacados que est\u00e1n en la agenda mundial: \u201cBosques y Energ\u00eda\u201d y \u201cBosques y Cambio Clim\u00e1tico\u201d. Su funci\u00f3n como m\u00e1ximo evento internacional en la especialidad es diagnosticar la situaci\u00f3n general de los bosques y el sector forestal, con el fin de distinguir las tendencias, adaptar las pol\u00edticas y estimular la toma de concienciaci\u00f3n entre los grupos involucrados e interesados en el sector forestal. <\/p>\n<p>El primer Congreso Forestal Mundial se celebr\u00f3 en Roma en 1926 y desde entonces se realiza cada seis a\u00f1os. Con el CFM celebrado en 1972 en Buenos Aires, la Argentina es el \u00fanico pa\u00eds que ser\u00e1 sede en dos oportunidades. <\/p>\n<p>Durante el Congreso habr\u00e1 reuniones de nivel cient\u00edfico-acad\u00e9mico que contribuir\u00e1n con el intercambio de opiniones y experiencias entre los distintos actores de la comunidad forestal. Los trabajos ser\u00e1n publicados en las Actas del Congreso y en su p\u00e1gina web oficial.  <\/p>\n<p>CFM 2009 contar\u00e1 con una feria comercial en el predio de La Rural de Palermo con stands de diversos tama\u00f1os y adem\u00e1s brindar\u00e1 a sus asistentes la posibilidad de realizar viajes post congreso a las regiones forestales m\u00e1s importantes del pa\u00eds. Tambi\u00e9n contar\u00e1 con foros que contemplan la tem\u00e1tica (bosques y cambio clim\u00e1tico y bosques y energ\u00eda). <br \/>Adem\u00e1s, a diferencia de anteriores Congresos, se generar\u00e1 un espacio de Rondas Empresariales con el fin de acercar interesados en promover las inversiones en el sector. El Congreso recibi\u00f3 m\u00e1s de 3.000 res\u00famenes de trabajos que ser\u00e1n publicados en sus actas. <\/p>\n<p>Para mayor informaci\u00f3n, visitar www.cfm2009.org o escribir a dmaradei@cfm2009.org <\/p>\n<p>Imagen: Gentileza CFM 2009.<\/p>\n","protected":false},"excerpt":{"rendered":"<p>El Comit\u00e9 Organizador de CFM 2009 invita a representantes del sector a participar de las Rondas de Negocios que tendr\u00e1 el evento, a las que ya confirmaron su participaci\u00f3n 5.000 empresarios de m\u00e1s de 100 pa\u00edses. Ser\u00e1 coordinador Daniel Maradei (dmaradei@cfm2009.org), ex titular de la Comisi\u00f3n Asesora de SAGPyA, ex gerente forestal de la desaparecida [&hellip;]<\/p>\n","protected":false},"author":1,"featured_media":0,"comment_status":"open","ping_status":"open","sticky":false,"template":"","format":"standard","meta":{"footnotes":""},"categories":[2],"tags":[],"class_list":{"0":"post-6325","1":"post","2":"type-post","3":"status-publish","4":"format-standard","6":"category-ferias-y-congresos"},"yoast_head":"<!-- This site is optimized with the Yoast SEO plugin v27.4 - https:\/\/yoast.com\/product\/yoast-seo-wordpress\/ -->\n<title>Congreso Forestal Mundial 2009: abri\u00f3 la inscripci\u00f3n para las Rondas de Negocios - Desarrollo Forestal<\/title>\n<meta name=\"robots\" content=\"index, follow, max-snippet:-1, max-image-preview:large, max-video-preview:-1\" \/>\n<link rel=\"canonical\" href=\"https:\/\/maderamen.com.ar\/desarrollo-forestal\/2009\/07\/07\/congreso-forestal-mundial-2009-abrio-la-inscripcion-para-las-rondas-de-negocios\/\" \/>\n<meta property=\"og:locale\" content=\"es_ES\" \/>\n<meta property=\"og:type\" content=\"article\" \/>\n<meta property=\"og:title\" content=\"Congreso Forestal Mundial 2009: abri\u00f3 la inscripci\u00f3n para las Rondas de Negocios - Desarrollo Forestal\" \/>\n<meta property=\"og:description\" content=\"El Comit\u00e9 Organizador de CFM 2009 invita a representantes del sector a participar de las Rondas de Negocios que tendr\u00e1 el evento, a las que ya confirmaron su participaci\u00f3n 5.000 empresarios de m\u00e1s de 100 pa\u00edses. Ser\u00e1 coordinador Daniel Maradei (dmaradei@cfm2009.org), ex titular de la Comisi\u00f3n Asesora de SAGPyA, ex gerente forestal de la desaparecida [&hellip;]\" \/>\n<meta property=\"og:url\" content=\"https:\/\/maderamen.com.ar\/desarrollo-forestal\/2009\/07\/07\/congreso-forestal-mundial-2009-abrio-la-inscripcion-para-las-rondas-de-negocios\/\" \/>\n<meta property=\"og:site_name\" content=\"Desarrollo Forestal\" \/>\n<meta property=\"article:publisher\" content=\"https:\/\/www.facebook.com\/Maderamen.Argentina\/\" \/>\n<meta property=\"article:published_time\" content=\"2009-07-07T00:00:00+00:00\" \/>\n<meta name=\"author\" content=\"Maderamen\" \/>\n<meta name=\"twitter:card\" content=\"summary_large_image\" \/>\n<meta name=\"twitter:creator\" content=\"@DesarrolloFores\" \/>\n<meta name=\"twitter:site\" content=\"@DesarrolloFores\" \/>\n<meta name=\"twitter:label1\" content=\"Escrito por\" \/>\n\t<meta name=\"twitter:data1\" content=\"Maderamen\" \/>\n\t<meta name=\"twitter:label2\" content=\"Tiempo de lectura\" \/>\n\t<meta name=\"twitter:data2\" content=\"2 minutos\" \/>\n<script type=\"application\/ld+json\" class=\"yoast-schema-graph\">{\"@context\":\"https:\\\/\\\/schema.org\",\"@graph\":[{\"@type\":\"Article\",\"@id\":\"https:\\\/\\\/maderamen.com.ar\\\/desarrollo-forestal\\\/2009\\\/07\\\/07\\\/congreso-forestal-mundial-2009-abrio-la-inscripcion-para-las-rondas-de-negocios\\\/#article\",\"isPartOf\":{\"@id\":\"https:\\\/\\\/maderamen.com.ar\\\/desarrollo-forestal\\\/2009\\\/07\\\/07\\\/congreso-forestal-mundial-2009-abrio-la-inscripcion-para-las-rondas-de-negocios\\\/\"},\"author\":{\"name\":\"Maderamen\",\"@id\":\"https:\\\/\\\/maderamen.com.ar\\\/desarrollo-forestal\\\/#\\\/schema\\\/person\\\/ad3cdc3df72c15861fdd096bee929343\"},\"headline\":\"Congreso Forestal Mundial 2009: abri\u00f3 la inscripci\u00f3n para las Rondas de Negocios\",\"datePublished\":\"2009-07-07T00:00:00+00:00\",\"mainEntityOfPage\":{\"@id\":\"https:\\\/\\\/maderamen.com.ar\\\/desarrollo-forestal\\\/2009\\\/07\\\/07\\\/congreso-forestal-mundial-2009-abrio-la-inscripcion-para-las-rondas-de-negocios\\\/\"},\"wordCount\":438,\"commentCount\":0,\"publisher\":{\"@id\":\"https:\\\/\\\/maderamen.com.ar\\\/desarrollo-forestal\\\/#organization\"},\"articleSection\":[\"Ferias y Congresos\"],\"inLanguage\":\"es\",\"potentialAction\":[{\"@type\":\"CommentAction\",\"name\":\"Comment\",\"target\":[\"https:\\\/\\\/maderamen.com.ar\\\/desarrollo-forestal\\\/2009\\\/07\\\/07\\\/congreso-forestal-mundial-2009-abrio-la-inscripcion-para-las-rondas-de-negocios\\\/#respond\"]}]},{\"@type\":\"WebPage\",\"@id\":\"https:\\\/\\\/maderamen.com.ar\\\/desarrollo-forestal\\\/2009\\\/07\\\/07\\\/congreso-forestal-mundial-2009-abrio-la-inscripcion-para-las-rondas-de-negocios\\\/\",\"url\":\"https:\\\/\\\/maderamen.com.ar\\\/desarrollo-forestal\\\/2009\\\/07\\\/07\\\/congreso-forestal-mundial-2009-abrio-la-inscripcion-para-las-rondas-de-negocios\\\/\",\"name\":\"Congreso Forestal Mundial 2009: abri\u00f3 la inscripci\u00f3n para las Rondas de Negocios - Desarrollo Forestal\",\"isPartOf\":{\"@id\":\"https:\\\/\\\/maderamen.com.ar\\\/desarrollo-forestal\\\/#website\"},\"datePublished\":\"2009-07-07T00:00:00+00:00\",\"breadcrumb\":{\"@id\":\"https:\\\/\\\/maderamen.com.ar\\\/desarrollo-forestal\\\/2009\\\/07\\\/07\\\/congreso-forestal-mundial-2009-abrio-la-inscripcion-para-las-rondas-de-negocios\\\/#breadcrumb\"},\"inLanguage\":\"es\",\"potentialAction\":[{\"@type\":\"ReadAction\",\"target\":[\"https:\\\/\\\/maderamen.com.ar\\\/desarrollo-forestal\\\/2009\\\/07\\\/07\\\/congreso-forestal-mundial-2009-abrio-la-inscripcion-para-las-rondas-de-negocios\\\/\"]}]},{\"@type\":\"BreadcrumbList\",\"@id\":\"https:\\\/\\\/maderamen.com.ar\\\/desarrollo-forestal\\\/2009\\\/07\\\/07\\\/congreso-forestal-mundial-2009-abrio-la-inscripcion-para-las-rondas-de-negocios\\\/#breadcrumb\",\"itemListElement\":[{\"@type\":\"ListItem\",\"position\":1,\"name\":\"Portada\",\"item\":\"https:\\\/\\\/maderamen.com.ar\\\/desarrollo-forestal\\\/\"},{\"@type\":\"ListItem\",\"position\":2,\"name\":\"Congreso Forestal Mundial 2009: abri\u00f3 la inscripci\u00f3n para las Rondas de Negocios\"}]},{\"@type\":\"WebSite\",\"@id\":\"https:\\\/\\\/maderamen.com.ar\\\/desarrollo-forestal\\\/#website\",\"url\":\"https:\\\/\\\/maderamen.com.ar\\\/desarrollo-forestal\\\/\",\"name\":\"Desarrollo Forestal\",\"description\":\"Noticias del sector forestal\",\"publisher\":{\"@id\":\"https:\\\/\\\/maderamen.com.ar\\\/desarrollo-forestal\\\/#organization\"},\"potentialAction\":[{\"@type\":\"SearchAction\",\"target\":{\"@type\":\"EntryPoint\",\"urlTemplate\":\"https:\\\/\\\/maderamen.com.ar\\\/desarrollo-forestal\\\/?s={search_term_string}\"},\"query-input\":{\"@type\":\"PropertyValueSpecification\",\"valueRequired\":true,\"valueName\":\"search_term_string\"}}],\"inLanguage\":\"es\"},{\"@type\":\"Organization\",\"@id\":\"https:\\\/\\\/maderamen.com.ar\\\/desarrollo-forestal\\\/#organization\",\"name\":\"Maderamen\",\"url\":\"https:\\\/\\\/maderamen.com.ar\\\/desarrollo-forestal\\\/\",\"logo\":{\"@type\":\"ImageObject\",\"inLanguage\":\"es\",\"@id\":\"https:\\\/\\\/maderamen.com.ar\\\/desarrollo-forestal\\\/#\\\/schema\\\/logo\\\/image\\\/\",\"url\":\"https:\\\/\\\/maderamen.com.ar\\\/desarrollo-forestal\\\/wp-content\\\/uploads\\\/sites\\\/2\\\/2026\\\/03\\\/maderamen-emago.png\",\"contentUrl\":\"https:\\\/\\\/maderamen.com.ar\\\/desarrollo-forestal\\\/wp-content\\\/uploads\\\/sites\\\/2\\\/2026\\\/03\\\/maderamen-emago.png\",\"width\":250,\"height\":246,\"caption\":\"Maderamen\"},\"image\":{\"@id\":\"https:\\\/\\\/maderamen.com.ar\\\/desarrollo-forestal\\\/#\\\/schema\\\/logo\\\/image\\\/\"},\"sameAs\":[\"https:\\\/\\\/www.facebook.com\\\/Maderamen.Argentina\\\/\",\"https:\\\/\\\/x.com\\\/DesarrolloFores\",\"https:\\\/\\\/www.youtube.com\\\/channel\\\/UCeYU2-_JRTYYpgHoyhTT2Fg\",\"https:\\\/\\\/www.instagram.com\\\/maderamen.ok\\\/\",\"https:\\\/\\\/www.linkedin.com\\\/company\\\/maderameneditorial\\\/\"]},{\"@type\":\"Person\",\"@id\":\"https:\\\/\\\/maderamen.com.ar\\\/desarrollo-forestal\\\/#\\\/schema\\\/person\\\/ad3cdc3df72c15861fdd096bee929343\",\"name\":\"Maderamen\",\"image\":{\"@type\":\"ImageObject\",\"inLanguage\":\"es\",\"@id\":\"https:\\\/\\\/secure.gravatar.com\\\/avatar\\\/af612dc5cc79b81354fdd5591e3c15e376793953a9585c1142faad6370a6f555?s=96&d=mm&r=g\",\"url\":\"https:\\\/\\\/secure.gravatar.com\\\/avatar\\\/af612dc5cc79b81354fdd5591e3c15e376793953a9585c1142faad6370a6f555?s=96&d=mm&r=g\",\"contentUrl\":\"https:\\\/\\\/secure.gravatar.com\\\/avatar\\\/af612dc5cc79b81354fdd5591e3c15e376793953a9585c1142faad6370a6f555?s=96&d=mm&r=g\",\"caption\":\"Maderamen\"},\"url\":\"https:\\\/\\\/maderamen.com.ar\\\/desarrollo-forestal\\\/author\\\/sachi\\\/\"}]}<\/script>\n<!-- \/ Yoast SEO plugin. -->","yoast_head_json":{"title":"Congreso Forestal Mundial 2009: abri\u00f3 la inscripci\u00f3n para las Rondas de Negocios - Desarrollo Forestal","robots":{"index":"index","follow":"follow","max-snippet":"max-snippet:-1","max-image-preview":"max-image-preview:large","max-video-preview":"max-video-preview:-1"},"canonical":"https:\/\/maderamen.com.ar\/desarrollo-forestal\/2009\/07\/07\/congreso-forestal-mundial-2009-abrio-la-inscripcion-para-las-rondas-de-negocios\/","og_locale":"es_ES","og_type":"article","og_title":"Congreso Forestal Mundial 2009: abri\u00f3 la inscripci\u00f3n para las Rondas de Negocios - Desarrollo Forestal","og_description":"El Comit\u00e9 Organizador de CFM 2009 invita a representantes del sector a participar de las Rondas de Negocios que tendr\u00e1 el evento, a las que ya confirmaron su participaci\u00f3n 5.000 empresarios de m\u00e1s de 100 pa\u00edses. Ser\u00e1 coordinador Daniel Maradei (dmaradei@cfm2009.org), ex titular de la Comisi\u00f3n Asesora de SAGPyA, ex gerente forestal de la desaparecida [&hellip;]","og_url":"https:\/\/maderamen.com.ar\/desarrollo-forestal\/2009\/07\/07\/congreso-forestal-mundial-2009-abrio-la-inscripcion-para-las-rondas-de-negocios\/","og_site_name":"Desarrollo Forestal","article_publisher":"https:\/\/www.facebook.com\/Maderamen.Argentina\/","article_published_time":"2009-07-07T00:00:00+00:00","author":"Maderamen","twitter_card":"summary_large_image","twitter_creator":"@DesarrolloFores","twitter_site":"@DesarrolloFores","twitter_misc":{"Escrito por":"Maderamen","Tiempo de lectura":"2 minutos"},"schema":{"@context":"https:\/\/schema.org","@graph":[{"@type":"Article","@id":"https:\/\/maderamen.com.ar\/desarrollo-forestal\/2009\/07\/07\/congreso-forestal-mundial-2009-abrio-la-inscripcion-para-las-rondas-de-negocios\/#article","isPartOf":{"@id":"https:\/\/maderamen.com.ar\/desarrollo-forestal\/2009\/07\/07\/congreso-forestal-mundial-2009-abrio-la-inscripcion-para-las-rondas-de-negocios\/"},"author":{"name":"Maderamen","@id":"https:\/\/maderamen.com.ar\/desarrollo-forestal\/#\/schema\/person\/ad3cdc3df72c15861fdd096bee929343"},"headline":"Congreso Forestal Mundial 2009: abri\u00f3 la inscripci\u00f3n para las Rondas de Negocios","datePublished":"2009-07-07T00:00:00+00:00","mainEntityOfPage":{"@id":"https:\/\/maderamen.com.ar\/desarrollo-forestal\/2009\/07\/07\/congreso-forestal-mundial-2009-abrio-la-inscripcion-para-las-rondas-de-negocios\/"},"wordCount":438,"commentCount":0,"publisher":{"@id":"https:\/\/maderamen.com.ar\/desarrollo-forestal\/#organization"},"articleSection":["Ferias y Congresos"],"inLanguage":"es","potentialAction":[{"@type":"CommentAction","name":"Comment","target":["https:\/\/maderamen.com.ar\/desarrollo-forestal\/2009\/07\/07\/congreso-forestal-mundial-2009-abrio-la-inscripcion-para-las-rondas-de-negocios\/#respond"]}]},{"@type":"WebPage","@id":"https:\/\/maderamen.com.ar\/desarrollo-forestal\/2009\/07\/07\/congreso-forestal-mundial-2009-abrio-la-inscripcion-para-las-rondas-de-negocios\/","url":"https:\/\/maderamen.com.ar\/desarrollo-forestal\/2009\/07\/07\/congreso-forestal-mundial-2009-abrio-la-inscripcion-para-las-rondas-de-negocios\/","name":"Congreso Forestal Mundial 2009: abri\u00f3 la inscripci\u00f3n para las Rondas de Negocios - Desarrollo Forestal","isPartOf":{"@id":"https:\/\/maderamen.com.ar\/desarrollo-forestal\/#website"},"datePublished":"2009-07-07T00:00:00+00:00","breadcrumb":{"@id":"https:\/\/maderamen.com.ar\/desarrollo-forestal\/2009\/07\/07\/congreso-forestal-mundial-2009-abrio-la-inscripcion-para-las-rondas-de-negocios\/#breadcrumb"},"inLanguage":"es","potentialAction":[{"@type":"ReadAction","target":["https:\/\/maderamen.com.ar\/desarrollo-forestal\/2009\/07\/07\/congreso-forestal-mundial-2009-abrio-la-inscripcion-para-las-rondas-de-negocios\/"]}]},{"@type":"BreadcrumbList","@id":"https:\/\/maderamen.com.ar\/desarrollo-forestal\/2009\/07\/07\/congreso-forestal-mundial-2009-abrio-la-inscripcion-para-las-rondas-de-negocios\/#breadcrumb","itemListElement":[{"@type":"ListItem","position":1,"name":"Portada","item":"https:\/\/maderamen.com.ar\/desarrollo-forestal\/"},{"@type":"ListItem","position":2,"name":"Congreso Forestal Mundial 2009: abri\u00f3 la inscripci\u00f3n para las Rondas de Negocios"}]},{"@type":"WebSite","@id":"https:\/\/maderamen.com.ar\/desarrollo-forestal\/#website","url":"https:\/\/maderamen.com.ar\/desarrollo-forestal\/","name":"Desarrollo Forestal","description":"Noticias del sector forestal","publisher":{"@id":"https:\/\/maderamen.com.ar\/desarrollo-forestal\/#organization"},"potentialAction":[{"@type":"SearchAction","target":{"@type":"EntryPoint","urlTemplate":"https:\/\/maderamen.com.ar\/desarrollo-forestal\/?s={search_term_string}"},"query-input":{"@type":"PropertyValueSpecification","valueRequired":true,"valueName":"search_term_string"}}],"inLanguage":"es"},{"@type":"Organization","@id":"https:\/\/maderamen.com.ar\/desarrollo-forestal\/#organization","name":"Maderamen","url":"https:\/\/maderamen.com.ar\/desarrollo-forestal\/","logo":{"@type":"ImageObject","inLanguage":"es","@id":"https:\/\/maderamen.com.ar\/desarrollo-forestal\/#\/schema\/logo\/image\/","url":"https:\/\/maderamen.com.ar\/desarrollo-forestal\/wp-content\/uploads\/sites\/2\/2026\/03\/maderamen-emago.png","contentUrl":"https:\/\/maderamen.com.ar\/desarrollo-forestal\/wp-content\/uploads\/sites\/2\/2026\/03\/maderamen-emago.png","width":250,"height":246,"caption":"Maderamen"},"image":{"@id":"https:\/\/maderamen.com.ar\/desarrollo-forestal\/#\/schema\/logo\/image\/"},"sameAs":["https:\/\/www.facebook.com\/Maderamen.Argentina\/","https:\/\/x.com\/DesarrolloFores","https:\/\/www.youtube.com\/channel\/UCeYU2-_JRTYYpgHoyhTT2Fg","https:\/\/www.instagram.com\/maderamen.ok\/","https:\/\/www.linkedin.com\/company\/maderameneditorial\/"]},{"@type":"Person","@id":"https:\/\/maderamen.com.ar\/desarrollo-forestal\/#\/schema\/person\/ad3cdc3df72c15861fdd096bee929343","name":"Maderamen","image":{"@type":"ImageObject","inLanguage":"es","@id":"https:\/\/secure.gravatar.com\/avatar\/af612dc5cc79b81354fdd5591e3c15e376793953a9585c1142faad6370a6f555?s=96&d=mm&r=g","url":"https:\/\/secure.gravatar.com\/avatar\/af612dc5cc79b81354fdd5591e3c15e376793953a9585c1142faad6370a6f555?s=96&d=mm&r=g","contentUrl":"https:\/\/secure.gravatar.com\/avatar\/af612dc5cc79b81354fdd5591e3c15e376793953a9585c1142faad6370a6f555?s=96&d=mm&r=g","caption":"Maderamen"},"url":"https:\/\/maderamen.com.ar\/desarrollo-forestal\/author\/sachi\/"}]}},"_links":{"self":[{"href":"https:\/\/maderamen.com.ar\/desarrollo-forestal\/wp-json\/wp\/v2\/posts\/6325","targetHints":{"allow":["GET"]}}],"collection":[{"href":"https:\/\/maderamen.com.ar\/desarrollo-forestal\/wp-json\/wp\/v2\/posts"}],"about":[{"href":"https:\/\/maderamen.com.ar\/desarrollo-forestal\/wp-json\/wp\/v2\/types\/post"}],"author":[{"embeddable":true,"href":"https:\/\/maderamen.com.ar\/desarrollo-forestal\/wp-json\/wp\/v2\/users\/1"}],"replies":[{"embeddable":true,"href":"https:\/\/maderamen.com.ar\/desarrollo-forestal\/wp-json\/wp\/v2\/comments?post=6325"}],"version-history":[{"count":0,"href":"https:\/\/maderamen.com.ar\/desarrollo-forestal\/wp-json\/wp\/v2\/posts\/6325\/revisions"}],"wp:attachment":[{"href":"https:\/\/maderamen.com.ar\/desarrollo-forestal\/wp-json\/wp\/v2\/media?parent=6325"}],"wp:term":[{"taxonomy":"category","embeddable":true,"href":"https:\/\/maderamen.com.ar\/desarrollo-forestal\/wp-json\/wp\/v2\/categories?post=6325"},{"taxonomy":"post_tag","embeddable":true,"href":"https:\/\/maderamen.com.ar\/desarrollo-forestal\/wp-json\/wp\/v2\/tags?post=6325"}],"curies":[{"name":"wp","href":"https:\/\/api.w.org\/{rel}","templated":true}]}}