{"id":17283,"date":"2025-04-04T05:52:16","date_gmt":"2025-04-04T08:52:16","guid":{"rendered":"https:\/\/maderamen.com.ar\/desarrollo-forestal\/?p=17283"},"modified":"2025-04-01T17:59:37","modified_gmt":"2025-04-01T20:59:37","slug":"inti-en-expoagro-con-tecnologia-para-maquinarias","status":"publish","type":"post","link":"https:\/\/maderamen.com.ar\/desarrollo-forestal\/2025\/04\/04\/inti-en-expoagro-con-tecnologia-para-maquinarias\/","title":{"rendered":"INTI present\u00f3 en Expoagro tecnolog\u00edas para maquinarias agr\u00edcolas y forestales"},"content":{"rendered":"\n<p><strong>Con la presencia de sus autoridades, el instituto particip\u00f3 con un stand que incluy\u00f3 demostraciones de ensayos, charlas t\u00e9cnicas, asesoramiento personalizado para empresas y reuniones estrat\u00e9gicas orientadas a mejorar el desarrollo de la agroindustria.<\/strong><\/p>\n\n\n\n<p>En esta nueva edici\u00f3n de Expoagro, evento estrella del campo argentino, el INTI present\u00f3 novedades, principalmente enmarcadas en su Programa de Maquinaria Agr\u00edcola que ofrece un amplio men\u00fa de asistencias para el sector, incluyendo instrumental especializado y personal altamente calificado. <\/p>\n\n\n\n<p>En un stand interinstitucional montado junto al INTA y la Universidad Nacional de Rosario, fueron expuestos nuevos bancos de ensayo para cuerpos de siembra y dosificadoras de maquinaria agr\u00edcola, importantes dispositivos tecnol\u00f3gicos dise\u00f1ados en nuestro pa\u00eds para optimizar dise\u00f1os y procesos de fabricaci\u00f3n. Esto es parte de los avances logrados en los \u00faltimos a\u00f1os en cuanto a capacidad de ensayos, a campo y en laboratorio, con innovaciones generadas por los equipos t\u00e9cnicos en funci\u00f3n del di\u00e1logo permanente con las empresas. <\/p>\n\n\n\n<p>El ingeniero Daniel Afione, presidente del INTI, destac\u00f3 la importancia de participar en Expoagro: \u201cEste evento es una prioridad para la instituci\u00f3n desde donde promovemos nuestros servicios y capacidades, y ofrecemos a las empresas tecnolog\u00eda, innovaci\u00f3n y conocimientos especializados adaptados a las diversas necesidades del sector\u201d. Durante la muestra realizada en San Nicol\u00e1s el INTI, en el stand donde fuimos invitados a participar por el Gobierno de la Provincia de Entre R\u00edos, brind\u00f3 dos charlas t\u00e9cnicas especializadas: \u00abEnsayos a campo para maquinaria agr\u00edcola\u00bb, a cargo del ingeniero Jorge Eliach, y \u00abUtilizaci\u00f3n de bioinsumos en econom\u00eda circular\u00bb, a cargo de Fernando Bailat. <\/p>\n\n\n\n<p>En este contexto, el responsable del Departamento de Productos Industriales Centro de la sede del INTI en Rosario, el ingeniero Jorge Eliach, agreg\u00f3 que la acci\u00f3n central del instituto para el sector de la Maquinaria agr\u00edcola radica en la evaluaci\u00f3n operativa y funcional de los equipos en condiciones de uso. \u201cSi bien las empresas hacen ensayos, tienen dificultades para medir variables f\u00edsicas, porque son costosas y requieren de personal capacitado. La exactitud y registro de las mediciones son los factores m\u00e1s importantes para mejorar el producto\u201d, detall\u00f3. <\/p>\n\n\n\n<p>La oferta de servicios tecnol\u00f3gicos a las empresas incluye sensorizaci\u00f3n y adquisici\u00f3n de variables funcionales en sembradoras, ensayos de dosificadores de precisi\u00f3n y sistema Air Drill, evaluaciones de estructuras de maquinarias y camiones, simulaci\u00f3n de procesos de fabricaci\u00f3n, an\u00e1lisis de fallas, ensayos de materiales compuestos (pl\u00e1sticos y fibras de vidrio), entre otras. Por su parte el ingeniero Federico Bailat, perteneciente de Departamento de Medio Ambiente del INTI Regi\u00f3n Centro, destac\u00f3 las oportunidades que ofrece la econom\u00eda circular en reciclado y reutilizaci\u00f3n de residuos, como la generaci\u00f3n de energ\u00eda y fertilizantes mediante biodigestores, mostrando varios casos de \u00e9xito.<\/p>\n\n\n\n<p> \u201cLo importante es hacer constantemente los an\u00e1lisis necesarios para garantizar seguridad y salubridad, para lo cual la red de laboratorios del INTI es una herramienta esencial para la industria\u201d. Adem\u00e1s, con el imponente marco de la mega feria agr\u00edcola, se llev\u00f3 adelante una nueva reuni\u00f3n del Consejo Asesor de Maquinaria Agr\u00edcola, liderado por el INTI, el INTA y la Universidad Nacional de Rosario e integrado por las principales c\u00e1maras del sector. <\/p>\n\n\n\n<p>En esta oportunidad se dialog\u00f3 sobre articulaci\u00f3n y comunicaci\u00f3n, proyectando la conformaci\u00f3n de una Comunidad de Pr\u00e1ctica sobre maquinaria agr\u00edcola; se analizaron los nuevos desaf\u00edos en estandarizaci\u00f3n de agropartes y las posibilidades de innovaci\u00f3n y desarrollo en cuanto a equipos a campo, entre otros temas. Tambi\u00e9n se ratific\u00f3 la intenci\u00f3n de iniciar este a\u00f1o el montaje de un Laboratorio de barras card\u00e1nicas, dedicado al componente de arrastre para tractores que viene siendo estudiado en b\u00fasqueda de mejorar su seguridad. Durante la muestra el personal del INTI respondi\u00f3 una gran cantidad de consultas y mantuvo encuentros de vinculaci\u00f3n tecnol\u00f3gica con empresas e instituciones. <\/p>\n\n\n\n<p><strong><a href=\"https:\/\/maderamen.com.ar\/desarrollo-forestal\/2025\/03\/20\/denuncian-que-misiones-quiere-apropiarse-de-campo-san-antonio-inta\/\" target=\"_blank\" rel=\"noreferrer noopener\" aria-label=\"Leer: Denuncian que Misiones quiere apropiarse de Campo San Antonio de INTA (abre en una nueva pesta\u00f1a)\">Leer: Denuncian que Misiones quiere apropiarse de Campo San Antonio de INTA<\/a><\/strong><\/p>\n\n\n\n<p>Fuente: <strong><a href=\"https:\/\/www.argentina.gob.ar\/inti\">INTI.<\/a><\/strong><\/p>\n","protected":false},"excerpt":{"rendered":"<p>Con la presencia de sus autoridades, el instituto particip\u00f3 con un stand que incluy\u00f3 demostraciones de ensayos, charlas t\u00e9cnicas, asesoramiento personalizado para empresas y reuniones estrat\u00e9gicas orientadas a mejorar el desarrollo de la agroindustria. En esta nueva edici\u00f3n de Expoagro, evento estrella del campo argentino, el INTI present\u00f3 novedades, principalmente enmarcadas en su Programa de [&hellip;]<\/p>\n","protected":false},"author":6,"featured_media":17284,"comment_status":"open","ping_status":"open","sticky":false,"template":"","format":"standard","meta":{"footnotes":""},"categories":[2,10],"tags":[],"class_list":{"0":"post-17283","1":"post","2":"type-post","3":"status-publish","4":"format-standard","5":"has-post-thumbnail","7":"category-ferias-y-congresos","8":"category-featured"},"yoast_head":"<!-- This site is optimized with the Yoast SEO plugin v27.4 - https:\/\/yoast.com\/product\/yoast-seo-wordpress\/ -->\n<title>INTI en Expoagro tecnolog\u00edas para maquinarias agr\u00edcolas y forestales<\/title>\n<meta name=\"description\" content=\"INTI en Expoagro: INTA y la Universidad Nacional de Rosario. Fueron expuestos nuevos bancos de ensayo para cuerpos de siembra y dosificadoras\" \/>\n<meta name=\"robots\" content=\"index, follow, max-snippet:-1, max-image-preview:large, max-video-preview:-1\" \/>\n<link rel=\"canonical\" href=\"https:\/\/maderamen.com.ar\/desarrollo-forestal\/2025\/04\/04\/inti-en-expoagro-con-tecnologia-para-maquinarias\/\" \/>\n<meta property=\"og:locale\" content=\"es_ES\" \/>\n<meta property=\"og:type\" content=\"article\" \/>\n<meta property=\"og:title\" content=\"INTI en Expoagro tecnolog\u00edas para maquinarias agr\u00edcolas y forestales\" \/>\n<meta property=\"og:description\" content=\"INTI en Expoagro: INTA y la Universidad Nacional de Rosario. Fueron expuestos nuevos bancos de ensayo para cuerpos de siembra y dosificadoras\" \/>\n<meta property=\"og:url\" content=\"https:\/\/maderamen.com.ar\/desarrollo-forestal\/2025\/04\/04\/inti-en-expoagro-con-tecnologia-para-maquinarias\/\" \/>\n<meta property=\"og:site_name\" content=\"Desarrollo Forestal\" \/>\n<meta property=\"article:publisher\" content=\"https:\/\/www.facebook.com\/Maderamen.Argentina\/\" \/>\n<meta property=\"article:published_time\" content=\"2025-04-04T08:52:16+00:00\" \/>\n<meta property=\"og:image\" content=\"https:\/\/maderamen.com.ar\/desarrollo-forestal\/wp-content\/uploads\/sites\/2\/2025\/04\/inti.jpg\" \/>\n\t<meta property=\"og:image:width\" content=\"1920\" \/>\n\t<meta property=\"og:image:height\" content=\"1003\" \/>\n\t<meta property=\"og:image:type\" content=\"image\/jpeg\" \/>\n<meta name=\"author\" content=\"Maderamen\" \/>\n<meta name=\"twitter:card\" content=\"summary_large_image\" \/>\n<meta name=\"twitter:creator\" content=\"@DesarrolloFores\" \/>\n<meta name=\"twitter:site\" content=\"@DesarrolloFores\" \/>\n<meta name=\"twitter:label1\" content=\"Escrito por\" \/>\n\t<meta name=\"twitter:data1\" content=\"Maderamen\" \/>\n\t<meta name=\"twitter:label2\" content=\"Tiempo de lectura\" \/>\n\t<meta name=\"twitter:data2\" content=\"3 minutos\" \/>\n<script type=\"application\/ld+json\" class=\"yoast-schema-graph\">{\"@context\":\"https:\\\/\\\/schema.org\",\"@graph\":[{\"@type\":\"Article\",\"@id\":\"https:\\\/\\\/maderamen.com.ar\\\/desarrollo-forestal\\\/2025\\\/04\\\/04\\\/inti-en-expoagro-con-tecnologia-para-maquinarias\\\/#article\",\"isPartOf\":{\"@id\":\"https:\\\/\\\/maderamen.com.ar\\\/desarrollo-forestal\\\/2025\\\/04\\\/04\\\/inti-en-expoagro-con-tecnologia-para-maquinarias\\\/\"},\"author\":{\"name\":\"Maderamen\",\"@id\":\"https:\\\/\\\/maderamen.com.ar\\\/desarrollo-forestal\\\/#\\\/schema\\\/person\\\/c05f216a5663a04adfc7d62d87295459\"},\"headline\":\"INTI present\u00f3 en Expoagro tecnolog\u00edas para maquinarias agr\u00edcolas y forestales\",\"datePublished\":\"2025-04-04T08:52:16+00:00\",\"mainEntityOfPage\":{\"@id\":\"https:\\\/\\\/maderamen.com.ar\\\/desarrollo-forestal\\\/2025\\\/04\\\/04\\\/inti-en-expoagro-con-tecnologia-para-maquinarias\\\/\"},\"wordCount\":700,\"commentCount\":0,\"publisher\":{\"@id\":\"https:\\\/\\\/maderamen.com.ar\\\/desarrollo-forestal\\\/#organization\"},\"image\":{\"@id\":\"https:\\\/\\\/maderamen.com.ar\\\/desarrollo-forestal\\\/2025\\\/04\\\/04\\\/inti-en-expoagro-con-tecnologia-para-maquinarias\\\/#primaryimage\"},\"thumbnailUrl\":\"https:\\\/\\\/maderamen.com.ar\\\/desarrollo-forestal\\\/wp-content\\\/uploads\\\/sites\\\/2\\\/2025\\\/04\\\/inti.jpg\",\"articleSection\":[\"Ferias y Congresos\",\"Principal\"],\"inLanguage\":\"es\",\"potentialAction\":[{\"@type\":\"CommentAction\",\"name\":\"Comment\",\"target\":[\"https:\\\/\\\/maderamen.com.ar\\\/desarrollo-forestal\\\/2025\\\/04\\\/04\\\/inti-en-expoagro-con-tecnologia-para-maquinarias\\\/#respond\"]}]},{\"@type\":\"WebPage\",\"@id\":\"https:\\\/\\\/maderamen.com.ar\\\/desarrollo-forestal\\\/2025\\\/04\\\/04\\\/inti-en-expoagro-con-tecnologia-para-maquinarias\\\/\",\"url\":\"https:\\\/\\\/maderamen.com.ar\\\/desarrollo-forestal\\\/2025\\\/04\\\/04\\\/inti-en-expoagro-con-tecnologia-para-maquinarias\\\/\",\"name\":\"INTI en Expoagro tecnolog\u00edas para maquinarias agr\u00edcolas y forestales\",\"isPartOf\":{\"@id\":\"https:\\\/\\\/maderamen.com.ar\\\/desarrollo-forestal\\\/#website\"},\"primaryImageOfPage\":{\"@id\":\"https:\\\/\\\/maderamen.com.ar\\\/desarrollo-forestal\\\/2025\\\/04\\\/04\\\/inti-en-expoagro-con-tecnologia-para-maquinarias\\\/#primaryimage\"},\"image\":{\"@id\":\"https:\\\/\\\/maderamen.com.ar\\\/desarrollo-forestal\\\/2025\\\/04\\\/04\\\/inti-en-expoagro-con-tecnologia-para-maquinarias\\\/#primaryimage\"},\"thumbnailUrl\":\"https:\\\/\\\/maderamen.com.ar\\\/desarrollo-forestal\\\/wp-content\\\/uploads\\\/sites\\\/2\\\/2025\\\/04\\\/inti.jpg\",\"datePublished\":\"2025-04-04T08:52:16+00:00\",\"description\":\"INTI en Expoagro: INTA y la Universidad Nacional de Rosario. Fueron expuestos nuevos bancos de ensayo para cuerpos de siembra y dosificadoras\",\"breadcrumb\":{\"@id\":\"https:\\\/\\\/maderamen.com.ar\\\/desarrollo-forestal\\\/2025\\\/04\\\/04\\\/inti-en-expoagro-con-tecnologia-para-maquinarias\\\/#breadcrumb\"},\"inLanguage\":\"es\",\"potentialAction\":[{\"@type\":\"ReadAction\",\"target\":[\"https:\\\/\\\/maderamen.com.ar\\\/desarrollo-forestal\\\/2025\\\/04\\\/04\\\/inti-en-expoagro-con-tecnologia-para-maquinarias\\\/\"]}]},{\"@type\":\"ImageObject\",\"inLanguage\":\"es\",\"@id\":\"https:\\\/\\\/maderamen.com.ar\\\/desarrollo-forestal\\\/2025\\\/04\\\/04\\\/inti-en-expoagro-con-tecnologia-para-maquinarias\\\/#primaryimage\",\"url\":\"https:\\\/\\\/maderamen.com.ar\\\/desarrollo-forestal\\\/wp-content\\\/uploads\\\/sites\\\/2\\\/2025\\\/04\\\/inti.jpg\",\"contentUrl\":\"https:\\\/\\\/maderamen.com.ar\\\/desarrollo-forestal\\\/wp-content\\\/uploads\\\/sites\\\/2\\\/2025\\\/04\\\/inti.jpg\",\"width\":1920,\"height\":1003,\"caption\":\"INTI en Expoagro\"},{\"@type\":\"BreadcrumbList\",\"@id\":\"https:\\\/\\\/maderamen.com.ar\\\/desarrollo-forestal\\\/2025\\\/04\\\/04\\\/inti-en-expoagro-con-tecnologia-para-maquinarias\\\/#breadcrumb\",\"itemListElement\":[{\"@type\":\"ListItem\",\"position\":1,\"name\":\"Portada\",\"item\":\"https:\\\/\\\/maderamen.com.ar\\\/desarrollo-forestal\\\/\"},{\"@type\":\"ListItem\",\"position\":2,\"name\":\"INTI present\u00f3 en Expoagro tecnolog\u00edas para maquinarias agr\u00edcolas y forestales\"}]},{\"@type\":\"WebSite\",\"@id\":\"https:\\\/\\\/maderamen.com.ar\\\/desarrollo-forestal\\\/#website\",\"url\":\"https:\\\/\\\/maderamen.com.ar\\\/desarrollo-forestal\\\/\",\"name\":\"Desarrollo Forestal\",\"description\":\"Noticias del sector forestal\",\"publisher\":{\"@id\":\"https:\\\/\\\/maderamen.com.ar\\\/desarrollo-forestal\\\/#organization\"},\"potentialAction\":[{\"@type\":\"SearchAction\",\"target\":{\"@type\":\"EntryPoint\",\"urlTemplate\":\"https:\\\/\\\/maderamen.com.ar\\\/desarrollo-forestal\\\/?s={search_term_string}\"},\"query-input\":{\"@type\":\"PropertyValueSpecification\",\"valueRequired\":true,\"valueName\":\"search_term_string\"}}],\"inLanguage\":\"es\"},{\"@type\":\"Organization\",\"@id\":\"https:\\\/\\\/maderamen.com.ar\\\/desarrollo-forestal\\\/#organization\",\"name\":\"Maderamen\",\"url\":\"https:\\\/\\\/maderamen.com.ar\\\/desarrollo-forestal\\\/\",\"logo\":{\"@type\":\"ImageObject\",\"inLanguage\":\"es\",\"@id\":\"https:\\\/\\\/maderamen.com.ar\\\/desarrollo-forestal\\\/#\\\/schema\\\/logo\\\/image\\\/\",\"url\":\"https:\\\/\\\/maderamen.com.ar\\\/desarrollo-forestal\\\/wp-content\\\/uploads\\\/sites\\\/2\\\/2026\\\/03\\\/maderamen-emago.png\",\"contentUrl\":\"https:\\\/\\\/maderamen.com.ar\\\/desarrollo-forestal\\\/wp-content\\\/uploads\\\/sites\\\/2\\\/2026\\\/03\\\/maderamen-emago.png\",\"width\":250,\"height\":246,\"caption\":\"Maderamen\"},\"image\":{\"@id\":\"https:\\\/\\\/maderamen.com.ar\\\/desarrollo-forestal\\\/#\\\/schema\\\/logo\\\/image\\\/\"},\"sameAs\":[\"https:\\\/\\\/www.facebook.com\\\/Maderamen.Argentina\\\/\",\"https:\\\/\\\/x.com\\\/DesarrolloFores\",\"https:\\\/\\\/www.youtube.com\\\/channel\\\/UCeYU2-_JRTYYpgHoyhTT2Fg\",\"https:\\\/\\\/www.instagram.com\\\/maderamen.ok\\\/\",\"https:\\\/\\\/www.linkedin.com\\\/company\\\/maderameneditorial\\\/\"]},{\"@type\":\"Person\",\"@id\":\"https:\\\/\\\/maderamen.com.ar\\\/desarrollo-forestal\\\/#\\\/schema\\\/person\\\/c05f216a5663a04adfc7d62d87295459\",\"name\":\"Maderamen\",\"image\":{\"@type\":\"ImageObject\",\"inLanguage\":\"es\",\"@id\":\"https:\\\/\\\/secure.gravatar.com\\\/avatar\\\/6ff28763266ad14d7e42092eb3998ef25a67b8fd98e7000d6029e8a2e785dc10?s=96&d=mm&r=g\",\"url\":\"https:\\\/\\\/secure.gravatar.com\\\/avatar\\\/6ff28763266ad14d7e42092eb3998ef25a67b8fd98e7000d6029e8a2e785dc10?s=96&d=mm&r=g\",\"contentUrl\":\"https:\\\/\\\/secure.gravatar.com\\\/avatar\\\/6ff28763266ad14d7e42092eb3998ef25a67b8fd98e7000d6029e8a2e785dc10?s=96&d=mm&r=g\",\"caption\":\"Maderamen\"},\"url\":\"https:\\\/\\\/maderamen.com.ar\\\/desarrollo-forestal\\\/author\\\/maderamenadmin\\\/\"}]}<\/script>\n<!-- \/ Yoast SEO plugin. -->","yoast_head_json":{"title":"INTI en Expoagro tecnolog\u00edas para maquinarias agr\u00edcolas y forestales","description":"INTI en Expoagro: INTA y la Universidad Nacional de Rosario. Fueron expuestos nuevos bancos de ensayo para cuerpos de siembra y dosificadoras","robots":{"index":"index","follow":"follow","max-snippet":"max-snippet:-1","max-image-preview":"max-image-preview:large","max-video-preview":"max-video-preview:-1"},"canonical":"https:\/\/maderamen.com.ar\/desarrollo-forestal\/2025\/04\/04\/inti-en-expoagro-con-tecnologia-para-maquinarias\/","og_locale":"es_ES","og_type":"article","og_title":"INTI en Expoagro tecnolog\u00edas para maquinarias agr\u00edcolas y forestales","og_description":"INTI en Expoagro: INTA y la Universidad Nacional de Rosario. Fueron expuestos nuevos bancos de ensayo para cuerpos de siembra y dosificadoras","og_url":"https:\/\/maderamen.com.ar\/desarrollo-forestal\/2025\/04\/04\/inti-en-expoagro-con-tecnologia-para-maquinarias\/","og_site_name":"Desarrollo Forestal","article_publisher":"https:\/\/www.facebook.com\/Maderamen.Argentina\/","article_published_time":"2025-04-04T08:52:16+00:00","og_image":[{"width":1920,"height":1003,"url":"https:\/\/maderamen.com.ar\/desarrollo-forestal\/wp-content\/uploads\/sites\/2\/2025\/04\/inti.jpg","type":"image\/jpeg"}],"author":"Maderamen","twitter_card":"summary_large_image","twitter_creator":"@DesarrolloFores","twitter_site":"@DesarrolloFores","twitter_misc":{"Escrito por":"Maderamen","Tiempo de lectura":"3 minutos"},"schema":{"@context":"https:\/\/schema.org","@graph":[{"@type":"Article","@id":"https:\/\/maderamen.com.ar\/desarrollo-forestal\/2025\/04\/04\/inti-en-expoagro-con-tecnologia-para-maquinarias\/#article","isPartOf":{"@id":"https:\/\/maderamen.com.ar\/desarrollo-forestal\/2025\/04\/04\/inti-en-expoagro-con-tecnologia-para-maquinarias\/"},"author":{"name":"Maderamen","@id":"https:\/\/maderamen.com.ar\/desarrollo-forestal\/#\/schema\/person\/c05f216a5663a04adfc7d62d87295459"},"headline":"INTI present\u00f3 en Expoagro tecnolog\u00edas para maquinarias agr\u00edcolas y forestales","datePublished":"2025-04-04T08:52:16+00:00","mainEntityOfPage":{"@id":"https:\/\/maderamen.com.ar\/desarrollo-forestal\/2025\/04\/04\/inti-en-expoagro-con-tecnologia-para-maquinarias\/"},"wordCount":700,"commentCount":0,"publisher":{"@id":"https:\/\/maderamen.com.ar\/desarrollo-forestal\/#organization"},"image":{"@id":"https:\/\/maderamen.com.ar\/desarrollo-forestal\/2025\/04\/04\/inti-en-expoagro-con-tecnologia-para-maquinarias\/#primaryimage"},"thumbnailUrl":"https:\/\/maderamen.com.ar\/desarrollo-forestal\/wp-content\/uploads\/sites\/2\/2025\/04\/inti.jpg","articleSection":["Ferias y Congresos","Principal"],"inLanguage":"es","potentialAction":[{"@type":"CommentAction","name":"Comment","target":["https:\/\/maderamen.com.ar\/desarrollo-forestal\/2025\/04\/04\/inti-en-expoagro-con-tecnologia-para-maquinarias\/#respond"]}]},{"@type":"WebPage","@id":"https:\/\/maderamen.com.ar\/desarrollo-forestal\/2025\/04\/04\/inti-en-expoagro-con-tecnologia-para-maquinarias\/","url":"https:\/\/maderamen.com.ar\/desarrollo-forestal\/2025\/04\/04\/inti-en-expoagro-con-tecnologia-para-maquinarias\/","name":"INTI en Expoagro tecnolog\u00edas para maquinarias agr\u00edcolas y forestales","isPartOf":{"@id":"https:\/\/maderamen.com.ar\/desarrollo-forestal\/#website"},"primaryImageOfPage":{"@id":"https:\/\/maderamen.com.ar\/desarrollo-forestal\/2025\/04\/04\/inti-en-expoagro-con-tecnologia-para-maquinarias\/#primaryimage"},"image":{"@id":"https:\/\/maderamen.com.ar\/desarrollo-forestal\/2025\/04\/04\/inti-en-expoagro-con-tecnologia-para-maquinarias\/#primaryimage"},"thumbnailUrl":"https:\/\/maderamen.com.ar\/desarrollo-forestal\/wp-content\/uploads\/sites\/2\/2025\/04\/inti.jpg","datePublished":"2025-04-04T08:52:16+00:00","description":"INTI en Expoagro: INTA y la Universidad Nacional de Rosario. Fueron expuestos nuevos bancos de ensayo para cuerpos de siembra y dosificadoras","breadcrumb":{"@id":"https:\/\/maderamen.com.ar\/desarrollo-forestal\/2025\/04\/04\/inti-en-expoagro-con-tecnologia-para-maquinarias\/#breadcrumb"},"inLanguage":"es","potentialAction":[{"@type":"ReadAction","target":["https:\/\/maderamen.com.ar\/desarrollo-forestal\/2025\/04\/04\/inti-en-expoagro-con-tecnologia-para-maquinarias\/"]}]},{"@type":"ImageObject","inLanguage":"es","@id":"https:\/\/maderamen.com.ar\/desarrollo-forestal\/2025\/04\/04\/inti-en-expoagro-con-tecnologia-para-maquinarias\/#primaryimage","url":"https:\/\/maderamen.com.ar\/desarrollo-forestal\/wp-content\/uploads\/sites\/2\/2025\/04\/inti.jpg","contentUrl":"https:\/\/maderamen.com.ar\/desarrollo-forestal\/wp-content\/uploads\/sites\/2\/2025\/04\/inti.jpg","width":1920,"height":1003,"caption":"INTI en Expoagro"},{"@type":"BreadcrumbList","@id":"https:\/\/maderamen.com.ar\/desarrollo-forestal\/2025\/04\/04\/inti-en-expoagro-con-tecnologia-para-maquinarias\/#breadcrumb","itemListElement":[{"@type":"ListItem","position":1,"name":"Portada","item":"https:\/\/maderamen.com.ar\/desarrollo-forestal\/"},{"@type":"ListItem","position":2,"name":"INTI present\u00f3 en Expoagro tecnolog\u00edas para maquinarias agr\u00edcolas y forestales"}]},{"@type":"WebSite","@id":"https:\/\/maderamen.com.ar\/desarrollo-forestal\/#website","url":"https:\/\/maderamen.com.ar\/desarrollo-forestal\/","name":"Desarrollo Forestal","description":"Noticias del sector forestal","publisher":{"@id":"https:\/\/maderamen.com.ar\/desarrollo-forestal\/#organization"},"potentialAction":[{"@type":"SearchAction","target":{"@type":"EntryPoint","urlTemplate":"https:\/\/maderamen.com.ar\/desarrollo-forestal\/?s={search_term_string}"},"query-input":{"@type":"PropertyValueSpecification","valueRequired":true,"valueName":"search_term_string"}}],"inLanguage":"es"},{"@type":"Organization","@id":"https:\/\/maderamen.com.ar\/desarrollo-forestal\/#organization","name":"Maderamen","url":"https:\/\/maderamen.com.ar\/desarrollo-forestal\/","logo":{"@type":"ImageObject","inLanguage":"es","@id":"https:\/\/maderamen.com.ar\/desarrollo-forestal\/#\/schema\/logo\/image\/","url":"https:\/\/maderamen.com.ar\/desarrollo-forestal\/wp-content\/uploads\/sites\/2\/2026\/03\/maderamen-emago.png","contentUrl":"https:\/\/maderamen.com.ar\/desarrollo-forestal\/wp-content\/uploads\/sites\/2\/2026\/03\/maderamen-emago.png","width":250,"height":246,"caption":"Maderamen"},"image":{"@id":"https:\/\/maderamen.com.ar\/desarrollo-forestal\/#\/schema\/logo\/image\/"},"sameAs":["https:\/\/www.facebook.com\/Maderamen.Argentina\/","https:\/\/x.com\/DesarrolloFores","https:\/\/www.youtube.com\/channel\/UCeYU2-_JRTYYpgHoyhTT2Fg","https:\/\/www.instagram.com\/maderamen.ok\/","https:\/\/www.linkedin.com\/company\/maderameneditorial\/"]},{"@type":"Person","@id":"https:\/\/maderamen.com.ar\/desarrollo-forestal\/#\/schema\/person\/c05f216a5663a04adfc7d62d87295459","name":"Maderamen","image":{"@type":"ImageObject","inLanguage":"es","@id":"https:\/\/secure.gravatar.com\/avatar\/6ff28763266ad14d7e42092eb3998ef25a67b8fd98e7000d6029e8a2e785dc10?s=96&d=mm&r=g","url":"https:\/\/secure.gravatar.com\/avatar\/6ff28763266ad14d7e42092eb3998ef25a67b8fd98e7000d6029e8a2e785dc10?s=96&d=mm&r=g","contentUrl":"https:\/\/secure.gravatar.com\/avatar\/6ff28763266ad14d7e42092eb3998ef25a67b8fd98e7000d6029e8a2e785dc10?s=96&d=mm&r=g","caption":"Maderamen"},"url":"https:\/\/maderamen.com.ar\/desarrollo-forestal\/author\/maderamenadmin\/"}]}},"_links":{"self":[{"href":"https:\/\/maderamen.com.ar\/desarrollo-forestal\/wp-json\/wp\/v2\/posts\/17283","targetHints":{"allow":["GET"]}}],"collection":[{"href":"https:\/\/maderamen.com.ar\/desarrollo-forestal\/wp-json\/wp\/v2\/posts"}],"about":[{"href":"https:\/\/maderamen.com.ar\/desarrollo-forestal\/wp-json\/wp\/v2\/types\/post"}],"author":[{"embeddable":true,"href":"https:\/\/maderamen.com.ar\/desarrollo-forestal\/wp-json\/wp\/v2\/users\/6"}],"replies":[{"embeddable":true,"href":"https:\/\/maderamen.com.ar\/desarrollo-forestal\/wp-json\/wp\/v2\/comments?post=17283"}],"version-history":[{"count":0,"href":"https:\/\/maderamen.com.ar\/desarrollo-forestal\/wp-json\/wp\/v2\/posts\/17283\/revisions"}],"wp:featuredmedia":[{"embeddable":true,"href":"https:\/\/maderamen.com.ar\/desarrollo-forestal\/wp-json\/wp\/v2\/media\/17284"}],"wp:attachment":[{"href":"https:\/\/maderamen.com.ar\/desarrollo-forestal\/wp-json\/wp\/v2\/media?parent=17283"}],"wp:term":[{"taxonomy":"category","embeddable":true,"href":"https:\/\/maderamen.com.ar\/desarrollo-forestal\/wp-json\/wp\/v2\/categories?post=17283"},{"taxonomy":"post_tag","embeddable":true,"href":"https:\/\/maderamen.com.ar\/desarrollo-forestal\/wp-json\/wp\/v2\/tags?post=17283"}],"curies":[{"name":"wp","href":"https:\/\/api.w.org\/{rel}","templated":true}]}}