{"id":17179,"date":"2025-02-13T17:56:03","date_gmt":"2025-02-13T20:56:03","guid":{"rendered":"https:\/\/maderamen.com.ar\/desarrollo-forestal\/?p=17179"},"modified":"2025-02-13T17:56:05","modified_gmt":"2025-02-13T20:56:05","slug":"incendios-en-corrientes-ya-se-quemaron-casi-100-mil-hectareas","status":"publish","type":"post","link":"https:\/\/maderamen.com.ar\/desarrollo-forestal\/2025\/02\/13\/incendios-en-corrientes-ya-se-quemaron-casi-100-mil-hectareas\/","title":{"rendered":"Incendios en Corrientes: ya se quemaron casi 100 mil hect\u00e1reas"},"content":{"rendered":"\n<p><strong>Los incendios en Corrientes ya hab\u00edan afectado a unas 94.000, al cierre de esta edici\u00f3n. Renunci\u00f3 a su cargo la subsecretaria de Ambiente de la Naci\u00f3n, Ana Lamas. Fuente: El Destape.<\/strong><\/p>\n\n\n\n<p>Los operativos para controlar los focos que afectan\na distintas localidades de Corrientes no cesan porque el mi\u00e9rcoles se vivi\u00f3 la\njornada m\u00e1s compleja desde que iniciaron los incendios. <\/p>\n\n\n\n<p>El <a href=\"https:\/\/maderamen.com.ar\/desarrollo-forestal\/2025\/02\/11\/el-gobierno-ejecuto-el-22-de-los-fondos-de-manejo-del-fuego-en-2024\/\" target=\"_blank\" rel=\"noreferrer noopener\" aria-label=\"fuego (abre en una nueva pesta\u00f1a)\">fuego<\/a> consumi\u00f3 m\u00e1s de 94 mil hect\u00e1reas en lo que va del a\u00f1o y, a pesar de la lluvia de las \u00faltimas horas, los brigadistas aseguran que el panorama no es alentador, con ocho zonas incendiadas.\u00a0<\/p>\n\n\n\n<p>En ese contexto, el Gobierno nacional despide\nbrigadistas desde diciembre y recientemente efectiviz\u00f3 el pase del Plan\nNacional de Manejo del Fuego al Ministerio de Seguridad. En este contexto la\nsubsecretaria de Ambiente nacional, Ana Lamas, renunci\u00f3 por\n\u00abagotamiento\u00bb.<\/p>\n\n\n\n<h4 class=\"wp-block-heading\">Ocho zonas incendiadas<\/h4>\n\n\n\n<p>De acuerdo al reporte oficial,&nbsp;en las \u00faltimas\nhoras, siete focos fueron extinguidos en las zonas de Itat\u00ed, Puente Tala,\nParada Coco, RP N\u00b0 126, Tatacu\u00e1, Derqui y Empedrado. <\/p>\n\n\n\n<p>Sin embargo, las llamas contin\u00faan activas en\nAlvear, Santo Tom\u00e9, Mariano I. Loza, Riachuelo, San Luis del Palomar, Curuz\u00fa\nCuati\u00e1 (zona Vaca Cu\u00e1) y Perugorr\u00eda. <\/p>\n\n\n\n<p>\u00abAyer vivimos la jornada m\u00e1s compleja&#8230; fue\nun infierno\u00bb, subray\u00f3 el&nbsp;coordinador de Comando Operativo de\nEmergencias de la provincia de Corrientes, Bruno Lovinson.<\/p>\n\n\n\n<p>El funcionario remarc\u00f3: \u00abLas altas\ntemperaturas y los vientos nos tuvieron a maltraer\u00bb.<\/p>\n\n\n\n<p>El Gobierno, adem\u00e1s de desfinanciar, no tuvo en\ncuenta informes de cient\u00edficos que advert\u00edan sobre esta situaci\u00f3n.&nbsp;<\/p>\n\n\n\n<h4 class=\"wp-block-heading\">La Ni\u00f1a<\/h4>\n\n\n\n<p>Se conoci\u00f3 una&nbsp;investigaci\u00f3n de febrero del\na\u00f1o pasado llevada adelante por cient\u00edficos del Centro de Ecolog\u00eda Aplicada del\nLitoral(Cecoal) del Conicet que afirmaba los graves efectos que\npod\u00eda tener el retorno de las sequ\u00edas por el evento La Ni\u00f1a.<\/p>\n\n\n\n<p>\u00abLos distintos paisajes de la provincia de\nCorrientes se encuentran expuestos a sufrir nuevamenteepisodios de\nincendios vinculados a la reducci\u00f3n de las precipitaciones, las altas\ntemperaturas, r\u00e1fagas de viento y, a su vez, la quema descontrolada en \u00e1reas\nganaderas y\/o periurbanas\u201d, destacaba la investigaci\u00f3n de Ignacio Contreras y\nMart\u00edn Kowalewski.<\/p>\n\n\n\n<p>De acuerdo a Greenpeace, en las cercan\u00edas del\nParque Nacional Iber\u00e1, m\u00e1s de 25.000 hect\u00e1reas de pastizales y plantaciones\nforestales se quemaron en las localidades rurales de La Cruz, Estaci\u00f3n Solari y\nMatilla, en la provincia de Corrientes. <\/p>\n\n\n\n<p>\u00abEstos incendios forestales se suman a los que\ntodav\u00eda hoy siguen ardiendo en la Patagonia demostrando una vez m\u00e1s la crisis\nforestal y clim\u00e1tica que est\u00e1 sufriendo la Argentina\u00bb, aclaran.<\/p>\n\n\n\n<p>Ariel Dattoli, brigadista&nbsp;de Parques Nacionales,\nrelat\u00f3 el d\u00eda a d\u00eda de alto riesgo de su profesi\u00f3n:<\/p>\n\n\n\n<p>&#8211; \u201cEl trabajo del brigadista es arduo y de m\u00e1xima\nexposici\u00f3n. \u00abEntrenamos f\u00edsica y mentalmente para estar 15 d\u00edas dentro de\nun incendio;<\/p>\n\n\n\n<p>&#8211; \u201cEn el medio, no podemos hacer una changa que es\nun poquito de aumento para llegar a fin de mes y no nos pagan horas extras por\nlo que estamos de m\u00e1s. No es recompensado el trabajo por el sueldo;<\/p>\n\n\n\n<p>&#8211; \u201cNo nos pagan de m\u00e1s por estar en el incendio, inhalando humo. A\u00a0muchos compa\u00f1eros nos caen rocas, \u00e1rboles, muchos terminan\u00a0con lesiones articulares o en la columna. Y lo hacemos porque nos gusta\u00bb. <\/p>\n\n\n\n<p>Fuente y fotos: El Destape. <\/p>\n","protected":false},"excerpt":{"rendered":"<p>Los incendios en Corrientes ya hab\u00edan afectado a unas 94.000, al cierre de esta edici\u00f3n. Renunci\u00f3 a su cargo la subsecretaria de Ambiente de la Naci\u00f3n, Ana Lamas. Fuente: El Destape. Los operativos para controlar los focos que afectan a distintas localidades de Corrientes no cesan porque el mi\u00e9rcoles se vivi\u00f3 la jornada m\u00e1s compleja [&hellip;]<\/p>\n","protected":false},"author":6,"featured_media":17180,"comment_status":"open","ping_status":"open","sticky":false,"template":"","format":"standard","meta":{"footnotes":""},"categories":[3,10],"tags":[],"class_list":{"0":"post-17179","1":"post","2":"type-post","3":"status-publish","4":"format-standard","5":"has-post-thumbnail","7":"category-ambiente","8":"category-featured"},"yoast_head":"<!-- This site is optimized with the Yoast SEO plugin v27.4 - https:\/\/yoast.com\/product\/yoast-seo-wordpress\/ -->\n<title>Incendios en Corrientes: ya se quemaron casi 100 mil hect\u00e1reas<\/title>\n<meta name=\"description\" content=\"Los incendios en Corrientes ya hab\u00edan afectado a unas 94.000, al cierre de esta edici\u00f3n. Renunci\u00f3 a su cargo la subsecretaria de Ambiente de la Naci\u00f3n.\" \/>\n<meta name=\"robots\" content=\"index, follow, max-snippet:-1, max-image-preview:large, max-video-preview:-1\" \/>\n<link rel=\"canonical\" href=\"https:\/\/maderamen.com.ar\/desarrollo-forestal\/2025\/02\/13\/incendios-en-corrientes-ya-se-quemaron-casi-100-mil-hectareas\/\" \/>\n<meta property=\"og:locale\" content=\"es_ES\" \/>\n<meta property=\"og:type\" content=\"article\" \/>\n<meta property=\"og:title\" content=\"Incendios en Corrientes: ya se quemaron casi 100 mil hect\u00e1reas\" \/>\n<meta property=\"og:description\" content=\"Los incendios en Corrientes ya hab\u00edan afectado a unas 94.000, al cierre de esta edici\u00f3n. Renunci\u00f3 a su cargo la subsecretaria de Ambiente de la Naci\u00f3n.\" \/>\n<meta property=\"og:url\" content=\"https:\/\/maderamen.com.ar\/desarrollo-forestal\/2025\/02\/13\/incendios-en-corrientes-ya-se-quemaron-casi-100-mil-hectareas\/\" \/>\n<meta property=\"og:site_name\" content=\"Desarrollo Forestal\" \/>\n<meta property=\"article:publisher\" content=\"https:\/\/www.facebook.com\/Maderamen.Argentina\/\" \/>\n<meta property=\"article:published_time\" content=\"2025-02-13T20:56:03+00:00\" \/>\n<meta property=\"article:modified_time\" content=\"2025-02-13T20:56:05+00:00\" \/>\n<meta property=\"og:image\" content=\"https:\/\/maderamen.com.ar\/desarrollo-forestal\/wp-content\/uploads\/sites\/2\/2025\/02\/incendios1-13-2-25.jpg\" \/>\n\t<meta property=\"og:image:width\" content=\"1400\" \/>\n\t<meta property=\"og:image:height\" content=\"700\" \/>\n\t<meta property=\"og:image:type\" content=\"image\/jpeg\" \/>\n<meta name=\"author\" content=\"Maderamen\" \/>\n<meta name=\"twitter:card\" content=\"summary_large_image\" \/>\n<meta name=\"twitter:creator\" content=\"@DesarrolloFores\" \/>\n<meta name=\"twitter:site\" content=\"@DesarrolloFores\" \/>\n<meta name=\"twitter:label1\" content=\"Escrito por\" \/>\n\t<meta name=\"twitter:data1\" content=\"Maderamen\" \/>\n\t<meta name=\"twitter:label2\" content=\"Tiempo de lectura\" \/>\n\t<meta name=\"twitter:data2\" content=\"3 minutos\" \/>\n<script type=\"application\/ld+json\" class=\"yoast-schema-graph\">{\"@context\":\"https:\\\/\\\/schema.org\",\"@graph\":[{\"@type\":\"Article\",\"@id\":\"https:\\\/\\\/maderamen.com.ar\\\/desarrollo-forestal\\\/2025\\\/02\\\/13\\\/incendios-en-corrientes-ya-se-quemaron-casi-100-mil-hectareas\\\/#article\",\"isPartOf\":{\"@id\":\"https:\\\/\\\/maderamen.com.ar\\\/desarrollo-forestal\\\/2025\\\/02\\\/13\\\/incendios-en-corrientes-ya-se-quemaron-casi-100-mil-hectareas\\\/\"},\"author\":{\"name\":\"Maderamen\",\"@id\":\"https:\\\/\\\/maderamen.com.ar\\\/desarrollo-forestal\\\/#\\\/schema\\\/person\\\/c05f216a5663a04adfc7d62d87295459\"},\"headline\":\"Incendios en Corrientes: ya se quemaron casi 100 mil hect\u00e1reas\",\"datePublished\":\"2025-02-13T20:56:03+00:00\",\"dateModified\":\"2025-02-13T20:56:05+00:00\",\"mainEntityOfPage\":{\"@id\":\"https:\\\/\\\/maderamen.com.ar\\\/desarrollo-forestal\\\/2025\\\/02\\\/13\\\/incendios-en-corrientes-ya-se-quemaron-casi-100-mil-hectareas\\\/\"},\"wordCount\":584,\"commentCount\":0,\"publisher\":{\"@id\":\"https:\\\/\\\/maderamen.com.ar\\\/desarrollo-forestal\\\/#organization\"},\"image\":{\"@id\":\"https:\\\/\\\/maderamen.com.ar\\\/desarrollo-forestal\\\/2025\\\/02\\\/13\\\/incendios-en-corrientes-ya-se-quemaron-casi-100-mil-hectareas\\\/#primaryimage\"},\"thumbnailUrl\":\"https:\\\/\\\/maderamen.com.ar\\\/desarrollo-forestal\\\/wp-content\\\/uploads\\\/sites\\\/2\\\/2025\\\/02\\\/incendios1-13-2-25.jpg\",\"articleSection\":[\"Ambiente\",\"Principal\"],\"inLanguage\":\"es\",\"potentialAction\":[{\"@type\":\"CommentAction\",\"name\":\"Comment\",\"target\":[\"https:\\\/\\\/maderamen.com.ar\\\/desarrollo-forestal\\\/2025\\\/02\\\/13\\\/incendios-en-corrientes-ya-se-quemaron-casi-100-mil-hectareas\\\/#respond\"]}]},{\"@type\":\"WebPage\",\"@id\":\"https:\\\/\\\/maderamen.com.ar\\\/desarrollo-forestal\\\/2025\\\/02\\\/13\\\/incendios-en-corrientes-ya-se-quemaron-casi-100-mil-hectareas\\\/\",\"url\":\"https:\\\/\\\/maderamen.com.ar\\\/desarrollo-forestal\\\/2025\\\/02\\\/13\\\/incendios-en-corrientes-ya-se-quemaron-casi-100-mil-hectareas\\\/\",\"name\":\"Incendios en Corrientes: ya se quemaron casi 100 mil hect\u00e1reas\",\"isPartOf\":{\"@id\":\"https:\\\/\\\/maderamen.com.ar\\\/desarrollo-forestal\\\/#website\"},\"primaryImageOfPage\":{\"@id\":\"https:\\\/\\\/maderamen.com.ar\\\/desarrollo-forestal\\\/2025\\\/02\\\/13\\\/incendios-en-corrientes-ya-se-quemaron-casi-100-mil-hectareas\\\/#primaryimage\"},\"image\":{\"@id\":\"https:\\\/\\\/maderamen.com.ar\\\/desarrollo-forestal\\\/2025\\\/02\\\/13\\\/incendios-en-corrientes-ya-se-quemaron-casi-100-mil-hectareas\\\/#primaryimage\"},\"thumbnailUrl\":\"https:\\\/\\\/maderamen.com.ar\\\/desarrollo-forestal\\\/wp-content\\\/uploads\\\/sites\\\/2\\\/2025\\\/02\\\/incendios1-13-2-25.jpg\",\"datePublished\":\"2025-02-13T20:56:03+00:00\",\"dateModified\":\"2025-02-13T20:56:05+00:00\",\"description\":\"Los incendios en Corrientes ya hab\u00edan afectado a unas 94.000, al cierre de esta edici\u00f3n. Renunci\u00f3 a su cargo la subsecretaria de Ambiente de la Naci\u00f3n.\",\"breadcrumb\":{\"@id\":\"https:\\\/\\\/maderamen.com.ar\\\/desarrollo-forestal\\\/2025\\\/02\\\/13\\\/incendios-en-corrientes-ya-se-quemaron-casi-100-mil-hectareas\\\/#breadcrumb\"},\"inLanguage\":\"es\",\"potentialAction\":[{\"@type\":\"ReadAction\",\"target\":[\"https:\\\/\\\/maderamen.com.ar\\\/desarrollo-forestal\\\/2025\\\/02\\\/13\\\/incendios-en-corrientes-ya-se-quemaron-casi-100-mil-hectareas\\\/\"]}]},{\"@type\":\"ImageObject\",\"inLanguage\":\"es\",\"@id\":\"https:\\\/\\\/maderamen.com.ar\\\/desarrollo-forestal\\\/2025\\\/02\\\/13\\\/incendios-en-corrientes-ya-se-quemaron-casi-100-mil-hectareas\\\/#primaryimage\",\"url\":\"https:\\\/\\\/maderamen.com.ar\\\/desarrollo-forestal\\\/wp-content\\\/uploads\\\/sites\\\/2\\\/2025\\\/02\\\/incendios1-13-2-25.jpg\",\"contentUrl\":\"https:\\\/\\\/maderamen.com.ar\\\/desarrollo-forestal\\\/wp-content\\\/uploads\\\/sites\\\/2\\\/2025\\\/02\\\/incendios1-13-2-25.jpg\",\"width\":1400,\"height\":700,\"caption\":\"Incendios en corrientes\"},{\"@type\":\"BreadcrumbList\",\"@id\":\"https:\\\/\\\/maderamen.com.ar\\\/desarrollo-forestal\\\/2025\\\/02\\\/13\\\/incendios-en-corrientes-ya-se-quemaron-casi-100-mil-hectareas\\\/#breadcrumb\",\"itemListElement\":[{\"@type\":\"ListItem\",\"position\":1,\"name\":\"Portada\",\"item\":\"https:\\\/\\\/maderamen.com.ar\\\/desarrollo-forestal\\\/\"},{\"@type\":\"ListItem\",\"position\":2,\"name\":\"Incendios en Corrientes: ya se quemaron casi 100 mil hect\u00e1reas\"}]},{\"@type\":\"WebSite\",\"@id\":\"https:\\\/\\\/maderamen.com.ar\\\/desarrollo-forestal\\\/#website\",\"url\":\"https:\\\/\\\/maderamen.com.ar\\\/desarrollo-forestal\\\/\",\"name\":\"Desarrollo Forestal\",\"description\":\"Noticias del sector forestal\",\"publisher\":{\"@id\":\"https:\\\/\\\/maderamen.com.ar\\\/desarrollo-forestal\\\/#organization\"},\"potentialAction\":[{\"@type\":\"SearchAction\",\"target\":{\"@type\":\"EntryPoint\",\"urlTemplate\":\"https:\\\/\\\/maderamen.com.ar\\\/desarrollo-forestal\\\/?s={search_term_string}\"},\"query-input\":{\"@type\":\"PropertyValueSpecification\",\"valueRequired\":true,\"valueName\":\"search_term_string\"}}],\"inLanguage\":\"es\"},{\"@type\":\"Organization\",\"@id\":\"https:\\\/\\\/maderamen.com.ar\\\/desarrollo-forestal\\\/#organization\",\"name\":\"Maderamen\",\"url\":\"https:\\\/\\\/maderamen.com.ar\\\/desarrollo-forestal\\\/\",\"logo\":{\"@type\":\"ImageObject\",\"inLanguage\":\"es\",\"@id\":\"https:\\\/\\\/maderamen.com.ar\\\/desarrollo-forestal\\\/#\\\/schema\\\/logo\\\/image\\\/\",\"url\":\"https:\\\/\\\/maderamen.com.ar\\\/desarrollo-forestal\\\/wp-content\\\/uploads\\\/sites\\\/2\\\/2026\\\/03\\\/maderamen-emago.png\",\"contentUrl\":\"https:\\\/\\\/maderamen.com.ar\\\/desarrollo-forestal\\\/wp-content\\\/uploads\\\/sites\\\/2\\\/2026\\\/03\\\/maderamen-emago.png\",\"width\":250,\"height\":246,\"caption\":\"Maderamen\"},\"image\":{\"@id\":\"https:\\\/\\\/maderamen.com.ar\\\/desarrollo-forestal\\\/#\\\/schema\\\/logo\\\/image\\\/\"},\"sameAs\":[\"https:\\\/\\\/www.facebook.com\\\/Maderamen.Argentina\\\/\",\"https:\\\/\\\/x.com\\\/DesarrolloFores\",\"https:\\\/\\\/www.youtube.com\\\/channel\\\/UCeYU2-_JRTYYpgHoyhTT2Fg\",\"https:\\\/\\\/www.instagram.com\\\/maderamen.ok\\\/\",\"https:\\\/\\\/www.linkedin.com\\\/company\\\/maderameneditorial\\\/\"]},{\"@type\":\"Person\",\"@id\":\"https:\\\/\\\/maderamen.com.ar\\\/desarrollo-forestal\\\/#\\\/schema\\\/person\\\/c05f216a5663a04adfc7d62d87295459\",\"name\":\"Maderamen\",\"image\":{\"@type\":\"ImageObject\",\"inLanguage\":\"es\",\"@id\":\"https:\\\/\\\/secure.gravatar.com\\\/avatar\\\/6ff28763266ad14d7e42092eb3998ef25a67b8fd98e7000d6029e8a2e785dc10?s=96&d=mm&r=g\",\"url\":\"https:\\\/\\\/secure.gravatar.com\\\/avatar\\\/6ff28763266ad14d7e42092eb3998ef25a67b8fd98e7000d6029e8a2e785dc10?s=96&d=mm&r=g\",\"contentUrl\":\"https:\\\/\\\/secure.gravatar.com\\\/avatar\\\/6ff28763266ad14d7e42092eb3998ef25a67b8fd98e7000d6029e8a2e785dc10?s=96&d=mm&r=g\",\"caption\":\"Maderamen\"},\"url\":\"https:\\\/\\\/maderamen.com.ar\\\/desarrollo-forestal\\\/author\\\/maderamenadmin\\\/\"}]}<\/script>\n<!-- \/ Yoast SEO plugin. -->","yoast_head_json":{"title":"Incendios en Corrientes: ya se quemaron casi 100 mil hect\u00e1reas","description":"Los incendios en Corrientes ya hab\u00edan afectado a unas 94.000, al cierre de esta edici\u00f3n. Renunci\u00f3 a su cargo la subsecretaria de Ambiente de la Naci\u00f3n.","robots":{"index":"index","follow":"follow","max-snippet":"max-snippet:-1","max-image-preview":"max-image-preview:large","max-video-preview":"max-video-preview:-1"},"canonical":"https:\/\/maderamen.com.ar\/desarrollo-forestal\/2025\/02\/13\/incendios-en-corrientes-ya-se-quemaron-casi-100-mil-hectareas\/","og_locale":"es_ES","og_type":"article","og_title":"Incendios en Corrientes: ya se quemaron casi 100 mil hect\u00e1reas","og_description":"Los incendios en Corrientes ya hab\u00edan afectado a unas 94.000, al cierre de esta edici\u00f3n. Renunci\u00f3 a su cargo la subsecretaria de Ambiente de la Naci\u00f3n.","og_url":"https:\/\/maderamen.com.ar\/desarrollo-forestal\/2025\/02\/13\/incendios-en-corrientes-ya-se-quemaron-casi-100-mil-hectareas\/","og_site_name":"Desarrollo Forestal","article_publisher":"https:\/\/www.facebook.com\/Maderamen.Argentina\/","article_published_time":"2025-02-13T20:56:03+00:00","article_modified_time":"2025-02-13T20:56:05+00:00","og_image":[{"width":1400,"height":700,"url":"https:\/\/maderamen.com.ar\/desarrollo-forestal\/wp-content\/uploads\/sites\/2\/2025\/02\/incendios1-13-2-25.jpg","type":"image\/jpeg"}],"author":"Maderamen","twitter_card":"summary_large_image","twitter_creator":"@DesarrolloFores","twitter_site":"@DesarrolloFores","twitter_misc":{"Escrito por":"Maderamen","Tiempo de lectura":"3 minutos"},"schema":{"@context":"https:\/\/schema.org","@graph":[{"@type":"Article","@id":"https:\/\/maderamen.com.ar\/desarrollo-forestal\/2025\/02\/13\/incendios-en-corrientes-ya-se-quemaron-casi-100-mil-hectareas\/#article","isPartOf":{"@id":"https:\/\/maderamen.com.ar\/desarrollo-forestal\/2025\/02\/13\/incendios-en-corrientes-ya-se-quemaron-casi-100-mil-hectareas\/"},"author":{"name":"Maderamen","@id":"https:\/\/maderamen.com.ar\/desarrollo-forestal\/#\/schema\/person\/c05f216a5663a04adfc7d62d87295459"},"headline":"Incendios en Corrientes: ya se quemaron casi 100 mil hect\u00e1reas","datePublished":"2025-02-13T20:56:03+00:00","dateModified":"2025-02-13T20:56:05+00:00","mainEntityOfPage":{"@id":"https:\/\/maderamen.com.ar\/desarrollo-forestal\/2025\/02\/13\/incendios-en-corrientes-ya-se-quemaron-casi-100-mil-hectareas\/"},"wordCount":584,"commentCount":0,"publisher":{"@id":"https:\/\/maderamen.com.ar\/desarrollo-forestal\/#organization"},"image":{"@id":"https:\/\/maderamen.com.ar\/desarrollo-forestal\/2025\/02\/13\/incendios-en-corrientes-ya-se-quemaron-casi-100-mil-hectareas\/#primaryimage"},"thumbnailUrl":"https:\/\/maderamen.com.ar\/desarrollo-forestal\/wp-content\/uploads\/sites\/2\/2025\/02\/incendios1-13-2-25.jpg","articleSection":["Ambiente","Principal"],"inLanguage":"es","potentialAction":[{"@type":"CommentAction","name":"Comment","target":["https:\/\/maderamen.com.ar\/desarrollo-forestal\/2025\/02\/13\/incendios-en-corrientes-ya-se-quemaron-casi-100-mil-hectareas\/#respond"]}]},{"@type":"WebPage","@id":"https:\/\/maderamen.com.ar\/desarrollo-forestal\/2025\/02\/13\/incendios-en-corrientes-ya-se-quemaron-casi-100-mil-hectareas\/","url":"https:\/\/maderamen.com.ar\/desarrollo-forestal\/2025\/02\/13\/incendios-en-corrientes-ya-se-quemaron-casi-100-mil-hectareas\/","name":"Incendios en Corrientes: ya se quemaron casi 100 mil hect\u00e1reas","isPartOf":{"@id":"https:\/\/maderamen.com.ar\/desarrollo-forestal\/#website"},"primaryImageOfPage":{"@id":"https:\/\/maderamen.com.ar\/desarrollo-forestal\/2025\/02\/13\/incendios-en-corrientes-ya-se-quemaron-casi-100-mil-hectareas\/#primaryimage"},"image":{"@id":"https:\/\/maderamen.com.ar\/desarrollo-forestal\/2025\/02\/13\/incendios-en-corrientes-ya-se-quemaron-casi-100-mil-hectareas\/#primaryimage"},"thumbnailUrl":"https:\/\/maderamen.com.ar\/desarrollo-forestal\/wp-content\/uploads\/sites\/2\/2025\/02\/incendios1-13-2-25.jpg","datePublished":"2025-02-13T20:56:03+00:00","dateModified":"2025-02-13T20:56:05+00:00","description":"Los incendios en Corrientes ya hab\u00edan afectado a unas 94.000, al cierre de esta edici\u00f3n. Renunci\u00f3 a su cargo la subsecretaria de Ambiente de la Naci\u00f3n.","breadcrumb":{"@id":"https:\/\/maderamen.com.ar\/desarrollo-forestal\/2025\/02\/13\/incendios-en-corrientes-ya-se-quemaron-casi-100-mil-hectareas\/#breadcrumb"},"inLanguage":"es","potentialAction":[{"@type":"ReadAction","target":["https:\/\/maderamen.com.ar\/desarrollo-forestal\/2025\/02\/13\/incendios-en-corrientes-ya-se-quemaron-casi-100-mil-hectareas\/"]}]},{"@type":"ImageObject","inLanguage":"es","@id":"https:\/\/maderamen.com.ar\/desarrollo-forestal\/2025\/02\/13\/incendios-en-corrientes-ya-se-quemaron-casi-100-mil-hectareas\/#primaryimage","url":"https:\/\/maderamen.com.ar\/desarrollo-forestal\/wp-content\/uploads\/sites\/2\/2025\/02\/incendios1-13-2-25.jpg","contentUrl":"https:\/\/maderamen.com.ar\/desarrollo-forestal\/wp-content\/uploads\/sites\/2\/2025\/02\/incendios1-13-2-25.jpg","width":1400,"height":700,"caption":"Incendios en corrientes"},{"@type":"BreadcrumbList","@id":"https:\/\/maderamen.com.ar\/desarrollo-forestal\/2025\/02\/13\/incendios-en-corrientes-ya-se-quemaron-casi-100-mil-hectareas\/#breadcrumb","itemListElement":[{"@type":"ListItem","position":1,"name":"Portada","item":"https:\/\/maderamen.com.ar\/desarrollo-forestal\/"},{"@type":"ListItem","position":2,"name":"Incendios en Corrientes: ya se quemaron casi 100 mil hect\u00e1reas"}]},{"@type":"WebSite","@id":"https:\/\/maderamen.com.ar\/desarrollo-forestal\/#website","url":"https:\/\/maderamen.com.ar\/desarrollo-forestal\/","name":"Desarrollo Forestal","description":"Noticias del sector forestal","publisher":{"@id":"https:\/\/maderamen.com.ar\/desarrollo-forestal\/#organization"},"potentialAction":[{"@type":"SearchAction","target":{"@type":"EntryPoint","urlTemplate":"https:\/\/maderamen.com.ar\/desarrollo-forestal\/?s={search_term_string}"},"query-input":{"@type":"PropertyValueSpecification","valueRequired":true,"valueName":"search_term_string"}}],"inLanguage":"es"},{"@type":"Organization","@id":"https:\/\/maderamen.com.ar\/desarrollo-forestal\/#organization","name":"Maderamen","url":"https:\/\/maderamen.com.ar\/desarrollo-forestal\/","logo":{"@type":"ImageObject","inLanguage":"es","@id":"https:\/\/maderamen.com.ar\/desarrollo-forestal\/#\/schema\/logo\/image\/","url":"https:\/\/maderamen.com.ar\/desarrollo-forestal\/wp-content\/uploads\/sites\/2\/2026\/03\/maderamen-emago.png","contentUrl":"https:\/\/maderamen.com.ar\/desarrollo-forestal\/wp-content\/uploads\/sites\/2\/2026\/03\/maderamen-emago.png","width":250,"height":246,"caption":"Maderamen"},"image":{"@id":"https:\/\/maderamen.com.ar\/desarrollo-forestal\/#\/schema\/logo\/image\/"},"sameAs":["https:\/\/www.facebook.com\/Maderamen.Argentina\/","https:\/\/x.com\/DesarrolloFores","https:\/\/www.youtube.com\/channel\/UCeYU2-_JRTYYpgHoyhTT2Fg","https:\/\/www.instagram.com\/maderamen.ok\/","https:\/\/www.linkedin.com\/company\/maderameneditorial\/"]},{"@type":"Person","@id":"https:\/\/maderamen.com.ar\/desarrollo-forestal\/#\/schema\/person\/c05f216a5663a04adfc7d62d87295459","name":"Maderamen","image":{"@type":"ImageObject","inLanguage":"es","@id":"https:\/\/secure.gravatar.com\/avatar\/6ff28763266ad14d7e42092eb3998ef25a67b8fd98e7000d6029e8a2e785dc10?s=96&d=mm&r=g","url":"https:\/\/secure.gravatar.com\/avatar\/6ff28763266ad14d7e42092eb3998ef25a67b8fd98e7000d6029e8a2e785dc10?s=96&d=mm&r=g","contentUrl":"https:\/\/secure.gravatar.com\/avatar\/6ff28763266ad14d7e42092eb3998ef25a67b8fd98e7000d6029e8a2e785dc10?s=96&d=mm&r=g","caption":"Maderamen"},"url":"https:\/\/maderamen.com.ar\/desarrollo-forestal\/author\/maderamenadmin\/"}]}},"_links":{"self":[{"href":"https:\/\/maderamen.com.ar\/desarrollo-forestal\/wp-json\/wp\/v2\/posts\/17179","targetHints":{"allow":["GET"]}}],"collection":[{"href":"https:\/\/maderamen.com.ar\/desarrollo-forestal\/wp-json\/wp\/v2\/posts"}],"about":[{"href":"https:\/\/maderamen.com.ar\/desarrollo-forestal\/wp-json\/wp\/v2\/types\/post"}],"author":[{"embeddable":true,"href":"https:\/\/maderamen.com.ar\/desarrollo-forestal\/wp-json\/wp\/v2\/users\/6"}],"replies":[{"embeddable":true,"href":"https:\/\/maderamen.com.ar\/desarrollo-forestal\/wp-json\/wp\/v2\/comments?post=17179"}],"version-history":[{"count":0,"href":"https:\/\/maderamen.com.ar\/desarrollo-forestal\/wp-json\/wp\/v2\/posts\/17179\/revisions"}],"wp:featuredmedia":[{"embeddable":true,"href":"https:\/\/maderamen.com.ar\/desarrollo-forestal\/wp-json\/wp\/v2\/media\/17180"}],"wp:attachment":[{"href":"https:\/\/maderamen.com.ar\/desarrollo-forestal\/wp-json\/wp\/v2\/media?parent=17179"}],"wp:term":[{"taxonomy":"category","embeddable":true,"href":"https:\/\/maderamen.com.ar\/desarrollo-forestal\/wp-json\/wp\/v2\/categories?post=17179"},{"taxonomy":"post_tag","embeddable":true,"href":"https:\/\/maderamen.com.ar\/desarrollo-forestal\/wp-json\/wp\/v2\/tags?post=17179"}],"curies":[{"name":"wp","href":"https:\/\/api.w.org\/{rel}","templated":true}]}}