{"id":17166,"date":"2025-02-11T16:33:58","date_gmt":"2025-02-11T19:33:58","guid":{"rendered":"https:\/\/maderamen.com.ar\/desarrollo-forestal\/?p=17166"},"modified":"2025-02-11T16:34:54","modified_gmt":"2025-02-11T19:34:54","slug":"el-gobierno-ejecuto-el-22-de-los-fondos-de-manejo-del-fuego-en-2024","status":"publish","type":"post","link":"https:\/\/maderamen.com.ar\/desarrollo-forestal\/2025\/02\/11\/el-gobierno-ejecuto-el-22-de-los-fondos-de-manejo-del-fuego-en-2024\/","title":{"rendered":"El gobierno ejecut\u00f3 el 22% de los fondos de Manejo del Fuego en 2024"},"content":{"rendered":"\n<p><strong>El gobierno ejecut\u00f3 en 2024 el 22% de los fondos de SNMF, que depende del Ministerio de Seguridad de la Naci\u00f3n. Los incendios ya consumieron 37.000 hect\u00e1reas s\u00f3lo en Patagonia, y hay focos en Corrientes y Entre R\u00edos. Fuente: P\u00e1gina\/12.<\/strong><\/p>\n\n\n\n<p>Ayudado por el viento, pero tambi\u00e9n por la falta de\nejecuci\u00f3n de fondos asignados por ley, el fuego en la Patagonia sigue\navanzando. <\/p>\n\n\n\n<p>La mayor\u00eda de los brigadistas que est\u00e1n en la\nprimera l\u00ednea de combate no saben si seguir\u00e1n teniendo trabajo a partir de\nabril, ya que el gobierno decidi\u00f3 renovarles sus contratos s\u00f3lo por tres meses.\n<\/p>\n\n\n\n<p>Otros 30 ya fueron despedidos por la administraci\u00f3n de Parques Nacionales a principios de enero, cuando las llamas ya asediaban a los bosques del Nahuel Huapi. <\/p>\n\n\n\n<p>Al desguace del Servicio Nacional de Manejo del Fuego (SFMF) desde diciembre de 2023 se le sum\u00f3 su traspaso a la \u00f3rbita del Ministerio de Seguridad.<\/p>\n\n\n\n<p><strong>Viviendas destruidas<\/strong><\/p>\n\n\n\n<p>Mientras tanto, los incendios afectaron unas 37.000\nhect\u00e1reas, destruyeron las viviendas de por lo menos 200 familias y forzaron la\nevacuaci\u00f3n total o parcial de otras 700.<\/p>\n\n\n\n<p>Tambi\u00e9n provocaron la muerte de \u00c1ngel Reyes, un\npoblador de la zona de 83 a\u00f1os.<\/p>\n\n\n\n<p>La situaci\u00f3n \u00abes desastrosa, casi un <a href=\"https:\/\/maderamen.com.ar\/desarrollo-forestal\/2025\/02\/06\/ecocidio-en-la-patagonia-el-fuego-ya-consumio-casi-20-000-hectareas\/\" target=\"_blank\" rel=\"noreferrer noopener\" aria-label=\"ecocidio (abre en una nueva pesta\u00f1a)\">ecocidio<\/a>\u00ab, describi\u00f3 en di\u00e1logo con P\u00e1gina\/12 el coordinador de la Campa\u00f1a de Bosques de Greenpeace Argentina, Hern\u00e1n Giardini. <\/p>\n\n\n\n<p>\u00abPuede llegar a ser uno de los peores incendios desde la d\u00e9cada de los 90, por la p\u00e9rdida de biodiversidad y el da\u00f1o material para much\u00edsimas familias de la Comarca\u00bb, agreg\u00f3.\u00a0<\/p>\n\n\n\n<p>De acuerdo al relevamiento de Greenpeace, al menos\nhasta el domingo 9 de febrero las llamas hab\u00edan arrasado con 15.200 hect\u00e1reas\ndel Parque Nacional Lan\u00edn, otras 10.275 en Parque Nacional Nahuel Huapi y 450\nm\u00e1s en Caviahue, Neuqu\u00e9n.<\/p>\n\n\n\n<p>Y hab\u00edan afectado unas 3.392 hect\u00e1reas en El\nBols\u00f3n, R\u00edo Negro, 3.530 en Epuy\u00e9n,&nbsp;4.496 en Atilio Viglione y 55 en El\nPedregoso, en Chubut.&nbsp;<\/p>\n\n\n\n<p>Para el especialista, el alivio reci\u00e9n se sentir\u00e1\ndentro de varios meses, cuando llegue la temporada de lluvias: la sequ\u00eda, el\ncalor y viento seguir\u00e1n, producto del fen\u00f3meno clim\u00e1tico conocido como La Ni\u00f1a.<\/p>\n\n\n\n<p>\u00abSe sab\u00eda de antemano que iba a ser un verano\ncomplicado. El Gobierno actu\u00f3 con una gran irresponsabilidad, por lo que no\nhubo preparaci\u00f3n\u201d, asegur\u00f3 Giardini.&nbsp;<\/p>\n\n\n\n<h4 class=\"wp-block-heading\">Sin fondos y con despidos<\/h4>\n\n\n\n<p>La&nbsp;Fundaci\u00f3n Ambiente y Recursos Naturales\n(FARN) afirm\u00f3: &nbsp;<\/p>\n\n\n\n<p>&#8211; \u00abA inicios de 2024, el monto inicial que contemplaba el presupuesto nacional para el SNMF tan solo era de $12.101 millones; <\/p>\n\n\n\n<p>&#8211; \u00abTras la repercusi\u00f3n medi\u00e1tica de los incendios producidos en C\u00f3rdoba (entre septiembre y octubre del a\u00f1o pasado), se realiz\u00f3 una ampliaci\u00f3n presupuestaria que elev\u00f3 el presupuesto del SNMF a $33.343 millones;<\/p>\n\n\n\n<p>&#8211; \u201cSin embargo, s\u00f3lo se ejecut\u00f3 el 22% de este\ntotal, equivalente a $7.739 millones, una cifra menor al presupuesto inicial\nestablecido previo a la ampliaci\u00f3n\u00bb.<\/p>\n\n\n\n<p>Hubo 30 brigadistas despedidos en enero, en la\nantesala del desastre, que se sumaron a otros cien decretados durante el a\u00f1o\npasado, en su mayor\u00eda de cuadros t\u00e9cnicos y personal administrativo.<\/p>\n\n\n\n<p>Si bien los \u00faltimos 30 brigadistas despedidos en\nenero cumpl\u00edan tareas en el norte del pa\u00eds, el sistema funciona a nivel federal\ny es solidario: se hacen traslados de provincia a provincia para intentar\nafrontar las distintas emergencias. <\/p>\n\n\n\n<p>Es un sistema de manta corta: en la Patagonia se\nest\u00e1 viendo como muchos bomberos son enviados hacia la zona de El Bols\u00f3n desde\nel Nahuel Huapi, que tambi\u00e9n se est\u00e1 incendiando. Las autoridades locales, en\nmuchos casos, tienen que elegir qu\u00e9 incendio priorizan.&nbsp;<\/p>\n\n\n\n<p>De acuerdo a un informe interno de la Administraci\u00f3n\nde Parques a la que accedi\u00f3 P\u00e1gina\/12, la dotaci\u00f3n total de hasta el a\u00f1o pasado\nera de&nbsp;429&nbsp;brigadistas para m\u00e1s de cinco millones hect\u00e1reas a cubrir,\nrepartidas en 55 \u00e1reas protegidas. <\/p>\n\n\n\n<p>Un promedio de un solo brigadista por\ncada&nbsp;12.436 hect\u00e1reas. Ese mismo informe sostiene que se necesitan para\ncombatir el fuego, como m\u00ednimo, unos 750 brigadistas.<\/p>\n\n\n\n<h4 class=\"wp-block-heading\">Corrientes y Entre R\u00edos<\/h4>\n\n\n\n<p>La provincia de Corrientes\ntambi\u00e9n arde en medio de una \u201csequ\u00eda hist\u00f3rica\u201d, con incendios en Curuz\u00fa\nCuati\u00e1, Mercedes, Perugorr\u00eda y Villa Olivari, inform\u00f3 P\u00e1gina\/12. <\/p>\n\n\n\n<p>Desde enero se han quemados cerca de 100 mil hect\u00e1reas, ha informado el gobierno de Corrientes.<\/p>\n\n\n\n<figure class=\"wp-block-image\"><img loading=\"lazy\" decoding=\"async\" width=\"1400\" height=\"764\" src=\"https:\/\/maderamen.com.ar\/desarrollo-forestal\/wp-content\/uploads\/sites\/2\/2025\/02\/incendios2-11-02-25.jpg\" alt=\"el gobierno ejecut\u00f3\" class=\"wp-image-17168\" \/><figcaption>Incendios en Corrientes.<\/figcaption><\/figure>\n\n\n\n<p>Tambi\u00e9n la memoria arde: en la\ntemporada 2020-2021 se quemaron un mill\u00f3n de hect\u00e1reas de campos y humedales. <\/p>\n\n\n\n<p>Con temperaturas promedio de 38 grados por d\u00eda, la meteorolog\u00eda no ayuda. Las llamas se combaten con dos aviones hidrantes, un helic\u00f3ptero y dos brigadas del noreste del Sistema Nacional del Manejo del Fuego.\u00a0<\/p>\n\n\n\n<figure class=\"wp-block-image\"><img loading=\"lazy\" decoding=\"async\" width=\"1400\" height=\"958\" src=\"https:\/\/maderamen.com.ar\/desarrollo-forestal\/wp-content\/uploads\/sites\/2\/2025\/02\/incendios3-11-02-25.jpg\" alt=\"incendios corrientes peligro\" class=\"wp-image-17169\" \/><figcaption>Al rojo vivo: \u00edndice de peligro de incendios publicado hoy martes 11 de febrero por la provincia de Corrientes. <\/figcaption><\/figure>\n\n\n\n<p>La consecuencia m\u00e1s tr\u00e1gica\nfue la muerte de Cindia Alejandra Mendoza de 30 a\u00f1os, directora de una escuela\nrural en Mariano I. Loza. <\/p>\n\n\n\n<p>Muri\u00f3 intentando apagar un\nfoco de incendio mientras ayudaba a su padre, encargado de una estancia. <\/p>\n\n\n\n<p>La mujer hab\u00eda llamado a los\nbomberos pero fue alcanzada por un remolino de fuego que le quem\u00f3 el 80% del\ncuerpo. Falleci\u00f3 en el Hospital Las Mercedes tras cinco paros card\u00edacos.<\/p>\n\n\n\n<p>Im\u00e1genes: EFE y provincia de Corrientes. <\/p>\n\n\n\n<p>Fuente: P\u00e1gina\/12. <\/p>\n","protected":false},"excerpt":{"rendered":"<p>El gobierno ejecut\u00f3 en 2024 el 22% de los fondos de SNMF, que depende del Ministerio de Seguridad de la Naci\u00f3n. Los incendios ya consumieron 37.000 hect\u00e1reas s\u00f3lo en Patagonia, y hay focos en Corrientes y Entre R\u00edos. Fuente: P\u00e1gina\/12. Ayudado por el viento, pero tambi\u00e9n por la falta de ejecuci\u00f3n de fondos asignados por [&hellip;]<\/p>\n","protected":false},"author":6,"featured_media":17167,"comment_status":"open","ping_status":"open","sticky":false,"template":"","format":"standard","meta":{"footnotes":""},"categories":[3,10],"tags":[],"class_list":{"0":"post-17166","1":"post","2":"type-post","3":"status-publish","4":"format-standard","5":"has-post-thumbnail","7":"category-ambiente","8":"category-featured"},"yoast_head":"<!-- This site is optimized with the Yoast SEO plugin v27.4 - https:\/\/yoast.com\/product\/yoast-seo-wordpress\/ -->\n<title>El gobierno ejecut\u00f3 el 22% de los fondos de Manejo del Fuego en 2024<\/title>\n<meta name=\"description\" content=\"El gobierno ejecut\u00f3 en 2024 el 22% de los fondos de SNMF. Los incendios ya consumieron 37.000 hect\u00e1reas s\u00f3lo en Patagonia y unas 100.000 has. en Corrientes.\" \/>\n<meta name=\"robots\" content=\"index, follow, max-snippet:-1, max-image-preview:large, max-video-preview:-1\" \/>\n<link rel=\"canonical\" href=\"https:\/\/maderamen.com.ar\/desarrollo-forestal\/2025\/02\/11\/el-gobierno-ejecuto-el-22-de-los-fondos-de-manejo-del-fuego-en-2024\/\" \/>\n<meta property=\"og:locale\" content=\"es_ES\" \/>\n<meta property=\"og:type\" content=\"article\" \/>\n<meta property=\"og:title\" content=\"El gobierno ejecut\u00f3 el 22% de los fondos de Manejo del Fuego en 2024\" \/>\n<meta property=\"og:description\" content=\"El gobierno ejecut\u00f3 en 2024 el 22% de los fondos de SNMF. Los incendios ya consumieron 37.000 hect\u00e1reas s\u00f3lo en Patagonia y unas 100.000 has. en Corrientes.\" \/>\n<meta property=\"og:url\" content=\"https:\/\/maderamen.com.ar\/desarrollo-forestal\/2025\/02\/11\/el-gobierno-ejecuto-el-22-de-los-fondos-de-manejo-del-fuego-en-2024\/\" \/>\n<meta property=\"og:site_name\" content=\"Desarrollo Forestal\" \/>\n<meta property=\"article:publisher\" content=\"https:\/\/www.facebook.com\/Maderamen.Argentina\/\" \/>\n<meta property=\"article:published_time\" content=\"2025-02-11T19:33:58+00:00\" \/>\n<meta property=\"article:modified_time\" content=\"2025-02-11T19:34:54+00:00\" \/>\n<meta property=\"og:image\" content=\"https:\/\/maderamen.com.ar\/desarrollo-forestal\/wp-content\/uploads\/sites\/2\/2025\/02\/incendios11-02-25.jpg\" \/>\n\t<meta property=\"og:image:width\" content=\"1400\" \/>\n\t<meta property=\"og:image:height\" content=\"700\" \/>\n\t<meta property=\"og:image:type\" content=\"image\/jpeg\" \/>\n<meta name=\"author\" content=\"Maderamen\" \/>\n<meta name=\"twitter:card\" content=\"summary_large_image\" \/>\n<meta name=\"twitter:creator\" content=\"@DesarrolloFores\" \/>\n<meta name=\"twitter:site\" content=\"@DesarrolloFores\" \/>\n<meta name=\"twitter:label1\" content=\"Escrito por\" \/>\n\t<meta name=\"twitter:data1\" content=\"Maderamen\" \/>\n\t<meta name=\"twitter:label2\" content=\"Tiempo de lectura\" \/>\n\t<meta name=\"twitter:data2\" content=\"5 minutos\" \/>\n<script type=\"application\/ld+json\" class=\"yoast-schema-graph\">{\"@context\":\"https:\\\/\\\/schema.org\",\"@graph\":[{\"@type\":\"Article\",\"@id\":\"https:\\\/\\\/maderamen.com.ar\\\/desarrollo-forestal\\\/2025\\\/02\\\/11\\\/el-gobierno-ejecuto-el-22-de-los-fondos-de-manejo-del-fuego-en-2024\\\/#article\",\"isPartOf\":{\"@id\":\"https:\\\/\\\/maderamen.com.ar\\\/desarrollo-forestal\\\/2025\\\/02\\\/11\\\/el-gobierno-ejecuto-el-22-de-los-fondos-de-manejo-del-fuego-en-2024\\\/\"},\"author\":{\"name\":\"Maderamen\",\"@id\":\"https:\\\/\\\/maderamen.com.ar\\\/desarrollo-forestal\\\/#\\\/schema\\\/person\\\/c05f216a5663a04adfc7d62d87295459\"},\"headline\":\"El gobierno ejecut\u00f3 el 22% de los fondos de Manejo del Fuego en 2024\",\"datePublished\":\"2025-02-11T19:33:58+00:00\",\"dateModified\":\"2025-02-11T19:34:54+00:00\",\"mainEntityOfPage\":{\"@id\":\"https:\\\/\\\/maderamen.com.ar\\\/desarrollo-forestal\\\/2025\\\/02\\\/11\\\/el-gobierno-ejecuto-el-22-de-los-fondos-de-manejo-del-fuego-en-2024\\\/\"},\"wordCount\":915,\"commentCount\":0,\"publisher\":{\"@id\":\"https:\\\/\\\/maderamen.com.ar\\\/desarrollo-forestal\\\/#organization\"},\"image\":{\"@id\":\"https:\\\/\\\/maderamen.com.ar\\\/desarrollo-forestal\\\/2025\\\/02\\\/11\\\/el-gobierno-ejecuto-el-22-de-los-fondos-de-manejo-del-fuego-en-2024\\\/#primaryimage\"},\"thumbnailUrl\":\"https:\\\/\\\/maderamen.com.ar\\\/desarrollo-forestal\\\/wp-content\\\/uploads\\\/sites\\\/2\\\/2025\\\/02\\\/incendios11-02-25.jpg\",\"articleSection\":[\"Ambiente\",\"Principal\"],\"inLanguage\":\"es\",\"potentialAction\":[{\"@type\":\"CommentAction\",\"name\":\"Comment\",\"target\":[\"https:\\\/\\\/maderamen.com.ar\\\/desarrollo-forestal\\\/2025\\\/02\\\/11\\\/el-gobierno-ejecuto-el-22-de-los-fondos-de-manejo-del-fuego-en-2024\\\/#respond\"]}]},{\"@type\":\"WebPage\",\"@id\":\"https:\\\/\\\/maderamen.com.ar\\\/desarrollo-forestal\\\/2025\\\/02\\\/11\\\/el-gobierno-ejecuto-el-22-de-los-fondos-de-manejo-del-fuego-en-2024\\\/\",\"url\":\"https:\\\/\\\/maderamen.com.ar\\\/desarrollo-forestal\\\/2025\\\/02\\\/11\\\/el-gobierno-ejecuto-el-22-de-los-fondos-de-manejo-del-fuego-en-2024\\\/\",\"name\":\"El gobierno ejecut\u00f3 el 22% de los fondos de Manejo del Fuego en 2024\",\"isPartOf\":{\"@id\":\"https:\\\/\\\/maderamen.com.ar\\\/desarrollo-forestal\\\/#website\"},\"primaryImageOfPage\":{\"@id\":\"https:\\\/\\\/maderamen.com.ar\\\/desarrollo-forestal\\\/2025\\\/02\\\/11\\\/el-gobierno-ejecuto-el-22-de-los-fondos-de-manejo-del-fuego-en-2024\\\/#primaryimage\"},\"image\":{\"@id\":\"https:\\\/\\\/maderamen.com.ar\\\/desarrollo-forestal\\\/2025\\\/02\\\/11\\\/el-gobierno-ejecuto-el-22-de-los-fondos-de-manejo-del-fuego-en-2024\\\/#primaryimage\"},\"thumbnailUrl\":\"https:\\\/\\\/maderamen.com.ar\\\/desarrollo-forestal\\\/wp-content\\\/uploads\\\/sites\\\/2\\\/2025\\\/02\\\/incendios11-02-25.jpg\",\"datePublished\":\"2025-02-11T19:33:58+00:00\",\"dateModified\":\"2025-02-11T19:34:54+00:00\",\"description\":\"El gobierno ejecut\u00f3 en 2024 el 22% de los fondos de SNMF. Los incendios ya consumieron 37.000 hect\u00e1reas s\u00f3lo en Patagonia y unas 100.000 has. en Corrientes.\",\"breadcrumb\":{\"@id\":\"https:\\\/\\\/maderamen.com.ar\\\/desarrollo-forestal\\\/2025\\\/02\\\/11\\\/el-gobierno-ejecuto-el-22-de-los-fondos-de-manejo-del-fuego-en-2024\\\/#breadcrumb\"},\"inLanguage\":\"es\",\"potentialAction\":[{\"@type\":\"ReadAction\",\"target\":[\"https:\\\/\\\/maderamen.com.ar\\\/desarrollo-forestal\\\/2025\\\/02\\\/11\\\/el-gobierno-ejecuto-el-22-de-los-fondos-de-manejo-del-fuego-en-2024\\\/\"]}]},{\"@type\":\"ImageObject\",\"inLanguage\":\"es\",\"@id\":\"https:\\\/\\\/maderamen.com.ar\\\/desarrollo-forestal\\\/2025\\\/02\\\/11\\\/el-gobierno-ejecuto-el-22-de-los-fondos-de-manejo-del-fuego-en-2024\\\/#primaryimage\",\"url\":\"https:\\\/\\\/maderamen.com.ar\\\/desarrollo-forestal\\\/wp-content\\\/uploads\\\/sites\\\/2\\\/2025\\\/02\\\/incendios11-02-25.jpg\",\"contentUrl\":\"https:\\\/\\\/maderamen.com.ar\\\/desarrollo-forestal\\\/wp-content\\\/uploads\\\/sites\\\/2\\\/2025\\\/02\\\/incendios11-02-25.jpg\",\"width\":1400,\"height\":700,\"caption\":\"Los incendios han destruido parte de El Bols\u00f3n, en R\u00edo Negro.\"},{\"@type\":\"BreadcrumbList\",\"@id\":\"https:\\\/\\\/maderamen.com.ar\\\/desarrollo-forestal\\\/2025\\\/02\\\/11\\\/el-gobierno-ejecuto-el-22-de-los-fondos-de-manejo-del-fuego-en-2024\\\/#breadcrumb\",\"itemListElement\":[{\"@type\":\"ListItem\",\"position\":1,\"name\":\"Portada\",\"item\":\"https:\\\/\\\/maderamen.com.ar\\\/desarrollo-forestal\\\/\"},{\"@type\":\"ListItem\",\"position\":2,\"name\":\"El gobierno ejecut\u00f3 el 22% de los fondos de Manejo del Fuego en 2024\"}]},{\"@type\":\"WebSite\",\"@id\":\"https:\\\/\\\/maderamen.com.ar\\\/desarrollo-forestal\\\/#website\",\"url\":\"https:\\\/\\\/maderamen.com.ar\\\/desarrollo-forestal\\\/\",\"name\":\"Desarrollo Forestal\",\"description\":\"Noticias del sector forestal\",\"publisher\":{\"@id\":\"https:\\\/\\\/maderamen.com.ar\\\/desarrollo-forestal\\\/#organization\"},\"potentialAction\":[{\"@type\":\"SearchAction\",\"target\":{\"@type\":\"EntryPoint\",\"urlTemplate\":\"https:\\\/\\\/maderamen.com.ar\\\/desarrollo-forestal\\\/?s={search_term_string}\"},\"query-input\":{\"@type\":\"PropertyValueSpecification\",\"valueRequired\":true,\"valueName\":\"search_term_string\"}}],\"inLanguage\":\"es\"},{\"@type\":\"Organization\",\"@id\":\"https:\\\/\\\/maderamen.com.ar\\\/desarrollo-forestal\\\/#organization\",\"name\":\"Maderamen\",\"url\":\"https:\\\/\\\/maderamen.com.ar\\\/desarrollo-forestal\\\/\",\"logo\":{\"@type\":\"ImageObject\",\"inLanguage\":\"es\",\"@id\":\"https:\\\/\\\/maderamen.com.ar\\\/desarrollo-forestal\\\/#\\\/schema\\\/logo\\\/image\\\/\",\"url\":\"https:\\\/\\\/maderamen.com.ar\\\/desarrollo-forestal\\\/wp-content\\\/uploads\\\/sites\\\/2\\\/2026\\\/03\\\/maderamen-emago.png\",\"contentUrl\":\"https:\\\/\\\/maderamen.com.ar\\\/desarrollo-forestal\\\/wp-content\\\/uploads\\\/sites\\\/2\\\/2026\\\/03\\\/maderamen-emago.png\",\"width\":250,\"height\":246,\"caption\":\"Maderamen\"},\"image\":{\"@id\":\"https:\\\/\\\/maderamen.com.ar\\\/desarrollo-forestal\\\/#\\\/schema\\\/logo\\\/image\\\/\"},\"sameAs\":[\"https:\\\/\\\/www.facebook.com\\\/Maderamen.Argentina\\\/\",\"https:\\\/\\\/x.com\\\/DesarrolloFores\",\"https:\\\/\\\/www.youtube.com\\\/channel\\\/UCeYU2-_JRTYYpgHoyhTT2Fg\",\"https:\\\/\\\/www.instagram.com\\\/maderamen.ok\\\/\",\"https:\\\/\\\/www.linkedin.com\\\/company\\\/maderameneditorial\\\/\"]},{\"@type\":\"Person\",\"@id\":\"https:\\\/\\\/maderamen.com.ar\\\/desarrollo-forestal\\\/#\\\/schema\\\/person\\\/c05f216a5663a04adfc7d62d87295459\",\"name\":\"Maderamen\",\"image\":{\"@type\":\"ImageObject\",\"inLanguage\":\"es\",\"@id\":\"https:\\\/\\\/secure.gravatar.com\\\/avatar\\\/6ff28763266ad14d7e42092eb3998ef25a67b8fd98e7000d6029e8a2e785dc10?s=96&d=mm&r=g\",\"url\":\"https:\\\/\\\/secure.gravatar.com\\\/avatar\\\/6ff28763266ad14d7e42092eb3998ef25a67b8fd98e7000d6029e8a2e785dc10?s=96&d=mm&r=g\",\"contentUrl\":\"https:\\\/\\\/secure.gravatar.com\\\/avatar\\\/6ff28763266ad14d7e42092eb3998ef25a67b8fd98e7000d6029e8a2e785dc10?s=96&d=mm&r=g\",\"caption\":\"Maderamen\"},\"url\":\"https:\\\/\\\/maderamen.com.ar\\\/desarrollo-forestal\\\/author\\\/maderamenadmin\\\/\"}]}<\/script>\n<!-- \/ Yoast SEO plugin. -->","yoast_head_json":{"title":"El gobierno ejecut\u00f3 el 22% de los fondos de Manejo del Fuego en 2024","description":"El gobierno ejecut\u00f3 en 2024 el 22% de los fondos de SNMF. Los incendios ya consumieron 37.000 hect\u00e1reas s\u00f3lo en Patagonia y unas 100.000 has. en Corrientes.","robots":{"index":"index","follow":"follow","max-snippet":"max-snippet:-1","max-image-preview":"max-image-preview:large","max-video-preview":"max-video-preview:-1"},"canonical":"https:\/\/maderamen.com.ar\/desarrollo-forestal\/2025\/02\/11\/el-gobierno-ejecuto-el-22-de-los-fondos-de-manejo-del-fuego-en-2024\/","og_locale":"es_ES","og_type":"article","og_title":"El gobierno ejecut\u00f3 el 22% de los fondos de Manejo del Fuego en 2024","og_description":"El gobierno ejecut\u00f3 en 2024 el 22% de los fondos de SNMF. Los incendios ya consumieron 37.000 hect\u00e1reas s\u00f3lo en Patagonia y unas 100.000 has. en Corrientes.","og_url":"https:\/\/maderamen.com.ar\/desarrollo-forestal\/2025\/02\/11\/el-gobierno-ejecuto-el-22-de-los-fondos-de-manejo-del-fuego-en-2024\/","og_site_name":"Desarrollo Forestal","article_publisher":"https:\/\/www.facebook.com\/Maderamen.Argentina\/","article_published_time":"2025-02-11T19:33:58+00:00","article_modified_time":"2025-02-11T19:34:54+00:00","og_image":[{"width":1400,"height":700,"url":"https:\/\/maderamen.com.ar\/desarrollo-forestal\/wp-content\/uploads\/sites\/2\/2025\/02\/incendios11-02-25.jpg","type":"image\/jpeg"}],"author":"Maderamen","twitter_card":"summary_large_image","twitter_creator":"@DesarrolloFores","twitter_site":"@DesarrolloFores","twitter_misc":{"Escrito por":"Maderamen","Tiempo de lectura":"5 minutos"},"schema":{"@context":"https:\/\/schema.org","@graph":[{"@type":"Article","@id":"https:\/\/maderamen.com.ar\/desarrollo-forestal\/2025\/02\/11\/el-gobierno-ejecuto-el-22-de-los-fondos-de-manejo-del-fuego-en-2024\/#article","isPartOf":{"@id":"https:\/\/maderamen.com.ar\/desarrollo-forestal\/2025\/02\/11\/el-gobierno-ejecuto-el-22-de-los-fondos-de-manejo-del-fuego-en-2024\/"},"author":{"name":"Maderamen","@id":"https:\/\/maderamen.com.ar\/desarrollo-forestal\/#\/schema\/person\/c05f216a5663a04adfc7d62d87295459"},"headline":"El gobierno ejecut\u00f3 el 22% de los fondos de Manejo del Fuego en 2024","datePublished":"2025-02-11T19:33:58+00:00","dateModified":"2025-02-11T19:34:54+00:00","mainEntityOfPage":{"@id":"https:\/\/maderamen.com.ar\/desarrollo-forestal\/2025\/02\/11\/el-gobierno-ejecuto-el-22-de-los-fondos-de-manejo-del-fuego-en-2024\/"},"wordCount":915,"commentCount":0,"publisher":{"@id":"https:\/\/maderamen.com.ar\/desarrollo-forestal\/#organization"},"image":{"@id":"https:\/\/maderamen.com.ar\/desarrollo-forestal\/2025\/02\/11\/el-gobierno-ejecuto-el-22-de-los-fondos-de-manejo-del-fuego-en-2024\/#primaryimage"},"thumbnailUrl":"https:\/\/maderamen.com.ar\/desarrollo-forestal\/wp-content\/uploads\/sites\/2\/2025\/02\/incendios11-02-25.jpg","articleSection":["Ambiente","Principal"],"inLanguage":"es","potentialAction":[{"@type":"CommentAction","name":"Comment","target":["https:\/\/maderamen.com.ar\/desarrollo-forestal\/2025\/02\/11\/el-gobierno-ejecuto-el-22-de-los-fondos-de-manejo-del-fuego-en-2024\/#respond"]}]},{"@type":"WebPage","@id":"https:\/\/maderamen.com.ar\/desarrollo-forestal\/2025\/02\/11\/el-gobierno-ejecuto-el-22-de-los-fondos-de-manejo-del-fuego-en-2024\/","url":"https:\/\/maderamen.com.ar\/desarrollo-forestal\/2025\/02\/11\/el-gobierno-ejecuto-el-22-de-los-fondos-de-manejo-del-fuego-en-2024\/","name":"El gobierno ejecut\u00f3 el 22% de los fondos de Manejo del Fuego en 2024","isPartOf":{"@id":"https:\/\/maderamen.com.ar\/desarrollo-forestal\/#website"},"primaryImageOfPage":{"@id":"https:\/\/maderamen.com.ar\/desarrollo-forestal\/2025\/02\/11\/el-gobierno-ejecuto-el-22-de-los-fondos-de-manejo-del-fuego-en-2024\/#primaryimage"},"image":{"@id":"https:\/\/maderamen.com.ar\/desarrollo-forestal\/2025\/02\/11\/el-gobierno-ejecuto-el-22-de-los-fondos-de-manejo-del-fuego-en-2024\/#primaryimage"},"thumbnailUrl":"https:\/\/maderamen.com.ar\/desarrollo-forestal\/wp-content\/uploads\/sites\/2\/2025\/02\/incendios11-02-25.jpg","datePublished":"2025-02-11T19:33:58+00:00","dateModified":"2025-02-11T19:34:54+00:00","description":"El gobierno ejecut\u00f3 en 2024 el 22% de los fondos de SNMF. Los incendios ya consumieron 37.000 hect\u00e1reas s\u00f3lo en Patagonia y unas 100.000 has. en Corrientes.","breadcrumb":{"@id":"https:\/\/maderamen.com.ar\/desarrollo-forestal\/2025\/02\/11\/el-gobierno-ejecuto-el-22-de-los-fondos-de-manejo-del-fuego-en-2024\/#breadcrumb"},"inLanguage":"es","potentialAction":[{"@type":"ReadAction","target":["https:\/\/maderamen.com.ar\/desarrollo-forestal\/2025\/02\/11\/el-gobierno-ejecuto-el-22-de-los-fondos-de-manejo-del-fuego-en-2024\/"]}]},{"@type":"ImageObject","inLanguage":"es","@id":"https:\/\/maderamen.com.ar\/desarrollo-forestal\/2025\/02\/11\/el-gobierno-ejecuto-el-22-de-los-fondos-de-manejo-del-fuego-en-2024\/#primaryimage","url":"https:\/\/maderamen.com.ar\/desarrollo-forestal\/wp-content\/uploads\/sites\/2\/2025\/02\/incendios11-02-25.jpg","contentUrl":"https:\/\/maderamen.com.ar\/desarrollo-forestal\/wp-content\/uploads\/sites\/2\/2025\/02\/incendios11-02-25.jpg","width":1400,"height":700,"caption":"Los incendios han destruido parte de El Bols\u00f3n, en R\u00edo Negro."},{"@type":"BreadcrumbList","@id":"https:\/\/maderamen.com.ar\/desarrollo-forestal\/2025\/02\/11\/el-gobierno-ejecuto-el-22-de-los-fondos-de-manejo-del-fuego-en-2024\/#breadcrumb","itemListElement":[{"@type":"ListItem","position":1,"name":"Portada","item":"https:\/\/maderamen.com.ar\/desarrollo-forestal\/"},{"@type":"ListItem","position":2,"name":"El gobierno ejecut\u00f3 el 22% de los fondos de Manejo del Fuego en 2024"}]},{"@type":"WebSite","@id":"https:\/\/maderamen.com.ar\/desarrollo-forestal\/#website","url":"https:\/\/maderamen.com.ar\/desarrollo-forestal\/","name":"Desarrollo Forestal","description":"Noticias del sector forestal","publisher":{"@id":"https:\/\/maderamen.com.ar\/desarrollo-forestal\/#organization"},"potentialAction":[{"@type":"SearchAction","target":{"@type":"EntryPoint","urlTemplate":"https:\/\/maderamen.com.ar\/desarrollo-forestal\/?s={search_term_string}"},"query-input":{"@type":"PropertyValueSpecification","valueRequired":true,"valueName":"search_term_string"}}],"inLanguage":"es"},{"@type":"Organization","@id":"https:\/\/maderamen.com.ar\/desarrollo-forestal\/#organization","name":"Maderamen","url":"https:\/\/maderamen.com.ar\/desarrollo-forestal\/","logo":{"@type":"ImageObject","inLanguage":"es","@id":"https:\/\/maderamen.com.ar\/desarrollo-forestal\/#\/schema\/logo\/image\/","url":"https:\/\/maderamen.com.ar\/desarrollo-forestal\/wp-content\/uploads\/sites\/2\/2026\/03\/maderamen-emago.png","contentUrl":"https:\/\/maderamen.com.ar\/desarrollo-forestal\/wp-content\/uploads\/sites\/2\/2026\/03\/maderamen-emago.png","width":250,"height":246,"caption":"Maderamen"},"image":{"@id":"https:\/\/maderamen.com.ar\/desarrollo-forestal\/#\/schema\/logo\/image\/"},"sameAs":["https:\/\/www.facebook.com\/Maderamen.Argentina\/","https:\/\/x.com\/DesarrolloFores","https:\/\/www.youtube.com\/channel\/UCeYU2-_JRTYYpgHoyhTT2Fg","https:\/\/www.instagram.com\/maderamen.ok\/","https:\/\/www.linkedin.com\/company\/maderameneditorial\/"]},{"@type":"Person","@id":"https:\/\/maderamen.com.ar\/desarrollo-forestal\/#\/schema\/person\/c05f216a5663a04adfc7d62d87295459","name":"Maderamen","image":{"@type":"ImageObject","inLanguage":"es","@id":"https:\/\/secure.gravatar.com\/avatar\/6ff28763266ad14d7e42092eb3998ef25a67b8fd98e7000d6029e8a2e785dc10?s=96&d=mm&r=g","url":"https:\/\/secure.gravatar.com\/avatar\/6ff28763266ad14d7e42092eb3998ef25a67b8fd98e7000d6029e8a2e785dc10?s=96&d=mm&r=g","contentUrl":"https:\/\/secure.gravatar.com\/avatar\/6ff28763266ad14d7e42092eb3998ef25a67b8fd98e7000d6029e8a2e785dc10?s=96&d=mm&r=g","caption":"Maderamen"},"url":"https:\/\/maderamen.com.ar\/desarrollo-forestal\/author\/maderamenadmin\/"}]}},"_links":{"self":[{"href":"https:\/\/maderamen.com.ar\/desarrollo-forestal\/wp-json\/wp\/v2\/posts\/17166","targetHints":{"allow":["GET"]}}],"collection":[{"href":"https:\/\/maderamen.com.ar\/desarrollo-forestal\/wp-json\/wp\/v2\/posts"}],"about":[{"href":"https:\/\/maderamen.com.ar\/desarrollo-forestal\/wp-json\/wp\/v2\/types\/post"}],"author":[{"embeddable":true,"href":"https:\/\/maderamen.com.ar\/desarrollo-forestal\/wp-json\/wp\/v2\/users\/6"}],"replies":[{"embeddable":true,"href":"https:\/\/maderamen.com.ar\/desarrollo-forestal\/wp-json\/wp\/v2\/comments?post=17166"}],"version-history":[{"count":0,"href":"https:\/\/maderamen.com.ar\/desarrollo-forestal\/wp-json\/wp\/v2\/posts\/17166\/revisions"}],"wp:featuredmedia":[{"embeddable":true,"href":"https:\/\/maderamen.com.ar\/desarrollo-forestal\/wp-json\/wp\/v2\/media\/17167"}],"wp:attachment":[{"href":"https:\/\/maderamen.com.ar\/desarrollo-forestal\/wp-json\/wp\/v2\/media?parent=17166"}],"wp:term":[{"taxonomy":"category","embeddable":true,"href":"https:\/\/maderamen.com.ar\/desarrollo-forestal\/wp-json\/wp\/v2\/categories?post=17166"},{"taxonomy":"post_tag","embeddable":true,"href":"https:\/\/maderamen.com.ar\/desarrollo-forestal\/wp-json\/wp\/v2\/tags?post=17166"}],"curies":[{"name":"wp","href":"https:\/\/api.w.org\/{rel}","templated":true}]}}