{"id":16737,"date":"2024-08-22T17:56:10","date_gmt":"2024-08-22T20:56:10","guid":{"rendered":"https:\/\/maderamen.com.ar\/desarrollo-forestal\/?p=16737"},"modified":"2024-08-14T18:48:17","modified_gmt":"2024-08-14T21:48:17","slug":"arde-el-pantanal-brasileno-el-mayor-humedal-del-mundo","status":"publish","type":"post","link":"https:\/\/maderamen.com.ar\/desarrollo-forestal\/2024\/08\/22\/arde-el-pantanal-brasileno-el-mayor-humedal-del-mundo\/","title":{"rendered":"Arde desde fines de junio el Pantanal brasile\u00f1o, el mayor humedal del mundo"},"content":{"rendered":"\n<p><strong>La intensidad de la estaci\u00f3n seca, que cada a\u00f1o empieza antes por el cambio clim\u00e1tico, incrementa los incendios en un 3.000%. Las llamas llevaban arrasadas 650.000 hect\u00e1reas en lo que va de 2024. Fuentes: El Pa\u00eds, BBC, AFP. Fotos: Infobae.<\/strong><\/p>\n\n\n\n<p>Del primero de enero a fines de junio,&nbsp;el\nInstituto Nacional de Investigaciones Espaciales (INPE) registr\u00f3 3.262 focos de\nincendios en el Pantanal, 33% m\u00e1s que en el mismo periodo de 2020, que result\u00f3\nser el peor a\u00f1o desde que se realizan estos registros en 1998.<\/p>\n\n\n\n<p>El estado brasile\u00f1o de Mato Grosso do Sul decret\u00f3 recientemente\n\u201csituaci\u00f3n de emergencia\u201d debido a los incendios forestales fuera de control en\nel Pantanal, el mayor humedal del mundo, en el centro-oeste del pa\u00eds.<\/p>\n\n\n\n<p>La medida, con validez de seis meses,&nbsp;permite\ndesplegar m\u00e1s r\u00e1pidamente nuevos medios para combatir esos incendios,&nbsp;que\nlos especialistas atribuyen a una sequ\u00eda extrema, pero tambi\u00e9n a la acci\u00f3n\nhumana, especialmente la expansi\u00f3n agr\u00edcola.<\/p>\n\n\n\n<p>Seg\u00fan datos del Laboratorio de Aplicaciones de\nSat\u00e9lites Ambientales (Lasa) de la Universidad Federal de Rio de Janeiro, las\nllamas arrasaron 627.000 hect\u00e1reas en el Pantanal desde enero.<\/p>\n\n\n\n<p>La ministra de Medio Ambiente, Marina Silva, tras\nreunirse con el gabinete de crisis en el palacio de Planalto, dijo a los\nperiodistas: \u201cEstamos ante una de las peores situaciones vistas en el Pantanal\u201d.<\/p>\n\n\n\n<p>De acuerdo con Silva, la emergencia es resultado de\nlos efectos del cambio clim\u00e1tico, El Ni\u00f1o y La Ni\u00f1a, que han producida una\nsequ\u00eda extrema; y las quemas para renovaci\u00f3n de pastos o cultivos.<\/p>\n\n\n\n<p>La ministra dijo que los gobiernos estatales\ndecretaron la prohibici\u00f3n hasta final de a\u00f1o de quemas controladas, que ser\u00e1n\ntratadas como delitos.<\/p>\n\n\n\n<p>Videos que circularon en las redes sociales el fin\nde semana mostraron una larga muralla de fuego alumbrando la noche en la selva,\ncomo imagen de fondo de las festividades de San Juan en la ciudad de Corumb\u00e1,\nen Mato Grosso do Sul.<\/p>\n\n\n\n<p>El viernes Silva viajar\u00e1 junto a otros ministros a Corumb\u00e1, para reunirse con el gobernador, Eduardo Riedel, y elaborar un diagn\u00f3stico de las consecuencias de los incendios.<\/p>\n\n\n\n<figure class=\"wp-block-image\"><img loading=\"lazy\" decoding=\"async\" width=\"1200\" height=\"800\" src=\"https:\/\/maderamen.com.ar\/desarrollo-forestal\/wp-content\/uploads\/sites\/2\/2024\/08\/pantanal2.jpg\" alt=\"Arde el Pantanal brasile\u00f1o\" class=\"wp-image-16739\" \/><figcaption>El parque Encuentro de las Aguas se encuentra dentro de la zona de los humedales del Pantanal, cerca de Pocone, en el estado de Mato Grosso.<\/figcaption><\/figure>\n\n\n\n<p>Este a\u00f1o,&nbsp;Mato Grosso do Sul concentra 78% de\nla zona afectada por los incendios, es decir, 480.775 hect\u00e1reas.<\/p>\n\n\n\n<p>A t\u00edtulo de comparaci\u00f3n, cerca de 267.000 hect\u00e1reas\nse hab\u00edan quemado en el primer semestre de 2020, cuando se rompieron todos los\nr\u00e9cords; y 30% del bioma fue afectado en todo el a\u00f1o.<\/p>\n\n\n\n<h3 class=\"wp-block-heading\"><strong>Combatiendo fuegos<\/strong><\/h3>\n\n\n\n<p>El primer semestre de este a\u00f1o ya registra un\naumento de m\u00e1s del 1.000% en los focos de incendio respecto al mismo per\u00edodo\ndel a\u00f1o pasado, seg\u00fan la plataforma BDQueimadas del Inpe.<\/p>\n\n\n\n<p>Ante las cifras, el MMA inform\u00f3 que el Ibama\ncontrat\u00f3 2.000 brigadistas para operar en todo el pa\u00eds, con un enfoque inicial\nen el Pantanal y la Amazon\u00eda.<\/p>\n\n\n\n<p>A su vez, el gobierno de Mato Grosso lanz\u00f3 este\nlunes la Operaci\u00f3n Pantanal, que combate los incendios en la regi\u00f3n, para\nevitar que los incendios destruyan el bioma como en a\u00f1os anteriores.<\/p>\n\n\n\n<p>La operaci\u00f3n se adelant\u00f3 dos meses debido a las\nactuales condiciones clim\u00e1ticas locales, junto con el inicio de la prohibici\u00f3n\ndel uso del fuego para gestionar las zonas de cultivo.<br>\n\u201cS\u00f3lo se autorizar\u00e1n focos preventivos, es decir, el uso del fuego para\nprevenir eventos mayores\u201d, dijo la secretaria de Medio Ambiente al anunciar las\nmedidas.<\/p>\n\n\n\n<p>El gobierno de Mato Grosso tambi\u00e9n inform\u00f3 que se\ninvirtieron R$ 74,5 millones en la implementaci\u00f3n de un plan para combatir la\ndeforestaci\u00f3n ilegal y los incendios forestales.<\/p>\n\n\n\n<p>El gobierno de Mato Grosso do Sul afirma haber\ninvertido ya 50 millones de reales en equipos y acciones para prevenir y\ncombatir incendios y ha instalado 13 bases avanzadas en zonas remotas de la\nregi\u00f3n para acelerar las acciones contra los focos.<\/p>\n\n\n\n<p>\u201cEstamos discutiendo esta situaci\u00f3n con gran\nintensidad en el gobierno desde febrero\u201d, dijo el secretario ejecutivo de Medio\nAmbiente de Mato Grosso do Sul, Artur Falcete, en una reuni\u00f3n el martes (18\/6)\ncon el gobierno federal para abordar la crisis.<\/p>\n\n\n\n<p>\u201cTanto es as\u00ed que el decreto de emergencia sali\u00f3\nbastante temprano, a principios de abril, porque ya sab\u00edamos que las\ncondiciones clim\u00e1ticas eran muy cercanas a las de 2020. Asignamos recursos\nadicionales para esta lucha\u201d.<\/p>\n\n\n\n<p>En abril, los estados de Mato Grosso y Mato Grosso\ndo Sul firmaron un Acuerdo de Cooperaci\u00f3n T\u00e9cnica en el que se comprometieron a\ntomar acciones conjuntas para preservar el Pantanal.<\/p>\n\n\n\n<p>Entre las medidas previstas se encuentran una\nlegislaci\u00f3n similar sobre el uso de los recursos naturales del bioma, el\ndesarrollo de un plan para prevenir y responder a los incendios forestales en\nel bioma, adem\u00e1s de monitorear la vida silvestre.<\/p>\n\n\n\n<h3 class=\"wp-block-heading\"><strong>ONG\u00b4s piden ayuda internacional<\/strong><\/h3>\n\n\n\n<p>M\u00e1s de 30 organizaciones firmaron una carta enviada\nal Ibama y a los gobiernos de los estados de Mato Grosso y Mato Grosso do Sul a\nmediados de junio proponiendo la b\u00fasqueda de asistencia internacional.<\/p>\n\n\n\n<p>El objetivo es que se canalice a trav\u00e9s del Centro\nde Coordinaci\u00f3n de Respuesta a Emergencias de la Uni\u00f3n Europea (CCRE) para\ncombatir la sequ\u00eda y los incendios forestales que azotan el Pantanal.<\/p>\n\n\n\n<p>El documento detalla que el Pantanal enfrenta una recurrencia de incendios forestales, como los que destruyeron casi un tercio del \u00e1rea en 2020 y afirma que en 2024 la situaci\u00f3n volver\u00e1 a empeorar, registr\u00e1ndose nuevos focos calientes.<\/p>\n\n\n\n<figure class=\"wp-block-image\"><img loading=\"lazy\" decoding=\"async\" width=\"1200\" height=\"800\" src=\"https:\/\/maderamen.com.ar\/desarrollo-forestal\/wp-content\/uploads\/sites\/2\/2024\/08\/pantanal3.jpg\" alt=\"Arde el Pantanal brasile\u00f1o\" class=\"wp-image-16740\" \/><figcaption>Un dron muestra el humo que se eleva de un incendio en el Pantanal.<\/figcaption><\/figure>\n\n\n\n<p>Seg\u00fan datos del Instituto Nacional de\nInvestigaciones Espaciales (Inpe), s\u00f3lo en junio se registraron m\u00e1s de\n1.300&nbsp;puntos calientes activos en Mato Grosso, 235 de los cuales en la\nregi\u00f3n del Pantanal, un aumento de m\u00e1s del 1.300% respecto a junio de\n2023.&nbsp;.<\/p>\n\n\n\n<p>El gobierno de Mato Grosso lanz\u00f3 el lunes 17 de junio la Operaci\u00f3n Pantanal 2024, que busca evitar que los incendios destruyan la regi\u00f3n como en a\u00f1os anteriores.<\/p>\n\n\n\n<p><a href=\"https:\/\/maderamen.com.ar\/desarrollo-forestal\/2024\/08\/09\/cofema-y-misiones-pidieron-fondos-para-ley-26-331\/\" target=\"_blank\" rel=\"noreferrer noopener\" aria-label=\"Leer: Se reuni\u00f3 COFEMA y Misiones pidi\u00f3 por fondos ley 26.331 (abre en una nueva pesta\u00f1a)\">Leer: Se reuni\u00f3 COFEMA y Misiones pidi\u00f3 por fondos ley 26.331<\/a><\/p>\n\n\n\n<p>Fotos: <a href=\"https:\/\/www.infobae.com\/\" target=\"_blank\" rel=\"noreferrer noopener\" aria-label=\"Infobae. (abre en una nueva pesta\u00f1a)\">Infobae.<\/a><\/p>\n","protected":false},"excerpt":{"rendered":"<p>La intensidad de la estaci\u00f3n seca, que cada a\u00f1o empieza antes por el cambio clim\u00e1tico, incrementa los incendios en un 3.000%. Las llamas llevaban arrasadas 650.000 hect\u00e1reas en lo que va de 2024. Fuentes: El Pa\u00eds, BBC, AFP. Fotos: Infobae. Del primero de enero a fines de junio,&nbsp;el Instituto Nacional de Investigaciones Espaciales (INPE) registr\u00f3 [&hellip;]<\/p>\n","protected":false},"author":6,"featured_media":16738,"comment_status":"open","ping_status":"open","sticky":false,"template":"","format":"standard","meta":{"footnotes":""},"categories":[3,10],"tags":[],"class_list":{"0":"post-16737","1":"post","2":"type-post","3":"status-publish","4":"format-standard","5":"has-post-thumbnail","7":"category-ambiente","8":"category-featured"},"yoast_head":"<!-- This site is optimized with the Yoast SEO plugin v27.4 - https:\/\/yoast.com\/product\/yoast-seo-wordpress\/ -->\n<title>Arde el Pantanal brasile\u00f1o, el mayor humedal del mundo<\/title>\n<meta name=\"description\" content=\"Arde el Pantanal brasile\u00f1o: 33% m\u00e1s que en el mismo periodo de 2020, que result\u00f3 ser el peor a\u00f1o desde que se realizan estos registros en 1998.\" \/>\n<meta name=\"robots\" content=\"index, follow, max-snippet:-1, max-image-preview:large, max-video-preview:-1\" \/>\n<link rel=\"canonical\" href=\"https:\/\/maderamen.com.ar\/desarrollo-forestal\/2024\/08\/22\/arde-el-pantanal-brasileno-el-mayor-humedal-del-mundo\/\" \/>\n<meta property=\"og:locale\" content=\"es_ES\" \/>\n<meta property=\"og:type\" content=\"article\" \/>\n<meta property=\"og:title\" content=\"Arde el Pantanal brasile\u00f1o, el mayor humedal del mundo\" \/>\n<meta property=\"og:description\" content=\"Arde el Pantanal brasile\u00f1o: 33% m\u00e1s que en el mismo periodo de 2020, que result\u00f3 ser el peor a\u00f1o desde que se realizan estos registros en 1998.\" \/>\n<meta property=\"og:url\" content=\"https:\/\/maderamen.com.ar\/desarrollo-forestal\/2024\/08\/22\/arde-el-pantanal-brasileno-el-mayor-humedal-del-mundo\/\" \/>\n<meta property=\"og:site_name\" content=\"Desarrollo Forestal\" \/>\n<meta property=\"article:publisher\" content=\"https:\/\/www.facebook.com\/Maderamen.Argentina\/\" \/>\n<meta property=\"article:published_time\" content=\"2024-08-22T20:56:10+00:00\" \/>\n<meta property=\"og:image\" content=\"https:\/\/maderamen.com.ar\/desarrollo-forestal\/wp-content\/uploads\/sites\/2\/2024\/08\/pantanal1.jpg\" \/>\n\t<meta property=\"og:image:width\" content=\"1200\" \/>\n\t<meta property=\"og:image:height\" content=\"675\" \/>\n\t<meta property=\"og:image:type\" content=\"image\/jpeg\" \/>\n<meta name=\"author\" content=\"Maderamen\" \/>\n<meta name=\"twitter:card\" content=\"summary_large_image\" \/>\n<meta name=\"twitter:creator\" content=\"@DesarrolloFores\" \/>\n<meta name=\"twitter:site\" content=\"@DesarrolloFores\" \/>\n<meta name=\"twitter:label1\" content=\"Escrito por\" \/>\n\t<meta name=\"twitter:data1\" content=\"Maderamen\" \/>\n\t<meta name=\"twitter:label2\" content=\"Tiempo de lectura\" \/>\n\t<meta name=\"twitter:data2\" content=\"5 minutos\" \/>\n<script type=\"application\/ld+json\" class=\"yoast-schema-graph\">{\"@context\":\"https:\\\/\\\/schema.org\",\"@graph\":[{\"@type\":\"Article\",\"@id\":\"https:\\\/\\\/maderamen.com.ar\\\/desarrollo-forestal\\\/2024\\\/08\\\/22\\\/arde-el-pantanal-brasileno-el-mayor-humedal-del-mundo\\\/#article\",\"isPartOf\":{\"@id\":\"https:\\\/\\\/maderamen.com.ar\\\/desarrollo-forestal\\\/2024\\\/08\\\/22\\\/arde-el-pantanal-brasileno-el-mayor-humedal-del-mundo\\\/\"},\"author\":{\"name\":\"Maderamen\",\"@id\":\"https:\\\/\\\/maderamen.com.ar\\\/desarrollo-forestal\\\/#\\\/schema\\\/person\\\/c05f216a5663a04adfc7d62d87295459\"},\"headline\":\"Arde desde fines de junio el Pantanal brasile\u00f1o, el mayor humedal del mundo\",\"datePublished\":\"2024-08-22T20:56:10+00:00\",\"mainEntityOfPage\":{\"@id\":\"https:\\\/\\\/maderamen.com.ar\\\/desarrollo-forestal\\\/2024\\\/08\\\/22\\\/arde-el-pantanal-brasileno-el-mayor-humedal-del-mundo\\\/\"},\"wordCount\":1066,\"commentCount\":0,\"publisher\":{\"@id\":\"https:\\\/\\\/maderamen.com.ar\\\/desarrollo-forestal\\\/#organization\"},\"image\":{\"@id\":\"https:\\\/\\\/maderamen.com.ar\\\/desarrollo-forestal\\\/2024\\\/08\\\/22\\\/arde-el-pantanal-brasileno-el-mayor-humedal-del-mundo\\\/#primaryimage\"},\"thumbnailUrl\":\"https:\\\/\\\/maderamen.com.ar\\\/desarrollo-forestal\\\/wp-content\\\/uploads\\\/sites\\\/2\\\/2024\\\/08\\\/pantanal1.jpg\",\"articleSection\":[\"Ambiente\",\"Principal\"],\"inLanguage\":\"es\",\"potentialAction\":[{\"@type\":\"CommentAction\",\"name\":\"Comment\",\"target\":[\"https:\\\/\\\/maderamen.com.ar\\\/desarrollo-forestal\\\/2024\\\/08\\\/22\\\/arde-el-pantanal-brasileno-el-mayor-humedal-del-mundo\\\/#respond\"]}]},{\"@type\":\"WebPage\",\"@id\":\"https:\\\/\\\/maderamen.com.ar\\\/desarrollo-forestal\\\/2024\\\/08\\\/22\\\/arde-el-pantanal-brasileno-el-mayor-humedal-del-mundo\\\/\",\"url\":\"https:\\\/\\\/maderamen.com.ar\\\/desarrollo-forestal\\\/2024\\\/08\\\/22\\\/arde-el-pantanal-brasileno-el-mayor-humedal-del-mundo\\\/\",\"name\":\"Arde el Pantanal brasile\u00f1o, el mayor humedal del mundo\",\"isPartOf\":{\"@id\":\"https:\\\/\\\/maderamen.com.ar\\\/desarrollo-forestal\\\/#website\"},\"primaryImageOfPage\":{\"@id\":\"https:\\\/\\\/maderamen.com.ar\\\/desarrollo-forestal\\\/2024\\\/08\\\/22\\\/arde-el-pantanal-brasileno-el-mayor-humedal-del-mundo\\\/#primaryimage\"},\"image\":{\"@id\":\"https:\\\/\\\/maderamen.com.ar\\\/desarrollo-forestal\\\/2024\\\/08\\\/22\\\/arde-el-pantanal-brasileno-el-mayor-humedal-del-mundo\\\/#primaryimage\"},\"thumbnailUrl\":\"https:\\\/\\\/maderamen.com.ar\\\/desarrollo-forestal\\\/wp-content\\\/uploads\\\/sites\\\/2\\\/2024\\\/08\\\/pantanal1.jpg\",\"datePublished\":\"2024-08-22T20:56:10+00:00\",\"description\":\"Arde el Pantanal brasile\u00f1o: 33% m\u00e1s que en el mismo periodo de 2020, que result\u00f3 ser el peor a\u00f1o desde que se realizan estos registros en 1998.\",\"breadcrumb\":{\"@id\":\"https:\\\/\\\/maderamen.com.ar\\\/desarrollo-forestal\\\/2024\\\/08\\\/22\\\/arde-el-pantanal-brasileno-el-mayor-humedal-del-mundo\\\/#breadcrumb\"},\"inLanguage\":\"es\",\"potentialAction\":[{\"@type\":\"ReadAction\",\"target\":[\"https:\\\/\\\/maderamen.com.ar\\\/desarrollo-forestal\\\/2024\\\/08\\\/22\\\/arde-el-pantanal-brasileno-el-mayor-humedal-del-mundo\\\/\"]}]},{\"@type\":\"ImageObject\",\"inLanguage\":\"es\",\"@id\":\"https:\\\/\\\/maderamen.com.ar\\\/desarrollo-forestal\\\/2024\\\/08\\\/22\\\/arde-el-pantanal-brasileno-el-mayor-humedal-del-mundo\\\/#primaryimage\",\"url\":\"https:\\\/\\\/maderamen.com.ar\\\/desarrollo-forestal\\\/wp-content\\\/uploads\\\/sites\\\/2\\\/2024\\\/08\\\/pantanal1.jpg\",\"contentUrl\":\"https:\\\/\\\/maderamen.com.ar\\\/desarrollo-forestal\\\/wp-content\\\/uploads\\\/sites\\\/2\\\/2024\\\/08\\\/pantanal1.jpg\",\"width\":1200,\"height\":675,\"caption\":\"Fotograf\u00eda a\u00e9rea que muestra un incendio forestal a finales de junio en el Pantanal brasile\u00f1o, en Corumb\u00e1, Brasil.\"},{\"@type\":\"BreadcrumbList\",\"@id\":\"https:\\\/\\\/maderamen.com.ar\\\/desarrollo-forestal\\\/2024\\\/08\\\/22\\\/arde-el-pantanal-brasileno-el-mayor-humedal-del-mundo\\\/#breadcrumb\",\"itemListElement\":[{\"@type\":\"ListItem\",\"position\":1,\"name\":\"Portada\",\"item\":\"https:\\\/\\\/maderamen.com.ar\\\/desarrollo-forestal\\\/\"},{\"@type\":\"ListItem\",\"position\":2,\"name\":\"Arde desde fines de junio el Pantanal brasile\u00f1o, el mayor humedal del mundo\"}]},{\"@type\":\"WebSite\",\"@id\":\"https:\\\/\\\/maderamen.com.ar\\\/desarrollo-forestal\\\/#website\",\"url\":\"https:\\\/\\\/maderamen.com.ar\\\/desarrollo-forestal\\\/\",\"name\":\"Desarrollo Forestal\",\"description\":\"Noticias del sector forestal\",\"publisher\":{\"@id\":\"https:\\\/\\\/maderamen.com.ar\\\/desarrollo-forestal\\\/#organization\"},\"potentialAction\":[{\"@type\":\"SearchAction\",\"target\":{\"@type\":\"EntryPoint\",\"urlTemplate\":\"https:\\\/\\\/maderamen.com.ar\\\/desarrollo-forestal\\\/?s={search_term_string}\"},\"query-input\":{\"@type\":\"PropertyValueSpecification\",\"valueRequired\":true,\"valueName\":\"search_term_string\"}}],\"inLanguage\":\"es\"},{\"@type\":\"Organization\",\"@id\":\"https:\\\/\\\/maderamen.com.ar\\\/desarrollo-forestal\\\/#organization\",\"name\":\"Maderamen\",\"url\":\"https:\\\/\\\/maderamen.com.ar\\\/desarrollo-forestal\\\/\",\"logo\":{\"@type\":\"ImageObject\",\"inLanguage\":\"es\",\"@id\":\"https:\\\/\\\/maderamen.com.ar\\\/desarrollo-forestal\\\/#\\\/schema\\\/logo\\\/image\\\/\",\"url\":\"https:\\\/\\\/maderamen.com.ar\\\/desarrollo-forestal\\\/wp-content\\\/uploads\\\/sites\\\/2\\\/2026\\\/03\\\/maderamen-emago.png\",\"contentUrl\":\"https:\\\/\\\/maderamen.com.ar\\\/desarrollo-forestal\\\/wp-content\\\/uploads\\\/sites\\\/2\\\/2026\\\/03\\\/maderamen-emago.png\",\"width\":250,\"height\":246,\"caption\":\"Maderamen\"},\"image\":{\"@id\":\"https:\\\/\\\/maderamen.com.ar\\\/desarrollo-forestal\\\/#\\\/schema\\\/logo\\\/image\\\/\"},\"sameAs\":[\"https:\\\/\\\/www.facebook.com\\\/Maderamen.Argentina\\\/\",\"https:\\\/\\\/x.com\\\/DesarrolloFores\",\"https:\\\/\\\/www.youtube.com\\\/channel\\\/UCeYU2-_JRTYYpgHoyhTT2Fg\",\"https:\\\/\\\/www.instagram.com\\\/maderamen.ok\\\/\",\"https:\\\/\\\/www.linkedin.com\\\/company\\\/maderameneditorial\\\/\"]},{\"@type\":\"Person\",\"@id\":\"https:\\\/\\\/maderamen.com.ar\\\/desarrollo-forestal\\\/#\\\/schema\\\/person\\\/c05f216a5663a04adfc7d62d87295459\",\"name\":\"Maderamen\",\"image\":{\"@type\":\"ImageObject\",\"inLanguage\":\"es\",\"@id\":\"https:\\\/\\\/secure.gravatar.com\\\/avatar\\\/6ff28763266ad14d7e42092eb3998ef25a67b8fd98e7000d6029e8a2e785dc10?s=96&d=mm&r=g\",\"url\":\"https:\\\/\\\/secure.gravatar.com\\\/avatar\\\/6ff28763266ad14d7e42092eb3998ef25a67b8fd98e7000d6029e8a2e785dc10?s=96&d=mm&r=g\",\"contentUrl\":\"https:\\\/\\\/secure.gravatar.com\\\/avatar\\\/6ff28763266ad14d7e42092eb3998ef25a67b8fd98e7000d6029e8a2e785dc10?s=96&d=mm&r=g\",\"caption\":\"Maderamen\"},\"url\":\"https:\\\/\\\/maderamen.com.ar\\\/desarrollo-forestal\\\/author\\\/maderamenadmin\\\/\"}]}<\/script>\n<!-- \/ Yoast SEO plugin. -->","yoast_head_json":{"title":"Arde el Pantanal brasile\u00f1o, el mayor humedal del mundo","description":"Arde el Pantanal brasile\u00f1o: 33% m\u00e1s que en el mismo periodo de 2020, que result\u00f3 ser el peor a\u00f1o desde que se realizan estos registros en 1998.","robots":{"index":"index","follow":"follow","max-snippet":"max-snippet:-1","max-image-preview":"max-image-preview:large","max-video-preview":"max-video-preview:-1"},"canonical":"https:\/\/maderamen.com.ar\/desarrollo-forestal\/2024\/08\/22\/arde-el-pantanal-brasileno-el-mayor-humedal-del-mundo\/","og_locale":"es_ES","og_type":"article","og_title":"Arde el Pantanal brasile\u00f1o, el mayor humedal del mundo","og_description":"Arde el Pantanal brasile\u00f1o: 33% m\u00e1s que en el mismo periodo de 2020, que result\u00f3 ser el peor a\u00f1o desde que se realizan estos registros en 1998.","og_url":"https:\/\/maderamen.com.ar\/desarrollo-forestal\/2024\/08\/22\/arde-el-pantanal-brasileno-el-mayor-humedal-del-mundo\/","og_site_name":"Desarrollo Forestal","article_publisher":"https:\/\/www.facebook.com\/Maderamen.Argentina\/","article_published_time":"2024-08-22T20:56:10+00:00","og_image":[{"width":1200,"height":675,"url":"https:\/\/maderamen.com.ar\/desarrollo-forestal\/wp-content\/uploads\/sites\/2\/2024\/08\/pantanal1.jpg","type":"image\/jpeg"}],"author":"Maderamen","twitter_card":"summary_large_image","twitter_creator":"@DesarrolloFores","twitter_site":"@DesarrolloFores","twitter_misc":{"Escrito por":"Maderamen","Tiempo de lectura":"5 minutos"},"schema":{"@context":"https:\/\/schema.org","@graph":[{"@type":"Article","@id":"https:\/\/maderamen.com.ar\/desarrollo-forestal\/2024\/08\/22\/arde-el-pantanal-brasileno-el-mayor-humedal-del-mundo\/#article","isPartOf":{"@id":"https:\/\/maderamen.com.ar\/desarrollo-forestal\/2024\/08\/22\/arde-el-pantanal-brasileno-el-mayor-humedal-del-mundo\/"},"author":{"name":"Maderamen","@id":"https:\/\/maderamen.com.ar\/desarrollo-forestal\/#\/schema\/person\/c05f216a5663a04adfc7d62d87295459"},"headline":"Arde desde fines de junio el Pantanal brasile\u00f1o, el mayor humedal del mundo","datePublished":"2024-08-22T20:56:10+00:00","mainEntityOfPage":{"@id":"https:\/\/maderamen.com.ar\/desarrollo-forestal\/2024\/08\/22\/arde-el-pantanal-brasileno-el-mayor-humedal-del-mundo\/"},"wordCount":1066,"commentCount":0,"publisher":{"@id":"https:\/\/maderamen.com.ar\/desarrollo-forestal\/#organization"},"image":{"@id":"https:\/\/maderamen.com.ar\/desarrollo-forestal\/2024\/08\/22\/arde-el-pantanal-brasileno-el-mayor-humedal-del-mundo\/#primaryimage"},"thumbnailUrl":"https:\/\/maderamen.com.ar\/desarrollo-forestal\/wp-content\/uploads\/sites\/2\/2024\/08\/pantanal1.jpg","articleSection":["Ambiente","Principal"],"inLanguage":"es","potentialAction":[{"@type":"CommentAction","name":"Comment","target":["https:\/\/maderamen.com.ar\/desarrollo-forestal\/2024\/08\/22\/arde-el-pantanal-brasileno-el-mayor-humedal-del-mundo\/#respond"]}]},{"@type":"WebPage","@id":"https:\/\/maderamen.com.ar\/desarrollo-forestal\/2024\/08\/22\/arde-el-pantanal-brasileno-el-mayor-humedal-del-mundo\/","url":"https:\/\/maderamen.com.ar\/desarrollo-forestal\/2024\/08\/22\/arde-el-pantanal-brasileno-el-mayor-humedal-del-mundo\/","name":"Arde el Pantanal brasile\u00f1o, el mayor humedal del mundo","isPartOf":{"@id":"https:\/\/maderamen.com.ar\/desarrollo-forestal\/#website"},"primaryImageOfPage":{"@id":"https:\/\/maderamen.com.ar\/desarrollo-forestal\/2024\/08\/22\/arde-el-pantanal-brasileno-el-mayor-humedal-del-mundo\/#primaryimage"},"image":{"@id":"https:\/\/maderamen.com.ar\/desarrollo-forestal\/2024\/08\/22\/arde-el-pantanal-brasileno-el-mayor-humedal-del-mundo\/#primaryimage"},"thumbnailUrl":"https:\/\/maderamen.com.ar\/desarrollo-forestal\/wp-content\/uploads\/sites\/2\/2024\/08\/pantanal1.jpg","datePublished":"2024-08-22T20:56:10+00:00","description":"Arde el Pantanal brasile\u00f1o: 33% m\u00e1s que en el mismo periodo de 2020, que result\u00f3 ser el peor a\u00f1o desde que se realizan estos registros en 1998.","breadcrumb":{"@id":"https:\/\/maderamen.com.ar\/desarrollo-forestal\/2024\/08\/22\/arde-el-pantanal-brasileno-el-mayor-humedal-del-mundo\/#breadcrumb"},"inLanguage":"es","potentialAction":[{"@type":"ReadAction","target":["https:\/\/maderamen.com.ar\/desarrollo-forestal\/2024\/08\/22\/arde-el-pantanal-brasileno-el-mayor-humedal-del-mundo\/"]}]},{"@type":"ImageObject","inLanguage":"es","@id":"https:\/\/maderamen.com.ar\/desarrollo-forestal\/2024\/08\/22\/arde-el-pantanal-brasileno-el-mayor-humedal-del-mundo\/#primaryimage","url":"https:\/\/maderamen.com.ar\/desarrollo-forestal\/wp-content\/uploads\/sites\/2\/2024\/08\/pantanal1.jpg","contentUrl":"https:\/\/maderamen.com.ar\/desarrollo-forestal\/wp-content\/uploads\/sites\/2\/2024\/08\/pantanal1.jpg","width":1200,"height":675,"caption":"Fotograf\u00eda a\u00e9rea que muestra un incendio forestal a finales de junio en el Pantanal brasile\u00f1o, en Corumb\u00e1, Brasil."},{"@type":"BreadcrumbList","@id":"https:\/\/maderamen.com.ar\/desarrollo-forestal\/2024\/08\/22\/arde-el-pantanal-brasileno-el-mayor-humedal-del-mundo\/#breadcrumb","itemListElement":[{"@type":"ListItem","position":1,"name":"Portada","item":"https:\/\/maderamen.com.ar\/desarrollo-forestal\/"},{"@type":"ListItem","position":2,"name":"Arde desde fines de junio el Pantanal brasile\u00f1o, el mayor humedal del mundo"}]},{"@type":"WebSite","@id":"https:\/\/maderamen.com.ar\/desarrollo-forestal\/#website","url":"https:\/\/maderamen.com.ar\/desarrollo-forestal\/","name":"Desarrollo Forestal","description":"Noticias del sector forestal","publisher":{"@id":"https:\/\/maderamen.com.ar\/desarrollo-forestal\/#organization"},"potentialAction":[{"@type":"SearchAction","target":{"@type":"EntryPoint","urlTemplate":"https:\/\/maderamen.com.ar\/desarrollo-forestal\/?s={search_term_string}"},"query-input":{"@type":"PropertyValueSpecification","valueRequired":true,"valueName":"search_term_string"}}],"inLanguage":"es"},{"@type":"Organization","@id":"https:\/\/maderamen.com.ar\/desarrollo-forestal\/#organization","name":"Maderamen","url":"https:\/\/maderamen.com.ar\/desarrollo-forestal\/","logo":{"@type":"ImageObject","inLanguage":"es","@id":"https:\/\/maderamen.com.ar\/desarrollo-forestal\/#\/schema\/logo\/image\/","url":"https:\/\/maderamen.com.ar\/desarrollo-forestal\/wp-content\/uploads\/sites\/2\/2026\/03\/maderamen-emago.png","contentUrl":"https:\/\/maderamen.com.ar\/desarrollo-forestal\/wp-content\/uploads\/sites\/2\/2026\/03\/maderamen-emago.png","width":250,"height":246,"caption":"Maderamen"},"image":{"@id":"https:\/\/maderamen.com.ar\/desarrollo-forestal\/#\/schema\/logo\/image\/"},"sameAs":["https:\/\/www.facebook.com\/Maderamen.Argentina\/","https:\/\/x.com\/DesarrolloFores","https:\/\/www.youtube.com\/channel\/UCeYU2-_JRTYYpgHoyhTT2Fg","https:\/\/www.instagram.com\/maderamen.ok\/","https:\/\/www.linkedin.com\/company\/maderameneditorial\/"]},{"@type":"Person","@id":"https:\/\/maderamen.com.ar\/desarrollo-forestal\/#\/schema\/person\/c05f216a5663a04adfc7d62d87295459","name":"Maderamen","image":{"@type":"ImageObject","inLanguage":"es","@id":"https:\/\/secure.gravatar.com\/avatar\/6ff28763266ad14d7e42092eb3998ef25a67b8fd98e7000d6029e8a2e785dc10?s=96&d=mm&r=g","url":"https:\/\/secure.gravatar.com\/avatar\/6ff28763266ad14d7e42092eb3998ef25a67b8fd98e7000d6029e8a2e785dc10?s=96&d=mm&r=g","contentUrl":"https:\/\/secure.gravatar.com\/avatar\/6ff28763266ad14d7e42092eb3998ef25a67b8fd98e7000d6029e8a2e785dc10?s=96&d=mm&r=g","caption":"Maderamen"},"url":"https:\/\/maderamen.com.ar\/desarrollo-forestal\/author\/maderamenadmin\/"}]}},"_links":{"self":[{"href":"https:\/\/maderamen.com.ar\/desarrollo-forestal\/wp-json\/wp\/v2\/posts\/16737","targetHints":{"allow":["GET"]}}],"collection":[{"href":"https:\/\/maderamen.com.ar\/desarrollo-forestal\/wp-json\/wp\/v2\/posts"}],"about":[{"href":"https:\/\/maderamen.com.ar\/desarrollo-forestal\/wp-json\/wp\/v2\/types\/post"}],"author":[{"embeddable":true,"href":"https:\/\/maderamen.com.ar\/desarrollo-forestal\/wp-json\/wp\/v2\/users\/6"}],"replies":[{"embeddable":true,"href":"https:\/\/maderamen.com.ar\/desarrollo-forestal\/wp-json\/wp\/v2\/comments?post=16737"}],"version-history":[{"count":0,"href":"https:\/\/maderamen.com.ar\/desarrollo-forestal\/wp-json\/wp\/v2\/posts\/16737\/revisions"}],"wp:featuredmedia":[{"embeddable":true,"href":"https:\/\/maderamen.com.ar\/desarrollo-forestal\/wp-json\/wp\/v2\/media\/16738"}],"wp:attachment":[{"href":"https:\/\/maderamen.com.ar\/desarrollo-forestal\/wp-json\/wp\/v2\/media?parent=16737"}],"wp:term":[{"taxonomy":"category","embeddable":true,"href":"https:\/\/maderamen.com.ar\/desarrollo-forestal\/wp-json\/wp\/v2\/categories?post=16737"},{"taxonomy":"post_tag","embeddable":true,"href":"https:\/\/maderamen.com.ar\/desarrollo-forestal\/wp-json\/wp\/v2\/tags?post=16737"}],"curies":[{"name":"wp","href":"https:\/\/api.w.org\/{rel}","templated":true}]}}