{"id":16232,"date":"2024-01-03T12:01:57","date_gmt":"2024-01-03T15:01:57","guid":{"rendered":"https:\/\/maderamen.com.ar\/desarrollo-forestal\/?p=16232"},"modified":"2024-01-03T12:01:58","modified_gmt":"2024-01-03T15:01:58","slug":"sin-plan-de-manejo-del-fuego-hubo-246-despidos-a-fines-de-2023","status":"publish","type":"post","link":"https:\/\/maderamen.com.ar\/desarrollo-forestal\/2024\/01\/03\/sin-plan-de-manejo-del-fuego-hubo-246-despidos-a-fines-de-2023\/","title":{"rendered":"Sin Plan de Manejo del Fuego, hubo 246 despidos a fines de 2023"},"content":{"rendered":"\n<p><strong>Sin Plan de Manejo del Fuego, el gobierno nacional ech\u00f3 a 246 trabajadores del \u00e1rea en el \u00faltimo d\u00eda h\u00e1bil de 2023. R\u00edo Negro se declar\u00f3 en emergencia \u00edgnea. Fuente: Tiempo Argentino.<\/strong><\/p>\n\n\n\n<p>Lejos de las grandes urbes, el territorio argentino\ntiene 18.275.722 hect\u00e1reas que son parques nacionales y \u00e1reas protegidas.<\/p>\n\n\n\n<p>Hasta el momento, se encuentran bajo la\nconservaci\u00f3n, protecci\u00f3n y cogesti\u00f3n de la Administraci\u00f3n de Parques Nacionales\n(APN). <\/p>\n\n\n\n<p>Sin embargo, no hay ninguna autoridad nombrada para\nsu funcionamiento y s\u00f3lo se sabe que pas\u00f3 a depender del Ministerio del\nInterior.<\/p>\n\n\n\n<p>No obstante, los Decretos de Necesidad y Urgencia\n70\/23, 84\/23 y el proyecto de Ley \u00d3mnibus afectan de manera directa el\nfuncionamiento y continuidad de este organismo.<\/p>\n\n\n\n<p>El DNU 70\/23 dispone la derogaci\u00f3n de la Ley de\nTierras Rurales y el proyecto de Ley \u00d3mnibus pretende modificar las leyes de\nBosques nativos, desfinanci\u00e1ndola y permitiendo el desmonte.<\/p>\n\n\n\n<p>La de Manejo del Fuego abre la puerta a la quema\nintencional de campos y la de Glaciares permite la actividad minera en estas\nzonas.<\/p>\n\n\n\n<h4 class=\"wp-block-heading\">Parques Nacionales<\/h4>\n\n\n\n<p>Entre otras consecuencias, este combo pone en\ncrisis la existencia misma de una autoridad regulatoria de Parques Nacionales.<\/p>\n\n\n\n<p>Los privados ans\u00edan tierras protegidas, y los\ntrabajadores y trabajadoras se encuentran en alerta.<\/p>\n\n\n\n<p>No solo ante los posibles despidos sino sobre todo\npor lo que pueda pasar con los territorios y la inercia del gobierno sin un\nplan de acci\u00f3n y prevenci\u00f3n ante la llegada del verano, temporada alta de\nincendios.<\/p>\n\n\n\n<p>Los Parques Nacionales cuentan con 2.300\ntrabajadores. La mitad son planta permanente; el resto, transitoria.<\/p>\n\n\n\n<h4 class=\"wp-block-heading\">Tareas variadas<\/h4>\n\n\n\n<p>Las tareas que cumplen no son solo administrativas: hay cient\u00edficos que investigan la biodiversidad, brigadistas que act\u00faan en los incendios forestales o dan respuesta a los accidentes de monta\u00f1a.<\/p>\n\n\n\n<figure class=\"wp-block-image\"><img loading=\"lazy\" decoding=\"async\" width=\"1400\" height=\"934\" src=\"https:\/\/maderamen.com.ar\/desarrollo-forestal\/wp-content\/uploads\/sites\/2\/2024\/01\/manejofuego2-03-01-24.jpg\" alt=\"sin plan manejo fuego\" class=\"wp-image-16234\" \/><\/figure>\n\n\n\n<p>Tambi\u00e9n hay brigadas que hacen se\u00f1alizaci\u00f3n y mantenimiento de los senderos; y deben monitorear cada Parque ante posibles destrozos, robos o fuegos intencionales. <\/p>\n\n\n\n<p>Todos los a\u00f1os se actualiza o se renueva el\npersonal. <\/p>\n\n\n\n<p>El DNU 84\/23 afecta de forma directa la continuidad\nlaboral de 246 de esas personas que ingresaron durante 2023. Alrededor de un\n10% del total.<\/p>\n\n\n\n<p>Tambi\u00e9n limita la vigencia de los dem\u00e1s contratos\npor tres meses, sujetos a una revisi\u00f3n.<\/p>\n\n\n\n<p>\u201cEse decreto no da tiempo de planificar a futuro tareas\nde investigaci\u00f3n, de profesionalizaci\u00f3n o de ning\u00fan tipo\u201d, remarca Andrea\nTorres, brigadista desde hace 10 a\u00f1os y planta transitoria en el Parque\nNacional Los Glaciares.<\/p>\n\n\n\n<p>La seccional donde trabaja, en El Chalt\u00e9n, tiene 21\ntrabajadores de los cuales 18 son planta transitoria.<\/p>\n\n\n\n<p>El n\u00famero es m\u00ednimo ante el aluvi\u00f3n de personas \u2013sobre todo extranjeras\u2013 que llegan a la <a href=\"https:\/\/maderamen.com.ar\/desarrollo-forestal\/2021\/12\/28\/incendios-forestales-hay-cinco-provincias-con-focos-activos\/\" target=\"_blank\" rel=\"noreferrer noopener\" aria-label=\"Patagonia (abre en una nueva pesta\u00f1a)\">Patagonia<\/a>. <\/p>\n\n\n\n<p>Ni que hablar si se producen incendios forestales.\nEn El Chalt\u00e9n hay casi un trabajador\/a cada 10 mil hect\u00e1reas.<\/p>\n\n\n\n<h4 class=\"wp-block-heading\">R\u00edo Negro se declar\u00f3 en\nemergencia \u00edgnea<\/h4>\n\n\n\n<p>En este contexto de despidos en Parques Nacionales,\nAlberto Weretilneck, gobernador de R\u00edo Negro, declar\u00f3 a fines de 2023 la\nemergencia \u00edgnea por riesgo extremo de incendios hasta abril de 2024. <\/p>\n\n\n\n<p>Durante el a\u00f1o 2022 hubo 287.685 focos de llamas\nque fueron atendidos por las provincias y el Sistema Nacional de Manejo del\nFuego. <\/p>\n\n\n\n<p>El \u00c1rea de incendios, comunicaciones y emergencias\nde Parques Nacionales re\u00fane a 436 combatientes y especialistas en emergencias,\nb\u00fasqueda y rescate de personas que tienen a su cuidado las 5 millones de\nhect\u00e1reas terrestres. <\/p>\n\n\n\n<p>Por su parte, el Servicio Nacional, con 200\nprofesionales, son la reserva de las provincias en caso de incendios y\nemergencias de magnitud.<\/p>\n\n\n\n<p>Fuente: Tiempo Argentino.<\/p>\n\n\n\n<p>Fotos: T\u00e9lam. <\/p>\n","protected":false},"excerpt":{"rendered":"<p>Sin Plan de Manejo del Fuego, el gobierno nacional ech\u00f3 a 246 trabajadores del \u00e1rea en el \u00faltimo d\u00eda h\u00e1bil de 2023. R\u00edo Negro se declar\u00f3 en emergencia \u00edgnea. Fuente: Tiempo Argentino. Lejos de las grandes urbes, el territorio argentino tiene 18.275.722 hect\u00e1reas que son parques nacionales y \u00e1reas protegidas. Hasta el momento, se encuentran [&hellip;]<\/p>\n","protected":false},"author":6,"featured_media":16233,"comment_status":"open","ping_status":"open","sticky":false,"template":"","format":"standard","meta":{"footnotes":""},"categories":[3,10],"tags":[],"class_list":{"0":"post-16232","1":"post","2":"type-post","3":"status-publish","4":"format-standard","5":"has-post-thumbnail","7":"category-ambiente","8":"category-featured"},"yoast_head":"<!-- This site is optimized with the Yoast SEO plugin v27.4 - https:\/\/yoast.com\/product\/yoast-seo-wordpress\/ -->\n<title>Sin Plan de Manejo del Fuego, hubo 246 despidos a fines de 2023<\/title>\n<meta name=\"description\" content=\"Sin Plan de Manejo del Fuego, el gobierno nacional ech\u00f3 a 246 trabajadores del \u00e1rea en el \u00faltimo d\u00eda h\u00e1bil de 2023. R\u00edo Negro, en emergencia \u00edgnea.\" \/>\n<meta name=\"robots\" content=\"index, follow, max-snippet:-1, max-image-preview:large, max-video-preview:-1\" \/>\n<link rel=\"canonical\" href=\"https:\/\/maderamen.com.ar\/desarrollo-forestal\/2024\/01\/03\/sin-plan-de-manejo-del-fuego-hubo-246-despidos-a-fines-de-2023\/\" \/>\n<meta property=\"og:locale\" content=\"es_ES\" \/>\n<meta property=\"og:type\" content=\"article\" \/>\n<meta property=\"og:title\" content=\"Sin Plan de Manejo del Fuego, hubo 246 despidos a fines de 2023\" \/>\n<meta property=\"og:description\" content=\"Sin Plan de Manejo del Fuego, el gobierno nacional ech\u00f3 a 246 trabajadores del \u00e1rea en el \u00faltimo d\u00eda h\u00e1bil de 2023. R\u00edo Negro, en emergencia \u00edgnea.\" \/>\n<meta property=\"og:url\" content=\"https:\/\/maderamen.com.ar\/desarrollo-forestal\/2024\/01\/03\/sin-plan-de-manejo-del-fuego-hubo-246-despidos-a-fines-de-2023\/\" \/>\n<meta property=\"og:site_name\" content=\"Desarrollo Forestal\" \/>\n<meta property=\"article:publisher\" content=\"https:\/\/www.facebook.com\/Maderamen.Argentina\/\" \/>\n<meta property=\"article:published_time\" content=\"2024-01-03T15:01:57+00:00\" \/>\n<meta property=\"article:modified_time\" content=\"2024-01-03T15:01:58+00:00\" \/>\n<meta property=\"og:image\" content=\"https:\/\/maderamen.com.ar\/desarrollo-forestal\/wp-content\/uploads\/sites\/2\/2024\/01\/manejofuego1-03-01-24.jpg\" \/>\n\t<meta property=\"og:image:width\" content=\"1400\" \/>\n\t<meta property=\"og:image:height\" content=\"700\" \/>\n\t<meta property=\"og:image:type\" content=\"image\/jpeg\" \/>\n<meta name=\"author\" content=\"Maderamen\" \/>\n<meta name=\"twitter:card\" content=\"summary_large_image\" \/>\n<meta name=\"twitter:creator\" content=\"@DesarrolloFores\" \/>\n<meta name=\"twitter:site\" content=\"@DesarrolloFores\" \/>\n<meta name=\"twitter:label1\" content=\"Escrito por\" \/>\n\t<meta name=\"twitter:data1\" content=\"Maderamen\" \/>\n\t<meta name=\"twitter:label2\" content=\"Tiempo de lectura\" \/>\n\t<meta name=\"twitter:data2\" content=\"3 minutos\" \/>\n<script type=\"application\/ld+json\" class=\"yoast-schema-graph\">{\"@context\":\"https:\\\/\\\/schema.org\",\"@graph\":[{\"@type\":\"Article\",\"@id\":\"https:\\\/\\\/maderamen.com.ar\\\/desarrollo-forestal\\\/2024\\\/01\\\/03\\\/sin-plan-de-manejo-del-fuego-hubo-246-despidos-a-fines-de-2023\\\/#article\",\"isPartOf\":{\"@id\":\"https:\\\/\\\/maderamen.com.ar\\\/desarrollo-forestal\\\/2024\\\/01\\\/03\\\/sin-plan-de-manejo-del-fuego-hubo-246-despidos-a-fines-de-2023\\\/\"},\"author\":{\"name\":\"Maderamen\",\"@id\":\"https:\\\/\\\/maderamen.com.ar\\\/desarrollo-forestal\\\/#\\\/schema\\\/person\\\/c05f216a5663a04adfc7d62d87295459\"},\"headline\":\"Sin Plan de Manejo del Fuego, hubo 246 despidos a fines de 2023\",\"datePublished\":\"2024-01-03T15:01:57+00:00\",\"dateModified\":\"2024-01-03T15:01:58+00:00\",\"mainEntityOfPage\":{\"@id\":\"https:\\\/\\\/maderamen.com.ar\\\/desarrollo-forestal\\\/2024\\\/01\\\/03\\\/sin-plan-de-manejo-del-fuego-hubo-246-despidos-a-fines-de-2023\\\/\"},\"wordCount\":605,\"commentCount\":0,\"publisher\":{\"@id\":\"https:\\\/\\\/maderamen.com.ar\\\/desarrollo-forestal\\\/#organization\"},\"image\":{\"@id\":\"https:\\\/\\\/maderamen.com.ar\\\/desarrollo-forestal\\\/2024\\\/01\\\/03\\\/sin-plan-de-manejo-del-fuego-hubo-246-despidos-a-fines-de-2023\\\/#primaryimage\"},\"thumbnailUrl\":\"https:\\\/\\\/maderamen.com.ar\\\/desarrollo-forestal\\\/wp-content\\\/uploads\\\/sites\\\/2\\\/2024\\\/01\\\/manejofuego1-03-01-24.jpg\",\"articleSection\":[\"Ambiente\",\"Principal\"],\"inLanguage\":\"es\",\"potentialAction\":[{\"@type\":\"CommentAction\",\"name\":\"Comment\",\"target\":[\"https:\\\/\\\/maderamen.com.ar\\\/desarrollo-forestal\\\/2024\\\/01\\\/03\\\/sin-plan-de-manejo-del-fuego-hubo-246-despidos-a-fines-de-2023\\\/#respond\"]}]},{\"@type\":\"WebPage\",\"@id\":\"https:\\\/\\\/maderamen.com.ar\\\/desarrollo-forestal\\\/2024\\\/01\\\/03\\\/sin-plan-de-manejo-del-fuego-hubo-246-despidos-a-fines-de-2023\\\/\",\"url\":\"https:\\\/\\\/maderamen.com.ar\\\/desarrollo-forestal\\\/2024\\\/01\\\/03\\\/sin-plan-de-manejo-del-fuego-hubo-246-despidos-a-fines-de-2023\\\/\",\"name\":\"Sin Plan de Manejo del Fuego, hubo 246 despidos a fines de 2023\",\"isPartOf\":{\"@id\":\"https:\\\/\\\/maderamen.com.ar\\\/desarrollo-forestal\\\/#website\"},\"primaryImageOfPage\":{\"@id\":\"https:\\\/\\\/maderamen.com.ar\\\/desarrollo-forestal\\\/2024\\\/01\\\/03\\\/sin-plan-de-manejo-del-fuego-hubo-246-despidos-a-fines-de-2023\\\/#primaryimage\"},\"image\":{\"@id\":\"https:\\\/\\\/maderamen.com.ar\\\/desarrollo-forestal\\\/2024\\\/01\\\/03\\\/sin-plan-de-manejo-del-fuego-hubo-246-despidos-a-fines-de-2023\\\/#primaryimage\"},\"thumbnailUrl\":\"https:\\\/\\\/maderamen.com.ar\\\/desarrollo-forestal\\\/wp-content\\\/uploads\\\/sites\\\/2\\\/2024\\\/01\\\/manejofuego1-03-01-24.jpg\",\"datePublished\":\"2024-01-03T15:01:57+00:00\",\"dateModified\":\"2024-01-03T15:01:58+00:00\",\"description\":\"Sin Plan de Manejo del Fuego, el gobierno nacional ech\u00f3 a 246 trabajadores del \u00e1rea en el \u00faltimo d\u00eda h\u00e1bil de 2023. R\u00edo Negro, en emergencia \u00edgnea.\",\"breadcrumb\":{\"@id\":\"https:\\\/\\\/maderamen.com.ar\\\/desarrollo-forestal\\\/2024\\\/01\\\/03\\\/sin-plan-de-manejo-del-fuego-hubo-246-despidos-a-fines-de-2023\\\/#breadcrumb\"},\"inLanguage\":\"es\",\"potentialAction\":[{\"@type\":\"ReadAction\",\"target\":[\"https:\\\/\\\/maderamen.com.ar\\\/desarrollo-forestal\\\/2024\\\/01\\\/03\\\/sin-plan-de-manejo-del-fuego-hubo-246-despidos-a-fines-de-2023\\\/\"]}]},{\"@type\":\"ImageObject\",\"inLanguage\":\"es\",\"@id\":\"https:\\\/\\\/maderamen.com.ar\\\/desarrollo-forestal\\\/2024\\\/01\\\/03\\\/sin-plan-de-manejo-del-fuego-hubo-246-despidos-a-fines-de-2023\\\/#primaryimage\",\"url\":\"https:\\\/\\\/maderamen.com.ar\\\/desarrollo-forestal\\\/wp-content\\\/uploads\\\/sites\\\/2\\\/2024\\\/01\\\/manejofuego1-03-01-24.jpg\",\"contentUrl\":\"https:\\\/\\\/maderamen.com.ar\\\/desarrollo-forestal\\\/wp-content\\\/uploads\\\/sites\\\/2\\\/2024\\\/01\\\/manejofuego1-03-01-24.jpg\",\"width\":1400,\"height\":700,\"caption\":\"Incendios en C\u00f3rdoba.\"},{\"@type\":\"BreadcrumbList\",\"@id\":\"https:\\\/\\\/maderamen.com.ar\\\/desarrollo-forestal\\\/2024\\\/01\\\/03\\\/sin-plan-de-manejo-del-fuego-hubo-246-despidos-a-fines-de-2023\\\/#breadcrumb\",\"itemListElement\":[{\"@type\":\"ListItem\",\"position\":1,\"name\":\"Portada\",\"item\":\"https:\\\/\\\/maderamen.com.ar\\\/desarrollo-forestal\\\/\"},{\"@type\":\"ListItem\",\"position\":2,\"name\":\"Sin Plan de Manejo del Fuego, hubo 246 despidos a fines de 2023\"}]},{\"@type\":\"WebSite\",\"@id\":\"https:\\\/\\\/maderamen.com.ar\\\/desarrollo-forestal\\\/#website\",\"url\":\"https:\\\/\\\/maderamen.com.ar\\\/desarrollo-forestal\\\/\",\"name\":\"Desarrollo Forestal\",\"description\":\"Noticias del sector forestal\",\"publisher\":{\"@id\":\"https:\\\/\\\/maderamen.com.ar\\\/desarrollo-forestal\\\/#organization\"},\"potentialAction\":[{\"@type\":\"SearchAction\",\"target\":{\"@type\":\"EntryPoint\",\"urlTemplate\":\"https:\\\/\\\/maderamen.com.ar\\\/desarrollo-forestal\\\/?s={search_term_string}\"},\"query-input\":{\"@type\":\"PropertyValueSpecification\",\"valueRequired\":true,\"valueName\":\"search_term_string\"}}],\"inLanguage\":\"es\"},{\"@type\":\"Organization\",\"@id\":\"https:\\\/\\\/maderamen.com.ar\\\/desarrollo-forestal\\\/#organization\",\"name\":\"Maderamen\",\"url\":\"https:\\\/\\\/maderamen.com.ar\\\/desarrollo-forestal\\\/\",\"logo\":{\"@type\":\"ImageObject\",\"inLanguage\":\"es\",\"@id\":\"https:\\\/\\\/maderamen.com.ar\\\/desarrollo-forestal\\\/#\\\/schema\\\/logo\\\/image\\\/\",\"url\":\"https:\\\/\\\/maderamen.com.ar\\\/desarrollo-forestal\\\/wp-content\\\/uploads\\\/sites\\\/2\\\/2026\\\/03\\\/maderamen-emago.png\",\"contentUrl\":\"https:\\\/\\\/maderamen.com.ar\\\/desarrollo-forestal\\\/wp-content\\\/uploads\\\/sites\\\/2\\\/2026\\\/03\\\/maderamen-emago.png\",\"width\":250,\"height\":246,\"caption\":\"Maderamen\"},\"image\":{\"@id\":\"https:\\\/\\\/maderamen.com.ar\\\/desarrollo-forestal\\\/#\\\/schema\\\/logo\\\/image\\\/\"},\"sameAs\":[\"https:\\\/\\\/www.facebook.com\\\/Maderamen.Argentina\\\/\",\"https:\\\/\\\/x.com\\\/DesarrolloFores\",\"https:\\\/\\\/www.youtube.com\\\/channel\\\/UCeYU2-_JRTYYpgHoyhTT2Fg\",\"https:\\\/\\\/www.instagram.com\\\/maderamen.ok\\\/\",\"https:\\\/\\\/www.linkedin.com\\\/company\\\/maderameneditorial\\\/\"]},{\"@type\":\"Person\",\"@id\":\"https:\\\/\\\/maderamen.com.ar\\\/desarrollo-forestal\\\/#\\\/schema\\\/person\\\/c05f216a5663a04adfc7d62d87295459\",\"name\":\"Maderamen\",\"image\":{\"@type\":\"ImageObject\",\"inLanguage\":\"es\",\"@id\":\"https:\\\/\\\/secure.gravatar.com\\\/avatar\\\/6ff28763266ad14d7e42092eb3998ef25a67b8fd98e7000d6029e8a2e785dc10?s=96&d=mm&r=g\",\"url\":\"https:\\\/\\\/secure.gravatar.com\\\/avatar\\\/6ff28763266ad14d7e42092eb3998ef25a67b8fd98e7000d6029e8a2e785dc10?s=96&d=mm&r=g\",\"contentUrl\":\"https:\\\/\\\/secure.gravatar.com\\\/avatar\\\/6ff28763266ad14d7e42092eb3998ef25a67b8fd98e7000d6029e8a2e785dc10?s=96&d=mm&r=g\",\"caption\":\"Maderamen\"},\"url\":\"https:\\\/\\\/maderamen.com.ar\\\/desarrollo-forestal\\\/author\\\/maderamenadmin\\\/\"}]}<\/script>\n<!-- \/ Yoast SEO plugin. -->","yoast_head_json":{"title":"Sin Plan de Manejo del Fuego, hubo 246 despidos a fines de 2023","description":"Sin Plan de Manejo del Fuego, el gobierno nacional ech\u00f3 a 246 trabajadores del \u00e1rea en el \u00faltimo d\u00eda h\u00e1bil de 2023. R\u00edo Negro, en emergencia \u00edgnea.","robots":{"index":"index","follow":"follow","max-snippet":"max-snippet:-1","max-image-preview":"max-image-preview:large","max-video-preview":"max-video-preview:-1"},"canonical":"https:\/\/maderamen.com.ar\/desarrollo-forestal\/2024\/01\/03\/sin-plan-de-manejo-del-fuego-hubo-246-despidos-a-fines-de-2023\/","og_locale":"es_ES","og_type":"article","og_title":"Sin Plan de Manejo del Fuego, hubo 246 despidos a fines de 2023","og_description":"Sin Plan de Manejo del Fuego, el gobierno nacional ech\u00f3 a 246 trabajadores del \u00e1rea en el \u00faltimo d\u00eda h\u00e1bil de 2023. R\u00edo Negro, en emergencia \u00edgnea.","og_url":"https:\/\/maderamen.com.ar\/desarrollo-forestal\/2024\/01\/03\/sin-plan-de-manejo-del-fuego-hubo-246-despidos-a-fines-de-2023\/","og_site_name":"Desarrollo Forestal","article_publisher":"https:\/\/www.facebook.com\/Maderamen.Argentina\/","article_published_time":"2024-01-03T15:01:57+00:00","article_modified_time":"2024-01-03T15:01:58+00:00","og_image":[{"width":1400,"height":700,"url":"https:\/\/maderamen.com.ar\/desarrollo-forestal\/wp-content\/uploads\/sites\/2\/2024\/01\/manejofuego1-03-01-24.jpg","type":"image\/jpeg"}],"author":"Maderamen","twitter_card":"summary_large_image","twitter_creator":"@DesarrolloFores","twitter_site":"@DesarrolloFores","twitter_misc":{"Escrito por":"Maderamen","Tiempo de lectura":"3 minutos"},"schema":{"@context":"https:\/\/schema.org","@graph":[{"@type":"Article","@id":"https:\/\/maderamen.com.ar\/desarrollo-forestal\/2024\/01\/03\/sin-plan-de-manejo-del-fuego-hubo-246-despidos-a-fines-de-2023\/#article","isPartOf":{"@id":"https:\/\/maderamen.com.ar\/desarrollo-forestal\/2024\/01\/03\/sin-plan-de-manejo-del-fuego-hubo-246-despidos-a-fines-de-2023\/"},"author":{"name":"Maderamen","@id":"https:\/\/maderamen.com.ar\/desarrollo-forestal\/#\/schema\/person\/c05f216a5663a04adfc7d62d87295459"},"headline":"Sin Plan de Manejo del Fuego, hubo 246 despidos a fines de 2023","datePublished":"2024-01-03T15:01:57+00:00","dateModified":"2024-01-03T15:01:58+00:00","mainEntityOfPage":{"@id":"https:\/\/maderamen.com.ar\/desarrollo-forestal\/2024\/01\/03\/sin-plan-de-manejo-del-fuego-hubo-246-despidos-a-fines-de-2023\/"},"wordCount":605,"commentCount":0,"publisher":{"@id":"https:\/\/maderamen.com.ar\/desarrollo-forestal\/#organization"},"image":{"@id":"https:\/\/maderamen.com.ar\/desarrollo-forestal\/2024\/01\/03\/sin-plan-de-manejo-del-fuego-hubo-246-despidos-a-fines-de-2023\/#primaryimage"},"thumbnailUrl":"https:\/\/maderamen.com.ar\/desarrollo-forestal\/wp-content\/uploads\/sites\/2\/2024\/01\/manejofuego1-03-01-24.jpg","articleSection":["Ambiente","Principal"],"inLanguage":"es","potentialAction":[{"@type":"CommentAction","name":"Comment","target":["https:\/\/maderamen.com.ar\/desarrollo-forestal\/2024\/01\/03\/sin-plan-de-manejo-del-fuego-hubo-246-despidos-a-fines-de-2023\/#respond"]}]},{"@type":"WebPage","@id":"https:\/\/maderamen.com.ar\/desarrollo-forestal\/2024\/01\/03\/sin-plan-de-manejo-del-fuego-hubo-246-despidos-a-fines-de-2023\/","url":"https:\/\/maderamen.com.ar\/desarrollo-forestal\/2024\/01\/03\/sin-plan-de-manejo-del-fuego-hubo-246-despidos-a-fines-de-2023\/","name":"Sin Plan de Manejo del Fuego, hubo 246 despidos a fines de 2023","isPartOf":{"@id":"https:\/\/maderamen.com.ar\/desarrollo-forestal\/#website"},"primaryImageOfPage":{"@id":"https:\/\/maderamen.com.ar\/desarrollo-forestal\/2024\/01\/03\/sin-plan-de-manejo-del-fuego-hubo-246-despidos-a-fines-de-2023\/#primaryimage"},"image":{"@id":"https:\/\/maderamen.com.ar\/desarrollo-forestal\/2024\/01\/03\/sin-plan-de-manejo-del-fuego-hubo-246-despidos-a-fines-de-2023\/#primaryimage"},"thumbnailUrl":"https:\/\/maderamen.com.ar\/desarrollo-forestal\/wp-content\/uploads\/sites\/2\/2024\/01\/manejofuego1-03-01-24.jpg","datePublished":"2024-01-03T15:01:57+00:00","dateModified":"2024-01-03T15:01:58+00:00","description":"Sin Plan de Manejo del Fuego, el gobierno nacional ech\u00f3 a 246 trabajadores del \u00e1rea en el \u00faltimo d\u00eda h\u00e1bil de 2023. R\u00edo Negro, en emergencia \u00edgnea.","breadcrumb":{"@id":"https:\/\/maderamen.com.ar\/desarrollo-forestal\/2024\/01\/03\/sin-plan-de-manejo-del-fuego-hubo-246-despidos-a-fines-de-2023\/#breadcrumb"},"inLanguage":"es","potentialAction":[{"@type":"ReadAction","target":["https:\/\/maderamen.com.ar\/desarrollo-forestal\/2024\/01\/03\/sin-plan-de-manejo-del-fuego-hubo-246-despidos-a-fines-de-2023\/"]}]},{"@type":"ImageObject","inLanguage":"es","@id":"https:\/\/maderamen.com.ar\/desarrollo-forestal\/2024\/01\/03\/sin-plan-de-manejo-del-fuego-hubo-246-despidos-a-fines-de-2023\/#primaryimage","url":"https:\/\/maderamen.com.ar\/desarrollo-forestal\/wp-content\/uploads\/sites\/2\/2024\/01\/manejofuego1-03-01-24.jpg","contentUrl":"https:\/\/maderamen.com.ar\/desarrollo-forestal\/wp-content\/uploads\/sites\/2\/2024\/01\/manejofuego1-03-01-24.jpg","width":1400,"height":700,"caption":"Incendios en C\u00f3rdoba."},{"@type":"BreadcrumbList","@id":"https:\/\/maderamen.com.ar\/desarrollo-forestal\/2024\/01\/03\/sin-plan-de-manejo-del-fuego-hubo-246-despidos-a-fines-de-2023\/#breadcrumb","itemListElement":[{"@type":"ListItem","position":1,"name":"Portada","item":"https:\/\/maderamen.com.ar\/desarrollo-forestal\/"},{"@type":"ListItem","position":2,"name":"Sin Plan de Manejo del Fuego, hubo 246 despidos a fines de 2023"}]},{"@type":"WebSite","@id":"https:\/\/maderamen.com.ar\/desarrollo-forestal\/#website","url":"https:\/\/maderamen.com.ar\/desarrollo-forestal\/","name":"Desarrollo Forestal","description":"Noticias del sector forestal","publisher":{"@id":"https:\/\/maderamen.com.ar\/desarrollo-forestal\/#organization"},"potentialAction":[{"@type":"SearchAction","target":{"@type":"EntryPoint","urlTemplate":"https:\/\/maderamen.com.ar\/desarrollo-forestal\/?s={search_term_string}"},"query-input":{"@type":"PropertyValueSpecification","valueRequired":true,"valueName":"search_term_string"}}],"inLanguage":"es"},{"@type":"Organization","@id":"https:\/\/maderamen.com.ar\/desarrollo-forestal\/#organization","name":"Maderamen","url":"https:\/\/maderamen.com.ar\/desarrollo-forestal\/","logo":{"@type":"ImageObject","inLanguage":"es","@id":"https:\/\/maderamen.com.ar\/desarrollo-forestal\/#\/schema\/logo\/image\/","url":"https:\/\/maderamen.com.ar\/desarrollo-forestal\/wp-content\/uploads\/sites\/2\/2026\/03\/maderamen-emago.png","contentUrl":"https:\/\/maderamen.com.ar\/desarrollo-forestal\/wp-content\/uploads\/sites\/2\/2026\/03\/maderamen-emago.png","width":250,"height":246,"caption":"Maderamen"},"image":{"@id":"https:\/\/maderamen.com.ar\/desarrollo-forestal\/#\/schema\/logo\/image\/"},"sameAs":["https:\/\/www.facebook.com\/Maderamen.Argentina\/","https:\/\/x.com\/DesarrolloFores","https:\/\/www.youtube.com\/channel\/UCeYU2-_JRTYYpgHoyhTT2Fg","https:\/\/www.instagram.com\/maderamen.ok\/","https:\/\/www.linkedin.com\/company\/maderameneditorial\/"]},{"@type":"Person","@id":"https:\/\/maderamen.com.ar\/desarrollo-forestal\/#\/schema\/person\/c05f216a5663a04adfc7d62d87295459","name":"Maderamen","image":{"@type":"ImageObject","inLanguage":"es","@id":"https:\/\/secure.gravatar.com\/avatar\/6ff28763266ad14d7e42092eb3998ef25a67b8fd98e7000d6029e8a2e785dc10?s=96&d=mm&r=g","url":"https:\/\/secure.gravatar.com\/avatar\/6ff28763266ad14d7e42092eb3998ef25a67b8fd98e7000d6029e8a2e785dc10?s=96&d=mm&r=g","contentUrl":"https:\/\/secure.gravatar.com\/avatar\/6ff28763266ad14d7e42092eb3998ef25a67b8fd98e7000d6029e8a2e785dc10?s=96&d=mm&r=g","caption":"Maderamen"},"url":"https:\/\/maderamen.com.ar\/desarrollo-forestal\/author\/maderamenadmin\/"}]}},"_links":{"self":[{"href":"https:\/\/maderamen.com.ar\/desarrollo-forestal\/wp-json\/wp\/v2\/posts\/16232","targetHints":{"allow":["GET"]}}],"collection":[{"href":"https:\/\/maderamen.com.ar\/desarrollo-forestal\/wp-json\/wp\/v2\/posts"}],"about":[{"href":"https:\/\/maderamen.com.ar\/desarrollo-forestal\/wp-json\/wp\/v2\/types\/post"}],"author":[{"embeddable":true,"href":"https:\/\/maderamen.com.ar\/desarrollo-forestal\/wp-json\/wp\/v2\/users\/6"}],"replies":[{"embeddable":true,"href":"https:\/\/maderamen.com.ar\/desarrollo-forestal\/wp-json\/wp\/v2\/comments?post=16232"}],"version-history":[{"count":0,"href":"https:\/\/maderamen.com.ar\/desarrollo-forestal\/wp-json\/wp\/v2\/posts\/16232\/revisions"}],"wp:featuredmedia":[{"embeddable":true,"href":"https:\/\/maderamen.com.ar\/desarrollo-forestal\/wp-json\/wp\/v2\/media\/16233"}],"wp:attachment":[{"href":"https:\/\/maderamen.com.ar\/desarrollo-forestal\/wp-json\/wp\/v2\/media?parent=16232"}],"wp:term":[{"taxonomy":"category","embeddable":true,"href":"https:\/\/maderamen.com.ar\/desarrollo-forestal\/wp-json\/wp\/v2\/categories?post=16232"},{"taxonomy":"post_tag","embeddable":true,"href":"https:\/\/maderamen.com.ar\/desarrollo-forestal\/wp-json\/wp\/v2\/tags?post=16232"}],"curies":[{"name":"wp","href":"https:\/\/api.w.org\/{rel}","templated":true}]}}