{"id":12265,"date":"2020-01-17T17:35:44","date_gmt":"2020-01-17T20:35:44","guid":{"rendered":"https:\/\/maderamen.com.ar\/desarrollo-forestal\/?p=12265"},"modified":"2020-01-17T18:07:33","modified_gmt":"2020-01-17T21:07:33","slug":"ministro-kulfas-secretario-schale-recibieron-a-faima","status":"publish","type":"post","link":"https:\/\/maderamen.com.ar\/desarrollo-forestal\/2020\/01\/17\/ministro-kulfas-secretario-schale-recibieron-a-faima\/","title":{"rendered":"Ministro Kulfas y el secretario Schale recibieron a representantes de FAIMA"},"content":{"rendered":"\n<p><strong>Mat\u00edas Kulfas, ministro de Desarrollo Productivo, y Ariel Schale, secretario de Industria, Econom\u00eda del Conocimiento y Gesti\u00f3n Comercial Externa, recibieron a representantes de FAIMA.<\/strong><\/p>\n\n\n\n<p><a href=\"https:\/\/www.lanacion.com.ar\/economia\/quienes-acompanaran-kulfas-ministerio-desarrollo-nid2313812\" target=\"_blank\" rel=\"noreferrer noopener\" aria-label=\"Kulfas (abre en una nueva pesta\u00f1a)\">Kulfas<\/a> y Ariel Schale recibieron a representantes de FAIMA, quienes plantearon las problem\u00e1ticas m\u00e1s urgentes del sector. Se busc\u00f3 definir articuladamente una agenda de trabajo que contin\u00fae con las l\u00edneas de acci\u00f3n ya implementadas.<\/p>\n\n\n\n<p>Se\nplantearon a las autoridades los temas clave sobre los cuales el sector\nnecesita respuestas para poder avanzar en este cr\u00edtico contexto de crisis.<\/p>\n\n\n\n<p>Los principales problemas que se abordaron fueron: financiamiento, la moratoria y la necesidad de que la resoluci\u00f3n reglamentaria pueda incorporar a la mayor cantidad posible de empresas PyMEs.<\/p>\n\n\n\n<p>Tambi\u00e9n se dialog\u00f3 sobre el sistema de retenciones para la exportaci\u00f3n; el impacto del sistema de licencias no autom\u00e1ticas; la construcci\u00f3n con madera; el Plan Foresto Industrial; el Seguro Verde y la continuidad de las <a href=\"https:\/\/maderamen.com.ar\/desarrollo-forestal\/2019\/03\/18\/mesa-foresto-industrial-2019\/\" target=\"_blank\" rel=\"noreferrer noopener\" aria-label=\"mesas sectoriales (abre en una nueva pesta\u00f1a)\">mesas sectoriales<\/a>. <\/p>\n\n\n\n<h4 class=\"wp-block-heading\"><strong>Trabajo conjunto<\/strong><\/h4>\n\n\n\n<p>La\nFederaci\u00f3n hab\u00eda solicitado esta reuni\u00f3n con el objetivo de dar inicio al\ntrabajo conjunto y definir articuladamente una agenda de trabajo que contin\u00fae\ncon las l\u00edneas de acci\u00f3n ya implementadas y responda tambi\u00e9n a las urgencias\nque presenta actualmente el sector.<\/p>\n\n\n\n<p>\u201cAnte este pedido de reuni\u00f3n recibimos una muy r\u00e1pida respuesta para poder concretar estos encuentros, siendo uno de los primeros sectores en reunirse con el ministro de Producci\u00f3n y el secretario de industria. En ambas reuniones hubo un excelente di\u00e1logo con las autoridades y se logr\u00f3 consensuar una agenda de trabajo conjunta\u201d, destac\u00f3 Pedro Reyna, presidente de FAIMA.<\/p>\n\n\n\n<p>Fuente: FAIMA.<\/p>\n\n\n\n<p>Foto:\nArchivo Desarrollo Forestal.<\/p>\n","protected":false},"excerpt":{"rendered":"<p>Mat\u00edas Kulfas, ministro de Desarrollo Productivo, y Ariel Schale, secretario de Industria, Econom\u00eda del Conocimiento y Gesti\u00f3n Comercial Externa, recibieron a representantes de FAIMA. Kulfas y Ariel Schale recibieron a representantes de FAIMA, quienes plantearon las problem\u00e1ticas m\u00e1s urgentes del sector. Se busc\u00f3 definir articuladamente una agenda de trabajo que contin\u00fae con las l\u00edneas de [&hellip;]<\/p>\n","protected":false},"author":6,"featured_media":12266,"comment_status":"open","ping_status":"open","sticky":false,"template":"","format":"standard","meta":{"footnotes":""},"categories":[5,10],"tags":[],"class_list":{"0":"post-12265","1":"post","2":"type-post","3":"status-publish","4":"format-standard","5":"has-post-thumbnail","7":"category-noticias","8":"category-featured"},"yoast_head":"<!-- This site is optimized with the Yoast SEO plugin v27.4 - https:\/\/yoast.com\/product\/yoast-seo-wordpress\/ -->\n<title>Ministro Kulfas y el secretario Schale recibieron a FAIMA<\/title>\n<meta name=\"description\" content=\"Mat\u00edas Kulfas, ministro de Desarrollo Productivo, y Ariel Schale, secretario de Industria, recibieron a representantes de FAIMA.\" \/>\n<meta name=\"robots\" content=\"index, follow, max-snippet:-1, max-image-preview:large, max-video-preview:-1\" \/>\n<link rel=\"canonical\" href=\"https:\/\/maderamen.com.ar\/desarrollo-forestal\/2020\/01\/17\/ministro-kulfas-secretario-schale-recibieron-a-faima\/\" \/>\n<meta property=\"og:locale\" content=\"es_ES\" \/>\n<meta property=\"og:type\" content=\"article\" \/>\n<meta property=\"og:title\" content=\"Ministro Kulfas y el secretario Schale recibieron a FAIMA\" \/>\n<meta property=\"og:description\" content=\"Mat\u00edas Kulfas, ministro de Desarrollo Productivo, y Ariel Schale, secretario de Industria, recibieron a representantes de FAIMA.\" \/>\n<meta property=\"og:url\" content=\"https:\/\/maderamen.com.ar\/desarrollo-forestal\/2020\/01\/17\/ministro-kulfas-secretario-schale-recibieron-a-faima\/\" \/>\n<meta property=\"og:site_name\" content=\"Desarrollo Forestal\" \/>\n<meta property=\"article:publisher\" content=\"https:\/\/www.facebook.com\/Maderamen.Argentina\/\" \/>\n<meta property=\"article:published_time\" content=\"2020-01-17T20:35:44+00:00\" \/>\n<meta property=\"article:modified_time\" content=\"2020-01-17T21:07:33+00:00\" \/>\n<meta property=\"og:image\" content=\"https:\/\/maderamen.com.ar\/desarrollo-forestal\/wp-content\/uploads\/sites\/2\/2020\/01\/reynadf17-01-20.jpg\" \/>\n\t<meta property=\"og:image:width\" content=\"1400\" \/>\n\t<meta property=\"og:image:height\" content=\"700\" \/>\n\t<meta property=\"og:image:type\" content=\"image\/jpeg\" \/>\n<meta name=\"author\" content=\"Maderamen\" \/>\n<meta name=\"twitter:card\" content=\"summary_large_image\" \/>\n<meta name=\"twitter:creator\" content=\"@DesarrolloFores\" \/>\n<meta name=\"twitter:site\" content=\"@DesarrolloFores\" \/>\n<meta name=\"twitter:label1\" content=\"Escrito por\" \/>\n\t<meta name=\"twitter:data1\" content=\"Maderamen\" \/>\n\t<meta name=\"twitter:label2\" content=\"Tiempo de lectura\" \/>\n\t<meta name=\"twitter:data2\" content=\"1 minuto\" \/>\n<script type=\"application\/ld+json\" class=\"yoast-schema-graph\">{\"@context\":\"https:\\\/\\\/schema.org\",\"@graph\":[{\"@type\":\"Article\",\"@id\":\"https:\\\/\\\/maderamen.com.ar\\\/desarrollo-forestal\\\/2020\\\/01\\\/17\\\/ministro-kulfas-secretario-schale-recibieron-a-faima\\\/#article\",\"isPartOf\":{\"@id\":\"https:\\\/\\\/maderamen.com.ar\\\/desarrollo-forestal\\\/2020\\\/01\\\/17\\\/ministro-kulfas-secretario-schale-recibieron-a-faima\\\/\"},\"author\":{\"name\":\"Maderamen\",\"@id\":\"https:\\\/\\\/maderamen.com.ar\\\/desarrollo-forestal\\\/#\\\/schema\\\/person\\\/c05f216a5663a04adfc7d62d87295459\"},\"headline\":\"Ministro Kulfas y el secretario Schale recibieron a representantes de FAIMA\",\"datePublished\":\"2020-01-17T20:35:44+00:00\",\"dateModified\":\"2020-01-17T21:07:33+00:00\",\"mainEntityOfPage\":{\"@id\":\"https:\\\/\\\/maderamen.com.ar\\\/desarrollo-forestal\\\/2020\\\/01\\\/17\\\/ministro-kulfas-secretario-schale-recibieron-a-faima\\\/\"},\"wordCount\":291,\"commentCount\":0,\"publisher\":{\"@id\":\"https:\\\/\\\/maderamen.com.ar\\\/desarrollo-forestal\\\/#organization\"},\"image\":{\"@id\":\"https:\\\/\\\/maderamen.com.ar\\\/desarrollo-forestal\\\/2020\\\/01\\\/17\\\/ministro-kulfas-secretario-schale-recibieron-a-faima\\\/#primaryimage\"},\"thumbnailUrl\":\"https:\\\/\\\/maderamen.com.ar\\\/desarrollo-forestal\\\/wp-content\\\/uploads\\\/sites\\\/2\\\/2020\\\/01\\\/reynadf17-01-20.jpg\",\"articleSection\":[\"Noticias\",\"Principal\"],\"inLanguage\":\"es\",\"potentialAction\":[{\"@type\":\"CommentAction\",\"name\":\"Comment\",\"target\":[\"https:\\\/\\\/maderamen.com.ar\\\/desarrollo-forestal\\\/2020\\\/01\\\/17\\\/ministro-kulfas-secretario-schale-recibieron-a-faima\\\/#respond\"]}]},{\"@type\":\"WebPage\",\"@id\":\"https:\\\/\\\/maderamen.com.ar\\\/desarrollo-forestal\\\/2020\\\/01\\\/17\\\/ministro-kulfas-secretario-schale-recibieron-a-faima\\\/\",\"url\":\"https:\\\/\\\/maderamen.com.ar\\\/desarrollo-forestal\\\/2020\\\/01\\\/17\\\/ministro-kulfas-secretario-schale-recibieron-a-faima\\\/\",\"name\":\"Ministro Kulfas y el secretario Schale recibieron a FAIMA\",\"isPartOf\":{\"@id\":\"https:\\\/\\\/maderamen.com.ar\\\/desarrollo-forestal\\\/#website\"},\"primaryImageOfPage\":{\"@id\":\"https:\\\/\\\/maderamen.com.ar\\\/desarrollo-forestal\\\/2020\\\/01\\\/17\\\/ministro-kulfas-secretario-schale-recibieron-a-faima\\\/#primaryimage\"},\"image\":{\"@id\":\"https:\\\/\\\/maderamen.com.ar\\\/desarrollo-forestal\\\/2020\\\/01\\\/17\\\/ministro-kulfas-secretario-schale-recibieron-a-faima\\\/#primaryimage\"},\"thumbnailUrl\":\"https:\\\/\\\/maderamen.com.ar\\\/desarrollo-forestal\\\/wp-content\\\/uploads\\\/sites\\\/2\\\/2020\\\/01\\\/reynadf17-01-20.jpg\",\"datePublished\":\"2020-01-17T20:35:44+00:00\",\"dateModified\":\"2020-01-17T21:07:33+00:00\",\"description\":\"Mat\u00edas Kulfas, ministro de Desarrollo Productivo, y Ariel Schale, secretario de Industria, recibieron a representantes de FAIMA.\",\"breadcrumb\":{\"@id\":\"https:\\\/\\\/maderamen.com.ar\\\/desarrollo-forestal\\\/2020\\\/01\\\/17\\\/ministro-kulfas-secretario-schale-recibieron-a-faima\\\/#breadcrumb\"},\"inLanguage\":\"es\",\"potentialAction\":[{\"@type\":\"ReadAction\",\"target\":[\"https:\\\/\\\/maderamen.com.ar\\\/desarrollo-forestal\\\/2020\\\/01\\\/17\\\/ministro-kulfas-secretario-schale-recibieron-a-faima\\\/\"]}]},{\"@type\":\"ImageObject\",\"inLanguage\":\"es\",\"@id\":\"https:\\\/\\\/maderamen.com.ar\\\/desarrollo-forestal\\\/2020\\\/01\\\/17\\\/ministro-kulfas-secretario-schale-recibieron-a-faima\\\/#primaryimage\",\"url\":\"https:\\\/\\\/maderamen.com.ar\\\/desarrollo-forestal\\\/wp-content\\\/uploads\\\/sites\\\/2\\\/2020\\\/01\\\/reynadf17-01-20.jpg\",\"contentUrl\":\"https:\\\/\\\/maderamen.com.ar\\\/desarrollo-forestal\\\/wp-content\\\/uploads\\\/sites\\\/2\\\/2020\\\/01\\\/reynadf17-01-20.jpg\",\"width\":1400,\"height\":700,\"caption\":\"kulfas schale faima\"},{\"@type\":\"BreadcrumbList\",\"@id\":\"https:\\\/\\\/maderamen.com.ar\\\/desarrollo-forestal\\\/2020\\\/01\\\/17\\\/ministro-kulfas-secretario-schale-recibieron-a-faima\\\/#breadcrumb\",\"itemListElement\":[{\"@type\":\"ListItem\",\"position\":1,\"name\":\"Portada\",\"item\":\"https:\\\/\\\/maderamen.com.ar\\\/desarrollo-forestal\\\/\"},{\"@type\":\"ListItem\",\"position\":2,\"name\":\"Ministro Kulfas y el secretario Schale recibieron a representantes de FAIMA\"}]},{\"@type\":\"WebSite\",\"@id\":\"https:\\\/\\\/maderamen.com.ar\\\/desarrollo-forestal\\\/#website\",\"url\":\"https:\\\/\\\/maderamen.com.ar\\\/desarrollo-forestal\\\/\",\"name\":\"Desarrollo Forestal\",\"description\":\"Noticias del sector forestal\",\"publisher\":{\"@id\":\"https:\\\/\\\/maderamen.com.ar\\\/desarrollo-forestal\\\/#organization\"},\"potentialAction\":[{\"@type\":\"SearchAction\",\"target\":{\"@type\":\"EntryPoint\",\"urlTemplate\":\"https:\\\/\\\/maderamen.com.ar\\\/desarrollo-forestal\\\/?s={search_term_string}\"},\"query-input\":{\"@type\":\"PropertyValueSpecification\",\"valueRequired\":true,\"valueName\":\"search_term_string\"}}],\"inLanguage\":\"es\"},{\"@type\":\"Organization\",\"@id\":\"https:\\\/\\\/maderamen.com.ar\\\/desarrollo-forestal\\\/#organization\",\"name\":\"Maderamen\",\"url\":\"https:\\\/\\\/maderamen.com.ar\\\/desarrollo-forestal\\\/\",\"logo\":{\"@type\":\"ImageObject\",\"inLanguage\":\"es\",\"@id\":\"https:\\\/\\\/maderamen.com.ar\\\/desarrollo-forestal\\\/#\\\/schema\\\/logo\\\/image\\\/\",\"url\":\"https:\\\/\\\/maderamen.com.ar\\\/desarrollo-forestal\\\/wp-content\\\/uploads\\\/sites\\\/2\\\/2026\\\/03\\\/maderamen-emago.png\",\"contentUrl\":\"https:\\\/\\\/maderamen.com.ar\\\/desarrollo-forestal\\\/wp-content\\\/uploads\\\/sites\\\/2\\\/2026\\\/03\\\/maderamen-emago.png\",\"width\":250,\"height\":246,\"caption\":\"Maderamen\"},\"image\":{\"@id\":\"https:\\\/\\\/maderamen.com.ar\\\/desarrollo-forestal\\\/#\\\/schema\\\/logo\\\/image\\\/\"},\"sameAs\":[\"https:\\\/\\\/www.facebook.com\\\/Maderamen.Argentina\\\/\",\"https:\\\/\\\/x.com\\\/DesarrolloFores\",\"https:\\\/\\\/www.youtube.com\\\/channel\\\/UCeYU2-_JRTYYpgHoyhTT2Fg\",\"https:\\\/\\\/www.instagram.com\\\/maderamen.ok\\\/\",\"https:\\\/\\\/www.linkedin.com\\\/company\\\/maderameneditorial\\\/\"]},{\"@type\":\"Person\",\"@id\":\"https:\\\/\\\/maderamen.com.ar\\\/desarrollo-forestal\\\/#\\\/schema\\\/person\\\/c05f216a5663a04adfc7d62d87295459\",\"name\":\"Maderamen\",\"image\":{\"@type\":\"ImageObject\",\"inLanguage\":\"es\",\"@id\":\"https:\\\/\\\/secure.gravatar.com\\\/avatar\\\/6ff28763266ad14d7e42092eb3998ef25a67b8fd98e7000d6029e8a2e785dc10?s=96&d=mm&r=g\",\"url\":\"https:\\\/\\\/secure.gravatar.com\\\/avatar\\\/6ff28763266ad14d7e42092eb3998ef25a67b8fd98e7000d6029e8a2e785dc10?s=96&d=mm&r=g\",\"contentUrl\":\"https:\\\/\\\/secure.gravatar.com\\\/avatar\\\/6ff28763266ad14d7e42092eb3998ef25a67b8fd98e7000d6029e8a2e785dc10?s=96&d=mm&r=g\",\"caption\":\"Maderamen\"},\"url\":\"https:\\\/\\\/maderamen.com.ar\\\/desarrollo-forestal\\\/author\\\/maderamenadmin\\\/\"}]}<\/script>\n<!-- \/ Yoast SEO plugin. -->","yoast_head_json":{"title":"Ministro Kulfas y el secretario Schale recibieron a FAIMA","description":"Mat\u00edas Kulfas, ministro de Desarrollo Productivo, y Ariel Schale, secretario de Industria, recibieron a representantes de FAIMA.","robots":{"index":"index","follow":"follow","max-snippet":"max-snippet:-1","max-image-preview":"max-image-preview:large","max-video-preview":"max-video-preview:-1"},"canonical":"https:\/\/maderamen.com.ar\/desarrollo-forestal\/2020\/01\/17\/ministro-kulfas-secretario-schale-recibieron-a-faima\/","og_locale":"es_ES","og_type":"article","og_title":"Ministro Kulfas y el secretario Schale recibieron a FAIMA","og_description":"Mat\u00edas Kulfas, ministro de Desarrollo Productivo, y Ariel Schale, secretario de Industria, recibieron a representantes de FAIMA.","og_url":"https:\/\/maderamen.com.ar\/desarrollo-forestal\/2020\/01\/17\/ministro-kulfas-secretario-schale-recibieron-a-faima\/","og_site_name":"Desarrollo Forestal","article_publisher":"https:\/\/www.facebook.com\/Maderamen.Argentina\/","article_published_time":"2020-01-17T20:35:44+00:00","article_modified_time":"2020-01-17T21:07:33+00:00","og_image":[{"width":1400,"height":700,"url":"https:\/\/maderamen.com.ar\/desarrollo-forestal\/wp-content\/uploads\/sites\/2\/2020\/01\/reynadf17-01-20.jpg","type":"image\/jpeg"}],"author":"Maderamen","twitter_card":"summary_large_image","twitter_creator":"@DesarrolloFores","twitter_site":"@DesarrolloFores","twitter_misc":{"Escrito por":"Maderamen","Tiempo de lectura":"1 minuto"},"schema":{"@context":"https:\/\/schema.org","@graph":[{"@type":"Article","@id":"https:\/\/maderamen.com.ar\/desarrollo-forestal\/2020\/01\/17\/ministro-kulfas-secretario-schale-recibieron-a-faima\/#article","isPartOf":{"@id":"https:\/\/maderamen.com.ar\/desarrollo-forestal\/2020\/01\/17\/ministro-kulfas-secretario-schale-recibieron-a-faima\/"},"author":{"name":"Maderamen","@id":"https:\/\/maderamen.com.ar\/desarrollo-forestal\/#\/schema\/person\/c05f216a5663a04adfc7d62d87295459"},"headline":"Ministro Kulfas y el secretario Schale recibieron a representantes de FAIMA","datePublished":"2020-01-17T20:35:44+00:00","dateModified":"2020-01-17T21:07:33+00:00","mainEntityOfPage":{"@id":"https:\/\/maderamen.com.ar\/desarrollo-forestal\/2020\/01\/17\/ministro-kulfas-secretario-schale-recibieron-a-faima\/"},"wordCount":291,"commentCount":0,"publisher":{"@id":"https:\/\/maderamen.com.ar\/desarrollo-forestal\/#organization"},"image":{"@id":"https:\/\/maderamen.com.ar\/desarrollo-forestal\/2020\/01\/17\/ministro-kulfas-secretario-schale-recibieron-a-faima\/#primaryimage"},"thumbnailUrl":"https:\/\/maderamen.com.ar\/desarrollo-forestal\/wp-content\/uploads\/sites\/2\/2020\/01\/reynadf17-01-20.jpg","articleSection":["Noticias","Principal"],"inLanguage":"es","potentialAction":[{"@type":"CommentAction","name":"Comment","target":["https:\/\/maderamen.com.ar\/desarrollo-forestal\/2020\/01\/17\/ministro-kulfas-secretario-schale-recibieron-a-faima\/#respond"]}]},{"@type":"WebPage","@id":"https:\/\/maderamen.com.ar\/desarrollo-forestal\/2020\/01\/17\/ministro-kulfas-secretario-schale-recibieron-a-faima\/","url":"https:\/\/maderamen.com.ar\/desarrollo-forestal\/2020\/01\/17\/ministro-kulfas-secretario-schale-recibieron-a-faima\/","name":"Ministro Kulfas y el secretario Schale recibieron a FAIMA","isPartOf":{"@id":"https:\/\/maderamen.com.ar\/desarrollo-forestal\/#website"},"primaryImageOfPage":{"@id":"https:\/\/maderamen.com.ar\/desarrollo-forestal\/2020\/01\/17\/ministro-kulfas-secretario-schale-recibieron-a-faima\/#primaryimage"},"image":{"@id":"https:\/\/maderamen.com.ar\/desarrollo-forestal\/2020\/01\/17\/ministro-kulfas-secretario-schale-recibieron-a-faima\/#primaryimage"},"thumbnailUrl":"https:\/\/maderamen.com.ar\/desarrollo-forestal\/wp-content\/uploads\/sites\/2\/2020\/01\/reynadf17-01-20.jpg","datePublished":"2020-01-17T20:35:44+00:00","dateModified":"2020-01-17T21:07:33+00:00","description":"Mat\u00edas Kulfas, ministro de Desarrollo Productivo, y Ariel Schale, secretario de Industria, recibieron a representantes de FAIMA.","breadcrumb":{"@id":"https:\/\/maderamen.com.ar\/desarrollo-forestal\/2020\/01\/17\/ministro-kulfas-secretario-schale-recibieron-a-faima\/#breadcrumb"},"inLanguage":"es","potentialAction":[{"@type":"ReadAction","target":["https:\/\/maderamen.com.ar\/desarrollo-forestal\/2020\/01\/17\/ministro-kulfas-secretario-schale-recibieron-a-faima\/"]}]},{"@type":"ImageObject","inLanguage":"es","@id":"https:\/\/maderamen.com.ar\/desarrollo-forestal\/2020\/01\/17\/ministro-kulfas-secretario-schale-recibieron-a-faima\/#primaryimage","url":"https:\/\/maderamen.com.ar\/desarrollo-forestal\/wp-content\/uploads\/sites\/2\/2020\/01\/reynadf17-01-20.jpg","contentUrl":"https:\/\/maderamen.com.ar\/desarrollo-forestal\/wp-content\/uploads\/sites\/2\/2020\/01\/reynadf17-01-20.jpg","width":1400,"height":700,"caption":"kulfas schale faima"},{"@type":"BreadcrumbList","@id":"https:\/\/maderamen.com.ar\/desarrollo-forestal\/2020\/01\/17\/ministro-kulfas-secretario-schale-recibieron-a-faima\/#breadcrumb","itemListElement":[{"@type":"ListItem","position":1,"name":"Portada","item":"https:\/\/maderamen.com.ar\/desarrollo-forestal\/"},{"@type":"ListItem","position":2,"name":"Ministro Kulfas y el secretario Schale recibieron a representantes de FAIMA"}]},{"@type":"WebSite","@id":"https:\/\/maderamen.com.ar\/desarrollo-forestal\/#website","url":"https:\/\/maderamen.com.ar\/desarrollo-forestal\/","name":"Desarrollo Forestal","description":"Noticias del sector forestal","publisher":{"@id":"https:\/\/maderamen.com.ar\/desarrollo-forestal\/#organization"},"potentialAction":[{"@type":"SearchAction","target":{"@type":"EntryPoint","urlTemplate":"https:\/\/maderamen.com.ar\/desarrollo-forestal\/?s={search_term_string}"},"query-input":{"@type":"PropertyValueSpecification","valueRequired":true,"valueName":"search_term_string"}}],"inLanguage":"es"},{"@type":"Organization","@id":"https:\/\/maderamen.com.ar\/desarrollo-forestal\/#organization","name":"Maderamen","url":"https:\/\/maderamen.com.ar\/desarrollo-forestal\/","logo":{"@type":"ImageObject","inLanguage":"es","@id":"https:\/\/maderamen.com.ar\/desarrollo-forestal\/#\/schema\/logo\/image\/","url":"https:\/\/maderamen.com.ar\/desarrollo-forestal\/wp-content\/uploads\/sites\/2\/2026\/03\/maderamen-emago.png","contentUrl":"https:\/\/maderamen.com.ar\/desarrollo-forestal\/wp-content\/uploads\/sites\/2\/2026\/03\/maderamen-emago.png","width":250,"height":246,"caption":"Maderamen"},"image":{"@id":"https:\/\/maderamen.com.ar\/desarrollo-forestal\/#\/schema\/logo\/image\/"},"sameAs":["https:\/\/www.facebook.com\/Maderamen.Argentina\/","https:\/\/x.com\/DesarrolloFores","https:\/\/www.youtube.com\/channel\/UCeYU2-_JRTYYpgHoyhTT2Fg","https:\/\/www.instagram.com\/maderamen.ok\/","https:\/\/www.linkedin.com\/company\/maderameneditorial\/"]},{"@type":"Person","@id":"https:\/\/maderamen.com.ar\/desarrollo-forestal\/#\/schema\/person\/c05f216a5663a04adfc7d62d87295459","name":"Maderamen","image":{"@type":"ImageObject","inLanguage":"es","@id":"https:\/\/secure.gravatar.com\/avatar\/6ff28763266ad14d7e42092eb3998ef25a67b8fd98e7000d6029e8a2e785dc10?s=96&d=mm&r=g","url":"https:\/\/secure.gravatar.com\/avatar\/6ff28763266ad14d7e42092eb3998ef25a67b8fd98e7000d6029e8a2e785dc10?s=96&d=mm&r=g","contentUrl":"https:\/\/secure.gravatar.com\/avatar\/6ff28763266ad14d7e42092eb3998ef25a67b8fd98e7000d6029e8a2e785dc10?s=96&d=mm&r=g","caption":"Maderamen"},"url":"https:\/\/maderamen.com.ar\/desarrollo-forestal\/author\/maderamenadmin\/"}]}},"_links":{"self":[{"href":"https:\/\/maderamen.com.ar\/desarrollo-forestal\/wp-json\/wp\/v2\/posts\/12265","targetHints":{"allow":["GET"]}}],"collection":[{"href":"https:\/\/maderamen.com.ar\/desarrollo-forestal\/wp-json\/wp\/v2\/posts"}],"about":[{"href":"https:\/\/maderamen.com.ar\/desarrollo-forestal\/wp-json\/wp\/v2\/types\/post"}],"author":[{"embeddable":true,"href":"https:\/\/maderamen.com.ar\/desarrollo-forestal\/wp-json\/wp\/v2\/users\/6"}],"replies":[{"embeddable":true,"href":"https:\/\/maderamen.com.ar\/desarrollo-forestal\/wp-json\/wp\/v2\/comments?post=12265"}],"version-history":[{"count":0,"href":"https:\/\/maderamen.com.ar\/desarrollo-forestal\/wp-json\/wp\/v2\/posts\/12265\/revisions"}],"wp:featuredmedia":[{"embeddable":true,"href":"https:\/\/maderamen.com.ar\/desarrollo-forestal\/wp-json\/wp\/v2\/media\/12266"}],"wp:attachment":[{"href":"https:\/\/maderamen.com.ar\/desarrollo-forestal\/wp-json\/wp\/v2\/media?parent=12265"}],"wp:term":[{"taxonomy":"category","embeddable":true,"href":"https:\/\/maderamen.com.ar\/desarrollo-forestal\/wp-json\/wp\/v2\/categories?post=12265"},{"taxonomy":"post_tag","embeddable":true,"href":"https:\/\/maderamen.com.ar\/desarrollo-forestal\/wp-json\/wp\/v2\/tags?post=12265"}],"curies":[{"name":"wp","href":"https:\/\/api.w.org\/{rel}","templated":true}]}}