{"id":12253,"date":"2020-01-16T08:00:10","date_gmt":"2020-01-16T11:00:10","guid":{"rendered":"https:\/\/maderamen.com.ar\/desarrollo-forestal\/?p=12253"},"modified":"2020-01-16T10:14:28","modified_gmt":"2020-01-16T13:14:28","slug":"manejo-forestal-sustentable-cuencas-caimancito-jujuy","status":"publish","type":"post","link":"https:\/\/maderamen.com.ar\/desarrollo-forestal\/2020\/01\/16\/manejo-forestal-sustentable-cuencas-caimancito-jujuy\/","title":{"rendered":"Manejo Forestal Sustentable en cuencas: el caso Caimancito, en Jujuy"},"content":{"rendered":"\n<p><strong>Desarrollo Forestal difunde este estudio presentado por el ex Ministerio de Ambiente y Desarrollo Sustentable. Se refiere al manejo forestal sustentable realizado en la cuenca de Caimancito, Jujuy.<\/strong><\/p>\n\n\n\n<p>Desarrollo Forestal difunde este estudio presentado\npor el ex Ministerio de Ambiente y Desarrollo Sustentable. Se refiere al manejo\nforestal sustentable realizado en cuencas hidrogr\u00e1ficas de Caimancito, Jujuy.<\/p>\n\n\n\n<p>La actividad vinculada a la foresto industria de la Cuenca Caimancito<strong>,<\/strong> en Jujuy, representa un movimiento anual de $156 millones, y genera 561 puestos de trabajo. <\/p>\n\n\n\n<p>Hay 17 aserraderos y 130 carpinter\u00edas, ubicadas en\nsu mayor\u00eda en la localidad de Caimancito y, en menor medida, en las de Yuto y\nPalma Sola.<\/p>\n\n\n\n<p>Existe una demanda anual de 11.000 metros c\u00fabicos y\nla cuenca tiene una superficie potencial de manejo forestal de casi 250.000 hect\u00e1reas.<\/p>\n\n\n\n<h4 class=\"wp-block-heading\"><strong>Manejo de cuencas<\/strong><\/h4>\n\n\n\n<p>El Manejo Forestal Sustentable a nivel de Cuencas establece un esquema de abordaje integral del territorio, en el que se considera la vocaci\u00f3n de uso, la provisi\u00f3n sostenible de bienes y servicios ecosist\u00e9micos y la conservaci\u00f3n de los recursos naturales y culturales.<\/p>\n\n\n\n<p>Esta planificaci\u00f3n utiliza como herramienta, una vez clasificados los bosques y los usos de la tierra, la ordenaci\u00f3n de los recursos forestales para el desarrollo arm\u00f3nico y articulado de las cadenas de valor sectorial existentes o factibles de potenciar.<\/p>\n\n\n\n<p>El hecho de fomentar el enfoque de cuenca permite\nrealizar diagn\u00f3sticos y planificar l\u00edneas de trabajo concretas entre diversos\nactores, estableciendo articulaciones intersectoriales e interinstitucionales.<\/p>\n\n\n\n<p>El objetivo es planificar las pol\u00edticas de\ndesarrollo forestal de manera integral, contribuyendo a definir las necesidades\ny prioridades de intervenci\u00f3n en cada regi\u00f3n.<\/p>\n\n\n\n<h4 class=\"wp-block-heading\"><strong>Industria forestal con bosque nativo<\/strong><\/h4>\n\n\n\n<p>La industria forestal basada en el aprovechamiento del bosque nativo se desarroll\u00f3 tradicionalmente sin una planificaci\u00f3n que asegurara no s\u00f3lo el uso sustentable del recurso forestal, sino tambi\u00e9n un desarrollo productivo y con inclusi\u00f3n de los diferentes actores que intervienen en la cadena foresto industrial. <\/p>\n\n\n\n<p>A ello se suma un importante grado de informalidad en la cadena de valor, una baja tecnificaci\u00f3n y valor agregado a los productos provenientes del bosque nativo.<\/p>\n\n\n\n<p>Las cuencas forestales se definen como aquellas regiones o espacios geogr\u00e1ficos donde hay presencia de bosque nativo y una marcada localizaci\u00f3n de actores.<\/p>\n\n\n\n<p>Ellos trabajan con el aprovechamiento, la transformaci\u00f3n y comercializaci\u00f3n de los productos madereros y no madereros (Resoluci\u00f3n N\u00b0360\/2018, COFEMA).<\/p>\n\n\n\n<p>De all\u00ed que, desde 2015 la Direcci\u00f3n Nacional de Bosques trabaja junto a otros organismos e instituciones provinciales, locales en la elaboraci\u00f3n de planes estrat\u00e9gicos para dos <a href=\"https:\/\/maderamen.com.ar\/desarrollo-forestal\/2018\/05\/03\/necochea-jornada-forestal\/\" target=\"_blank\" rel=\"noreferrer noopener\" aria-label=\"cuencas foresto industriales (abre en una nueva pesta\u00f1a)\">cuencas foresto industriales<\/a>.<\/p>\n\n\n\n<p>La Cuenca Foresto Industrial de Monte Quemado comprende\nlos departamentos Copo y Alberdi de la provincia de Santiago del Estero, y\nconstituye una zona reconocida hist\u00f3ricamente por su producci\u00f3n forestal. <\/p>\n\n\n\n<p>La localidad de Monte Quemado alberga m\u00e1s de 40\naserraderos, especializados en la producci\u00f3n de durmientes para ferrocarril,\nadem\u00e1s de tablas, tablones, varillas y otros subproductos. <\/p>\n\n\n\n<p>Este complejo se abastece con madera proveniente de los bosques nativos de la Cuenca (casi 2 millones de ha de bosques en la categor\u00eda 2 del OTBN).<\/p>\n\n\n\n<p>All\u00ed la producci\u00f3n primaria es desarrollada por productores campesinos que adem\u00e1s de producir rollos para aserraderos, producen postes para alambrado, le\u00f1a y carb\u00f3n vegetal.<\/p>\n\n\n\n<p>Se puede <a href=\"https:\/\/www.argentina.gob.ar\/manejo-sustentable-de-bosques\/manejo-forestal-sustentable-nivel-de-cuencas\" target=\"_blank\" rel=\"noreferrer noopener\" aria-label=\"consultar on line el Plan Estrat\u00e9gico de Gesti\u00f3n Forestal Cuenca Caimancito desde el portal (abre en una nueva pesta\u00f1a)\">consultar on line el Plan Estrat\u00e9gico de Gesti\u00f3n Forestal Cuenca Caimancito desde el portal<\/a> del actual Ministerio de Ambiente y Desarrollo Sostenible de la Naci\u00f3n, que encabeza Juan Cabandi\u00e9.<\/p>\n\n\n\n<p>Fuente y foto: Ministerio de Ambiente y Desarrollo Sustentable\nde la Naci\u00f3n.<\/p>\n","protected":false},"excerpt":{"rendered":"<p>Desarrollo Forestal difunde este estudio presentado por el ex Ministerio de Ambiente y Desarrollo Sustentable. Se refiere al manejo forestal sustentable realizado en la cuenca de Caimancito, Jujuy. Desarrollo Forestal difunde este estudio presentado por el ex Ministerio de Ambiente y Desarrollo Sustentable. Se refiere al manejo forestal sustentable realizado en cuencas hidrogr\u00e1ficas de Caimancito, [&hellip;]<\/p>\n","protected":false},"author":6,"featured_media":12254,"comment_status":"open","ping_status":"open","sticky":false,"template":"","format":"standard","meta":{"footnotes":""},"categories":[3,10],"tags":[],"class_list":{"0":"post-12253","1":"post","2":"type-post","3":"status-publish","4":"format-standard","5":"has-post-thumbnail","7":"category-ambiente","8":"category-featured"},"yoast_head":"<!-- This site is optimized with the Yoast SEO plugin v27.4 - https:\/\/yoast.com\/product\/yoast-seo-wordpress\/ -->\n<title>Manejo Forestal Sustentable en cuencas: el caso Caimancito, en Jujuy<\/title>\n<meta name=\"description\" content=\"Desarrollo Forestal difunde este estudio del ex Ministerio de Ambiente sobre manejo forestal sustentable realizado en la cuenca de Caimancito, Jujuy.\" \/>\n<meta name=\"robots\" content=\"index, follow, max-snippet:-1, max-image-preview:large, max-video-preview:-1\" \/>\n<link rel=\"canonical\" href=\"https:\/\/maderamen.com.ar\/desarrollo-forestal\/2020\/01\/16\/manejo-forestal-sustentable-cuencas-caimancito-jujuy\/\" \/>\n<meta property=\"og:locale\" content=\"es_ES\" \/>\n<meta property=\"og:type\" content=\"article\" \/>\n<meta property=\"og:title\" content=\"Manejo Forestal Sustentable en cuencas: el caso Caimancito, en Jujuy\" \/>\n<meta property=\"og:description\" content=\"Desarrollo Forestal difunde este estudio del ex Ministerio de Ambiente sobre manejo forestal sustentable realizado en la cuenca de Caimancito, Jujuy.\" \/>\n<meta property=\"og:url\" content=\"https:\/\/maderamen.com.ar\/desarrollo-forestal\/2020\/01\/16\/manejo-forestal-sustentable-cuencas-caimancito-jujuy\/\" \/>\n<meta property=\"og:site_name\" content=\"Desarrollo Forestal\" \/>\n<meta property=\"article:publisher\" content=\"https:\/\/www.facebook.com\/Maderamen.Argentina\/\" \/>\n<meta property=\"article:published_time\" content=\"2020-01-16T11:00:10+00:00\" \/>\n<meta property=\"article:modified_time\" content=\"2020-01-16T13:14:28+00:00\" \/>\n<meta property=\"og:image\" content=\"https:\/\/maderamen.com.ar\/desarrollo-forestal\/wp-content\/uploads\/sites\/2\/2020\/01\/caimancito16-01-20.jpg\" \/>\n\t<meta property=\"og:image:width\" content=\"1400\" \/>\n\t<meta property=\"og:image:height\" content=\"700\" \/>\n\t<meta property=\"og:image:type\" content=\"image\/jpeg\" \/>\n<meta name=\"author\" content=\"Maderamen\" \/>\n<meta name=\"twitter:card\" content=\"summary_large_image\" \/>\n<meta name=\"twitter:creator\" content=\"@DesarrolloFores\" \/>\n<meta name=\"twitter:site\" content=\"@DesarrolloFores\" \/>\n<meta name=\"twitter:label1\" content=\"Escrito por\" \/>\n\t<meta name=\"twitter:data1\" content=\"Maderamen\" \/>\n\t<meta name=\"twitter:label2\" content=\"Tiempo de lectura\" \/>\n\t<meta name=\"twitter:data2\" content=\"3 minutos\" \/>\n<script type=\"application\/ld+json\" class=\"yoast-schema-graph\">{\"@context\":\"https:\\\/\\\/schema.org\",\"@graph\":[{\"@type\":\"Article\",\"@id\":\"https:\\\/\\\/maderamen.com.ar\\\/desarrollo-forestal\\\/2020\\\/01\\\/16\\\/manejo-forestal-sustentable-cuencas-caimancito-jujuy\\\/#article\",\"isPartOf\":{\"@id\":\"https:\\\/\\\/maderamen.com.ar\\\/desarrollo-forestal\\\/2020\\\/01\\\/16\\\/manejo-forestal-sustentable-cuencas-caimancito-jujuy\\\/\"},\"author\":{\"name\":\"Maderamen\",\"@id\":\"https:\\\/\\\/maderamen.com.ar\\\/desarrollo-forestal\\\/#\\\/schema\\\/person\\\/c05f216a5663a04adfc7d62d87295459\"},\"headline\":\"Manejo Forestal Sustentable en cuencas: el caso Caimancito, en Jujuy\",\"datePublished\":\"2020-01-16T11:00:10+00:00\",\"dateModified\":\"2020-01-16T13:14:28+00:00\",\"mainEntityOfPage\":{\"@id\":\"https:\\\/\\\/maderamen.com.ar\\\/desarrollo-forestal\\\/2020\\\/01\\\/16\\\/manejo-forestal-sustentable-cuencas-caimancito-jujuy\\\/\"},\"wordCount\":606,\"commentCount\":0,\"publisher\":{\"@id\":\"https:\\\/\\\/maderamen.com.ar\\\/desarrollo-forestal\\\/#organization\"},\"image\":{\"@id\":\"https:\\\/\\\/maderamen.com.ar\\\/desarrollo-forestal\\\/2020\\\/01\\\/16\\\/manejo-forestal-sustentable-cuencas-caimancito-jujuy\\\/#primaryimage\"},\"thumbnailUrl\":\"https:\\\/\\\/maderamen.com.ar\\\/desarrollo-forestal\\\/wp-content\\\/uploads\\\/sites\\\/2\\\/2020\\\/01\\\/caimancito16-01-20.jpg\",\"articleSection\":[\"Ambiente\",\"Principal\"],\"inLanguage\":\"es\",\"potentialAction\":[{\"@type\":\"CommentAction\",\"name\":\"Comment\",\"target\":[\"https:\\\/\\\/maderamen.com.ar\\\/desarrollo-forestal\\\/2020\\\/01\\\/16\\\/manejo-forestal-sustentable-cuencas-caimancito-jujuy\\\/#respond\"]}]},{\"@type\":\"WebPage\",\"@id\":\"https:\\\/\\\/maderamen.com.ar\\\/desarrollo-forestal\\\/2020\\\/01\\\/16\\\/manejo-forestal-sustentable-cuencas-caimancito-jujuy\\\/\",\"url\":\"https:\\\/\\\/maderamen.com.ar\\\/desarrollo-forestal\\\/2020\\\/01\\\/16\\\/manejo-forestal-sustentable-cuencas-caimancito-jujuy\\\/\",\"name\":\"Manejo Forestal Sustentable en cuencas: el caso Caimancito, en Jujuy\",\"isPartOf\":{\"@id\":\"https:\\\/\\\/maderamen.com.ar\\\/desarrollo-forestal\\\/#website\"},\"primaryImageOfPage\":{\"@id\":\"https:\\\/\\\/maderamen.com.ar\\\/desarrollo-forestal\\\/2020\\\/01\\\/16\\\/manejo-forestal-sustentable-cuencas-caimancito-jujuy\\\/#primaryimage\"},\"image\":{\"@id\":\"https:\\\/\\\/maderamen.com.ar\\\/desarrollo-forestal\\\/2020\\\/01\\\/16\\\/manejo-forestal-sustentable-cuencas-caimancito-jujuy\\\/#primaryimage\"},\"thumbnailUrl\":\"https:\\\/\\\/maderamen.com.ar\\\/desarrollo-forestal\\\/wp-content\\\/uploads\\\/sites\\\/2\\\/2020\\\/01\\\/caimancito16-01-20.jpg\",\"datePublished\":\"2020-01-16T11:00:10+00:00\",\"dateModified\":\"2020-01-16T13:14:28+00:00\",\"description\":\"Desarrollo Forestal difunde este estudio del ex Ministerio de Ambiente sobre manejo forestal sustentable realizado en la cuenca de Caimancito, Jujuy.\",\"breadcrumb\":{\"@id\":\"https:\\\/\\\/maderamen.com.ar\\\/desarrollo-forestal\\\/2020\\\/01\\\/16\\\/manejo-forestal-sustentable-cuencas-caimancito-jujuy\\\/#breadcrumb\"},\"inLanguage\":\"es\",\"potentialAction\":[{\"@type\":\"ReadAction\",\"target\":[\"https:\\\/\\\/maderamen.com.ar\\\/desarrollo-forestal\\\/2020\\\/01\\\/16\\\/manejo-forestal-sustentable-cuencas-caimancito-jujuy\\\/\"]}]},{\"@type\":\"ImageObject\",\"inLanguage\":\"es\",\"@id\":\"https:\\\/\\\/maderamen.com.ar\\\/desarrollo-forestal\\\/2020\\\/01\\\/16\\\/manejo-forestal-sustentable-cuencas-caimancito-jujuy\\\/#primaryimage\",\"url\":\"https:\\\/\\\/maderamen.com.ar\\\/desarrollo-forestal\\\/wp-content\\\/uploads\\\/sites\\\/2\\\/2020\\\/01\\\/caimancito16-01-20.jpg\",\"contentUrl\":\"https:\\\/\\\/maderamen.com.ar\\\/desarrollo-forestal\\\/wp-content\\\/uploads\\\/sites\\\/2\\\/2020\\\/01\\\/caimancito16-01-20.jpg\",\"width\":1400,\"height\":700,\"caption\":\"manejo forestal sustentable caimancito\"},{\"@type\":\"BreadcrumbList\",\"@id\":\"https:\\\/\\\/maderamen.com.ar\\\/desarrollo-forestal\\\/2020\\\/01\\\/16\\\/manejo-forestal-sustentable-cuencas-caimancito-jujuy\\\/#breadcrumb\",\"itemListElement\":[{\"@type\":\"ListItem\",\"position\":1,\"name\":\"Portada\",\"item\":\"https:\\\/\\\/maderamen.com.ar\\\/desarrollo-forestal\\\/\"},{\"@type\":\"ListItem\",\"position\":2,\"name\":\"Manejo Forestal Sustentable en cuencas: el caso Caimancito, en Jujuy\"}]},{\"@type\":\"WebSite\",\"@id\":\"https:\\\/\\\/maderamen.com.ar\\\/desarrollo-forestal\\\/#website\",\"url\":\"https:\\\/\\\/maderamen.com.ar\\\/desarrollo-forestal\\\/\",\"name\":\"Desarrollo Forestal\",\"description\":\"Noticias del sector forestal\",\"publisher\":{\"@id\":\"https:\\\/\\\/maderamen.com.ar\\\/desarrollo-forestal\\\/#organization\"},\"potentialAction\":[{\"@type\":\"SearchAction\",\"target\":{\"@type\":\"EntryPoint\",\"urlTemplate\":\"https:\\\/\\\/maderamen.com.ar\\\/desarrollo-forestal\\\/?s={search_term_string}\"},\"query-input\":{\"@type\":\"PropertyValueSpecification\",\"valueRequired\":true,\"valueName\":\"search_term_string\"}}],\"inLanguage\":\"es\"},{\"@type\":\"Organization\",\"@id\":\"https:\\\/\\\/maderamen.com.ar\\\/desarrollo-forestal\\\/#organization\",\"name\":\"Maderamen\",\"url\":\"https:\\\/\\\/maderamen.com.ar\\\/desarrollo-forestal\\\/\",\"logo\":{\"@type\":\"ImageObject\",\"inLanguage\":\"es\",\"@id\":\"https:\\\/\\\/maderamen.com.ar\\\/desarrollo-forestal\\\/#\\\/schema\\\/logo\\\/image\\\/\",\"url\":\"https:\\\/\\\/maderamen.com.ar\\\/desarrollo-forestal\\\/wp-content\\\/uploads\\\/sites\\\/2\\\/2026\\\/03\\\/maderamen-emago.png\",\"contentUrl\":\"https:\\\/\\\/maderamen.com.ar\\\/desarrollo-forestal\\\/wp-content\\\/uploads\\\/sites\\\/2\\\/2026\\\/03\\\/maderamen-emago.png\",\"width\":250,\"height\":246,\"caption\":\"Maderamen\"},\"image\":{\"@id\":\"https:\\\/\\\/maderamen.com.ar\\\/desarrollo-forestal\\\/#\\\/schema\\\/logo\\\/image\\\/\"},\"sameAs\":[\"https:\\\/\\\/www.facebook.com\\\/Maderamen.Argentina\\\/\",\"https:\\\/\\\/x.com\\\/DesarrolloFores\",\"https:\\\/\\\/www.youtube.com\\\/channel\\\/UCeYU2-_JRTYYpgHoyhTT2Fg\",\"https:\\\/\\\/www.instagram.com\\\/maderamen.ok\\\/\",\"https:\\\/\\\/www.linkedin.com\\\/company\\\/maderameneditorial\\\/\"]},{\"@type\":\"Person\",\"@id\":\"https:\\\/\\\/maderamen.com.ar\\\/desarrollo-forestal\\\/#\\\/schema\\\/person\\\/c05f216a5663a04adfc7d62d87295459\",\"name\":\"Maderamen\",\"image\":{\"@type\":\"ImageObject\",\"inLanguage\":\"es\",\"@id\":\"https:\\\/\\\/secure.gravatar.com\\\/avatar\\\/6ff28763266ad14d7e42092eb3998ef25a67b8fd98e7000d6029e8a2e785dc10?s=96&d=mm&r=g\",\"url\":\"https:\\\/\\\/secure.gravatar.com\\\/avatar\\\/6ff28763266ad14d7e42092eb3998ef25a67b8fd98e7000d6029e8a2e785dc10?s=96&d=mm&r=g\",\"contentUrl\":\"https:\\\/\\\/secure.gravatar.com\\\/avatar\\\/6ff28763266ad14d7e42092eb3998ef25a67b8fd98e7000d6029e8a2e785dc10?s=96&d=mm&r=g\",\"caption\":\"Maderamen\"},\"url\":\"https:\\\/\\\/maderamen.com.ar\\\/desarrollo-forestal\\\/author\\\/maderamenadmin\\\/\"}]}<\/script>\n<!-- \/ Yoast SEO plugin. -->","yoast_head_json":{"title":"Manejo Forestal Sustentable en cuencas: el caso Caimancito, en Jujuy","description":"Desarrollo Forestal difunde este estudio del ex Ministerio de Ambiente sobre manejo forestal sustentable realizado en la cuenca de Caimancito, Jujuy.","robots":{"index":"index","follow":"follow","max-snippet":"max-snippet:-1","max-image-preview":"max-image-preview:large","max-video-preview":"max-video-preview:-1"},"canonical":"https:\/\/maderamen.com.ar\/desarrollo-forestal\/2020\/01\/16\/manejo-forestal-sustentable-cuencas-caimancito-jujuy\/","og_locale":"es_ES","og_type":"article","og_title":"Manejo Forestal Sustentable en cuencas: el caso Caimancito, en Jujuy","og_description":"Desarrollo Forestal difunde este estudio del ex Ministerio de Ambiente sobre manejo forestal sustentable realizado en la cuenca de Caimancito, Jujuy.","og_url":"https:\/\/maderamen.com.ar\/desarrollo-forestal\/2020\/01\/16\/manejo-forestal-sustentable-cuencas-caimancito-jujuy\/","og_site_name":"Desarrollo Forestal","article_publisher":"https:\/\/www.facebook.com\/Maderamen.Argentina\/","article_published_time":"2020-01-16T11:00:10+00:00","article_modified_time":"2020-01-16T13:14:28+00:00","og_image":[{"width":1400,"height":700,"url":"https:\/\/maderamen.com.ar\/desarrollo-forestal\/wp-content\/uploads\/sites\/2\/2020\/01\/caimancito16-01-20.jpg","type":"image\/jpeg"}],"author":"Maderamen","twitter_card":"summary_large_image","twitter_creator":"@DesarrolloFores","twitter_site":"@DesarrolloFores","twitter_misc":{"Escrito por":"Maderamen","Tiempo de lectura":"3 minutos"},"schema":{"@context":"https:\/\/schema.org","@graph":[{"@type":"Article","@id":"https:\/\/maderamen.com.ar\/desarrollo-forestal\/2020\/01\/16\/manejo-forestal-sustentable-cuencas-caimancito-jujuy\/#article","isPartOf":{"@id":"https:\/\/maderamen.com.ar\/desarrollo-forestal\/2020\/01\/16\/manejo-forestal-sustentable-cuencas-caimancito-jujuy\/"},"author":{"name":"Maderamen","@id":"https:\/\/maderamen.com.ar\/desarrollo-forestal\/#\/schema\/person\/c05f216a5663a04adfc7d62d87295459"},"headline":"Manejo Forestal Sustentable en cuencas: el caso Caimancito, en Jujuy","datePublished":"2020-01-16T11:00:10+00:00","dateModified":"2020-01-16T13:14:28+00:00","mainEntityOfPage":{"@id":"https:\/\/maderamen.com.ar\/desarrollo-forestal\/2020\/01\/16\/manejo-forestal-sustentable-cuencas-caimancito-jujuy\/"},"wordCount":606,"commentCount":0,"publisher":{"@id":"https:\/\/maderamen.com.ar\/desarrollo-forestal\/#organization"},"image":{"@id":"https:\/\/maderamen.com.ar\/desarrollo-forestal\/2020\/01\/16\/manejo-forestal-sustentable-cuencas-caimancito-jujuy\/#primaryimage"},"thumbnailUrl":"https:\/\/maderamen.com.ar\/desarrollo-forestal\/wp-content\/uploads\/sites\/2\/2020\/01\/caimancito16-01-20.jpg","articleSection":["Ambiente","Principal"],"inLanguage":"es","potentialAction":[{"@type":"CommentAction","name":"Comment","target":["https:\/\/maderamen.com.ar\/desarrollo-forestal\/2020\/01\/16\/manejo-forestal-sustentable-cuencas-caimancito-jujuy\/#respond"]}]},{"@type":"WebPage","@id":"https:\/\/maderamen.com.ar\/desarrollo-forestal\/2020\/01\/16\/manejo-forestal-sustentable-cuencas-caimancito-jujuy\/","url":"https:\/\/maderamen.com.ar\/desarrollo-forestal\/2020\/01\/16\/manejo-forestal-sustentable-cuencas-caimancito-jujuy\/","name":"Manejo Forestal Sustentable en cuencas: el caso Caimancito, en Jujuy","isPartOf":{"@id":"https:\/\/maderamen.com.ar\/desarrollo-forestal\/#website"},"primaryImageOfPage":{"@id":"https:\/\/maderamen.com.ar\/desarrollo-forestal\/2020\/01\/16\/manejo-forestal-sustentable-cuencas-caimancito-jujuy\/#primaryimage"},"image":{"@id":"https:\/\/maderamen.com.ar\/desarrollo-forestal\/2020\/01\/16\/manejo-forestal-sustentable-cuencas-caimancito-jujuy\/#primaryimage"},"thumbnailUrl":"https:\/\/maderamen.com.ar\/desarrollo-forestal\/wp-content\/uploads\/sites\/2\/2020\/01\/caimancito16-01-20.jpg","datePublished":"2020-01-16T11:00:10+00:00","dateModified":"2020-01-16T13:14:28+00:00","description":"Desarrollo Forestal difunde este estudio del ex Ministerio de Ambiente sobre manejo forestal sustentable realizado en la cuenca de Caimancito, Jujuy.","breadcrumb":{"@id":"https:\/\/maderamen.com.ar\/desarrollo-forestal\/2020\/01\/16\/manejo-forestal-sustentable-cuencas-caimancito-jujuy\/#breadcrumb"},"inLanguage":"es","potentialAction":[{"@type":"ReadAction","target":["https:\/\/maderamen.com.ar\/desarrollo-forestal\/2020\/01\/16\/manejo-forestal-sustentable-cuencas-caimancito-jujuy\/"]}]},{"@type":"ImageObject","inLanguage":"es","@id":"https:\/\/maderamen.com.ar\/desarrollo-forestal\/2020\/01\/16\/manejo-forestal-sustentable-cuencas-caimancito-jujuy\/#primaryimage","url":"https:\/\/maderamen.com.ar\/desarrollo-forestal\/wp-content\/uploads\/sites\/2\/2020\/01\/caimancito16-01-20.jpg","contentUrl":"https:\/\/maderamen.com.ar\/desarrollo-forestal\/wp-content\/uploads\/sites\/2\/2020\/01\/caimancito16-01-20.jpg","width":1400,"height":700,"caption":"manejo forestal sustentable caimancito"},{"@type":"BreadcrumbList","@id":"https:\/\/maderamen.com.ar\/desarrollo-forestal\/2020\/01\/16\/manejo-forestal-sustentable-cuencas-caimancito-jujuy\/#breadcrumb","itemListElement":[{"@type":"ListItem","position":1,"name":"Portada","item":"https:\/\/maderamen.com.ar\/desarrollo-forestal\/"},{"@type":"ListItem","position":2,"name":"Manejo Forestal Sustentable en cuencas: el caso Caimancito, en Jujuy"}]},{"@type":"WebSite","@id":"https:\/\/maderamen.com.ar\/desarrollo-forestal\/#website","url":"https:\/\/maderamen.com.ar\/desarrollo-forestal\/","name":"Desarrollo Forestal","description":"Noticias del sector forestal","publisher":{"@id":"https:\/\/maderamen.com.ar\/desarrollo-forestal\/#organization"},"potentialAction":[{"@type":"SearchAction","target":{"@type":"EntryPoint","urlTemplate":"https:\/\/maderamen.com.ar\/desarrollo-forestal\/?s={search_term_string}"},"query-input":{"@type":"PropertyValueSpecification","valueRequired":true,"valueName":"search_term_string"}}],"inLanguage":"es"},{"@type":"Organization","@id":"https:\/\/maderamen.com.ar\/desarrollo-forestal\/#organization","name":"Maderamen","url":"https:\/\/maderamen.com.ar\/desarrollo-forestal\/","logo":{"@type":"ImageObject","inLanguage":"es","@id":"https:\/\/maderamen.com.ar\/desarrollo-forestal\/#\/schema\/logo\/image\/","url":"https:\/\/maderamen.com.ar\/desarrollo-forestal\/wp-content\/uploads\/sites\/2\/2026\/03\/maderamen-emago.png","contentUrl":"https:\/\/maderamen.com.ar\/desarrollo-forestal\/wp-content\/uploads\/sites\/2\/2026\/03\/maderamen-emago.png","width":250,"height":246,"caption":"Maderamen"},"image":{"@id":"https:\/\/maderamen.com.ar\/desarrollo-forestal\/#\/schema\/logo\/image\/"},"sameAs":["https:\/\/www.facebook.com\/Maderamen.Argentina\/","https:\/\/x.com\/DesarrolloFores","https:\/\/www.youtube.com\/channel\/UCeYU2-_JRTYYpgHoyhTT2Fg","https:\/\/www.instagram.com\/maderamen.ok\/","https:\/\/www.linkedin.com\/company\/maderameneditorial\/"]},{"@type":"Person","@id":"https:\/\/maderamen.com.ar\/desarrollo-forestal\/#\/schema\/person\/c05f216a5663a04adfc7d62d87295459","name":"Maderamen","image":{"@type":"ImageObject","inLanguage":"es","@id":"https:\/\/secure.gravatar.com\/avatar\/6ff28763266ad14d7e42092eb3998ef25a67b8fd98e7000d6029e8a2e785dc10?s=96&d=mm&r=g","url":"https:\/\/secure.gravatar.com\/avatar\/6ff28763266ad14d7e42092eb3998ef25a67b8fd98e7000d6029e8a2e785dc10?s=96&d=mm&r=g","contentUrl":"https:\/\/secure.gravatar.com\/avatar\/6ff28763266ad14d7e42092eb3998ef25a67b8fd98e7000d6029e8a2e785dc10?s=96&d=mm&r=g","caption":"Maderamen"},"url":"https:\/\/maderamen.com.ar\/desarrollo-forestal\/author\/maderamenadmin\/"}]}},"_links":{"self":[{"href":"https:\/\/maderamen.com.ar\/desarrollo-forestal\/wp-json\/wp\/v2\/posts\/12253","targetHints":{"allow":["GET"]}}],"collection":[{"href":"https:\/\/maderamen.com.ar\/desarrollo-forestal\/wp-json\/wp\/v2\/posts"}],"about":[{"href":"https:\/\/maderamen.com.ar\/desarrollo-forestal\/wp-json\/wp\/v2\/types\/post"}],"author":[{"embeddable":true,"href":"https:\/\/maderamen.com.ar\/desarrollo-forestal\/wp-json\/wp\/v2\/users\/6"}],"replies":[{"embeddable":true,"href":"https:\/\/maderamen.com.ar\/desarrollo-forestal\/wp-json\/wp\/v2\/comments?post=12253"}],"version-history":[{"count":0,"href":"https:\/\/maderamen.com.ar\/desarrollo-forestal\/wp-json\/wp\/v2\/posts\/12253\/revisions"}],"wp:featuredmedia":[{"embeddable":true,"href":"https:\/\/maderamen.com.ar\/desarrollo-forestal\/wp-json\/wp\/v2\/media\/12254"}],"wp:attachment":[{"href":"https:\/\/maderamen.com.ar\/desarrollo-forestal\/wp-json\/wp\/v2\/media?parent=12253"}],"wp:term":[{"taxonomy":"category","embeddable":true,"href":"https:\/\/maderamen.com.ar\/desarrollo-forestal\/wp-json\/wp\/v2\/categories?post=12253"},{"taxonomy":"post_tag","embeddable":true,"href":"https:\/\/maderamen.com.ar\/desarrollo-forestal\/wp-json\/wp\/v2\/tags?post=12253"}],"curies":[{"name":"wp","href":"https:\/\/api.w.org\/{rel}","templated":true}]}}